{"id":1197,"date":"2024-10-26T22:44:31","date_gmt":"2024-10-26T20:44:31","guid":{"rendered":"https:\/\/catholicus.eu\/fr\/?p=1197"},"modified":"2024-10-26T22:44:50","modified_gmt":"2024-10-26T20:44:50","slug":"le-sacre-coeur-de-jesus-un-chemin-damour-et-de-misericorde","status":"publish","type":"post","link":"https:\/\/catholicus.eu\/fr\/le-sacre-coeur-de-jesus-un-chemin-damour-et-de-misericorde\/","title":{"rendered":"Le Sacr\u00e9-C\u0153ur de J\u00e9sus : Un Chemin d&rsquo;Amour et de Mis\u00e9ricorde"},"content":{"rendered":"\n<p><strong>Introduction : Le Sacr\u00e9-C\u0153ur de J\u00e9sus dans la Th\u00e9ologie Catholique<\/strong><\/p>\n\n\n\n<p>Le Sacr\u00e9-C\u0153ur de J\u00e9sus est l\u2019une des d\u00e9votions les plus aim\u00e9es et profondes de la foi catholique. \u00c0 travers l\u2019image du c\u0153ur du Christ, les fid\u00e8les sont invit\u00e9s \u00e0 contempler l\u2019amour profond, constant et mis\u00e9ricordieux de J\u00e9sus pour toute l\u2019humanit\u00e9. Cette d\u00e9votion ne refl\u00e8te pas seulement un aspect particulier de la vie de J\u00e9sus, mais nous introduit \u00e9galement au myst\u00e8re central de son amour inconditionnel et de son sacrifice sur la croix. Le c\u0153ur symbolise le centre des sentiments et des \u00e9motions, et dans le contexte de cette d\u00e9votion, il repr\u00e9sente l\u2019amour ardent du Christ pour l\u2019humanit\u00e9.<\/p>\n\n\n\n<p>Cette d\u00e9votion va au-del\u00e0 d\u2019une simple expression symbolique ; elle est une invitation \u00e0 comprendre le c\u0153ur de Dieu et \u00e0 r\u00e9pondre \u00e0 son amour par une vie engag\u00e9e et transform\u00e9e. Explorer la th\u00e9ologie du Sacr\u00e9-C\u0153ur de J\u00e9sus, c\u2019est entrer dans une relation personnelle avec Dieu, un engagement qui cherche \u00e0 vivre en communion avec l\u2019amour et la compassion qu\u2019Il nous offre.<\/p>\n\n\n\n<p><strong>Contexte Historique et Biblique : Origines et D\u00e9veloppement du Sacr\u00e9-C\u0153ur<\/strong><\/p>\n\n\n\n<p>La d\u00e9votion au Sacr\u00e9-C\u0153ur de J\u00e9sus trouve ses racines dans les \u00c9critures et a \u00e9volu\u00e9 au fil des si\u00e8cles. Dans la Bible, nous trouvons de nombreuses r\u00e9f\u00e9rences \u00e0 l\u2019amour et \u00e0 la compassion de Dieu pour son peuple. Dans l\u2019Ancien Testament, l\u2019amour de Dieu est pr\u00e9sent\u00e9 comme tendre et paternel : \u00ab Je t\u2019aime d\u2019un amour \u00e9ternel, c\u2019est pourquoi je te conserve ma fid\u00e9lit\u00e9 \u00bb (J\u00e9r\u00e9mie 31,3). Cet amour se concr\u00e9tise dans l\u2019envoi de J\u00e9sus, qui manifeste l\u2019amour divin de mani\u00e8re tangible et accessible \u00e0 tous.<\/p>\n\n\n\n<p>Dans le Nouveau Testament, J\u00e9sus est l\u2019incarnation de l\u2019amour de Dieu. Sa vie et son sacrifice t\u00e9moignent d\u2019un amour plein de mis\u00e9ricorde et de compassion, illustr\u00e9 dans des passages cl\u00e9s comme celui o\u00f9 J\u00e9sus montre son c\u0153ur ouvert et ses mains bless\u00e9es \u00e0 Thomas en disant : \u00ab Regarde mes mains ; avance ta main et mets-la dans mon c\u00f4t\u00e9 \u00bb (Jean 20,27). Cette invitation de J\u00e9sus est, en essence, un appel \u00e0 se rapprocher de l\u2019amour qui \u00e9mane de son c\u0153ur. La passion et la mort de J\u00e9sus sur la croix symbolisent de mani\u00e8re radicale et compl\u00e8te l\u2019amour de Dieu pour l\u2019humanit\u00e9. Sur la croix, son c\u0153ur est perc\u00e9, et de l\u00e0 jaillissent le sang et l\u2019eau, symboles des sacrements de l\u2019Eucharistie et du Bapt\u00eame, qui sont des voies par lesquelles nous exp\u00e9rimentons son amour.<\/p>\n\n\n\n<p>La d\u00e9votion au Sacr\u00e9-C\u0153ur de J\u00e9sus s\u2019est officiellement d\u00e9velopp\u00e9e au Moyen \u00c2ge, lorsque des mystiques comme saint Bernard de Clairvaux et sainte Gertrude ont commenc\u00e9 \u00e0 parler de l\u2019amour dans le c\u0153ur de J\u00e9sus. Cependant, c\u2019est au XVIIe si\u00e8cle que sainte Marguerite-Marie Alacoque, une religieuse fran\u00e7aise, a re\u00e7u des visions dans lesquelles J\u00e9sus lui montrait son c\u0153ur entour\u00e9 d\u2019une couronne d\u2019\u00e9pines, appelant l\u2019humanit\u00e9 \u00e0 l\u2019honorer et \u00e0 le consoler. \u00c0 partir de ces visions, la d\u00e9votion moderne au Sacr\u00e9-C\u0153ur est n\u00e9e, promue par plusieurs papes et r\u00e9pandue dans toute l\u2019\u00c9glise.<\/p>\n\n\n\n<p><strong>Signification Th\u00e9ologique : Le Sens Spirituel du Sacr\u00e9-C\u0153ur<\/strong><\/p>\n\n\n\n<p>La th\u00e9ologie du Sacr\u00e9-C\u0153ur de J\u00e9sus se concentre sur un aspect fondamental de la foi chr\u00e9tienne : l\u2019amour de Dieu manifest\u00e9 dans la personne de J\u00e9sus-Christ. Le C\u0153ur de J\u00e9sus est une image vivante de l\u2019amour de Dieu pour nous, qui n\u2019est pas un amour distant ni impersonnel, mais proche, intime et profond\u00e9ment mis\u00e9ricordieux. En contemplant le Sacr\u00e9-C\u0153ur, les fid\u00e8les sont appel\u00e9s \u00e0 reconna\u00eetre que Dieu ne nous aime pas seulement, mais qu\u2019Il souffre avec nous et pour nous.<\/p>\n\n\n\n<p>Le Sacr\u00e9-C\u0153ur r\u00e9v\u00e8le \u00e9galement le caract\u00e8re de la mission du Christ : un appel \u00e0 la conversion et \u00e0 la communion avec Lui. Cet amour ardent et sacrificiel invite les chr\u00e9tiens \u00e0 unir leurs c\u0153urs \u00e0 celui de J\u00e9sus, dans une alliance d\u2019amour qui cherche \u00e0 transformer les vies. L\u2019image du c\u0153ur entour\u00e9 d\u2019\u00e9pines symbolise la douleur que le Christ endure \u00e0 cause du p\u00e9ch\u00e9 et de l\u2019indiff\u00e9rence de l\u2019humanit\u00e9, un rappel que l\u2019amour de Dieu est vuln\u00e9rable et que notre r\u00e9ponse \u00e0 cet amour a des cons\u00e9quences.<\/p>\n\n\n\n<p>Cette d\u00e9votion souligne \u00e9galement l\u2019importance de la r\u00e9paration, c\u2019est-\u00e0-dire de l\u2019effort conscient pour consoler le c\u0153ur de J\u00e9sus \u00e0 travers des actes de foi, de pri\u00e8re et de charit\u00e9. La r\u00e9paration n\u2019implique pas une autosuffisance dans l\u2019amour, mais une coop\u00e9ration avec la gr\u00e2ce divine. \u00c0 travers la r\u00e9paration, les chr\u00e9tiens cherchent \u00e0 rendre amour pour amour, offrant leurs propres vies en sacrifice, en pri\u00e8re et en service.<\/p>\n\n\n\n<p><strong>Applications Pratiques : Vivre la D\u00e9votion au Sacr\u00e9-C\u0153ur dans la Vie Quotidienne<\/strong><\/p>\n\n\n\n<ol class=\"wp-block-list\">\n<li><strong>Cons\u00e9cration au Sacr\u00e9-C\u0153ur<\/strong> : L\u2019un des actes pratiques les plus courants de cette d\u00e9votion est la cons\u00e9cration personnelle ou familiale au Sacr\u00e9-C\u0153ur de J\u00e9sus. Cet acte de cons\u00e9cration est un abandon de notre vie \u00e0 l\u2019amour du Christ, un engagement \u00e0 vivre en accord avec son enseignement et \u00e0 chercher sa guidance dans chaque d\u00e9cision. La cons\u00e9cration n\u2019est pas seulement un rituel, mais un rappel que notre vie est unie \u00e0 l\u2019amour de Dieu et que nous sommes appel\u00e9s \u00e0 \u00eatre des instruments de son amour dans le monde.<\/li>\n\n\n\n<li><strong>Pratique de l\u2019Heure Sainte<\/strong> : Inspir\u00e9s par les visions de sainte Marguerite-Marie, de nombreux catholiques consacrent une heure de pri\u00e8re, en particulier les premiers vendredis de chaque mois, en r\u00e9paration au Sacr\u00e9-C\u0153ur. Cette pratique est une occasion de m\u00e9diter sur l\u2019amour de J\u00e9sus et d\u2019offrir des actes de contrition et de r\u00e9conciliation. L\u2019Heure Sainte est un moment pour r\u00e9fl\u00e9chir et renouveler l\u2019engagement de vivre en harmonie avec l\u2019amour du Christ et de prier pour ceux qui n\u2019ont pas encore fait l\u2019exp\u00e9rience de cet amour dans leur vie.<\/li>\n\n\n\n<li><strong>Actes de Mis\u00e9ricorde et de Compassion<\/strong> : La d\u00e9votion au Sacr\u00e9-C\u0153ur de J\u00e9sus nous appelle \u00e0 vivre dans la mis\u00e9ricorde envers nos fr\u00e8res et s\u0153urs, en particulier ceux qui souffrent ou sont \u00e9loign\u00e9s de Dieu. Cette compassion s\u2019exprime par des actes concrets : visiter les malades, aider les n\u00e9cessiteux, consoler ceux qui souffrent. En imitant l\u2019amour compatissant du Christ, nous apportons son amour au monde et le rendons pr\u00e9sent dans nos communaut\u00e9s.<\/li>\n\n\n\n<li><strong>Pri\u00e8re Quotidienne au Sacr\u00e9-C\u0153ur<\/strong> : La pri\u00e8re est un moyen essentiel pour cultiver une relation intime avec J\u00e9sus. Les pri\u00e8res d\u00e9di\u00e9es au Sacr\u00e9-C\u0153ur, comme la Litanie du Sacr\u00e9-C\u0153ur ou la simple invocation \u00ab Sacr\u00e9-C\u0153ur de J\u00e9sus, j\u2019ai confiance en Toi \u00bb, sont des mani\u00e8res de nous rappeler chaque jour l\u2019amour que Dieu a pour nous et notre disposition \u00e0 r\u00e9pondre \u00e0 cet amour.<\/li>\n<\/ol>\n\n\n\n<p><strong>R\u00e9flexion Contemporaine : Le Sacr\u00e9-C\u0153ur et les D\u00e9fis du Monde Actuel<\/strong><\/p>\n\n\n\n<p>Dans un monde qui valorise de plus en plus l\u2019individualisme et le succ\u00e8s mat\u00e9riel, la d\u00e9votion au Sacr\u00e9-C\u0153ur nous rappelle que le v\u00e9ritable but de la vie se trouve dans l\u2019amour et dans le service aux autres. L\u2019image du Sacr\u00e9-C\u0153ur nous invite \u00e0 chercher un amour plus grand et \u00e0 nous ouvrir \u00e0 la vuln\u00e9rabilit\u00e9, souvent consid\u00e9r\u00e9e comme une faiblesse dans notre soci\u00e9t\u00e9 actuelle. Cependant, la d\u00e9votion au C\u0153ur de J\u00e9sus nous montre que la vuln\u00e9rabilit\u00e9, surtout dans l\u2019amour et la mis\u00e9ricorde, est une source de force et une opportunit\u00e9 de ressentir une joie plus profonde et durable.<\/p>\n\n\n\n<p>Le Sacr\u00e9-C\u0153ur d\u00e9fie aussi notre culture \u00e0 voir la vie de mani\u00e8re moins superficielle. Nous vivons \u00e0 une \u00e9poque o\u00f9 les distractions et le bruit peuvent \u00e9loigner les personnes de leur centre spirituel. La d\u00e9votion au Sacr\u00e9-C\u0153ur nous encourage \u00e0 red\u00e9couvrir le silence et la pri\u00e8re, \u00e0 \u00e9couter la voix de Dieu et \u00e0 trouver sens et but dans l\u2019amour qu\u2019Il nous porte.<\/p>\n\n\n\n<p>La d\u00e9votion au Sacr\u00e9-C\u0153ur est \u00e9galement un appel \u00e0 la solidarit\u00e9 dans un monde divis\u00e9. Cet amour universel du Christ nous invite \u00e0 chercher l\u2019unit\u00e9 et \u00e0 voir en chaque personne, surtout les plus vuln\u00e9rables, un fr\u00e8re ou une s\u0153ur dans le Christ. Dans une soci\u00e9t\u00e9 marqu\u00e9e par les divisions et la polarisation, la d\u00e9votion au Sacr\u00e9-C\u0153ur de J\u00e9sus nous d\u00e9fie de b\u00e2tir des ponts et de favoriser la compr\u00e9hension mutuelle.<\/p>\n\n\n\n<p><strong>Conclusion : Un Appel \u00e0 Vivre l\u2019Amour du Sacr\u00e9-C\u0153ur de J\u00e9sus<\/strong><\/p>\n\n\n\n<p>La d\u00e9votion au Sacr\u00e9-C\u0153ur de J\u00e9sus est un rappel constant de l\u2019amour infini que Dieu a pour nous. Cet amour n\u2019est pas seulement une v\u00e9rit\u00e9 \u00e0 contempler, mais un appel \u00e0 le vivre dans notre quotidien. En r\u00e9pondant \u00e0 cette invitation, nous nous engageons \u00e0 transformer nos vies, \u00e0 \u00eatre des t\u00e9moins de l\u2019amour du Christ et \u00e0 consoler son c\u0153ur par des actes d\u2019amour, de compassion et de service.<\/p>\n\n\n\n<p>Cet appel \u00e0 vivre le Sacr\u00e9-C\u0153ur de J\u00e9sus n\u2019est pas r\u00e9serv\u00e9 \u00e0 quelques-uns ; c\u2019est une invitation pour tous les chr\u00e9tiens \u00e0 rechercher une relation plus profonde avec Dieu et \u00e0 participer \u00e0 sa mission d\u2019amour dans le monde. Que chacun de nous, en contemplant le Sacr\u00e9-C\u0153ur, trouve la force, l\u2019esp\u00e9rance et la gr\u00e2ce n\u00e9cessaires pour \u00eatre un porteur de l\u2019amour de Dieu dans un monde qui en a tant besoin.<\/p>\n\n\n\n<p>Mettons cette d\u00e9votion en pratique en faisant de l\u2019amour du Christ le centre de notre vie et en le partageant avec les autres, devenant ainsi des t\u00e9moins vivants du Sacr\u00e9-C\u0153ur de J\u00e9sus \u00e0 chaque moment et dans chaque circonstance de notre existence.<\/p>\n","protected":false},"excerpt":{"rendered":"<p>Introduction : Le Sacr\u00e9-C\u0153ur de J\u00e9sus dans la Th\u00e9ologie Catholique Le Sacr\u00e9-C\u0153ur de J\u00e9sus est l\u2019une des d\u00e9votions les plus aim\u00e9es et profondes de la foi catholique. \u00c0 travers l\u2019image du c\u0153ur du Christ, les fid\u00e8les sont invit\u00e9s \u00e0 contempler l\u2019amour profond, constant et mis\u00e9ricordieux de J\u00e9sus pour toute l\u2019humanit\u00e9. Cette d\u00e9votion ne refl\u00e8te pas &hellip;<\/p>\n","protected":false},"author":3,"featured_media":1199,"comment_status":"open","ping_status":"open","sticky":false,"template":"","format":"standard","meta":{"_seopress_robots_primary_cat":"40","_seopress_titles_title":"","_seopress_titles_desc":"","_seopress_robots_index":"","footnotes":""},"categories":[40,58],"tags":[174],"class_list":["post-1197","post","type-post","status-publish","format-standard","has-post-thumbnail","","category-priere-et-spiritualite","category-priere-et-vie-spirituelle","tag-sacre-coeur-de-jesus"],"_links":{"self":[{"href":"https:\/\/catholicus.eu\/fr\/wp-json\/wp\/v2\/posts\/1197","targetHints":{"allow":["GET"]}}],"collection":[{"href":"https:\/\/catholicus.eu\/fr\/wp-json\/wp\/v2\/posts"}],"about":[{"href":"https:\/\/catholicus.eu\/fr\/wp-json\/wp\/v2\/types\/post"}],"author":[{"embeddable":true,"href":"https:\/\/catholicus.eu\/fr\/wp-json\/wp\/v2\/users\/3"}],"replies":[{"embeddable":true,"href":"https:\/\/catholicus.eu\/fr\/wp-json\/wp\/v2\/comments?post=1197"}],"version-history":[{"count":0,"href":"https:\/\/catholicus.eu\/fr\/wp-json\/wp\/v2\/posts\/1197\/revisions"}],"wp:featuredmedia":[{"embeddable":true,"href":"https:\/\/catholicus.eu\/fr\/wp-json\/wp\/v2\/media\/1199"}],"wp:attachment":[{"href":"https:\/\/catholicus.eu\/fr\/wp-json\/wp\/v2\/media?parent=1197"}],"wp:term":[{"taxonomy":"category","embeddable":true,"href":"https:\/\/catholicus.eu\/fr\/wp-json\/wp\/v2\/categories?post=1197"},{"taxonomy":"post_tag","embeddable":true,"href":"https:\/\/catholicus.eu\/fr\/wp-json\/wp\/v2\/tags?post=1197"}],"curies":[{"name":"wp","href":"https:\/\/api.w.org\/{rel}","templated":true}]}}