{"id":1188,"date":"2024-10-24T23:57:56","date_gmt":"2024-10-24T21:57:56","guid":{"rendered":"https:\/\/catholicus.eu\/fr\/?p=1188"},"modified":"2024-10-24T23:58:10","modified_gmt":"2024-10-24T21:58:10","slug":"la-toussaint-un-guide-approfondi-educatif-et-spirituel","status":"publish","type":"post","link":"https:\/\/catholicus.eu\/fr\/la-toussaint-un-guide-approfondi-educatif-et-spirituel\/","title":{"rendered":"La Toussaint : Un guide approfondi, \u00e9ducatif et spirituel"},"content":{"rendered":"\n<h2 class=\"wp-block-heading\">1. Introduction<\/h2>\n\n\n\n<p><strong>La Toussaint<\/strong>, c\u00e9l\u00e9br\u00e9e le 1er novembre, est l&rsquo;une des f\u00eates les plus importantes du calendrier liturgique de l&rsquo;\u00c9glise catholique. Bien que beaucoup l\u2019associent \u00e0 la visite des cimeti\u00e8res ou la confondent avec le Jour des Morts, cette c\u00e9l\u00e9bration a une profonde signification spirituelle qui touche au c\u0153ur m\u00eame de la vie chr\u00e9tienne. Ce jour-l\u00e0, les catholiques comm\u00e9morent et v\u00e9n\u00e8rent tous les saints, connus et inconnus, qui ont atteint la pl\u00e9nitude de la vie \u00e9ternelle en pr\u00e9sence de Dieu.<\/p>\n\n\n\n<p>Th\u00e9ologiquement, la Toussaint nous rappelle notre appel universel \u00e0 la saintet\u00e9. Ce n\u2019est pas seulement une f\u00eate en l\u2019honneur des grandes figures h\u00e9ro\u00efques de la foi comme Saint Pierre ou Sainte Th\u00e9r\u00e8se, mais une c\u00e9l\u00e9bration de la destin\u00e9e ultime de tous les croyants : l\u2019appel \u00e0 la saintet\u00e9. Le Concile Vatican II a soulign\u00e9 cette v\u00e9rit\u00e9 dans la constitution <em>Lumen Gentium<\/em>, en mettant en lumi\u00e8re que tous les chr\u00e9tiens sont appel\u00e9s \u00e0 la saintet\u00e9, et pas seulement ceux qui ont \u00e9t\u00e9 officiellement canonis\u00e9s.<\/p>\n\n\n\n<p>Dans cet article, nous approfondirons la signification th\u00e9ologique, l\u2019histoire et la pertinence spirituelle de la Toussaint, tout en explorant comment cette f\u00eate peut avoir un impact transformateur dans notre vie quotidienne. Dans un monde plein de d\u00e9fis, l\u2019invitation \u00e0 la saintet\u00e9 reste aussi actuelle et n\u00e9cessaire que jamais.<\/p>\n\n\n\n<h2 class=\"wp-block-heading\">2. Histoire et contexte biblique<\/h2>\n\n\n\n<p>La tradition d\u2019honorer les saints a des racines profondes dans l\u2019histoire de l\u2019\u00c9glise. Cependant, la c\u00e9l\u00e9bration de la Toussaint telle que nous la connaissons aujourd\u2019hui a commenc\u00e9 \u00e0 se d\u00e9velopper de mani\u00e8re plus formelle dans les premiers si\u00e8cles du christianisme.<\/p>\n\n\n\n<h3 class=\"wp-block-heading\">Les premiers martyrs et saints<\/h3>\n\n\n\n<p>D\u00e8s les premiers temps de l\u2019\u00c9glise, les chr\u00e9tiens v\u00e9n\u00e9raient ceux qui avaient donn\u00e9 leur vie pour la foi \u2013 les martyrs \u2013 comme des exemples de fid\u00e9lit\u00e9 \u00e0 J\u00e9sus-Christ. Le mot \u00ab\u00a0martyr\u00a0\u00bb signifie \u00ab\u00a0t\u00e9moin\u00a0\u00bb, et ces hommes et femmes \u00e9taient consid\u00e9r\u00e9s comme des t\u00e9moins de la foi qui, par leur mort, confirmaient la v\u00e9rit\u00e9 de l\u2019\u00c9vangile. Saint Paul mentionne d\u2019ailleurs dans ses lettres que \u00ab\u00a0nous sommes environn\u00e9s d&rsquo;une si grande nu\u00e9e de t\u00e9moins\u00a0\u00bb (H\u00e9breux 12,1), \u00e9voquant ainsi une communion spirituelle entre les vivants et les saints dans la gloire de Dieu.<\/p>\n\n\n\n<p>Avec le temps, la v\u00e9n\u00e9ration ne s\u2019est pas limit\u00e9e aux martyrs. Les chr\u00e9tiens ont commenc\u00e9 \u00e0 honorer ceux qui, bien que n\u2019ayant pas donn\u00e9 leur vie pour la foi, avaient v\u00e9cu des vies exemplaires de saintet\u00e9. Des d\u00e9votions locales sont apparues autour de figures consid\u00e9r\u00e9es comme des mod\u00e8les de vie chr\u00e9tienne : des \u00e9v\u00eaques, des missionnaires, des moines et m\u00eame des la\u00efcs engag\u00e9s.<\/p>\n\n\n\n<h3 class=\"wp-block-heading\">Origine de la f\u00eate<\/h3>\n\n\n\n<p>L\u2019origine exacte de la Toussaint est difficile \u00e0 d\u00e9terminer, mais certains chercheurs sugg\u00e8rent que la f\u00eate a ses racines dans la d\u00e9dicace du Panth\u00e9on \u00e0 Rome. En 609 apr\u00e8s J.-C., le pape Boniface IV consacra l\u2019ancien temple pa\u00efen du Panth\u00e9on \u00e0 la Vierge Marie et \u00e0 tous les martyrs, \u00e9tablissant le 13 mai comme jour de comm\u00e9moration. Cependant, au fil du temps, la date fut d\u00e9plac\u00e9e au 1er novembre, peut-\u00eatre pour christianiser les festivit\u00e9s pa\u00efennes qui avaient lieu \u00e0 cette \u00e9poque en Europe, comme Samhain, une f\u00eate celtique marquant la fin de l\u2019\u00e9t\u00e9.<\/p>\n\n\n\n<p>Le choix du 1er novembre pour la Toussaint r\u00e9pondait \u00e9galement \u00e0 l\u2019augmentation du nombre de personnes v\u00e9n\u00e9r\u00e9es comme saints. Il n\u2019\u00e9tait pas possible de d\u00e9dier un jour du calendrier \u00e0 chacun d\u2019eux, alors un seul jour fut consacr\u00e9 pour honorer tous ceux qui avaient atteint la gloire c\u00e9leste, aussi bien les saints canonis\u00e9s que ceux connus seulement de Dieu.<\/p>\n\n\n\n<h3 class=\"wp-block-heading\">Pr\u00e9sence dans les \u00c9critures<\/h3>\n\n\n\n<p>Bien que la c\u00e9l\u00e9bration elle-m\u00eame ne figure pas explicitement dans la Bible, le concept de saintet\u00e9 et de la communion des saints est profond\u00e9ment enracin\u00e9 dans les \u00c9critures. D\u00e8s l\u2019Ancien Testament, Dieu appelle son peuple \u00e0 \u00eatre saint, \u00e0 l\u2019image de sa propre saintet\u00e9 : \u00ab\u00a0Soyez saints, car je suis saint\u00a0\u00bb (L\u00e9vitique 11,44).<\/p>\n\n\n\n<p>Dans le Nouveau Testament, la saintet\u00e9 est comprise non seulement comme une vertu morale, mais comme une participation \u00e0 la vie du Christ. Dans sa lettre aux \u00c9ph\u00e9siens, Saint Paul \u00e9crit : \u00ab\u00a0Dieu nous a choisis dans le Christ avant la fondation du monde, pour que nous soyons saints et irr\u00e9prochables devant lui\u00a0\u00bb (\u00c9ph\u00e9siens 1,4). Cet appel \u00e0 la saintet\u00e9 n\u2019est pas exclusif \u00e0 un groupe particulier, mais est universel pour tous les croyants.<\/p>\n\n\n\n<p>De plus, le livre de l&rsquo;Apocalypse pr\u00e9sente une vision c\u00e9leste d\u2019une multitude innombrable de saints \u00ab\u00a0de toute nation, tribu, peuple et langue\u00a0\u00bb (Apocalypse 7,9), louant Dieu et ayant atteint la vie \u00e9ternelle. Cette image est un puissant rappel que nous sommes tous appel\u00e9s \u00e0 faire partie de cette multitude de saints.<\/p>\n\n\n\n<h2 class=\"wp-block-heading\">3. Pertinence th\u00e9ologique<\/h2>\n\n\n\n<p>La Toussaint a une profonde signification th\u00e9ologique qui nous invite \u00e0 r\u00e9fl\u00e9chir sur notre vocation personnelle et sur la destin\u00e9e ultime de l\u2019humanit\u00e9. Essentiellement, la f\u00eate c\u00e9l\u00e8bre la <strong>communion des saints<\/strong>, l\u2019un des dogmes centraux du christianisme. Ce concept th\u00e9ologique nous enseigne que l\u2019\u00c9glise n\u2019est pas compos\u00e9e uniquement de ceux qui vivent sur terre, mais aussi de ceux qui ont d\u00e9j\u00e0 atteint la gloire c\u00e9leste et des \u00e2mes du purgatoire qui subissent une purification.<\/p>\n\n\n\n<h3 class=\"wp-block-heading\">La Communion des Saints<\/h3>\n\n\n\n<p>La communion des saints nous relie au Corps du Christ, o\u00f9 tous les croyants, vivants et d\u00e9funts, sont unis. Les saints ne sont pas des figures \u00e9loign\u00e9es ou inaccessibles, mais des fr\u00e8res et s\u0153urs dans la foi qui ont achev\u00e9 leur p\u00e8lerinage terrestre et interc\u00e8dent d\u00e9sormais pour nous. Gr\u00e2ce \u00e0 cette communion, les chr\u00e9tiens trouvent la force dans le t\u00e9moignage de ceux qui ont pers\u00e9v\u00e9r\u00e9 dans la foi jusqu\u2019au bout.<\/p>\n\n\n\n<p>Le Cat\u00e9chisme de l\u2019\u00c9glise catholique affirme que \u00ab\u00a0tous les chr\u00e9tiens, au ciel, sur terre et au purgatoire, sont unis dans une seule \u00c9glise\u00a0\u00bb (CEC, 946). Cette union mystique, fond\u00e9e dans l\u2019amour du Christ, nous invite \u00e0 rechercher activement la saintet\u00e9 dans notre vie quotidienne.<\/p>\n\n\n\n<h3 class=\"wp-block-heading\">La Saintet\u00e9 comme But Commun<\/h3>\n\n\n\n<p>La Toussaint nous rappelle que la saintet\u00e9 n\u2019est pas un objectif r\u00e9serv\u00e9 uniquement aux religieux ou aux clercs, mais \u00e0 tous les chr\u00e9tiens. Souvent, lorsque nous pensons aux saints, nous imaginons des personnes qui ont accompli des exploits extraordinaires. Cependant, la saintet\u00e9 ne se manifeste pas toujours par de grands gestes. De nombreux saints ont men\u00e9 des vies simples, se consacrant aux t\u00e2ches quotidiennes avec amour et fid\u00e9lit\u00e9 \u00e0 Dieu.<\/p>\n\n\n\n<p>La vie de saints comme Sainte Th\u00e9r\u00e8se de Lisieux, connue pour sa \u00ab\u00a0petite voie\u00a0\u00bb consistant \u00e0 accomplir des choses ordinaires avec un amour extraordinaire, est un puissant exemple de la mani\u00e8re dont nous sommes tous appel\u00e9s \u00e0 la saintet\u00e9 dans les circonstances communes de nos vies. Cet appel \u00e0 la saintet\u00e9 est inclusif et universel, et la Toussaint c\u00e9l\u00e8bre ceux qui ont r\u00e9pondu \u00e0 cette vocation de diverses mani\u00e8res.<\/p>\n\n\n\n<h2 class=\"wp-block-heading\">4. Applications pratiques : Comment int\u00e9grer la saintet\u00e9 dans la vie quotidienne<\/h2>\n\n\n\n<p>La saintet\u00e9 peut sembler \u00eatre un id\u00e9al lointain ou abstrait pour beaucoup, mais la v\u00e9rit\u00e9 est que nous pouvons nous en approcher par des actions concr\u00e8tes dans notre vie quotidienne. Voici quelques fa\u00e7ons pratiques d\u2019appliquer le message de la Toussaint dans nos vies :<\/p>\n\n\n\n<h3 class=\"wp-block-heading\">1. <strong>Vivre la charit\u00e9<\/strong><\/h3>\n\n\n\n<p>L\u2019un des traits distinctifs des saints est leur amour pour les autres. La charit\u00e9 est la vertu qui nous pousse \u00e0 aimer Dieu par-dessus tout et notre prochain comme nous-m\u00eames. Dans notre vie quotidienne, nous pouvons vivre la charit\u00e9 en offrant notre aide \u00e0 ceux qui en ont besoin, en \u00e9tant patients avec nos proches ou en apportant un soutien moral \u00e0 ceux qui traversent des difficult\u00e9s. Vivre avec un c\u0153ur ouvert aux autres nous rapproche de la saintet\u00e9.<\/p>\n\n\n\n<h3 class=\"wp-block-heading\">2. <strong>La pri\u00e8re quotidienne<\/strong><\/h3>\n\n\n\n<p>La vie des saints est marqu\u00e9e par une profonde vie de pri\u00e8re. Pour grandir dans la saintet\u00e9, il est essentiel de cultiver une habitude constante de pri\u00e8re. Cela ne signifie pas que nous devons passer des heures en pri\u00e8re, mais nous pouvons trouver des moments dans la journ\u00e9e pour nous connecter avec Dieu : une pri\u00e8re br\u00e8ve au r\u00e9veil, un moment de silence m\u00e9ditatif ou la m\u00e9ditation d\u2019un passage biblique. La pri\u00e8re est le canal qui nous maintient en communion avec Dieu et les saints.<\/p>\n\n\n\n<h3 class=\"wp-block-heading\">3. <strong>Accepter les difficult\u00e9s avec foi<\/strong><\/h3>\n\n\n\n<p>Les saints n\u2019\u00e9taient pas \u00e9pargn\u00e9s par la souffrance, mais ils l\u2019acceptaient avec foi et confiance en Dieu. Les difficult\u00e9s et les \u00e9preuves dans notre vie peuvent \u00eatre des occasions de croissance spirituelle si nous les offrons avec patience et les vivons comme une participation \u00e0 la croix du Christ. Au lieu de nous d\u00e9sesp\u00e9rer face aux probl\u00e8mes, nous pouvons apprendre des saints \u00e0 les voir comme des opportunit\u00e9s de nous rapprocher de Dieu.<\/p>\n\n\n\n<h3 class=\"wp-block-heading\">4. <strong>Vivre dans l\u2019humilit\u00e9<\/strong><\/h3>\n\n\n\n<p>De nombreux saints \u00e9taient connus pour leur humilit\u00e9, reconnaissant que tout ce qu\u2019ils avaient et accomplissaient \u00e9tait gr\u00e2ce \u00e0 Dieu. Nous pouvons appliquer cette vertu dans nos vies en reconnaissant nos limites et en cherchant toujours \u00e0 rendre gloire \u00e0 Dieu plut\u00f4t qu\u2019\u00e0 nous-m\u00eames. Pratiquer l\u2019humilit\u00e9 nous aide \u00e9galement \u00e0 servir les autres avec amour, sans rechercher de reconnaissance.<\/p>\n\n\n\n<h2 class=\"wp-block-heading\">5. R\u00e9flexion contemporaine : La saintet\u00e9 dans le monde moderne<\/h2>\n\n\n\n<p>L\u2019appel \u00e0 la saintet\u00e9 c\u00e9l\u00e9br\u00e9 \u00e0 la Toussaint est aussi pertinent aujourd\u2019hui qu\u2019il l\u2019\u00e9tait dans les premiers si\u00e8cles du christianisme. Dans un monde de plus en plus s\u00e9cularis\u00e9 et fragment\u00e9, les chr\u00e9tiens sont confront\u00e9s \u00e0 des d\u00e9fis uniques pour vivre leur foi de mani\u00e8re authentique. Cependant, ces d\u00e9fis offrent \u00e9galement des opportunit\u00e9s de t\u00e9moigner de l\u2019esp\u00e9rance et de l\u2019amour du Christ.<\/p>\n\n\n\n<h3 class=\"wp-block-heading\">D\u00e9fis actuels<\/h3>\n\n\n\n<p>La culture moderne promeut souvent des valeurs contraires \u00e0 la saintet\u00e9, telles que le mat\u00e9rialisme, l\u2019individualisme et la qu\u00eate du plaisir imm\u00e9diat. Dans ce contexte, les chr\u00e9tiens sont appel\u00e9s \u00e0 \u00eatre \u00ab\u00a0le sel de la terre\u00a0\u00bb et \u00ab\u00a0la lumi\u00e8re du monde\u00a0\u00bb (Matthieu 5,13-14), vivant de mani\u00e8re contre-culturelle et t\u00e9moignant de la bont\u00e9 de Dieu dans un monde qui en a d\u00e9sesp\u00e9r\u00e9ment besoin.<\/p>\n\n\n\n<p>De plus, le rythme effr\u00e9n\u00e9 de la vie moderne peut rendre difficile la r\u00e9flexion spirituelle et la qu\u00eate de la saintet\u00e9. Cependant, comme le montrent les saints, la saintet\u00e9 ne n\u00e9cessite pas toujours des actes grandioses. M\u00eame au milieu de notre quotidien charg\u00e9, nous pouvons trouver des occasions de grandir en amour, en patience et en foi.<\/p>\n\n\n\n<h3 class=\"wp-block-heading\">Opportunit\u00e9s de t\u00e9moignage<\/h3>\n\n\n\n<p>La Toussaint nous rappelle \u00e9galement que le monde a besoin de saints modernes : des personnes qui, dans leur vie quotidienne, \u0153uvrent pour la justice, la paix et l\u2019amour. La saintet\u00e9 au XXIe si\u00e8cle peut se manifester par des actes de compassion envers les plus vuln\u00e9rables, par un engagement \u00e0 prendre soin de la cr\u00e9ation ou par la d\u00e9fense de la dignit\u00e9 humaine sous toutes ses formes.<\/p>\n\n\n\n<p>Les saints sont ceux qui, \u00e0 chaque \u00e9poque, r\u00e9pondent aux besoins de leur temps avec fid\u00e9lit\u00e9 au Christ. Aujourd\u2019hui, nous avons l\u2019opportunit\u00e9 d\u2019\u00eatre ces saints, apportant l\u2019amour de Dieu l\u00e0 o\u00f9 il est le plus n\u00e9cessaire.<\/p>\n\n\n\n<h2 class=\"wp-block-heading\">Conclusion : Une invitation \u00e0 la saintet\u00e9<\/h2>\n\n\n\n<p>La Toussaint est une c\u00e9l\u00e9bration qui nous invite \u00e0 r\u00e9fl\u00e9chir sur notre appel personnel \u00e0 la saintet\u00e9. Ce n\u2019est pas seulement une f\u00eate pour se souvenir des grands h\u00e9ros de la foi, mais une occasion de reconna\u00eetre que nous sommes tous appel\u00e9s \u00e0 \u00eatre saints dans notre vie quotidienne.<\/p>\n\n\n\n<p>\u00c0 travers la pri\u00e8re, la charit\u00e9, l\u2019humilit\u00e9 et l\u2019acceptation de nos difficult\u00e9s, nous pouvons avancer sur le chemin de la saintet\u00e9 et un jour rejoindre cette \u00ab\u00a0nu\u00e9e de t\u00e9moins\u00a0\u00bb qui louent Dieu pour l\u2019\u00e9ternit\u00e9. Dans un monde qui semble souvent \u00e9loign\u00e9 du spirituel, l\u2019appel \u00e0 la saintet\u00e9 reste un phare d\u2019esp\u00e9rance, une invitation \u00e0 vivre une vie pleine de sens et d\u2019amour.<\/p>\n\n\n\n<p>Que cette f\u00eate de la Toussaint nous inspire \u00e0 chercher cette saintet\u00e9 dans nos vies, en faisant confiance qu\u2019avec la gr\u00e2ce de Dieu, nous aussi pouvons \u00eatre des saints.<\/p>\n","protected":false},"excerpt":{"rendered":"<p>1. Introduction La Toussaint, c\u00e9l\u00e9br\u00e9e le 1er novembre, est l&rsquo;une des f\u00eates les plus importantes du calendrier liturgique de l&rsquo;\u00c9glise catholique. Bien que beaucoup l\u2019associent \u00e0 la visite des cimeti\u00e8res ou la confondent avec le Jour des Morts, cette c\u00e9l\u00e9bration a une profonde signification spirituelle qui touche au c\u0153ur m\u00eame de la vie chr\u00e9tienne. Ce &hellip;<\/p>\n","protected":false},"author":3,"featured_media":1190,"comment_status":"open","ping_status":"open","sticky":false,"template":"","format":"standard","meta":{"_seopress_robots_primary_cat":"40","_seopress_titles_title":"","_seopress_titles_desc":"","_seopress_robots_index":"","footnotes":""},"categories":[40,61],"tags":[169],"class_list":["post-1188","post","type-post","status-publish","format-standard","has-post-thumbnail","","category-priere-et-spiritualite","category-saints-et-calendrier-liturgique","tag-toussaint"],"_links":{"self":[{"href":"https:\/\/catholicus.eu\/fr\/wp-json\/wp\/v2\/posts\/1188","targetHints":{"allow":["GET"]}}],"collection":[{"href":"https:\/\/catholicus.eu\/fr\/wp-json\/wp\/v2\/posts"}],"about":[{"href":"https:\/\/catholicus.eu\/fr\/wp-json\/wp\/v2\/types\/post"}],"author":[{"embeddable":true,"href":"https:\/\/catholicus.eu\/fr\/wp-json\/wp\/v2\/users\/3"}],"replies":[{"embeddable":true,"href":"https:\/\/catholicus.eu\/fr\/wp-json\/wp\/v2\/comments?post=1188"}],"version-history":[{"count":0,"href":"https:\/\/catholicus.eu\/fr\/wp-json\/wp\/v2\/posts\/1188\/revisions"}],"wp:featuredmedia":[{"embeddable":true,"href":"https:\/\/catholicus.eu\/fr\/wp-json\/wp\/v2\/media\/1190"}],"wp:attachment":[{"href":"https:\/\/catholicus.eu\/fr\/wp-json\/wp\/v2\/media?parent=1188"}],"wp:term":[{"taxonomy":"category","embeddable":true,"href":"https:\/\/catholicus.eu\/fr\/wp-json\/wp\/v2\/categories?post=1188"},{"taxonomy":"post_tag","embeddable":true,"href":"https:\/\/catholicus.eu\/fr\/wp-json\/wp\/v2\/tags?post=1188"}],"curies":[{"name":"wp","href":"https:\/\/api.w.org\/{rel}","templated":true}]}}