{"id":1185,"date":"2024-10-24T23:29:39","date_gmt":"2024-10-24T21:29:39","guid":{"rendered":"https:\/\/catholicus.eu\/fr\/?p=1185"},"modified":"2024-10-24T23:31:00","modified_gmt":"2024-10-24T21:31:00","slug":"saviez-vous-que-leglise-catholique-consacre-chaque-mois-de-lannee-a-une-devotion-particuliere","status":"publish","type":"post","link":"https:\/\/catholicus.eu\/fr\/saviez-vous-que-leglise-catholique-consacre-chaque-mois-de-lannee-a-une-devotion-particuliere\/","title":{"rendered":"Saviez-vous que l\u2019\u00c9glise catholique consacre chaque mois de l\u2019ann\u00e9e \u00e0 une d\u00e9votion particuli\u00e8re ?"},"content":{"rendered":"\n<p>La tradition catholique est riche en d\u00e9votions et en pratiques spirituelles qui nourrissent la foi des croyants tout au long de l\u2019ann\u00e9e. Parmi ces traditions, l\u2019\u00c9glise a consacr\u00e9 chaque mois de l\u2019ann\u00e9e \u00e0 une d\u00e9votion particuli\u00e8re. Ce calendrier d\u00e9votionnel permet aux catholiques de se concentrer sur un aspect sp\u00e9cifique de leur foi, en renfor\u00e7ant leur lien avec Dieu, la Vierge Marie, les saints et les myst\u00e8res de la foi chr\u00e9tienne. Dans cet article, nous explorerons l\u2019importance th\u00e9ologique de cette pratique, son origine historique et biblique, et comment nous pouvons int\u00e9grer ces d\u00e9votions dans notre vie quotidienne.<\/p>\n\n\n\n<h3 class=\"wp-block-heading\">1. Introduction: Contexte et importance de la d\u00e9votion mensuelle<\/h3>\n\n\n\n<p>La d\u00e9votion mensuelle est un cadre structur\u00e9 offert par l\u2019\u00c9glise catholique pour que les fid\u00e8les puissent orienter leur pri\u00e8re, leur m\u00e9ditation et leurs \u0153uvres de pi\u00e9t\u00e9. Cela permet de concentrer l\u2019attention sur des aspects sp\u00e9cifiques de la vie chr\u00e9tienne, en nous rappelant les v\u00e9rit\u00e9s de la foi, les vertus \u00e0 cultiver et les \u00e9v\u00e9nements marquants du salut. Chaque mois, les catholiques du monde entier sont invit\u00e9s \u00e0 s\u2019unir dans une m\u00eame d\u00e9votion, cr\u00e9ant ainsi un rythme spirituel qui enveloppe l\u2019ann\u00e9e liturgique.<\/p>\n\n\n\n<p>L\u2019origine de cette pratique remonte \u00e0 des si\u00e8cles, alors que l\u2019\u00c9glise cherchait \u00e0 offrir aux fid\u00e8les des moyens concrets de vivre leur foi au quotidien, en dehors des grandes f\u00eates et solennit\u00e9s liturgiques. Ces d\u00e9votions mensuelles servent de rappel constant de la pr\u00e9sence divine dans la vie de tous les jours et des chemins que l\u2019\u00c9glise propose pour grandir dans la saintet\u00e9.<\/p>\n\n\n\n<h3 class=\"wp-block-heading\">2. Histoire et contexte biblique des d\u00e9votions mensuelles<\/h3>\n\n\n\n<p>L\u2019histoire de la d\u00e9votion mensuelle trouve ses racines dans l\u2019ancienne pratique chr\u00e9tienne de la d\u00e9votion \u00e0 des saints particuliers, des myst\u00e8res de la foi, et \u00e0 la Vierge Marie. Les premiers chr\u00e9tiens, face \u00e0 un monde hostile ou indiff\u00e9rent \u00e0 leur foi, cherchaient \u00e0 renforcer leur pi\u00e9t\u00e9 en consacrant des p\u00e9riodes sp\u00e9cifiques \u00e0 la pri\u00e8re et \u00e0 la m\u00e9ditation.<\/p>\n\n\n\n<p>Dans la Bible, nous voyons que Dieu commande souvent au peuple de c\u00e9l\u00e9brer des moments particuliers tout au long de l\u2019ann\u00e9e pour se souvenir de ses \u0153uvres (par exemple, les f\u00eates juives comme la P\u00e2que ou la F\u00eate des Tabernacles). Dans le Nouveau Testament, les croyants sont invit\u00e9s \u00e0 prier sans cesse (1 Thessaloniciens 5:17) et \u00e0 se rappeler r\u00e9guli\u00e8rement les myst\u00e8res de la foi.<\/p>\n\n\n\n<p>L\u2019\u00c9glise, en s\u2019inspirant de ces pratiques, a d\u00e9velopp\u00e9 au fil des si\u00e8cles des cycles de pri\u00e8re et de d\u00e9votion, et l\u2019id\u00e9e de consacrer chaque mois \u00e0 un th\u00e8me particulier est devenue un moyen de canaliser la pri\u00e8re des fid\u00e8les vers des objectifs sp\u00e9cifiques. Ce calendrier d\u00e9votionnel est non seulement un h\u00e9ritage de la Tradition, mais aussi une mani\u00e8re pratique de garder les croyants unis dans la pri\u00e8re et la m\u00e9ditation tout au long de l\u2019ann\u00e9e.<\/p>\n\n\n\n<h3 class=\"wp-block-heading\">3. R\u00e9flexion th\u00e9ologique: La signification spirituelle des d\u00e9votions mensuelles<\/h3>\n\n\n\n<p>D&rsquo;un point de vue th\u00e9ologique, chaque mois consacr\u00e9 \u00e0 une d\u00e9votion particuli\u00e8re nous permet d\u2019approfondir un aspect particulier de notre foi. Par exemple :<\/p>\n\n\n\n<ul class=\"wp-block-list\">\n<li><strong>Janvier<\/strong> est consacr\u00e9 au Saint Nom de J\u00e9sus, nous invitant \u00e0 m\u00e9diter sur la puissance et l\u2019autorit\u00e9 du nom de notre Sauveur.<\/li>\n\n\n\n<li><strong>F\u00e9vrier<\/strong> est le mois d\u00e9di\u00e9 \u00e0 la Sainte Famille, nous appelant \u00e0 r\u00e9fl\u00e9chir \u00e0 la vie cach\u00e9e de J\u00e9sus, Marie et Joseph \u00e0 Nazareth, et \u00e0 la saintet\u00e9 de la vie familiale.<\/li>\n\n\n\n<li><strong>Mars<\/strong> est consacr\u00e9 \u00e0 saint Joseph, mod\u00e8le de courage et de foi pour les p\u00e8res et les travailleurs.<\/li>\n\n\n\n<li><strong>Avril<\/strong> et <strong>Mai<\/strong> sont des mois mariaux, honorant la Vierge Marie, et nous invitant \u00e0 suivre son exemple de soumission \u00e0 la volont\u00e9 de Dieu.<\/li>\n\n\n\n<li><strong>Juin<\/strong> est d\u00e9di\u00e9 au Sacr\u00e9-C\u0153ur de J\u00e9sus, symbole de l\u2019amour mis\u00e9ricordieux du Christ pour l\u2019humanit\u00e9.<\/li>\n\n\n\n<li><strong>Juillet<\/strong> est consacr\u00e9 au Pr\u00e9cieux Sang du Christ, source de notre salut.<\/li>\n\n\n\n<li><strong>Ao\u00fbt<\/strong> est le mois du C\u0153ur Immacul\u00e9 de Marie.<\/li>\n\n\n\n<li><strong>Septembre<\/strong> est d\u00e9di\u00e9 aux Douleurs de la Vierge Marie, nous rappelant les souffrances qu\u2019elle a endur\u00e9es avec son Fils.<\/li>\n\n\n\n<li><strong>Octobre<\/strong> est consacr\u00e9 au Rosaire, une pri\u00e8re m\u00e9ditative sur la vie du Christ.<\/li>\n\n\n\n<li><strong>Novembre<\/strong> est le mois des \u00e2mes du purgatoire, nous appelant \u00e0 prier pour nos d\u00e9funts.<\/li>\n\n\n\n<li><strong>D\u00e9cembre<\/strong> nous invite \u00e0 m\u00e9diter sur l\u2019av\u00e8nement du Christ avec le temps de l\u2019Avent et la pr\u00e9paration \u00e0 No\u00ebl.<\/li>\n<\/ul>\n\n\n\n<p>Spirituellement, ces d\u00e9votions nous permettent d\u2019approfondir notre relation avec Dieu et avec les saints. Elles nous rappellent que la vie chr\u00e9tienne est une marche continue vers la saintet\u00e9, une conversion quotidienne qui passe par la pri\u00e8re et la m\u00e9ditation.<\/p>\n\n\n\n<h3 class=\"wp-block-heading\">4. Applications pratiques: Comment int\u00e9grer les d\u00e9votions dans notre vie quotidienne<\/h3>\n\n\n\n<p>Vivre ces d\u00e9votions mensuelles peut sembler intimidant, surtout dans un monde moderne souvent trop occup\u00e9 pour accorder du temps \u00e0 la pri\u00e8re. Cependant, il est possible d\u2019int\u00e9grer ces d\u00e9votions dans notre vie quotidienne d\u2019une mani\u00e8re simple et significative. Voici quelques id\u00e9es pratiques :<\/p>\n\n\n\n<ul class=\"wp-block-list\">\n<li><strong>Cr\u00e9er un calendrier de pri\u00e8re personnel<\/strong> : Chaque mois, choisissez un aspect de la d\u00e9votion mensuelle \u00e0 m\u00e9diter et \u00e0 int\u00e9grer dans votre pri\u00e8re quotidienne. Cela pourrait \u00eatre aussi simple que de lire un passage de la Bible li\u00e9 \u00e0 la d\u00e9votion ou de prier une pri\u00e8re sp\u00e9cifique chaque jour.<\/li>\n\n\n\n<li><strong>Prendre du temps pour la m\u00e9ditation<\/strong> : R\u00e9servez quelques minutes chaque jour pour r\u00e9fl\u00e9chir \u00e0 la d\u00e9votion du mois. Par exemple, en juin, m\u00e9ditez sur l\u2019amour du Sacr\u00e9-C\u0153ur de J\u00e9sus et comment vous pouvez montrer cet amour aux autres.<\/li>\n\n\n\n<li><strong>Participer aux pratiques de l\u2019\u00c9glise<\/strong> : Les paroisses catholiques offrent souvent des ressources et des pri\u00e8res en lien avec ces d\u00e9votions. Assister \u00e0 une messe sp\u00e9ciale, participer \u00e0 un groupe de pri\u00e8re ou simplement prier le chapelet peuvent \u00eatre des moyens concrets de vivre ces d\u00e9votions.<\/li>\n\n\n\n<li><strong>Apporter la d\u00e9votion dans la famille<\/strong> : Impliquez votre famille dans la d\u00e9votion du mois en organisant des moments de pri\u00e8re en commun. Par exemple, en f\u00e9vrier, vous pouvez prier en famille devant une image de la Sainte Famille et demander \u00e0 Dieu de b\u00e9nir votre foyer.<\/li>\n<\/ul>\n\n\n\n<h3 class=\"wp-block-heading\">5. R\u00e9flexion contemporaine: Les d\u00e9fis et opportunit\u00e9s de vivre la foi aujourd\u2019hui<\/h3>\n\n\n\n<p>Dans le monde moderne, les distractions sont nombreuses et il peut \u00eatre facile d\u2019oublier ou de n\u00e9gliger nos engagements spirituels. Pourtant, les d\u00e9votions mensuelles nous offrent une opportunit\u00e9 pr\u00e9cieuse de recentrer notre vie sur l\u2019essentiel : notre relation avec Dieu. Ces d\u00e9votions nous rappellent que, malgr\u00e9 les d\u00e9fis, nous sommes appel\u00e9s \u00e0 vivre une vie de pri\u00e8re, de service et d\u2019amour.<\/p>\n\n\n\n<p>En consacrant chaque mois \u00e0 une d\u00e9votion particuli\u00e8re, nous nous donnons les moyens de rester connect\u00e9s \u00e0 notre foi et \u00e0 nos valeurs chr\u00e9tiennes, m\u00eame au milieu des pr\u00e9occupations du monde moderne. De plus, cette pratique peut nous offrir un r\u00e9confort et une force spirituelle dans les moments de difficult\u00e9, nous rappelant que nous ne sommes jamais seuls dans notre marche vers la saintet\u00e9.<\/p>\n\n\n\n<h3 class=\"wp-block-heading\">Conclusion: Une ann\u00e9e de gr\u00e2ce \u00e0 travers les d\u00e9votions mensuelles<\/h3>\n\n\n\n<p>La pratique de consacrer chaque mois \u00e0 une d\u00e9votion sp\u00e9cifique est une belle tradition qui permet aux catholiques de vivre une ann\u00e9e pleine de gr\u00e2ce et de croissance spirituelle. Elle nous invite \u00e0 marcher aux c\u00f4t\u00e9s du Christ, \u00e0 honorer la Vierge Marie et les saints, et \u00e0 approfondir les myst\u00e8res de notre foi, mois apr\u00e8s mois. Que ces d\u00e9votions soient pour nous une source d\u2019inspiration, de renouveau et de paix, nous aidant \u00e0 vivre une vie chr\u00e9tienne plus pleine et plus engag\u00e9e.<\/p>\n","protected":false},"excerpt":{"rendered":"<p>La tradition catholique est riche en d\u00e9votions et en pratiques spirituelles qui nourrissent la foi des croyants tout au long de l\u2019ann\u00e9e. Parmi ces traditions, l\u2019\u00c9glise a consacr\u00e9 chaque mois de l\u2019ann\u00e9e \u00e0 une d\u00e9votion particuli\u00e8re. Ce calendrier d\u00e9votionnel permet aux catholiques de se concentrer sur un aspect sp\u00e9cifique de leur foi, en renfor\u00e7ant leur &hellip;<\/p>\n","protected":false},"author":3,"featured_media":1187,"comment_status":"open","ping_status":"open","sticky":false,"template":"","format":"standard","meta":{"_seopress_robots_primary_cat":"40","_seopress_titles_title":"","_seopress_titles_desc":"","_seopress_robots_index":"","footnotes":""},"categories":[40,58],"tags":[168],"class_list":["post-1185","post","type-post","status-publish","format-standard","has-post-thumbnail","","category-priere-et-spiritualite","category-priere-et-vie-spirituelle","tag-devotion"],"_links":{"self":[{"href":"https:\/\/catholicus.eu\/fr\/wp-json\/wp\/v2\/posts\/1185","targetHints":{"allow":["GET"]}}],"collection":[{"href":"https:\/\/catholicus.eu\/fr\/wp-json\/wp\/v2\/posts"}],"about":[{"href":"https:\/\/catholicus.eu\/fr\/wp-json\/wp\/v2\/types\/post"}],"author":[{"embeddable":true,"href":"https:\/\/catholicus.eu\/fr\/wp-json\/wp\/v2\/users\/3"}],"replies":[{"embeddable":true,"href":"https:\/\/catholicus.eu\/fr\/wp-json\/wp\/v2\/comments?post=1185"}],"version-history":[{"count":0,"href":"https:\/\/catholicus.eu\/fr\/wp-json\/wp\/v2\/posts\/1185\/revisions"}],"wp:featuredmedia":[{"embeddable":true,"href":"https:\/\/catholicus.eu\/fr\/wp-json\/wp\/v2\/media\/1187"}],"wp:attachment":[{"href":"https:\/\/catholicus.eu\/fr\/wp-json\/wp\/v2\/media?parent=1185"}],"wp:term":[{"taxonomy":"category","embeddable":true,"href":"https:\/\/catholicus.eu\/fr\/wp-json\/wp\/v2\/categories?post=1185"},{"taxonomy":"post_tag","embeddable":true,"href":"https:\/\/catholicus.eu\/fr\/wp-json\/wp\/v2\/tags?post=1185"}],"curies":[{"name":"wp","href":"https:\/\/api.w.org\/{rel}","templated":true}]}}