{"id":6292,"date":"2026-08-09T00:13:31","date_gmt":"2026-08-08T22:13:31","guid":{"rendered":"https:\/\/catholicus.eu\/de\/?p=6292"},"modified":"2026-08-09T00:13:32","modified_gmt":"2026-08-08T22:13:32","slug":"die-inquisition-und-die-schwarzen-legenden-wie-man-auf-historische-anschuldigungen-ohne-komplexe-antwortet","status":"publish","type":"post","link":"https:\/\/catholicus.eu\/de\/die-inquisition-und-die-schwarzen-legenden-wie-man-auf-historische-anschuldigungen-ohne-komplexe-antwortet\/","title":{"rendered":"Die Inquisition und die Schwarzen Legenden: Wie man auf historische Anschuldigungen ohne Komplexe antwortet"},"content":{"rendered":"\n<p class=\"wp-block-paragraph\">Es gibt Worte, die in der heutigen Vorstellungswelt bereits ein Urteil zu enthalten scheinen, noch bevor sie \u00fcberhaupt erkl\u00e4rt werden. Eines davon ist <strong>Inquisition<\/strong>.<\/p>\n\n\n\n<p class=\"wp-block-paragraph\">F\u00fcr Millionen von Menschen ruft allein die Erw\u00e4hnung dieses Wortes unmittelbar Bilder von Scheiterhaufen, Folter, Fanatismus, Obskurantismus und einer Kirche hervor, die davon besessen gewesen sei, diejenigen zu verfolgen, die anders dachten. Dieses Bild wurde so oft in B\u00fcchern, Filmen, Dokumentationen, sozialen Netzwerken und politischen Reden wiederholt, dass es scheinbar keiner Beweise mehr bedarf. Es gen\u00fcgt, das Wort auszusprechen.<\/p>\n\n\n\n<p class=\"wp-block-paragraph\">Aber so funktioniert Geschichte nicht.<\/p>\n\n\n\n<p class=\"wp-block-paragraph\">Geschichte kann nicht anhand isolierter Bilder, aus dem Zusammenhang gerissener Zahlen, propagandistischer Erz\u00e4hlungen oder juristischer Kategorien des 21. Jahrhunderts studiert werden, die mechanisch auf mittelalterliche und fr\u00fchneuzeitliche Gesellschaften angewandt werden. Und das bedeutet nicht, die Missbr\u00e4uche, Ungerechtigkeiten oder Fehler zu leugnen, die von Personen und kirchlichen Institutionen begangen wurden. Es bedeutet etwas viel Einfacheres und zugleich viel Anspruchsvolleres: <strong>die ganze Wahrheit zu suchen<\/strong>.<\/p>\n\n\n\n<p class=\"wp-block-paragraph\">Ein Katholik muss nicht l\u00fcgen, um die Kirche zu verteidigen.<\/p>\n\n\n\n<p class=\"wp-block-paragraph\">Ebenso wenig muss er die S\u00fcnden ihrer Kinder leugnen.<\/p>\n\n\n\n<p class=\"wp-block-paragraph\">Die Kirche ist heilig aufgrund Christi, aufgrund ihrer Lehre, aufgrund ihrer Sakramente und aufgrund der Gnade, die sie vermittelt; aber ihre Mitglieder, einschlie\u00dflich Geistlicher, Amtstr\u00e4ger und kirchlicher Richter, waren und sind Menschen, die s\u00fcndigen k\u00f6nnen.<\/p>\n\n\n\n<p class=\"wp-block-paragraph\">Gerade deshalb sollte die christliche Antwort auf die Geschichte weder eine besch\u00e4mte und komplexbeladene Verteidigung noch eine propagandistische Apologetik sein.<\/p>\n\n\n\n<p class=\"wp-block-paragraph\">Sie sollte die Wahrheit sein.<\/p>\n\n\n\n<p class=\"wp-block-paragraph\">Wie unser Herr lehrt:<\/p>\n\n\n\n<blockquote class=\"wp-block-quote is-layout-flow wp-block-quote-is-layout-flow\">\n<p class=\"wp-block-paragraph\">\u201eIhr werdet die Wahrheit erkennen, und die Wahrheit wird euch frei machen\u201c (Joh 8,32).<\/p>\n<\/blockquote>\n\n\n\n<p class=\"wp-block-paragraph\">Diese Aussage ist \u00e4u\u00dferst wichtig, wenn wir \u00fcber die Inquisition sprechen. Die historische Wahrheit kann in mancher Hinsicht unbequem sein, aber sie kann Christen auch von den Karikaturen befreien, die im Laufe der Jahrhunderte aufgebaut wurden.<\/p>\n\n\n\n<p class=\"wp-block-paragraph\">Die Frage lautet daher nicht einfach:<\/p>\n\n\n\n<p class=\"wp-block-paragraph\"><strong>\u201eWar die Inquisition gut oder schlecht?\u201c<\/strong><\/p>\n\n\n\n<p class=\"wp-block-paragraph\">Die eigentliche Frage ist wesentlich komplexer:<\/p>\n\n\n\n<p class=\"wp-block-paragraph\"><strong>Was waren die Inquisitionen tats\u00e4chlich? Warum entstanden sie? Welche Verbrechen verfolgten sie? Wie funktionierten sie? Welche Beziehung hatten sie zu den weltlichen Beh\u00f6rden? Wie viele Menschen wurden tats\u00e4chlich verurteilt? Welcher Teil des popul\u00e4ren Bildes beruht auf dokumentierten Tatsachen und welcher Teil auf sp\u00e4teren propagandistischen \u00dcbertreibungen? Und vor allem: Wie soll ein Katholik all dies im Licht des Glaubens verstehen?<\/strong><\/p>\n\n\n\n<p class=\"wp-block-paragraph\">Hier beginnt ein weitaus ernsthafteres Gespr\u00e4ch.<\/p>\n\n\n\n<hr class=\"wp-block-separator has-alpha-channel-opacity\"\/>\n\n\n\n<h1 class=\"wp-block-heading\">1. Bevor wir \u00fcber die Inquisition sprechen, m\u00fcssen wir eine vorgefasste Vorstellung aufgeben<\/h1>\n\n\n\n<p class=\"wp-block-paragraph\">Einer der h\u00e4ufigsten Fehler besteht darin, von <strong>\u201eder Inquisition\u201c<\/strong> zu sprechen, als habe es sich tausend Jahre lang um eine einzige Institution mit identischen Verfahren, Zust\u00e4ndigkeiten und Zielen gehandelt.<\/p>\n\n\n\n<p class=\"wp-block-paragraph\">Das war nicht der Fall.<\/p>\n\n\n\n<p class=\"wp-block-paragraph\">Je nach Ort und Zeit gab es unterschiedliche inquisitorische Gerichte und Einrichtungen.<\/p>\n\n\n\n<p class=\"wp-block-paragraph\">Es gab Formen der <strong>bisch\u00f6flichen Inquisition<\/strong> im Mittelalter, die <strong>p\u00e4pstliche mittelalterliche Inquisition<\/strong>, die <strong>Spanische Inquisition<\/strong>, die <strong>Portugiesische Inquisition<\/strong>, die <strong>R\u00f6mische Inquisition<\/strong> sowie weitere Einrichtungen, die mit der Verteidigung der Rechtgl\u00e4ubigkeit verbunden waren.<\/p>\n\n\n\n<p class=\"wp-block-paragraph\">Ihre Zust\u00e4ndigkeiten, Verfahren und Beziehungen zu den weltlichen Beh\u00f6rden unterschieden sich.<\/p>\n\n\n\n<p class=\"wp-block-paragraph\">Daher ist es historisch ungenau, von \u201eder Inquisition\u201c zu sprechen, als sei sie eine einheitliche Institution gewesen.<\/p>\n\n\n\n<p class=\"wp-block-paragraph\">Das w\u00e4re ungef\u00e4hr so, als w\u00fcrde man die gesamte politische Geschichte Europas unter dem allgemeinen Begriff \u201eMonarchie\u201c untersuchen.<\/p>\n\n\n\n<p class=\"wp-block-paragraph\">Das ist historisch nicht korrekt.<\/p>\n\n\n\n<p class=\"wp-block-paragraph\">Das Wort <em>inquisitio<\/em> bedeutet einfach <strong>Untersuchung oder Nachforschung<\/strong>.<\/p>\n\n\n\n<p class=\"wp-block-paragraph\">Der Inquisitor war im Allgemeinen derjenige, der bestimmte Anschuldigungen hinsichtlich der H\u00e4resie und anderer Fragen untersuchte, die in die Zust\u00e4ndigkeit des Gerichts fielen.<\/p>\n\n\n\n<p class=\"wp-block-paragraph\">Nat\u00fcrlich macht das nicht automatisch jeden Inquisitor zu einem tugendhaften Menschen und auch nicht jedes Verfahren zu einem gerechten Verfahren. Aber es zeigt etwas Grundlegendes:<\/p>\n\n\n\n<p class=\"wp-block-paragraph\"><strong>Die urspr\u00fcngliche Bedeutung einer Institution kann nicht ausschlie\u00dflich aus dem Bild abgeleitet werden, das sp\u00e4ter um sie herum aufgebaut wurde.<\/strong><\/p>\n\n\n\n<hr class=\"wp-block-separator has-alpha-channel-opacity\"\/>\n\n\n\n<h1 class=\"wp-block-heading\">2. Das mittelalterliche Europa verstand Religion nicht so, wie wir den modernen Staat verstehen<\/h1>\n\n\n\n<p class=\"wp-block-paragraph\">Dieser Punkt ist von grundlegender Bedeutung.<\/p>\n\n\n\n<p class=\"wp-block-paragraph\">Zeitgen\u00f6ssische Menschen stellen sich Religion h\u00e4ufig als eine streng private Angelegenheit vor.<\/p>\n\n\n\n<p class=\"wp-block-paragraph\">\u201eIch glaube, was ich will, du glaubst, was du willst, und der Staat sollte sich nicht einmischen.\u201c<\/p>\n\n\n\n<p class=\"wp-block-paragraph\">Diese Vorstellung hat eine bestimmte Geschichte und kann nicht einfach auf mittelalterliche Gesellschaften \u00fcbertragen werden.<\/p>\n\n\n\n<p class=\"wp-block-paragraph\">\u00dcber Jahrhunderte hinweg war Europa eine Gesellschaft, in der Religion zu den Grundlagen des \u00f6ffentlichen, rechtlichen, kulturellen und politischen Lebens geh\u00f6rte.<\/p>\n\n\n\n<p class=\"wp-block-paragraph\">Religi\u00f6se Zugeh\u00f6rigkeit wurde nicht einfach als private Vorliebe betrachtet, vergleichbar mit der Wahl eines Hobbys, einer Sportmannschaft oder eines Musikstils.<\/p>\n\n\n\n<p class=\"wp-block-paragraph\">Religion war verbunden mit:<\/p>\n\n\n\n<ul class=\"wp-block-list\">\n<li>der Identit\u00e4t der Gemeinschaft;<\/li>\n\n\n\n<li>der Gesetzgebung;<\/li>\n\n\n\n<li>der Erziehung;<\/li>\n\n\n\n<li>der \u00f6ffentlichen Moral;<\/li>\n\n\n\n<li>der Ehe;<\/li>\n\n\n\n<li>den Eiden;<\/li>\n\n\n\n<li>den politischen Institutionen;<\/li>\n\n\n\n<li>der Vorstellung vom Gemeinwohl;<\/li>\n\n\n\n<li>der Auffassung von bestimmten Autorit\u00e4ten;<\/li>\n\n\n\n<li>dem Verst\u00e4ndnis gesellschaftlicher Einheit.<\/li>\n<\/ul>\n\n\n\n<p class=\"wp-block-paragraph\">Das bedeutet nicht, dass eine solche Gesellschaft in jeder Hinsicht gerecht gewesen w\u00e4re.<\/p>\n\n\n\n<p class=\"wp-block-paragraph\">Es bedeutet, dass wir ihren geistigen Rahmen verstehen m\u00fcssen.<\/p>\n\n\n\n<p class=\"wp-block-paragraph\">Ein mittelalterlicher Mensch konnte die H\u00e4resie nicht einfach als \u201eeine andere Meinung\u201c betrachten, sondern als Bedrohung der religi\u00f6sen und gesellschaftlichen Ordnung.<\/p>\n\n\n\n<p class=\"wp-block-paragraph\">Das mag f\u00fcr die heutige Mentalit\u00e4t fremd erscheinen, ist aber unverzichtbar, wenn wir die Geschichte ehrlich untersuchen wollen.<\/p>\n\n\n\n<p class=\"wp-block-paragraph\">Und hier begegnen wir einer der gro\u00dfen Gefahren der heutigen Debatte.<\/p>\n\n\n\n<p class=\"wp-block-paragraph\">Eine Gesellschaft, in der Religion als wesentlicher Bestandteil des Gemeinwohls betrachtet wurde, wird ausschlie\u00dflich anhand von Kategorien beurteilt, die Jahrhunderte sp\u00e4ter entstanden sind.<\/p>\n\n\n\n<p class=\"wp-block-paragraph\">Das ist keine Geschichtswissenschaft.<\/p>\n\n\n\n<p class=\"wp-block-paragraph\">Das ist Anachronismus.<\/p>\n\n\n\n<hr class=\"wp-block-separator has-alpha-channel-opacity\"\/>\n\n\n\n<h1 class=\"wp-block-heading\">3. Warum entstanden die Inquisitionsgerichte?<\/h1>\n\n\n\n<p class=\"wp-block-paragraph\">Um dieses Ph\u00e4nomen zu verstehen, m\u00fcssen wir auf die Entwicklung bestimmter mittelalterlicher H\u00e4resien zur\u00fcckblicken.<\/p>\n\n\n\n<p class=\"wp-block-paragraph\">Einer der bekanntesten F\u00e4lle war der der <strong>Katharer oder Albigenser<\/strong>, die insbesondere in bestimmten Regionen S\u00fcdfrankreichs verbreitet waren.<\/p>\n\n\n\n<p class=\"wp-block-paragraph\">Das Problem bestand nicht einfach darin, dass einige Menschen in bestimmten theologischen Fragen anderer Meinung waren.<\/p>\n\n\n\n<p class=\"wp-block-paragraph\">Der Katharismus enthielt Lehren, die mit dem christlichen Glauben grundlegend unvereinbar waren, insbesondere eine dualistische Auffassung der Wirklichkeit, die die Lehre \u00fcber Gott, die Sch\u00f6pfung und die Materie betraf.<\/p>\n\n\n\n<p class=\"wp-block-paragraph\">Die Kirche betrachtete diese Lehren nicht als blo\u00dfe Variante des Christentums.<\/p>\n\n\n\n<p class=\"wp-block-paragraph\">Es handelte sich um H\u00e4resien.<\/p>\n\n\n\n<p class=\"wp-block-paragraph\">Aber es gab auch eine politische und soziale Dimension.<\/p>\n\n\n\n<p class=\"wp-block-paragraph\">H\u00e4resien konnten sich mit Konflikten zwischen St\u00e4dten, Adeligen und territorialen M\u00e4chten verbinden. In einer Gesellschaft, in der religi\u00f6se Einheit eng mit politischer Einheit verbunden war, erhielt die Frage zwangsl\u00e4ufig eine \u00f6ffentliche Dimension.<\/p>\n\n\n\n<p class=\"wp-block-paragraph\">Dies hilft uns zu verstehen, warum die Bek\u00e4mpfung der H\u00e4resie nicht ausschlie\u00dflich als pastorales Problem verstanden wurde.<\/p>\n\n\n\n<p class=\"wp-block-paragraph\">Sie wurde auch als rechtliche Angelegenheit betrachtet.<\/p>\n\n\n\n<p class=\"wp-block-paragraph\">Und hier begegnen wir einer wesentlichen Unterscheidung:<\/p>\n\n\n\n<p class=\"wp-block-paragraph\"><strong>Die Kirche war nicht die einzige Institution, die an der Unterdr\u00fcckung der H\u00e4resie beteiligt war.<\/strong><\/p>\n\n\n\n<p class=\"wp-block-paragraph\">Auch weltliche Beh\u00f6rden waren daran beteiligt.<\/p>\n\n\n\n<p class=\"wp-block-paragraph\">Tats\u00e4chlich konnten die weltlichen Strafen w\u00e4hrend eines gro\u00dfen Teils der europ\u00e4ischen Geschichte erheblich h\u00e4rter sein als die Bu\u00dfen, die von einem kirchlichen Gericht auferlegt wurden.<\/p>\n\n\n\n<p class=\"wp-block-paragraph\">Das bedeutet nicht, dass die Kirche einfach jede Verantwortung f\u00fcr die weltlichen Folgen ihrer Verurteilungen von sich weisen k\u00f6nnte.<\/p>\n\n\n\n<p class=\"wp-block-paragraph\">Aber es bedeutet, dass die Vorstellung, \u201edie Kirche habe die Inquisition erfunden und allein alle Menschen get\u00f6tet, die anders dachten\u201c, historisch zu simpel ist.<\/p>\n\n\n\n<hr class=\"wp-block-separator has-alpha-channel-opacity\"\/>\n\n\n\n<h1 class=\"wp-block-heading\">4. Die mittelalterliche Kirche erfand nicht die Vorstellung, dass H\u00e4resie ein \u00f6ffentliches Verbrechen sein k\u00f6nne<\/h1>\n\n\n\n<p class=\"wp-block-paragraph\">Hier betreten wir ein schwieriges Terrain.<\/p>\n\n\n\n<p class=\"wp-block-paragraph\">Die Verbindung zwischen Religion, H\u00e4resie und \u00f6ffentlichem Recht bestand bereits vor der mittelalterlichen Inquisition.<\/p>\n\n\n\n<p class=\"wp-block-paragraph\">Das christliche R\u00f6mische Reich, insbesondere seit Konstantin und unter den nachfolgenden Kaisern, entwickelte eine Gesetzgebung gegen bestimmte religi\u00f6se Abweichungen.<\/p>\n\n\n\n<p class=\"wp-block-paragraph\">\u00dcber Jahrhunderte hinweg betrachteten sowohl weltliche als auch kirchliche Autorit\u00e4ten die religi\u00f6se Einheit als m\u00f6glichen Bestandteil politischer Stabilit\u00e4t.<\/p>\n\n\n\n<p class=\"wp-block-paragraph\">Dies begann nicht mit den mittelalterlichen Inquisitoren.<\/p>\n\n\n\n<p class=\"wp-block-paragraph\">Und es endete auch nicht mit ihnen.<\/p>\n\n\n\n<p class=\"wp-block-paragraph\">Die konfessionellen Gesellschaften des fr\u00fchneuzeitlichen Europas, sowohl katholische als auch protestantische, behielten unterschiedliche Formen religi\u00f6ser Kontrolle bei.<\/p>\n\n\n\n<p class=\"wp-block-paragraph\">Auch in bestimmten protestantischen Gebieten wurden gegen bestimmte Formen religi\u00f6sen Dissenses strenge Strafen verh\u00e4ngt.<\/p>\n\n\n\n<p class=\"wp-block-paragraph\">Und auch in nicht-europ\u00e4ischen konfessionellen Gesellschaften finden wir Mechanismen, die darauf abzielten, die vorherrschende Religion rechtlich zu sch\u00fctzen.<\/p>\n\n\n\n<p class=\"wp-block-paragraph\">Die historische Frage ist daher viel umfassender:<\/p>\n\n\n\n<p class=\"wp-block-paragraph\"><strong>Warum betrachteten vormoderne Gesellschaften Religion als eine Frage der \u00f6ffentlichen Ordnung?<\/strong><\/p>\n\n\n\n<p class=\"wp-block-paragraph\">Das ist die eigentliche Frage.<\/p>\n\n\n\n<hr class=\"wp-block-separator has-alpha-channel-opacity\"\/>\n\n\n\n<h1 class=\"wp-block-heading\">5. Den Kontext anzuerkennen bedeutet nicht, alles zu rechtfertigen<\/h1>\n\n\n\n<p class=\"wp-block-paragraph\">Hier m\u00fcssen wir besonders deutlich sein.<\/p>\n\n\n\n<p class=\"wp-block-paragraph\">Erkl\u00e4ren bedeutet nicht rechtfertigen.<\/p>\n\n\n\n<p class=\"wp-block-paragraph\">Die Mentalit\u00e4t einer Epoche zu verstehen verpflichtet uns nicht dazu, alles, was diese Epoche getan hat, f\u00fcr moralisch gut zu halten.<\/p>\n\n\n\n<p class=\"wp-block-paragraph\">Ein Historiker kann erkl\u00e4ren, warum eine Gesellschaft die Sklaverei akzeptierte, ohne zu behaupten, die Sklaverei sei moralisch gut gewesen.<\/p>\n\n\n\n<p class=\"wp-block-paragraph\">Er kann erkl\u00e4ren, warum es Religionskriege gab, ohne sie zu billigen.<\/p>\n\n\n\n<p class=\"wp-block-paragraph\">Er kann erkl\u00e4ren, warum bestimmte Gerichte bestimmte Strafen verwendeten, ohne diese Strafen automatisch f\u00fcr gerecht zu halten.<\/p>\n\n\n\n<p class=\"wp-block-paragraph\">Und genau dasselbe gilt f\u00fcr die Inquisition.<\/p>\n\n\n\n<p class=\"wp-block-paragraph\">Ein Katholik ist nicht verpflichtet zu behaupten, jedes inquisitorische Verfahren sei gerecht gewesen.<\/p>\n\n\n\n<p class=\"wp-block-paragraph\">Er muss die Missbr\u00e4uche nicht verteidigen.<\/p>\n\n\n\n<p class=\"wp-block-paragraph\">Er muss die Folter nicht rechtfertigen.<\/p>\n\n\n\n<p class=\"wp-block-paragraph\">Er muss Justizirrt\u00fcmer nicht leugnen.<\/p>\n\n\n\n<p class=\"wp-block-paragraph\">Er muss nicht leugnen, dass Menschen verurteilt wurden.<\/p>\n\n\n\n<p class=\"wp-block-paragraph\">Er muss nicht leugnen, dass Menschen hingerichtet wurden.<\/p>\n\n\n\n<p class=\"wp-block-paragraph\">Er muss nicht jeden Inquisitor in einen Heiligen verwandeln.<\/p>\n\n\n\n<p class=\"wp-block-paragraph\">Denn die Verteidigung der Kirche h\u00e4ngt nicht davon ab, die Realit\u00e4t zu leugnen.<\/p>\n\n\n\n<hr class=\"wp-block-separator has-alpha-channel-opacity\"\/>\n\n\n\n<h1 class=\"wp-block-heading\">6. Die Folter: Eine Frage, die Pr\u00e4zision verlangt<\/h1>\n\n\n\n<p class=\"wp-block-paragraph\">Eines der am h\u00e4ufigsten verwendeten Elemente zur Konstruktion des popul\u00e4ren Bildes von der Inquisition ist die Folter.<\/p>\n\n\n\n<p class=\"wp-block-paragraph\">Und hier m\u00fcssen wir zwei Extreme vermeiden.<\/p>\n\n\n\n<p class=\"wp-block-paragraph\">Das erste besteht darin zu sagen:<\/p>\n\n\n\n<p class=\"wp-block-paragraph\"><strong>\u201eDie Inquisition hat niemals Folter eingesetzt.\u201c<\/strong><\/p>\n\n\n\n<p class=\"wp-block-paragraph\">Das w\u00e4re falsch.<\/p>\n\n\n\n<p class=\"wp-block-paragraph\">Das zweite besteht darin, sich vorzustellen, die Inquisitoren h\u00e4tten wahllos jeden Angeklagten gefoltert und die Folterkammern seien praktisch das t\u00e4gliche Zentrum aller Gerichte gewesen.<\/p>\n\n\n\n<p class=\"wp-block-paragraph\">Auch das entspricht nicht der historischen Realit\u00e4t.<\/p>\n\n\n\n<p class=\"wp-block-paragraph\">Folter existierte in mittelalterlichen und fr\u00fchneuzeitlichen Rechtssystemen, sowohl in weltlichen als auch in kirchlichen Gerichten.<\/p>\n\n\n\n<p class=\"wp-block-paragraph\">Inquisitionsgerichte kamen tats\u00e4chlich dazu, sie unter bestimmten Bedingungen und mit bestimmten rechtlichen Einschr\u00e4nkungen einzusetzen.<\/p>\n\n\n\n<p class=\"wp-block-paragraph\">Das macht die Folter moralisch nicht bewundernswert.<\/p>\n\n\n\n<p class=\"wp-block-paragraph\">Die Tatsache, dass andere Gerichte sie ebenfalls verwendeten, sollte ebenfalls nicht automatisch als Entschuldigung dienen.<\/p>\n\n\n\n<p class=\"wp-block-paragraph\">Aus christlicher Sicht verlangt die W\u00fcrde des Menschen, dass selbst der Schuldige als Mensch behandelt wird.<\/p>\n\n\n\n<p class=\"wp-block-paragraph\">Die Tatsache, dass eine bestimmte Gesellschaft eine Praxis rechtlich akzeptierte, macht diese Praxis nicht automatisch moralisch gut.<\/p>\n\n\n\n<p class=\"wp-block-paragraph\">Diese Unterscheidung ist f\u00fcr eine intellektuell ehrliche katholische Apologetik von au\u00dferordentlicher Bedeutung.<\/p>\n\n\n\n<hr class=\"wp-block-separator has-alpha-channel-opacity\"\/>\n\n\n\n<h1 class=\"wp-block-heading\">7. Die Kirche muss die Folter nicht verteidigen, um ihre Geschichte zu verteidigen<\/h1>\n\n\n\n<p class=\"wp-block-paragraph\">Es gibt eine sehr gef\u00e4hrliche apologetische Versuchung.<\/p>\n\n\n\n<p class=\"wp-block-paragraph\">Wenn jemand die Kirche wegen etwas beschuldigt, kann ein Katholik das Bed\u00fcrfnis versp\u00fcren zu antworten:<\/p>\n\n\n\n<p class=\"wp-block-paragraph\">\u201eAber die anderen haben noch Schlimmeres getan.\u201c<\/p>\n\n\n\n<p class=\"wp-block-paragraph\">Das kann wahr sein.<\/p>\n\n\n\n<p class=\"wp-block-paragraph\">Aber es ist nicht immer eine gute Antwort.<\/p>\n\n\n\n<p class=\"wp-block-paragraph\">Wenn jemand nach Missbr\u00e4uchen eines inquisitorischen Gerichts fragt, beantwortet die Aussage:<\/p>\n\n\n\n<p class=\"wp-block-paragraph\">\u201eDie Protestanten haben ebenfalls Ketzer verfolgt\u201c<\/p>\n\n\n\n<p class=\"wp-block-paragraph\">die Frage nicht vollst\u00e4ndig.<\/p>\n\n\n\n<p class=\"wp-block-paragraph\">Wenn jemand nach Hinrichtungen fragt:<\/p>\n\n\n\n<p class=\"wp-block-paragraph\">\u201eDie europ\u00e4ischen Staaten haben viel mehr Menschen hingerichtet\u201c<\/p>\n\n\n\n<p class=\"wp-block-paragraph\">l\u00f6st das allein die moralische Frage nicht.<\/p>\n\n\n\n<p class=\"wp-block-paragraph\">Die richtige Antwort muss reifer sein:<\/p>\n\n\n\n<p class=\"wp-block-paragraph\"><strong>\u201eJa, es gab Missbr\u00e4uche und bestimmte Strafen, die wir heute als ungerecht oder als mit einem angemessenen Verst\u00e4ndnis der Menschenw\u00fcrde unvereinbar erkennen. Aber um die Inquisition historisch zu beurteilen, m\u00fcssen wir zwischen dokumentierten Tatsachen und sp\u00e4teren \u00dcbertreibungen unterscheiden, ihre Verfahren mit den Rechtssystemen ihrer Zeit vergleichen und vermeiden, der Inquisition automatisch jeden Missbrauch zuzuschreiben, der von weltlichen Beh\u00f6rden begangen wurde.\u201c<\/strong><\/p>\n\n\n\n<p class=\"wp-block-paragraph\">Das ist wesentlich belastbarer.<\/p>\n\n\n\n<p class=\"wp-block-paragraph\">Und auch wesentlich katholischer.<\/p>\n\n\n\n<hr class=\"wp-block-separator has-alpha-channel-opacity\"\/>\n\n\n\n<h1 class=\"wp-block-heading\">8. Wie sah ein inquisitorischer Prozess tats\u00e4chlich aus?<\/h1>\n\n\n\n<p class=\"wp-block-paragraph\">Ein weiterer verbreiteter Mythos besteht darin, sich vorzustellen, ein Inquisitor habe willk\u00fcrlich jeden Menschen verhaften, ihn foltern und ohne Verfahren verbrennen lassen k\u00f6nnen.<\/p>\n\n\n\n<p class=\"wp-block-paragraph\">Die Realit\u00e4t war komplexer.<\/p>\n\n\n\n<p class=\"wp-block-paragraph\">Inquisitionsgerichte entwickelten rechtliche Verfahren.<\/p>\n\n\n\n<p class=\"wp-block-paragraph\">Es gab Anschuldigungen, Untersuchungen, Aussagen, Zeugenaussagen und verschiedene Verfahrensm\u00f6glichkeiten.<\/p>\n\n\n\n<p class=\"wp-block-paragraph\">In manchen F\u00e4llen bestand das Ziel darin, ein Gest\u00e4ndnis und die Vers\u00f6hnung zu erreichen.<\/p>\n\n\n\n<p class=\"wp-block-paragraph\">Die Strafen konnten sehr unterschiedlich sein.<\/p>\n\n\n\n<p class=\"wp-block-paragraph\">Dazu geh\u00f6rten:<\/p>\n\n\n\n<ul class=\"wp-block-list\">\n<li>geistliche Bu\u00dfen;<\/li>\n\n\n\n<li>Fasten;<\/li>\n\n\n\n<li>Wallfahrten;<\/li>\n\n\n\n<li>Geldstrafen;<\/li>\n\n\n\n<li>bestimmte religi\u00f6se Verpflichtungen;<\/li>\n\n\n\n<li>Gef\u00e4ngnis;<\/li>\n\n\n\n<li>Bu\u00dfzeichen;<\/li>\n\n\n\n<li>die Vers\u00f6hnung mit der Kirche;<\/li>\n\n\n\n<li>und in den schwersten F\u00e4llen, bei beharrlichem Festhalten an der H\u00e4resie, die \u00dcbergabe an die weltliche Obrigkeit.<\/li>\n<\/ul>\n\n\n\n<p class=\"wp-block-paragraph\">Dieser letzte Punkt ist grundlegend.<\/p>\n\n\n\n<p class=\"wp-block-paragraph\">Ein kirchliches Gericht konnte eine Person der H\u00e4resie f\u00fcr schuldig erkl\u00e4ren und sie unter bestimmten historischen Umst\u00e4nden den weltlichen Beh\u00f6rden \u00fcbergeben, damit diese die entsprechende weltliche Strafe vollzogen.<\/p>\n\n\n\n<p class=\"wp-block-paragraph\">Es ist daher historisch ungenau, sich den Inquisitor gleichzeitig als Ermittler, Richter, Henker und staatlichen Vollstrecker vorzustellen.<\/p>\n\n\n\n<p class=\"wp-block-paragraph\">Zwischen kirchlichen und weltlichen Gerichtsbarkeiten bestand eine komplexe Wechselwirkung.<\/p>\n\n\n\n<hr class=\"wp-block-separator has-alpha-channel-opacity\"\/>\n\n\n\n<h1 class=\"wp-block-heading\">9. \u201eDem weltlichen Arm \u00fcbergeben\u201c: Ein Ausdruck, der erkl\u00e4rt werden muss<\/h1>\n\n\n\n<p class=\"wp-block-paragraph\">Eine der Formulierungen, die den modernen Leser am meisten schockiert, ist die <strong>\u00dcbergabe an den weltlichen Arm<\/strong>.<\/p>\n\n\n\n<p class=\"wp-block-paragraph\">Was bedeutet das?<\/p>\n\n\n\n<p class=\"wp-block-paragraph\">Im Allgemeinen konnte ein kirchliches Gericht in einem H\u00e4resiefall ein Urteil f\u00e4llen und die verurteilte Person den weltlichen Beh\u00f6rden \u00fcbergeben, damit diese die nach weltlichem Recht vorgesehene Strafe vollzogen.<\/p>\n\n\n\n<p class=\"wp-block-paragraph\">Dies zeigt etwas sehr Wichtiges:<\/p>\n\n\n\n<p class=\"wp-block-paragraph\"><strong>Die Inquisition funktionierte nicht in einem politischen Vakuum.<\/strong><\/p>\n\n\n\n<p class=\"wp-block-paragraph\">Sie war in Gesellschaften eingebettet, in denen weltliche und religi\u00f6se Autorit\u00e4t enge Beziehungen unterhielten.<\/p>\n\n\n\n<p class=\"wp-block-paragraph\">Genau deshalb ist es notwendig, zwischen Folgendem zu unterscheiden:<\/p>\n\n\n\n<ul class=\"wp-block-list\">\n<li>katholischer Lehre;<\/li>\n\n\n\n<li>kanonischem Recht;<\/li>\n\n\n\n<li>Entscheidungen kirchlicher Gerichte;<\/li>\n\n\n\n<li>weltlicher Gesetzgebung;<\/li>\n\n\n\n<li>Entscheidungen von Monarchen;<\/li>\n\n\n\n<li>Handlungen von Beamten;<\/li>\n\n\n\n<li>und konkreten Missbr\u00e4uchen einzelner Personen.<\/li>\n<\/ul>\n\n\n\n<p class=\"wp-block-paragraph\">All dies unter dem Begriff \u201eKirche\u201c zusammenzufassen, f\u00fchrt zu einer historisch fehlerhaften Erkl\u00e4rung.<\/p>\n\n\n\n<hr class=\"wp-block-separator has-alpha-channel-opacity\"\/>\n\n\n\n<h1 class=\"wp-block-heading\">10. Die Spanische Inquisition: Wahrscheinlich der am st\u00e4rksten manipulierte Fall<\/h1>\n\n\n\n<p class=\"wp-block-paragraph\">Wenn Menschen heute von der Inquisition sprechen, denken sie unmittelbar an die <strong>Spanische Inquisition<\/strong>.<\/p>\n\n\n\n<p class=\"wp-block-paragraph\">Sie wurde 1478 unter Ferdinand und Isabella eingerichtet und bestand \u00fcber Jahrhunderte bis zu ihrer endg\u00fcltigen Abschaffung im 19. Jahrhundert.<\/p>\n\n\n\n<p class=\"wp-block-paragraph\">Ihre Geschichte ist mit religi\u00f6sen, politischen und sozialen Fragen von au\u00dferordentlicher Komplexit\u00e4t verbunden.<\/p>\n\n\n\n<p class=\"wp-block-paragraph\">Zu ihren urspr\u00fcnglichen Zielen geh\u00f6rte die Untersuchung der Aufrichtigkeit der Bekehrung bestimmter Konvertiten aus dem Judentum und sp\u00e4ter verschiedener Ph\u00e4nomene, die als h\u00e4retisch oder der katholischen Orthodoxie widersprechend angesehen wurden.<\/p>\n\n\n\n<p class=\"wp-block-paragraph\">Mit der Zeit weitete sich ihre Zust\u00e4ndigkeit auf verschiedene Bereiche aus.<\/p>\n\n\n\n<p class=\"wp-block-paragraph\">Auch hier m\u00fcssen wir einen weiteren Fehler vermeiden:<\/p>\n\n\n\n<p class=\"wp-block-paragraph\"><strong>Die Spanische Inquisition war nicht einfach ein Gericht gegen Juden.<\/strong><\/p>\n\n\n\n<p class=\"wp-block-paragraph\">Sie untersuchte auch F\u00e4lle von Altchristen, Konvertiten, Protestanten, den Alumbrados, bestimmte F\u00e4lle von Bigamie, bestimmte Fragen im Zusammenhang mit Aberglauben und Blasphemie, h\u00e4retische Aussagen und andere Angelegenheiten.<\/p>\n\n\n\n<p class=\"wp-block-paragraph\">Dar\u00fcber hinaus darf die Inquisition nicht mit der Vertreibung der Juden im Jahr 1492 gleichgesetzt werden.<\/p>\n\n\n\n<p class=\"wp-block-paragraph\">Die Vertreibung war eine Entscheidung Ferdinands und Isabellas.<\/p>\n\n\n\n<p class=\"wp-block-paragraph\">Inquisition und Vertreibungspolitik standen im religi\u00f6sen Kontext der damaligen Zeit miteinander in Verbindung, waren aber weder dieselbe Institution noch dasselbe Ereignis.<\/p>\n\n\n\n<hr class=\"wp-block-separator has-alpha-channel-opacity\"\/>\n\n\n\n<h1 class=\"wp-block-heading\">11. Wie viele Menschen wurden hingerichtet?<\/h1>\n\n\n\n<p class=\"wp-block-paragraph\">Hier betreten wir einen der Bereiche, in denen die Propaganda einige der spektakul\u00e4rsten Zahlen hervorgebracht hat.<\/p>\n\n\n\n<p class=\"wp-block-paragraph\">\u00dcber Jahrhunderte hinweg kursierten enorme Zahlen \u00fcber die Opfer der Spanischen Inquisition.<\/p>\n\n\n\n<p class=\"wp-block-paragraph\">In manchen Darstellungen war von Hunderttausenden oder sogar Millionen hingerichteten Menschen die Rede.<\/p>\n\n\n\n<p class=\"wp-block-paragraph\">Die moderne historische Forschung, die sich auf Archive st\u00fctzt, hat viele dieser traditionellen Zahlen erheblich nach unten korrigiert.<\/p>\n\n\n\n<p class=\"wp-block-paragraph\">Das bedeutet nicht, dass Hinrichtungen niemals stattgefunden h\u00e4tten.<\/p>\n\n\n\n<p class=\"wp-block-paragraph\">Sie fanden statt.<\/p>\n\n\n\n<p class=\"wp-block-paragraph\">Menschen wurden zum Tod verurteilt.<\/p>\n\n\n\n<p class=\"wp-block-paragraph\">Es gab <em>autos de fe<\/em>, und Menschen wurden den weltlichen Beh\u00f6rden \u00fcbergeben.<\/p>\n\n\n\n<p class=\"wp-block-paragraph\">Aber die tats\u00e4chlichen Zahlen liegen deutlich unter vielen traditionellen Zahlen, die von anti-spanischer und antikatholischer Propaganda verbreitet wurden.<\/p>\n\n\n\n<p class=\"wp-block-paragraph\">Archivstudien der Inquisition zeigen au\u00dferdem, dass Verurteilungs- und Hinrichtungsquoten je nach Zeitraum stark variierten.<\/p>\n\n\n\n<p class=\"wp-block-paragraph\">In den ersten Jahren bestimmter Gerichte waren die Zahlen erheblich h\u00f6her als in sp\u00e4teren Perioden.<\/p>\n\n\n\n<p class=\"wp-block-paragraph\">Die Institution ver\u00e4nderte sich im Laufe der Zeit.<\/p>\n\n\n\n<p class=\"wp-block-paragraph\">Und das zeigt einmal mehr eine grundlegende Regel:<\/p>\n\n\n\n<p class=\"wp-block-paragraph\"><strong>Eine Institution, die mehrere Jahrhunderte existiert, kann nicht so untersucht werden, als sei sie von Anfang bis Ende unver\u00e4ndert geblieben.<\/strong><\/p>\n\n\n\n<hr class=\"wp-block-separator has-alpha-channel-opacity\"\/>\n\n\n\n<h1 class=\"wp-block-heading\">12. Woher kommt das, was man die \u201eSchwarze Legende\u201c nennt?<\/h1>\n\n\n\n<p class=\"wp-block-paragraph\">Der Ausdruck <strong>Schwarze Legende<\/strong> wird insbesondere verwendet, um eine propagandistische Tradition zu bezeichnen, die Spanien und die hispanische Welt als au\u00dfergew\u00f6hnlich grausam, fanatisch, intolerant und r\u00fcckst\u00e4ndig darstellte.<\/p>\n\n\n\n<p class=\"wp-block-paragraph\">Die Inquisition spielte bei dieser Konstruktion eine zentrale Rolle.<\/p>\n\n\n\n<p class=\"wp-block-paragraph\">Auch die Eroberung Amerikas.<\/p>\n\n\n\n<p class=\"wp-block-paragraph\">W\u00e4hrend der religi\u00f6sen und politischen Kriege der fr\u00fchen Neuzeit fanden Spaniens Gegner in bestimmten Darstellungen spanischer Grausamkeit ein besonders wirksames Propagandainstrument.<\/p>\n\n\n\n<p class=\"wp-block-paragraph\">Autoren, Drucker und Polemiker verbreiteten Erz\u00e4hlungen, in denen sich reale Ereignisse mit \u00dcbertreibungen, Aussagen aus zweiter Hand, aufgebl\u00e4hten Zahlen und Szenen vermischten, die eine starke emotionale Reaktion hervorrufen sollten.<\/p>\n\n\n\n<p class=\"wp-block-paragraph\">Das bedeutet nicht, dass alle Anschuldigungen falsch waren.<\/p>\n\n\n\n<p class=\"wp-block-paragraph\">Hier m\u00fcssen wir eine entscheidende Unterscheidung treffen.<\/p>\n\n\n\n<p class=\"wp-block-paragraph\"><strong>Die Existenz von Propaganda macht nicht automatisch alles falsch, was die Propaganda behauptet.<\/strong><\/p>\n\n\n\n<p class=\"wp-block-paragraph\">Das ist einer der Fehler schlechter Apologetik.<\/p>\n\n\n\n<p class=\"wp-block-paragraph\">Wenn ein Gegner der Kirche \u00fcber eine tats\u00e4chlich begangene Grausamkeit berichtet, wird diese Grausamkeit nicht dadurch zur L\u00fcge, dass der Berichterstatter ein Gegner ist.<\/p>\n\n\n\n<p class=\"wp-block-paragraph\">Die Aufgabe des Historikers besteht darin, sie zu \u00fcberpr\u00fcfen.<\/p>\n\n\n\n<hr class=\"wp-block-separator has-alpha-channel-opacity\"\/>\n\n\n\n<h1 class=\"wp-block-heading\">13. Propaganda funktioniert am besten, wenn sie einen Teil Wahrheit enth\u00e4lt<\/h1>\n\n\n\n<p class=\"wp-block-paragraph\">Dies ist vielleicht eine der wichtigsten Lehren f\u00fcr unsere Zeit.<\/p>\n\n\n\n<p class=\"wp-block-paragraph\">Die wirksamste Propaganda erfindet gew\u00f6hnlich nicht alles.<\/p>\n\n\n\n<p class=\"wp-block-paragraph\">Sie nimmt:<\/p>\n\n\n\n<ul class=\"wp-block-list\">\n<li>eine reale Tatsache;<\/li>\n\n\n\n<li>trennt sie von ihrem Kontext;<\/li>\n\n\n\n<li>verallgemeinert sie;<\/li>\n\n\n\n<li>vergr\u00f6\u00dfert ihr Ausma\u00df;<\/li>\n\n\n\n<li>entfernt widersprechende Elemente;<\/li>\n\n\n\n<li>f\u00fcgt emotional besonders starke Bilder hinzu;<\/li>\n\n\n\n<li>und verwandelt schlie\u00dflich einen einzelnen Vorfall in eine universelle Beschreibung.<\/li>\n<\/ul>\n\n\n\n<p class=\"wp-block-paragraph\">Das geschah wiederholt mit der Inquisition.<\/p>\n\n\n\n<p class=\"wp-block-paragraph\">Ein realer Fall wird zu:<\/p>\n\n\n\n<p class=\"wp-block-paragraph\"><strong>\u201eDie Kirche hat das immer getan.\u201c<\/strong><\/p>\n\n\n\n<p class=\"wp-block-paragraph\">Ein bestimmtes Gericht wird zu:<\/p>\n\n\n\n<p class=\"wp-block-paragraph\"><strong>\u201eAlle Katholiken waren so.\u201c<\/strong><\/p>\n\n\n\n<p class=\"wp-block-paragraph\">Eine Verurteilung wird zu:<\/p>\n\n\n\n<p class=\"wp-block-paragraph\"><strong>\u201eDie Kirche lehrte, dass jeder get\u00f6tet werden m\u00fcsse, der nicht mit ihr \u00fcbereinstimmt.\u201c<\/strong><\/p>\n\n\n\n<p class=\"wp-block-paragraph\">Eine \u00fcbertriebene Zahl wird zu:<\/p>\n\n\n\n<p class=\"wp-block-paragraph\"><strong>\u201eMillionen Menschen wurden verbrannt.\u201c<\/strong><\/p>\n\n\n\n<p class=\"wp-block-paragraph\">Der Mechanismus ist einfach.<\/p>\n\n\n\n<p class=\"wp-block-paragraph\">Und erstaunlich zeitgem\u00e4\u00df.<\/p>\n\n\n\n<hr class=\"wp-block-separator has-alpha-channel-opacity\"\/>\n\n\n\n<h1 class=\"wp-block-heading\">14. Die Schwarze Legende ist nicht nur ein Problem der Vergangenheit<\/h1>\n\n\n\n<p class=\"wp-block-paragraph\">Heute brauchen wir keine gedruckten Pamphlete mehr, um eine Legende zu konstruieren.<\/p>\n\n\n\n<p class=\"wp-block-paragraph\">Wir haben soziale Netzwerke.<\/p>\n\n\n\n<p class=\"wp-block-paragraph\">Wir haben kurze Videos.<\/p>\n\n\n\n<p class=\"wp-block-paragraph\">Wir haben \u00dcberschriften.<\/p>\n\n\n\n<p class=\"wp-block-paragraph\">Wir haben Algorithmen.<\/p>\n\n\n\n<p class=\"wp-block-paragraph\">Wir haben digital erzeugte oder manipulierte Bilder.<\/p>\n\n\n\n<p class=\"wp-block-paragraph\">Wir haben Ausschnitte aus Dokumentationen, denen der Kontext fehlt.<\/p>\n\n\n\n<p class=\"wp-block-paragraph\">Wir haben virale Beitr\u00e4ge, die f\u00fcnfhundert Jahre Geschichte in drei S\u00e4tzen zusammenfassen.<\/p>\n\n\n\n<p class=\"wp-block-paragraph\">Die Logik ist genau dieselbe.<\/p>\n\n\n\n<p class=\"wp-block-paragraph\">Ein Nutzer ver\u00f6ffentlicht:<\/p>\n\n\n\n<blockquote class=\"wp-block-quote is-layout-flow wp-block-quote-is-layout-flow\">\n<p class=\"wp-block-paragraph\">\u201eDie Kirche hat w\u00e4hrend der Inquisition Millionen Menschen verbrannt.\u201c<\/p>\n<\/blockquote>\n\n\n\n<p class=\"wp-block-paragraph\">Tausende Menschen teilen es.<\/p>\n\n\n\n<p class=\"wp-block-paragraph\">Die Zahl wirkt beeindruckend.<\/p>\n\n\n\n<p class=\"wp-block-paragraph\">Das Bild l\u00f6st Emp\u00f6rung aus.<\/p>\n\n\n\n<p class=\"wp-block-paragraph\">Und der Algorithmus belohnt die Emotion.<\/p>\n\n\n\n<p class=\"wp-block-paragraph\">Aber niemand fragt:<\/p>\n\n\n\n<p class=\"wp-block-paragraph\"><strong>Was ist die Quelle?<\/strong><\/p>\n\n\n\n<p class=\"wp-block-paragraph\"><strong>Von welchem Zeitraum sprechen wir?<\/strong><\/p>\n\n\n\n<p class=\"wp-block-paragraph\"><strong>Welches Gericht?<\/strong><\/p>\n\n\n\n<p class=\"wp-block-paragraph\"><strong>Welche Region?<\/strong><\/p>\n\n\n\n<p class=\"wp-block-paragraph\"><strong>Welche Dokumentation?<\/strong><\/p>\n\n\n\n<p class=\"wp-block-paragraph\"><strong>Welche Historiker haben diese Zahl berechnet?<\/strong><\/p>\n\n\n\n<p class=\"wp-block-paragraph\"><strong>Geht es um Verurteilungen oder Hinrichtungen?<\/strong><\/p>\n\n\n\n<p class=\"wp-block-paragraph\"><strong>Werden weltliche und kirchliche Gerichte miteinander vermischt?<\/strong><\/p>\n\n\n\n<p class=\"wp-block-paragraph\">Historische Bildung wird dadurch zu einer Form intellektuellen Widerstands.<\/p>\n\n\n\n<hr class=\"wp-block-separator has-alpha-channel-opacity\"\/>\n\n\n\n<h1 class=\"wp-block-heading\">15. Ein Katholik darf keine Angst davor haben, die S\u00fcnden von Katholiken anzuerkennen<\/h1>\n\n\n\n<p class=\"wp-block-paragraph\">Hier gelangen wir zum Kern des geistlichen Problems.<\/p>\n\n\n\n<p class=\"wp-block-paragraph\">Ein Katholik kann versucht sein zu denken:<\/p>\n\n\n\n<p class=\"wp-block-paragraph\">\u201eWenn ich zugebe, dass es Missbr\u00e4uche gab, liefere ich Argumente gegen die Kirche.\u201c<\/p>\n\n\n\n<p class=\"wp-block-paragraph\">Nein.<\/p>\n\n\n\n<p class=\"wp-block-paragraph\">Wenn Missbr\u00e4uche stattgefunden haben und wir sie anerkennen, tun wir etwas, das viel christlicher ist:<\/p>\n\n\n\n<p class=\"wp-block-paragraph\"><strong>Wir sagen die Wahrheit.<\/strong><\/p>\n\n\n\n<p class=\"wp-block-paragraph\">Die Kirche wird nicht deshalb getragen, weil alle ihre Mitglieder vollkommen gewesen w\u00e4ren.<\/p>\n\n\n\n<p class=\"wp-block-paragraph\">Wenn dies die Voraussetzung w\u00e4re, w\u00e4re die Kirche bereits im ersten Jahrhundert verschwunden.<\/p>\n\n\n\n<p class=\"wp-block-paragraph\">Petrus verleugnete Christus.<\/p>\n\n\n\n<p class=\"wp-block-paragraph\">Judas verriet Ihn.<\/p>\n\n\n\n<p class=\"wp-block-paragraph\">Die Apostel stritten dar\u00fcber, wer von ihnen der Gr\u00f6\u00dfte sei.<\/p>\n\n\n\n<p class=\"wp-block-paragraph\">Die Korinther begingen schwere Verfehlungen.<\/p>\n\n\n\n<p class=\"wp-block-paragraph\">Die Galater gerieten in Lehrirrt\u00fcmer.<\/p>\n\n\n\n<p class=\"wp-block-paragraph\">Die Geschichte der Kirche ist voller Heiliger, aber auch voller S\u00fcnder.<\/p>\n\n\n\n<p class=\"wp-block-paragraph\">Das ist keine Widerlegung der Kirche.<\/p>\n\n\n\n<p class=\"wp-block-paragraph\">Es ist gerade das, was man von einer Gemeinschaft erwarten k\u00f6nnte, die aus Menschen besteht, die der Erl\u00f6sung bed\u00fcrfen.<\/p>\n\n\n\n<hr class=\"wp-block-separator has-alpha-channel-opacity\"\/>\n\n\n\n<h1 class=\"wp-block-heading\">16. Die Heiligkeit der Kirche bedeutet nicht die Abwesenheit von S\u00fcnde bei ihren Mitgliedern<\/h1>\n\n\n\n<p class=\"wp-block-paragraph\">Die katholische Theologie unterscheidet sorgf\u00e4ltig zwischen der Heiligkeit der Kirche und der vollkommenen moralischen Heiligkeit all ihrer Mitglieder.<\/p>\n\n\n\n<p class=\"wp-block-paragraph\">Die Kirche ist heilig, weil:<\/p>\n\n\n\n<ul class=\"wp-block-list\">\n<li>Christus ihr Haupt ist;<\/li>\n\n\n\n<li>der Heilige Geist ihr Leben schenkt;<\/li>\n\n\n\n<li>sie die F\u00fclle der Heilsmittel besitzt;<\/li>\n\n\n\n<li>sie das Glaubensgut unversehrt bewahrt;<\/li>\n\n\n\n<li>sie die Sakramente feiert;<\/li>\n\n\n\n<li>sie die offenbarte Wahrheit verk\u00fcndet;<\/li>\n\n\n\n<li>und sie berufen ist, die Menschen zu Gott zu f\u00fchren.<\/li>\n<\/ul>\n\n\n\n<p class=\"wp-block-paragraph\">Das bedeutet jedoch nicht, dass jedes Mitglied der Kirche immer heilig handelt.<\/p>\n\n\n\n<p class=\"wp-block-paragraph\">Die Geschichte zeigt genau das Gegenteil.<\/p>\n\n\n\n<p class=\"wp-block-paragraph\">Wenn daher jemand sagt:<\/p>\n\n\n\n<p class=\"wp-block-paragraph\">\u201eEin Inquisitor hat etwas Ungerechtes getan; also ist die katholische Lehre falsch\u201c,<\/p>\n\n\n\n<p class=\"wp-block-paragraph\">begeht er einen logischen Sprung.<\/p>\n\n\n\n<p class=\"wp-block-paragraph\">Das s\u00fcndhafte Verhalten eines Christen beweist nicht die Unwahrheit des Christentums.<\/p>\n\n\n\n<p class=\"wp-block-paragraph\">Ebenso beweist die Korruption eines Arztes nicht, dass die Medizin falsch ist.<\/p>\n\n\n\n<p class=\"wp-block-paragraph\">Die Korruption eines Richters beweist nicht, dass es keine Gerechtigkeit gibt.<\/p>\n\n\n\n<hr class=\"wp-block-separator has-alpha-channel-opacity\"\/>\n\n\n\n<h1 class=\"wp-block-heading\">17. Die Kirche selbst hat ein kritisches Bewusstsein f\u00fcr ihre Geschichte entwickelt<\/h1>\n\n\n\n<p class=\"wp-block-paragraph\">Die Kirche lehrt nicht, dass jedes historische Verhalten ihrer Mitglieder untadelig gewesen sei.<\/p>\n\n\n\n<p class=\"wp-block-paragraph\">Im Gegenteil.<\/p>\n\n\n\n<p class=\"wp-block-paragraph\">Zu verschiedenen Zeitpunkten der Geschichte hat die Kirche selbst um Vergebung f\u00fcr die S\u00fcnden gebeten, die ihre Kinder begangen haben.<\/p>\n\n\n\n<p class=\"wp-block-paragraph\">Das steht tief im Einklang mit dem Christentum.<\/p>\n\n\n\n<p class=\"wp-block-paragraph\">Das Christentum braucht keine perfekte historische Erinnerung.<\/p>\n\n\n\n<p class=\"wp-block-paragraph\">Es braucht eine wahre Erinnerung.<\/p>\n\n\n\n<p class=\"wp-block-paragraph\">Das Evangelium stellt die J\u00fcnger nicht als makellose Helden dar.<\/p>\n\n\n\n<p class=\"wp-block-paragraph\">Es stellt sie als Menschen dar, die durch die Gnade verwandelt wurden.<\/p>\n\n\n\n<p class=\"wp-block-paragraph\">Die Kirche sagt nicht:<\/p>\n\n\n\n<p class=\"wp-block-paragraph\"><strong>\u201eWir haben niemals ges\u00fcndigt.\u201c<\/strong><\/p>\n\n\n\n<p class=\"wp-block-paragraph\">Sie sagt im Wesentlichen:<\/p>\n\n\n\n<p class=\"wp-block-paragraph\"><strong>\u201eChristus ist heilig, und wir m\u00fcssen uns st\u00e4ndig zu Ihm bekehren.\u201c<\/strong><\/p>\n\n\n\n<hr class=\"wp-block-separator has-alpha-channel-opacity\"\/>\n\n\n\n<h1 class=\"wp-block-heading\">18. Bedeutet das, dass die Kirche theologisch falsch lag, als sie die H\u00e4resie bek\u00e4mpfte?<\/h1>\n\n\n\n<p class=\"wp-block-paragraph\">Hier m\u00fcssen wir mehrere Fragen unterscheiden.<\/p>\n\n\n\n<p class=\"wp-block-paragraph\">Die Kirche hat die Pflicht, die offenbarte Wahrheit zu bewahren.<\/p>\n\n\n\n<p class=\"wp-block-paragraph\">Der heilige Paulus warnt mit gro\u00dfer Strenge:<\/p>\n\n\n\n<blockquote class=\"wp-block-quote is-layout-flow wp-block-quote-is-layout-flow\">\n<p class=\"wp-block-paragraph\">\u201eWenn aber auch wir oder ein Engel vom Himmel euch ein anderes Evangelium verk\u00fcndigte, als wir euch verk\u00fcndigt haben: Er sei verflucht!\u201c (Gal 1,8).<\/p>\n<\/blockquote>\n\n\n\n<p class=\"wp-block-paragraph\">Die katholische Lehre \u00fcber die religi\u00f6se Wahrheit behauptet nicht, dass alle Religionen gleicherma\u00dfen wahr seien.<\/p>\n\n\n\n<p class=\"wp-block-paragraph\">Die Kirche bekennt, dass es eine objektive Wahrheit \u00fcber Gott und das Heil gibt.<\/p>\n\n\n\n<p class=\"wp-block-paragraph\">Daher gilt:<\/p>\n\n\n\n<p class=\"wp-block-paragraph\"><strong>Die Verteidigung der Lehre gegen die H\u00e4resie ist an sich nicht gegen das Evangelium gerichtet.<\/strong><\/p>\n\n\n\n<p class=\"wp-block-paragraph\">Die problematische Frage entsteht, wenn wir unterscheiden zwischen:<\/p>\n\n\n\n<ol start=\"1\" class=\"wp-block-list\">\n<li>der Verteidigung der Wahrheit;<\/li>\n\n\n\n<li>der \u00dcberzeugung durch Verk\u00fcndigung;<\/li>\n\n\n\n<li>der pastoralen Korrektur;<\/li>\n\n\n\n<li>der Festlegung rechtlicher Konsequenzen;<\/li>\n\n\n\n<li>dem Einsatz weltlicher Zwangsmittel;<\/li>\n\n\n\n<li>der Anwendung bestimmter Strafen.<\/li>\n<\/ol>\n\n\n\n<p class=\"wp-block-paragraph\">Diese Wirklichkeiten sind nicht genau dasselbe.<\/p>\n\n\n\n<hr class=\"wp-block-separator has-alpha-channel-opacity\"\/>\n\n\n\n<h1 class=\"wp-block-heading\">19. Die Wahrheit braucht keine Gewalt, um wahr zu sein<\/h1>\n\n\n\n<p class=\"wp-block-paragraph\">Dies ist ein pastorales Prinzip von au\u00dferordentlicher Bedeutung.<\/p>\n\n\n\n<p class=\"wp-block-paragraph\">Der christliche Glaube wird dem Verstand und dem Herzen angeboten.<\/p>\n\n\n\n<p class=\"wp-block-paragraph\">Wir k\u00f6nnen keinen echten Glauben durch Gewalt hervorbringen.<\/p>\n\n\n\n<p class=\"wp-block-paragraph\">Wir k\u00f6nnen einen Menschen \u00e4u\u00dferlich dazu zwingen, eine Handlung auszuf\u00fchren.<\/p>\n\n\n\n<p class=\"wp-block-paragraph\">Wir k\u00f6nnen ihn nicht dazu zwingen, innerlich zu glauben.<\/p>\n\n\n\n<p class=\"wp-block-paragraph\">Wir k\u00f6nnen drohen.<\/p>\n\n\n\n<p class=\"wp-block-paragraph\">Wir k\u00f6nnen bestrafen.<\/p>\n\n\n\n<p class=\"wp-block-paragraph\">Wir k\u00f6nnen \u00e4u\u00dfere Anpassung erzeugen.<\/p>\n\n\n\n<p class=\"wp-block-paragraph\">Aber nur Gnade und Wahrheit k\u00f6nnen das Herz verwandeln.<\/p>\n\n\n\n<p class=\"wp-block-paragraph\">Unser Herr machte aus den Aposteln keine religi\u00f6se Polizei.<\/p>\n\n\n\n<p class=\"wp-block-paragraph\">Er sandte sie, um das Evangelium zu verk\u00fcnden.<\/p>\n\n\n\n<blockquote class=\"wp-block-quote is-layout-flow wp-block-quote-is-layout-flow\">\n<p class=\"wp-block-paragraph\">\u201eDarum geht hin und macht alle V\u00f6lker zu J\u00fcngern\u201c (Mt 28,19).<\/p>\n<\/blockquote>\n\n\n\n<p class=\"wp-block-paragraph\">Die christliche Evangelisierung hat die Bekehrung zum Mittelpunkt.<\/p>\n\n\n\n<p class=\"wp-block-paragraph\">Und echte Bekehrung setzt Freiheit voraus.<\/p>\n\n\n\n<hr class=\"wp-block-separator has-alpha-channel-opacity\"\/>\n\n\n\n<h1 class=\"wp-block-heading\">20. Aber Religionsfreiheit bedeutet nicht Relativismus<\/h1>\n\n\n\n<p class=\"wp-block-paragraph\">Hier m\u00fcssen wir ein weiteres modernes Extrem vermeiden.<\/p>\n\n\n\n<p class=\"wp-block-paragraph\">Die W\u00fcrde des Gewissens anzuerkennen bedeutet nicht zu behaupten, dass alle Religionen gleicherma\u00dfen wahr seien.<\/p>\n\n\n\n<p class=\"wp-block-paragraph\">Die Kirche h\u00e4lt gleichzeitig an zwei Wirklichkeiten fest:<\/p>\n\n\n\n<p class=\"wp-block-paragraph\"><strong>Die Wahrheit existiert<\/strong>, und<\/p>\n\n\n\n<p class=\"wp-block-paragraph\"><strong>die menschliche Person besitzt eine W\u00fcrde, die respektiert werden muss.<\/strong><\/p>\n\n\n\n<p class=\"wp-block-paragraph\">Wir d\u00fcrfen Wahrheit und W\u00fcrde nicht gegeneinander ausspielen.<\/p>\n\n\n\n<p class=\"wp-block-paragraph\">Beides geh\u00f6rt zur christlichen Anthropologie.<\/p>\n\n\n\n<p class=\"wp-block-paragraph\">Freiheit bedeutet nicht, moralisch das Recht zu haben, den Irrtum in Wahrheit zu verwandeln.<\/p>\n\n\n\n<p class=\"wp-block-paragraph\">Sie bedeutet, dass ein Mensch im religi\u00f6sen Bereich nicht ungerecht gezwungen werden darf.<\/p>\n\n\n\n<p class=\"wp-block-paragraph\">Das Gewissen muss durch die Wahrheit gebildet werden.<\/p>\n\n\n\n<p class=\"wp-block-paragraph\">Daher besteht echte Freiheit nicht einfach in der Aussage:<\/p>\n\n\n\n<p class=\"wp-block-paragraph\">\u201eIch glaube, was ich will.\u201c<\/p>\n\n\n\n<p class=\"wp-block-paragraph\">Sie besteht darin, sich ohne ungerechten Zwang dem Guten und der Wahrheit anschlie\u00dfen zu k\u00f6nnen.<\/p>\n\n\n\n<hr class=\"wp-block-separator has-alpha-channel-opacity\"\/>\n\n\n\n<h1 class=\"wp-block-heading\">21. Der gro\u00dfe Unterschied zwischen Kirche und moderner Mentalit\u00e4t<\/h1>\n\n\n\n<p class=\"wp-block-paragraph\">Paradoxerweise k\u00f6nnen sowohl die Inquisition als auch die moderne Gesellschaft denselben Fehler aus zwei entgegengesetzten Extremen heraus begehen.<\/p>\n\n\n\n<p class=\"wp-block-paragraph\">Die vormoderne Gesellschaft konnte in die Versuchung geraten zu denken:<\/p>\n\n\n\n<p class=\"wp-block-paragraph\"><strong>\u201eReligi\u00f6se Einheit muss \u00e4u\u00dferlich erzwungen werden.\u201c<\/strong><\/p>\n\n\n\n<p class=\"wp-block-paragraph\">Die moderne Gesellschaft kann in ein anderes Extrem fallen:<\/p>\n\n\n\n<p class=\"wp-block-paragraph\"><strong>\u201eEs gibt keine objektive religi\u00f6se Wahrheit; alles ist nur eine private Vorliebe.\u201c<\/strong><\/p>\n\n\n\n<p class=\"wp-block-paragraph\">Das Christentum lehnt beide Verk\u00fcrzungen ab.<\/p>\n\n\n\n<p class=\"wp-block-paragraph\">Religi\u00f6se Wahrheit ist objektiv.<\/p>\n\n\n\n<p class=\"wp-block-paragraph\">Aber der Glaube muss frei sein.<\/p>\n\n\n\n<p class=\"wp-block-paragraph\">Der Mensch braucht eine innere Bekehrung.<\/p>\n\n\n\n<p class=\"wp-block-paragraph\">Und Evangelisierung kann nicht auf Zwang reduziert werden.<\/p>\n\n\n\n<hr class=\"wp-block-separator has-alpha-channel-opacity\"\/>\n\n\n\n<h1 class=\"wp-block-heading\">22. Wir d\u00fcrfen lehrm\u00e4\u00dfige Verteidigung nicht mit willk\u00fcrlicher Verfolgung verwechseln<\/h1>\n\n\n\n<p class=\"wp-block-paragraph\">Ein weiteres h\u00e4ufiges Argument gegen den Katholizismus lautet:<\/p>\n\n\n\n<p class=\"wp-block-paragraph\">\u201eWenn die Kirche H\u00e4resie verurteilte, dann duldete sie keinerlei Gedankenfreiheit.\u201c<\/p>\n\n\n\n<p class=\"wp-block-paragraph\">Das bedarf einer Differenzierung.<\/p>\n\n\n\n<p class=\"wp-block-paragraph\">Die Kirche hat immer gelehrt, dass es Wahrheiten gibt, die nicht verhandelbar sind.<\/p>\n\n\n\n<p class=\"wp-block-paragraph\">Das ist nicht ausschlie\u00dflich ein religi\u00f6ses Ph\u00e4nomen.<\/p>\n\n\n\n<p class=\"wp-block-paragraph\">Auch die Wissenschaft stellt fest, dass bestimmte Aussagen falsch sind.<\/p>\n\n\n\n<p class=\"wp-block-paragraph\">Auch das Recht bestimmt, dass bestimmte Handlungen illegal sind.<\/p>\n\n\n\n<p class=\"wp-block-paragraph\">Auch eine Universit\u00e4t kann bestimmte Argumente als unbegr\u00fcndet betrachten.<\/p>\n\n\n\n<p class=\"wp-block-paragraph\">Jede Gesellschaft verf\u00fcgt \u00fcber Mechanismen, um zwischen Wahrheit und Irrtum zu unterscheiden.<\/p>\n\n\n\n<p class=\"wp-block-paragraph\">Das Problem entsteht, wenn die Verteidigung der Wahrheit zu einem Machtmissbrauch wird.<\/p>\n\n\n\n<p class=\"wp-block-paragraph\">Die Kirche muss daher sorgf\u00e4ltig unterscheiden zwischen:<\/p>\n\n\n\n<p class=\"wp-block-paragraph\"><strong>legitimer lehrm\u00e4\u00dfiger Autorit\u00e4t<\/strong><\/p>\n\n\n\n<p class=\"wp-block-paragraph\">und<\/p>\n\n\n\n<p class=\"wp-block-paragraph\"><strong>ungerechter Zwangsaus\u00fcbung.<\/strong><\/p>\n\n\n\n<hr class=\"wp-block-separator has-alpha-channel-opacity\"\/>\n\n\n\n<h1 class=\"wp-block-heading\">23. Die Inquisition muss auch aus der Geschichte des Rechts heraus untersucht werden<\/h1>\n\n\n\n<p class=\"wp-block-paragraph\">Ein Aspekt, der in popul\u00e4ren Darstellungen h\u00e4ufig verschwindet, ist, dass inquisitorische Verfahren Teil der historischen Entwicklung des europ\u00e4ischen Rechts waren.<\/p>\n\n\n\n<p class=\"wp-block-paragraph\">Inquisitorische Gerichte trugen in bestimmten Zusammenh\u00e4ngen zur Entwicklung systematischerer Untersuchungsverfahren bei.<\/p>\n\n\n\n<p class=\"wp-block-paragraph\">Das bedeutet nicht, sie zu idealisieren.<\/p>\n\n\n\n<p class=\"wp-block-paragraph\">Aber es bedeutet, sie in die Entwicklung der Rechtsinstitutionen einzuordnen.<\/p>\n\n\n\n<p class=\"wp-block-paragraph\">Das mittelalterliche Recht bewegte sich schrittweise von Modellen, in denen Anschuldigungen stark von privaten Parteien und bestimmten rituellen Beweisformen abhingen, hin zu st\u00e4rker strukturierten Untersuchungssystemen.<\/p>\n\n\n\n<p class=\"wp-block-paragraph\">Die <em>inquisitio<\/em> war Teil dieser Entwicklung.<\/p>\n\n\n\n<p class=\"wp-block-paragraph\">Das ist wesentlich interessanter als die Karikatur von \u201ePriestern, die nach Opfern suchen\u201c.<\/p>\n\n\n\n<hr class=\"wp-block-separator has-alpha-channel-opacity\"\/>\n\n\n\n<h1 class=\"wp-block-heading\">24. War die Inquisition ausschlie\u00dflich ein religi\u00f6ses Gericht?<\/h1>\n\n\n\n<p class=\"wp-block-paragraph\">Nicht genau.<\/p>\n\n\n\n<p class=\"wp-block-paragraph\">Sie war hinsichtlich ihres Ziels und ihrer Zust\u00e4ndigkeit eine religi\u00f6se Institution, funktionierte jedoch innerhalb konkreter politischer Gesellschaften.<\/p>\n\n\n\n<p class=\"wp-block-paragraph\">In bestimmten Gebieten, insbesondere in der fr\u00fchen Neuzeit, \u00fcbte die k\u00f6nigliche Autorit\u00e4t erheblichen Einfluss auf bestimmte Gerichte aus.<\/p>\n\n\n\n<p class=\"wp-block-paragraph\">Die Spanische Inquisition ist daf\u00fcr ein besonders wichtiges Beispiel.<\/p>\n\n\n\n<p class=\"wp-block-paragraph\">Daher w\u00e4re es falsch, jede politische Entscheidung einer katholischen Monarchie direkt der katholischen Lehre zuzuschreiben.<\/p>\n\n\n\n<p class=\"wp-block-paragraph\">Monarchen hatten politische Interessen.<\/p>\n\n\n\n<p class=\"wp-block-paragraph\">Beamte hatten pers\u00f6nliche Interessen.<\/p>\n\n\n\n<p class=\"wp-block-paragraph\">Gerichte konnten Fehler machen.<\/p>\n\n\n\n<p class=\"wp-block-paragraph\">Inquisitoren konnten umsichtig oder hart handeln.<\/p>\n\n\n\n<p class=\"wp-block-paragraph\">Kirche, Krone und Gesellschaft waren keine ununterscheidbare Einheit.<\/p>\n\n\n\n<hr class=\"wp-block-separator has-alpha-channel-opacity\"\/>\n\n\n\n<h1 class=\"wp-block-heading\">25. Die Spanische Inquisition und die Macht der Krone<\/h1>\n\n\n\n<p class=\"wp-block-paragraph\">Die Spanische Inquisition unterhielt eine besonders enge Beziehung zur Monarchie.<\/p>\n\n\n\n<p class=\"wp-block-paragraph\">Die Ernennung des Gro\u00dfinquisitors und die Struktur des Gerichts zeigen diese Verbindung.<\/p>\n\n\n\n<p class=\"wp-block-paragraph\">Das hat einige Historiker dazu gef\u00fchrt, sie als eine kirchliche Institution zu beschreiben, die tief in die Struktur der hispanischen Monarchie integriert war.<\/p>\n\n\n\n<p class=\"wp-block-paragraph\">Daher w\u00e4re es falsch, jede politische Entscheidung der Krone direkt der katholischen Lehre zuzuschreiben.<\/p>\n\n\n\n<p class=\"wp-block-paragraph\">Monarchen hatten politische Interessen.<\/p>\n\n\n\n<p class=\"wp-block-paragraph\">Beamte hatten pers\u00f6nliche Interessen.<\/p>\n\n\n\n<p class=\"wp-block-paragraph\">Gerichte konnten Fehler machen.<\/p>\n\n\n\n<p class=\"wp-block-paragraph\">Inquisitoren konnten umsichtig oder hart handeln.<\/p>\n\n\n\n<p class=\"wp-block-paragraph\">Kirche, Krone und Gesellschaft waren keine ununterscheidbare Einheit.<\/p>\n\n\n\n<hr class=\"wp-block-separator has-alpha-channel-opacity\"\/>\n\n\n\n<h1 class=\"wp-block-heading\">26. Die <em>Autos de Fe<\/em>: Ein weiteres Bild, das kontextualisiert werden muss<\/h1>\n\n\n\n<p class=\"wp-block-paragraph\">Der Ausdruck <strong>Auto de Fe<\/strong> ruft bei vielen Menschen sofort das Bild eines Scheiterhaufens hervor.<\/p>\n\n\n\n<p class=\"wp-block-paragraph\">Ein <em>Auto de Fe<\/em> war jedoch grunds\u00e4tzlich <strong>ein \u00f6ffentlicher Akt, bei dem Urteile verk\u00fcndet wurden und eine Bu\u00df- und Vers\u00f6hnungshandlung stattfand<\/strong>.<\/p>\n\n\n\n<p class=\"wp-block-paragraph\">Er war nicht gleichbedeutend mit einer Hinrichtung.<\/p>\n\n\n\n<p class=\"wp-block-paragraph\">Manche Verurteilte konnten geistliche oder rechtliche Strafen erhalten, ohne hingerichtet zu werden.<\/p>\n\n\n\n<p class=\"wp-block-paragraph\">Wenn die Todesstrafe verh\u00e4ngt wurde, erfolgte die Hinrichtung durch die weltliche Obrigkeit.<\/p>\n\n\n\n<p class=\"wp-block-paragraph\">Daher:<\/p>\n\n\n\n<p class=\"wp-block-paragraph\"><strong>Auto de Fe \u2260 automatische Hinrichtung.<\/strong><\/p>\n\n\n\n<p class=\"wp-block-paragraph\">Die Vermischung dieser beiden Wirklichkeiten hat erheblich zum popul\u00e4ren Bild der Inquisition beigetragen.<\/p>\n\n\n\n<hr class=\"wp-block-separator has-alpha-channel-opacity\"\/>\n\n\n\n<h1 class=\"wp-block-heading\">27. Mit Zahlen muss \u00e4u\u00dferst vorsichtig umgegangen werden<\/h1>\n\n\n\n<p class=\"wp-block-paragraph\">Eine der grundlegenden Regeln seri\u00f6ser Geschichtsschreibung lautet:<\/p>\n\n\n\n<p class=\"wp-block-paragraph\"><strong>Je spektakul\u00e4rer eine historische Zahl ist, desto genauer m\u00fcssen wir wissen, woher sie stammt.<\/strong><\/p>\n\n\n\n<p class=\"wp-block-paragraph\">Wer hat sie berechnet?<\/p>\n\n\n\n<p class=\"wp-block-paragraph\">Auf Grundlage welcher Dokumente?<\/p>\n\n\n\n<p class=\"wp-block-paragraph\">F\u00fcr welchen Zeitraum?<\/p>\n\n\n\n<p class=\"wp-block-paragraph\">F\u00fcr welches Gebiet?<\/p>\n\n\n\n<p class=\"wp-block-paragraph\">Handelt es sich um Verurteilungen?<\/p>\n\n\n\n<p class=\"wp-block-paragraph\">Handelt es sich um Hinrichtungen?<\/p>\n\n\n\n<p class=\"wp-block-paragraph\">Enth\u00e4lt sie aufgehobene Urteile?<\/p>\n\n\n\n<p class=\"wp-block-paragraph\">Enth\u00e4lt sie weltliche Gerichte?<\/p>\n\n\n\n<p class=\"wp-block-paragraph\">Handelt es sich um eine Sch\u00e4tzung oder um eine dokumentierte Zahl?<\/p>\n\n\n\n<p class=\"wp-block-paragraph\">Diese Fragen sind im Fall der Inquisition besonders wichtig.<\/p>\n\n\n\n<p class=\"wp-block-paragraph\">Archivforschungen der vergangenen Jahrhunderte haben es erm\u00f6glicht, zahlreiche \u00dcbertreibungen zu korrigieren.<\/p>\n\n\n\n<p class=\"wp-block-paragraph\">Aber die Korrektur von \u00dcbertreibungen bedeutet nicht, die Inquisition in eine perfekte Institution zu verwandeln.<\/p>\n\n\n\n<p class=\"wp-block-paragraph\">Es bedeutet lediglich, dass <strong>Geschichte auf Dokumenten beruhen muss und nicht auf Zahlen, die dazu bestimmt sind, Emp\u00f6rung hervorzurufen.<\/strong><\/p>\n\n\n\n<hr class=\"wp-block-separator has-alpha-channel-opacity\"\/>\n\n\n\n<h1 class=\"wp-block-heading\">28. Warum ist die Inquisition noch immer so n\u00fctzlich, um die Kirche anzugreifen?<\/h1>\n\n\n\n<p class=\"wp-block-paragraph\">Weil sie als Symbol funktioniert.<\/p>\n\n\n\n<p class=\"wp-block-paragraph\">Man muss ihre Geschichte nicht kennen.<\/p>\n\n\n\n<p class=\"wp-block-paragraph\">Es gen\u00fcgt, das Wort auszusprechen.<\/p>\n\n\n\n<p class=\"wp-block-paragraph\">\u201eInquisition.\u201c<\/p>\n\n\n\n<p class=\"wp-block-paragraph\">Und viele Menschen vervollst\u00e4ndigen den Rest in Gedanken.<\/p>\n\n\n\n<p class=\"wp-block-paragraph\">Dasselbe geschieht mit bestimmten Bildern des Mittelalters.<\/p>\n\n\n\n<p class=\"wp-block-paragraph\">\u201eMittelalter\u201c wird zu:<\/p>\n\n\n\n<ul class=\"wp-block-list\">\n<li>Unwissenheit;<\/li>\n\n\n\n<li>Dunkelheit;<\/li>\n\n\n\n<li>Fanatismus;<\/li>\n\n\n\n<li>Aberglaube;<\/li>\n\n\n\n<li>R\u00fcckst\u00e4ndigkeit.<\/li>\n<\/ul>\n\n\n\n<p class=\"wp-block-paragraph\">Aber das Mittelalter brachte Universit\u00e4ten, Kathedralen, Krankenh\u00e4user, Rechtssysteme, Musik, Kunst, Literatur, wissenschaftliche Forschung und eine au\u00dfergew\u00f6hnliche intellektuelle Entwicklung hervor.<\/p>\n\n\n\n<p class=\"wp-block-paragraph\">Thomas von Aquin ist nicht das Produkt einer intellektuell toten Zivilisation.<\/p>\n\n\n\n<p class=\"wp-block-paragraph\">Die mittelalterlichen Universit\u00e4ten ebenfalls nicht.<\/p>\n\n\n\n<p class=\"wp-block-paragraph\">Diese Welt auf \u201ereligi\u00f6sen Fanatismus\u201c zu reduzieren, ist historisch nicht haltbar.<\/p>\n\n\n\n<hr class=\"wp-block-separator has-alpha-channel-opacity\"\/>\n\n\n\n<h1 class=\"wp-block-heading\">29. Die mittelalterliche Kirche war auch eine intellektuelle Institution<\/h1>\n\n\n\n<p class=\"wp-block-paragraph\">Dieser Punkt ist besonders wichtig.<\/p>\n\n\n\n<p class=\"wp-block-paragraph\">Dieselbe Zivilisation, die die Inquisition hervorbrachte, brachte auch hervor:<\/p>\n\n\n\n<ul class=\"wp-block-list\">\n<li>den heiligen Anselm;<\/li>\n\n\n\n<li>den heiligen Albertus Magnus;<\/li>\n\n\n\n<li>den heiligen Thomas von Aquin;<\/li>\n\n\n\n<li>den heiligen Bonaventura;<\/li>\n\n\n\n<li>den heiligen Bernhard;<\/li>\n\n\n\n<li>die heilige Hildegard;<\/li>\n\n\n\n<li>und eine gewaltige philosophische, rechtliche und theologische Tradition.<\/li>\n<\/ul>\n\n\n\n<p class=\"wp-block-paragraph\">Die mittelalterlichen Universit\u00e4ten entstanden zu einem gro\u00dfen Teil innerhalb einer christlichen Welt.<\/p>\n\n\n\n<p class=\"wp-block-paragraph\">Die scholastische Theologie entwickelte strenge Methoden der Argumentation.<\/p>\n\n\n\n<p class=\"wp-block-paragraph\">Die aristotelische Philosophie wurde studiert, diskutiert und neu interpretiert.<\/p>\n\n\n\n<p class=\"wp-block-paragraph\">Man diskutierte Fragen \u00fcber:<\/p>\n\n\n\n<ul class=\"wp-block-list\">\n<li>Freiheit;<\/li>\n\n\n\n<li>Gewissen;<\/li>\n\n\n\n<li>Naturrecht;<\/li>\n\n\n\n<li>Gerechtigkeit;<\/li>\n\n\n\n<li>gerechten Krieg;<\/li>\n\n\n\n<li>Autorit\u00e4t;<\/li>\n\n\n\n<li>Menschenw\u00fcrde;<\/li>\n\n\n\n<li>Wirtschaft;<\/li>\n\n\n\n<li>Politik;<\/li>\n\n\n\n<li>Moral.<\/li>\n<\/ul>\n\n\n\n<p class=\"wp-block-paragraph\">Diese Welt auf \u201ereligi\u00f6sen Fanatismus\u201c zu reduzieren, ist historisch unhaltbar.<\/p>\n\n\n\n<hr class=\"wp-block-separator has-alpha-channel-opacity\"\/>\n\n\n\n<h1 class=\"wp-block-heading\">30. Die Kirche war nicht einfach eine Feindin der Vernunft<\/h1>\n\n\n\n<p class=\"wp-block-paragraph\">Die katholische Tradition selbst behauptet, dass Glaube und Vernunft keine Feinde sind.<\/p>\n\n\n\n<p class=\"wp-block-paragraph\">Die Aussage, dass Gott die Wahrheit ist, bedeutet, dass Wahrheit sich nicht selbst widersprechen kann.<\/p>\n\n\n\n<p class=\"wp-block-paragraph\">Deshalb entwickelte die christliche Tradition eine intensive rationale Reflexion \u00fcber den Glauben.<\/p>\n\n\n\n<p class=\"wp-block-paragraph\">Die ber\u00fchmte scholastische Formel <em>fides quaerens intellectum<\/em> \u2013 der Glaube, der nach Verst\u00e4ndnis sucht \u2013 bringt diese Dynamik vollkommen zum Ausdruck.<\/p>\n\n\n\n<p class=\"wp-block-paragraph\">Die Kirche lehrt nicht:<\/p>\n\n\n\n<p class=\"wp-block-paragraph\">\u201eDenkt nicht.\u201c<\/p>\n\n\n\n<p class=\"wp-block-paragraph\">Sie lehrt:<\/p>\n\n\n\n<p class=\"wp-block-paragraph\"><strong>\u201eSucht die Wahrheit.\u201c<\/strong><\/p>\n\n\n\n<p class=\"wp-block-paragraph\">Und gerade deshalb sollte eine wirklich katholische Apologetik keine Angst vor den Archiven haben.<\/p>\n\n\n\n<hr class=\"wp-block-separator has-alpha-channel-opacity\"\/>\n\n\n\n<h1 class=\"wp-block-heading\">31. Das Problem, die Vergangenheit ausschlie\u00dflich nach heutigen Kategorien zu beurteilen<\/h1>\n\n\n\n<p class=\"wp-block-paragraph\">Heute betrachten wir bestimmte Strafen und rechtliche Praktiken als zutiefst problematisch, obwohl sie jahrhundertelang akzeptiert wurden.<\/p>\n\n\n\n<p class=\"wp-block-paragraph\">Das ist normal.<\/p>\n\n\n\n<p class=\"wp-block-paragraph\">Gesellschaften ver\u00e4ndern sich.<\/p>\n\n\n\n<p class=\"wp-block-paragraph\">Das Recht ver\u00e4ndert sich.<\/p>\n\n\n\n<p class=\"wp-block-paragraph\">Das moralische Empfinden ver\u00e4ndert sich.<\/p>\n\n\n\n<p class=\"wp-block-paragraph\">Unser Verst\u00e4ndnis bestimmter Aspekte der Menschenw\u00fcrde kann sich weiterentwickeln.<\/p>\n\n\n\n<p class=\"wp-block-paragraph\">Aber wir m\u00fcssen zwei Fehler vermeiden.<\/p>\n\n\n\n<p class=\"wp-block-paragraph\">Der erste:<\/p>\n\n\n\n<p class=\"wp-block-paragraph\"><strong>\u201eDa wir heute anders denken, waren alle Menschen der Vergangenheit Monster.\u201c<\/strong><\/p>\n\n\n\n<p class=\"wp-block-paragraph\">Der zweite:<\/p>\n\n\n\n<p class=\"wp-block-paragraph\"><strong>\u201eDa diese Praxis damals normal war, konnte sie nicht ungerecht sein.\u201c<\/strong><\/p>\n\n\n\n<p class=\"wp-block-paragraph\">Beides sind Vereinfachungen.<\/p>\n\n\n\n<p class=\"wp-block-paragraph\">Eine Handlung kann legal und gesellschaftlich akzeptiert gewesen sein und dennoch moralisch problematisch.<\/p>\n\n\n\n<p class=\"wp-block-paragraph\">Aber wir m\u00fcssen auch verstehen, dass die Menschen der Vergangenheit innerhalb anderer geistiger Kategorien handelten.<\/p>\n\n\n\n<p class=\"wp-block-paragraph\">Der Historiker muss verstehen.<\/p>\n\n\n\n<p class=\"wp-block-paragraph\">Der Moralist muss urteilen.<\/p>\n\n\n\n<p class=\"wp-block-paragraph\">Und der Theologe muss unterscheiden.<\/p>\n\n\n\n<hr class=\"wp-block-separator has-alpha-channel-opacity\"\/>\n\n\n\n<h1 class=\"wp-block-heading\">32. Kann ein Katholik zugeben, dass im Namen des Glaubens Ungerechtigkeiten begangen wurden?<\/h1>\n\n\n\n<p class=\"wp-block-paragraph\">Ja.<\/p>\n\n\n\n<p class=\"wp-block-paragraph\">Und er sollte es tun.<\/p>\n\n\n\n<p class=\"wp-block-paragraph\">Aber eine wichtige Pr\u00e4zisierung ist notwendig:<\/p>\n\n\n\n<p class=\"wp-block-paragraph\"><strong>\u201eIm Namen des Glaubens\u201c bedeutet nicht notwendigerweise \u201evom Glauben gefordert\u201c.<\/strong><\/p>\n\n\n\n<p class=\"wp-block-paragraph\">Ein Inquisitor konnte Religion benutzen, um eine pers\u00f6nlich ungerechte Entscheidung zu rechtfertigen.<\/p>\n\n\n\n<p class=\"wp-block-paragraph\">Ein Monarch konnte Religion benutzen, um seine Macht zu festigen.<\/p>\n\n\n\n<p class=\"wp-block-paragraph\">Ein Beamter konnte aus wirtschaftlichen Interessen handeln.<\/p>\n\n\n\n<p class=\"wp-block-paragraph\">Ein Priester konnte aus Ehrgeiz handeln.<\/p>\n\n\n\n<p class=\"wp-block-paragraph\">Die Tatsache, dass jemand Gott anruft, bedeutet nicht automatisch, dass seine Handlung dem Willen Gottes entspricht.<\/p>\n\n\n\n<p class=\"wp-block-paragraph\">Unser Herr selbst verurteilte diejenigen, die Religion \u00e4u\u00dferlich benutzten, w\u00e4hrend sie sich innerlich von Gott entfernten.<\/p>\n\n\n\n<hr class=\"wp-block-separator has-alpha-channel-opacity\"\/>\n\n\n\n<h1 class=\"wp-block-heading\">33. Das Evangelium erlaubt uns nicht, Religion und Macht gleichzusetzen<\/h1>\n\n\n\n<p class=\"wp-block-paragraph\">Christus lehnte wiederholt die Logik weltlicher Macht ab.<\/p>\n\n\n\n<p class=\"wp-block-paragraph\">Als seine J\u00fcnger dar\u00fcber stritten, wer der Gr\u00f6\u00dfte sei, lehrte Er sie:<\/p>\n\n\n\n<blockquote class=\"wp-block-quote is-layout-flow wp-block-quote-is-layout-flow\">\n<p class=\"wp-block-paragraph\">\u201eWer bei euch gro\u00df sein will, soll euer Diener sein\u201c (Mt 20,27).<\/p>\n<\/blockquote>\n\n\n\n<p class=\"wp-block-paragraph\">Diese Lehre ist eine dauerhafte Warnung f\u00fcr jede kirchliche Autorit\u00e4t.<\/p>\n\n\n\n<p class=\"wp-block-paragraph\">Religi\u00f6se Autorit\u00e4t ist kein Privileg, mit dem menschliche Ambitionen befriedigt werden d\u00fcrfen.<\/p>\n\n\n\n<p class=\"wp-block-paragraph\">Sie ist eine Verantwortung.<\/p>\n\n\n\n<p class=\"wp-block-paragraph\">Wenn daher eine kirchliche Autorit\u00e4t ihre Macht benutzt, um sich zu r\u00e4chen, sich zu bereichern, zu dem\u00fctigen oder jemanden ungerecht zu verfolgen, erf\u00fcllt sie nicht das Evangelium.<\/p>\n\n\n\n<p class=\"wp-block-paragraph\">Sie verr\u00e4t es.<\/p>\n\n\n\n<hr class=\"wp-block-separator has-alpha-channel-opacity\"\/>\n\n\n\n<h1 class=\"wp-block-heading\">34. Die katholische Apologetik muss beide Extreme aufgeben<\/h1>\n\n\n\n<p class=\"wp-block-paragraph\">Wir k\u00f6nnen zwei sehr h\u00e4ufige Fehler erkennen.<\/p>\n\n\n\n<h3 class=\"wp-block-heading\">Erstes Extrem: Eine von Scham beherrschte Apologetik<\/h3>\n\n\n\n<p class=\"wp-block-paragraph\">Sie sagt:<\/p>\n\n\n\n<p class=\"wp-block-paragraph\">\u201eJa, die Kirche war schrecklich, aber man muss verstehen, dass \u2026\u201c<\/p>\n\n\n\n<p class=\"wp-block-paragraph\">Sie beginnt damit, die gesamte Anschuldigung einzur\u00e4umen, und versucht anschlie\u00dfend, sich zu entschuldigen.<\/p>\n\n\n\n<p class=\"wp-block-paragraph\">Das Ergebnis ist, dass der Katholik immer defensiv erscheint.<\/p>\n\n\n\n<h3 class=\"wp-block-heading\">Zweites Extrem: Propagandistische Apologetik<\/h3>\n\n\n\n<p class=\"wp-block-paragraph\">Sie sagt:<\/p>\n\n\n\n<p class=\"wp-block-paragraph\">\u201eAlles, was \u00fcber die Inquisition gesagt wird, ist eine L\u00fcge.\u201c<\/p>\n\n\n\n<p class=\"wp-block-paragraph\">Auch das funktioniert nicht.<\/p>\n\n\n\n<p class=\"wp-block-paragraph\">Denn es gibt Dokumente, Hinrichtungen, Prozesse, Folter und Missbr\u00e4uche, die vollkommen dokumentiert sind.<\/p>\n\n\n\n<p class=\"wp-block-paragraph\">Wenn der Gespr\u00e4chspartner entdeckt, dass der Apologet reale Tatsachen geleugnet hat, verschwindet jede Glaubw\u00fcrdigkeit.<\/p>\n\n\n\n<p class=\"wp-block-paragraph\">Es gibt einen dritten Weg:<\/p>\n\n\n\n<p class=\"wp-block-paragraph\"><strong>eine auf Wahrheit gegr\u00fcndete Apologetik.<\/strong><\/p>\n\n\n\n<p class=\"wp-block-paragraph\">Anerkennen, was geschehen ist.<\/p>\n\n\n\n<p class=\"wp-block-paragraph\">Leugnen, was falsch ist.<\/p>\n\n\n\n<p class=\"wp-block-paragraph\">Kontextualisieren, was aus dem Zusammenhang gerissen wurde.<\/p>\n\n\n\n<p class=\"wp-block-paragraph\">Zahlen korrigieren.<\/p>\n\n\n\n<p class=\"wp-block-paragraph\">Verantwortlichkeiten unterscheiden.<\/p>\n\n\n\n<p class=\"wp-block-paragraph\">Und die katholische Lehre erkl\u00e4ren.<\/p>\n\n\n\n<hr class=\"wp-block-separator has-alpha-channel-opacity\"\/>\n\n\n\n<h1 class=\"wp-block-heading\">35. Die goldene Regel: Leugne nicht, was bewiesen werden kann<\/h1>\n\n\n\n<p class=\"wp-block-paragraph\">Wenn Dokumente zeigen, dass ein inquisitorisches Gericht einen Angeklagten gefoltert hat, sollten wir nicht sagen:<\/p>\n\n\n\n<p class=\"wp-block-paragraph\">\u201eDas ist niemals geschehen.\u201c<\/p>\n\n\n\n<p class=\"wp-block-paragraph\">Wir sollten sagen:<\/p>\n\n\n\n<p class=\"wp-block-paragraph\">\u201eJa, es gibt dokumentierte F\u00e4lle. Schauen wir nun, wie viele es gab, unter welchen Bedingungen sie stattfanden, welche Regelungen existierten, wie diese angewandt wurden und wie wir diese Praxis moralisch beurteilen m\u00fcssen.\u201c<\/p>\n\n\n\n<p class=\"wp-block-paragraph\">Die zweite Antwort ist unendlich st\u00e4rker.<\/p>\n\n\n\n<p class=\"wp-block-paragraph\">Denn sie h\u00e4ngt nicht von Verleugnung ab.<\/p>\n\n\n\n<p class=\"wp-block-paragraph\">Sie h\u00e4ngt von Beweisen ab.<\/p>\n\n\n\n<hr class=\"wp-block-separator has-alpha-channel-opacity\"\/>\n\n\n\n<h1 class=\"wp-block-heading\">36. Ebenso d\u00fcrfen wir Behauptungen ohne Beweise nicht akzeptieren<\/h1>\n\n\n\n<p class=\"wp-block-paragraph\">Die umgekehrte Bewegung ist ebenso wichtig.<\/p>\n\n\n\n<p class=\"wp-block-paragraph\">Wenn jemand sagt:<\/p>\n\n\n\n<p class=\"wp-block-paragraph\">\u201eDie Kirche hat Millionen Menschen verbrannt\u201c,<\/p>\n\n\n\n<p class=\"wp-block-paragraph\">sollten wir nicht mit einer anderen improvisierten Zahl antworten.<\/p>\n\n\n\n<p class=\"wp-block-paragraph\">Wir sollten fragen:<\/p>\n\n\n\n<p class=\"wp-block-paragraph\"><strong>\u201eWas ist Ihre Quelle?\u201c<\/strong><\/p>\n\n\n\n<p class=\"wp-block-paragraph\">Wenn die Antwort ein Film, ein in sozialen Netzwerken ver\u00f6ffentlichtes Video oder eine Website ohne Quellenangabe ist, hat das historische Gespr\u00e4ch noch gar nicht begonnen.<\/p>\n\n\n\n<p class=\"wp-block-paragraph\">Geschichte verlangt Dokumente.<\/p>\n\n\n\n<p class=\"wp-block-paragraph\">Und Zahlen verlangen Methodik.<\/p>\n\n\n\n<hr class=\"wp-block-separator has-alpha-channel-opacity\"\/>\n\n\n\n<h1 class=\"wp-block-heading\">37. Historische Wahrheit ist weniger spektakul\u00e4r als Propaganda<\/h1>\n\n\n\n<p class=\"wp-block-paragraph\">Die historische Realit\u00e4t ist gew\u00f6hnlich viel langweiliger als eine Legende.<\/p>\n\n\n\n<p class=\"wp-block-paragraph\">Es gibt nicht immer einen absolut b\u00f6sen T\u00e4ter.<\/p>\n\n\n\n<p class=\"wp-block-paragraph\">Es gibt nicht immer ein vollkommen unschuldiges Opfer.<\/p>\n\n\n\n<p class=\"wp-block-paragraph\">Institutionen sind nicht immer monolithisch.<\/p>\n\n\n\n<p class=\"wp-block-paragraph\">Es gibt:<\/p>\n\n\n\n<ul class=\"wp-block-list\">\n<li>vorsichtige Richter;<\/li>\n\n\n\n<li>ungerechte Richter;<\/li>\n\n\n\n<li>schuldige Angeklagte;<\/li>\n\n\n\n<li>unschuldige Angeklagte;<\/li>\n\n\n\n<li>ehrliche Beamte;<\/li>\n\n\n\n<li>korrupte Beamte;<\/li>\n\n\n\n<li>vern\u00fcnftige Gesetze;<\/li>\n\n\n\n<li>ungerechte Gesetze;<\/li>\n\n\n\n<li>historische Ver\u00e4nderungen;<\/li>\n\n\n\n<li>Reformen;<\/li>\n\n\n\n<li>Fehler;<\/li>\n\n\n\n<li>Korrekturen;<\/li>\n\n\n\n<li>politische Konflikte.<\/li>\n<\/ul>\n\n\n\n<p class=\"wp-block-paragraph\">Genau das macht Geschichte zur Geschichte.<\/p>\n\n\n\n<hr class=\"wp-block-separator has-alpha-channel-opacity\"\/>\n\n\n\n<h1 class=\"wp-block-heading\">38. Was k\u00f6nnen wir geistlich aus der Geschichte der Inquisition lernen?<\/h1>\n\n\n\n<p class=\"wp-block-paragraph\">Sehr viel.<\/p>\n\n\n\n<p class=\"wp-block-paragraph\">Erstens:<\/p>\n\n\n\n<p class=\"wp-block-paragraph\"><strong>Die S\u00fcnde kann sich immer auch in religi\u00f6se Institutionen einschleichen.<\/strong><\/p>\n\n\n\n<p class=\"wp-block-paragraph\">Wir brauchen daher eine st\u00e4ndige Bekehrung.<\/p>\n\n\n\n<p class=\"wp-block-paragraph\">Zweitens:<\/p>\n\n\n\n<p class=\"wp-block-paragraph\"><strong>Die Wahrheit h\u00e4ngt nicht von der moralischen Vollkommenheit dessen ab, der sie verk\u00fcndet.<\/strong><\/p>\n\n\n\n<p class=\"wp-block-paragraph\">Ein s\u00fcndiger Priester kann eine wahre Lehre verk\u00fcnden.<\/p>\n\n\n\n<p class=\"wp-block-paragraph\">Ein unw\u00fcrdiger Bischof kann ein Sakrament g\u00fcltig spenden.<\/p>\n\n\n\n<p class=\"wp-block-paragraph\">Die Gnade Gottes h\u00e4ngt nicht von der vollkommenen pers\u00f6nlichen Heiligkeit des Dieners ab.<\/p>\n\n\n\n<p class=\"wp-block-paragraph\">Drittens:<\/p>\n\n\n\n<p class=\"wp-block-paragraph\"><strong>Macht ohne Tugend wird leicht zum Missbrauch.<\/strong><\/p>\n\n\n\n<p class=\"wp-block-paragraph\">Das gilt f\u00fcr einen mittelalterlichen Inquisitor.<\/p>\n\n\n\n<p class=\"wp-block-paragraph\">Aber auch f\u00fcr einen modernen Politiker.<\/p>\n\n\n\n<p class=\"wp-block-paragraph\">F\u00fcr einen Richter.<\/p>\n\n\n\n<p class=\"wp-block-paragraph\">F\u00fcr einen Journalisten.<\/p>\n\n\n\n<p class=\"wp-block-paragraph\">F\u00fcr einen Administrator.<\/p>\n\n\n\n<p class=\"wp-block-paragraph\">F\u00fcr jeden Menschen, der Autorit\u00e4t besitzt.<\/p>\n\n\n\n<hr class=\"wp-block-separator has-alpha-channel-opacity\"\/>\n\n\n\n<h1 class=\"wp-block-heading\">39. Die gro\u00dfe Lehre f\u00fcr unsere Zeit: Auch wir haben unsere \u201eGerichte\u201c<\/h1>\n\n\n\n<p class=\"wp-block-paragraph\">Das ist vielleicht die aktuellste Anwendung.<\/p>\n\n\n\n<p class=\"wp-block-paragraph\">Wir kritisieren die Inquisition, w\u00e4hrend wir in einer Gesellschaft leben, die ebenfalls in Mechanismen gesellschaftlicher Verfolgung geraten kann.<\/p>\n\n\n\n<p class=\"wp-block-paragraph\">Heute verbrennen wir Menschen nicht immer.<\/p>\n\n\n\n<p class=\"wp-block-paragraph\">Aber etwas anderes kann geschehen:<\/p>\n\n\n\n<ul class=\"wp-block-list\">\n<li>\u00f6ffentliche \u00c4chtung;<\/li>\n\n\n\n<li>digitales Lynchen;<\/li>\n\n\n\n<li>Verlust des Arbeitsplatzes;<\/li>\n\n\n\n<li>Rufmordkampagnen;<\/li>\n\n\n\n<li>soziale Ausgrenzung;<\/li>\n\n\n\n<li>informelle Zensur;<\/li>\n\n\n\n<li>Zerst\u00f6rung des guten Rufes.<\/li>\n<\/ul>\n\n\n\n<p class=\"wp-block-paragraph\">Eine virale Anschuldigung kann verheerende Folgen haben, ohne dass ein offizielles Gericht erforderlich ist.<\/p>\n\n\n\n<p class=\"wp-block-paragraph\">Und h\u00e4ufig ohne wirkliche M\u00f6glichkeit zur Verteidigung.<\/p>\n\n\n\n<p class=\"wp-block-paragraph\">Das Paradox ist frappierend.<\/p>\n\n\n\n<p class=\"wp-block-paragraph\">Eine Gesellschaft, die die Inquisition als barbarisch betrachtet, kann Verurteilungsmechanismen kollektiv reproduzieren \u2013 mit technologischen Mitteln, die wesentlich m\u00e4chtiger sind.<\/p>\n\n\n\n<hr class=\"wp-block-separator has-alpha-channel-opacity\"\/>\n\n\n\n<h1 class=\"wp-block-heading\">40. Die Cancel Culture braucht eine christliche Anthropologie<\/h1>\n\n\n\n<p class=\"wp-block-paragraph\">Die menschliche Person darf nicht auf ihren schlimmsten Fehler reduziert werden.<\/p>\n\n\n\n<p class=\"wp-block-paragraph\">Das Christentum lehrt etwas Revolution\u00e4res:<\/p>\n\n\n\n<p class=\"wp-block-paragraph\"><strong>Der S\u00fcnder kann sich bekehren.<\/strong><\/p>\n\n\n\n<p class=\"wp-block-paragraph\">Das bedeutet, dass Gerechtigkeit existieren muss, aber auch die M\u00f6glichkeit der Reue.<\/p>\n\n\n\n<p class=\"wp-block-paragraph\">Die heutige Gesellschaft kann zu einer Art permanentem Gericht werden, in dem ein vor zwanzig Jahren begangener Fehler einen Menschen sein ganzes Leben verfolgt.<\/p>\n\n\n\n<p class=\"wp-block-paragraph\">Das Evangelium bietet etwas anderes.<\/p>\n\n\n\n<p class=\"wp-block-paragraph\">Es beseitigt die Verantwortung nicht.<\/p>\n\n\n\n<p class=\"wp-block-paragraph\">Aber es \u00f6ffnet die T\u00fcr zur Erl\u00f6sung.<\/p>\n\n\n\n<hr class=\"wp-block-separator has-alpha-channel-opacity\"\/>\n\n\n\n<h1 class=\"wp-block-heading\">41. \u201eRichtet nicht\u201c bedeutet nicht \u201eUrteilt nicht\u201c<\/h1>\n\n\n\n<p class=\"wp-block-paragraph\">Hier begegnen wir einer weiteren h\u00e4ufigen Verwechslung.<\/p>\n\n\n\n<p class=\"wp-block-paragraph\">Christus sagt:<\/p>\n\n\n\n<blockquote class=\"wp-block-quote is-layout-flow wp-block-quote-is-layout-flow\">\n<p class=\"wp-block-paragraph\">\u201eRichtet nicht, damit ihr nicht gerichtet werdet\u201c (Mt 7,1).<\/p>\n<\/blockquote>\n\n\n\n<p class=\"wp-block-paragraph\">Aber das bedeutet nicht, dass Christen jedes moralische Urteil aufgeben sollen.<\/p>\n\n\n\n<p class=\"wp-block-paragraph\">Dasselbe Evangelium fordert Unterscheidungsverm\u00f6gen.<\/p>\n\n\n\n<p class=\"wp-block-paragraph\">Die Frage ist, dass es einen Unterschied gibt zwischen:<\/p>\n\n\n\n<p class=\"wp-block-paragraph\"><strong>eine Handlung beurteilen<\/strong><\/p>\n\n\n\n<p class=\"wp-block-paragraph\">und<\/p>\n\n\n\n<p class=\"wp-block-paragraph\"><strong>die Seele eines Menschen endg\u00fcltig verurteilen.<\/strong><\/p>\n\n\n\n<p class=\"wp-block-paragraph\">Wir k\u00f6nnen sagen:<\/p>\n\n\n\n<p class=\"wp-block-paragraph\">\u201eDieses Verhalten war ungerecht.\u201c<\/p>\n\n\n\n<p class=\"wp-block-paragraph\">ohne zu sagen:<\/p>\n\n\n\n<p class=\"wp-block-paragraph\">\u201eDieser Mensch ist ewig verdammt.\u201c<\/p>\n\n\n\n<p class=\"wp-block-paragraph\">Das endg\u00fcltige Gericht geh\u00f6rt Gott.<\/p>\n\n\n\n<p class=\"wp-block-paragraph\">Diese Unterscheidung muss auch auf die Geschichtsschreibung angewandt werden.<\/p>\n\n\n\n<p class=\"wp-block-paragraph\">Wir k\u00f6nnen feststellen, dass bestimmte Handlungen ungerecht waren, ohne zu behaupten, alle inneren Absichten derjenigen zu kennen, die sie begingen.<\/p>\n\n\n\n<hr class=\"wp-block-separator has-alpha-channel-opacity\"\/>\n\n\n\n<h1 class=\"wp-block-heading\">42. Wie antwortet man, wenn jemand sagt: \u201eDie Kirche hat alle get\u00f6tet, die anders dachten\u201c?<\/h1>\n\n\n\n<p class=\"wp-block-paragraph\">Eine ruhige Antwort k\u00f6nnte lauten:<\/p>\n\n\n\n<p class=\"wp-block-paragraph\"><strong>\u201eDie Geschichte ist komplexer. Es gab Inquisitionsgerichte, die H\u00e4resie untersuchten und verurteilten, und es gab Hinrichtungen. Das darf man nicht leugnen. Aber es ist ebenfalls falsch zu behaupten, die Kirche habe unterschiedslos jeden get\u00f6tet, der anders dachte. Man muss zwischen Gerichten, Zeitr\u00e4umen, Gebieten, Strafen, weltlichen Gesetzen und dokumentierten Zahlen unterscheiden. Au\u00dferdem war religi\u00f6se Verfolgung ein Merkmal vieler konfessioneller Gesellschaften jener Zeit und nicht ausschlie\u00dflich der katholischen Welt.\u201c<\/strong><\/p>\n\n\n\n<p class=\"wp-block-paragraph\">Dann k\u00f6nnen wir fragen:<\/p>\n\n\n\n<p class=\"wp-block-paragraph\"><strong>\u201eVon welcher konkreten Zeit sprechen Sie?\u201c<\/strong><\/p>\n\n\n\n<p class=\"wp-block-paragraph\">Diese Frage ver\u00e4ndert das gesamte Gespr\u00e4ch.<\/p>\n\n\n\n<hr class=\"wp-block-separator has-alpha-channel-opacity\"\/>\n\n\n\n<h1 class=\"wp-block-heading\">43. Wie antwortet man auf die Behauptung von \u201eMillionen Toten\u201c?<\/h1>\n\n\n\n<p class=\"wp-block-paragraph\">Wir sollten nicht mit einer anderen improvisierten Zahl antworten.<\/p>\n\n\n\n<p class=\"wp-block-paragraph\">Wir sollten fragen:<\/p>\n\n\n\n<p class=\"wp-block-paragraph\"><strong>\u201eWas ist Ihre Quelle?\u201c<\/strong><\/p>\n\n\n\n<p class=\"wp-block-paragraph\">Dann:<\/p>\n\n\n\n<p class=\"wp-block-paragraph\"><strong>\u201eSprechen Sie von der mittelalterlichen, der spanischen oder der r\u00f6mischen Inquisition?\u201c<\/strong><\/p>\n\n\n\n<p class=\"wp-block-paragraph\">Und:<\/p>\n\n\n\n<p class=\"wp-block-paragraph\"><strong>\u201eSprechen Sie von Verurteilten oder Hingerichteten?\u201c<\/strong><\/p>\n\n\n\n<p class=\"wp-block-paragraph\">Schlie\u00dflich:<\/p>\n\n\n\n<p class=\"wp-block-paragraph\"><strong>\u201eWelche Methodik hat der Autor dieser Zahl verwendet?\u201c<\/strong><\/p>\n\n\n\n<p class=\"wp-block-paragraph\">Das Gespr\u00e4ch h\u00f6rt auf, emotional zu sein, und wird historisch.<\/p>\n\n\n\n<hr class=\"wp-block-separator has-alpha-channel-opacity\"\/>\n\n\n\n<h1 class=\"wp-block-heading\">44. Wie antwortet man auf Folterbilder?<\/h1>\n\n\n\n<p class=\"wp-block-paragraph\">Wir k\u00f6nnen sagen:<\/p>\n\n\n\n<p class=\"wp-block-paragraph\"><strong>\u201eJa, in bestimmten inquisitorischen Gerichten wurde Folter angewandt, und wir haben keinen Grund, dies zu leugnen. Aber das popul\u00e4re Bild einer systematischen und unterschiedslosen Folter stellt die historische Funktionsweise aller inquisitorischen Gerichte nicht angemessen dar. Wir m\u00fcssen die Vorschriften, Verfahren und Einzelf\u00e4lle untersuchen.\u201c<\/strong><\/p>\n\n\n\n<p class=\"wp-block-paragraph\">Das ist viel schwieriger zu widerlegen als eine absolute Leugnung.<\/p>\n\n\n\n<hr class=\"wp-block-separator has-alpha-channel-opacity\"\/>\n\n\n\n<h1 class=\"wp-block-heading\">45. Wie antwortet man, wenn jemand sagt: \u201eDie Inquisition beweist, dass das Christentum falsch ist\u201c?<\/h1>\n\n\n\n<p class=\"wp-block-paragraph\">Die Antwort kann einfach sein:<\/p>\n\n\n\n<p class=\"wp-block-paragraph\"><strong>\u201eNein. Sie beweist, dass bestimmte Christen schwere S\u00fcnden begangen haben. Um zu beweisen, dass das Christentum falsch ist, m\u00fcsste man zeigen, dass Christus nicht auferstanden ist, dass das Evangelium falsch ist oder dass die christliche Lehre der Wirklichkeit widerspricht. Das s\u00fcndhafte Verhalten von Mitgliedern der Kirche widerlegt nicht automatisch die Wahrheit des Glaubens, den sie selbst verraten haben.\u201c<\/strong><\/p>\n\n\n\n<p class=\"wp-block-paragraph\">Das ist ein grundlegender logischer Punkt.<\/p>\n\n\n\n<p class=\"wp-block-paragraph\">Wenn ein Christ gegen das Evangelium handelt, handelt er gerade gegen das, was er zu glauben behauptet.<\/p>\n\n\n\n<hr class=\"wp-block-separator has-alpha-channel-opacity\"\/>\n\n\n\n<h1 class=\"wp-block-heading\">46. Das Kreuz ist das letzte Kriterium<\/h1>\n\n\n\n<p class=\"wp-block-paragraph\">Das Christentum verk\u00fcndet nicht:<\/p>\n\n\n\n<p class=\"wp-block-paragraph\">\u201eMacht ist gut, weil Christen sie aus\u00fcben.\u201c<\/p>\n\n\n\n<p class=\"wp-block-paragraph\">Es verk\u00fcndet:<\/p>\n\n\n\n<p class=\"wp-block-paragraph\"><strong>\u201eMacht muss sich der Wahrheit und dem Guten unterordnen.\u201c<\/strong><\/p>\n\n\n\n<p class=\"wp-block-paragraph\">Christus herrscht vom Kreuz aus.<\/p>\n\n\n\n<p class=\"wp-block-paragraph\">Nicht von einem Thron politischer Herrschaft.<\/p>\n\n\n\n<p class=\"wp-block-paragraph\">Nicht durch Gewalt.<\/p>\n\n\n\n<p class=\"wp-block-paragraph\">Nicht durch Angst.<\/p>\n\n\n\n<p class=\"wp-block-paragraph\">Das Kreuz offenbart, dass christliche Autorit\u00e4t zum Dienst werden muss.<\/p>\n\n\n\n<p class=\"wp-block-paragraph\">Daher widerspricht jede kirchliche Autorit\u00e4t, die jemanden ungerecht dem\u00fctigt, missbraucht oder verfolgt, dem Geist Christi.<\/p>\n\n\n\n<hr class=\"wp-block-separator has-alpha-channel-opacity\"\/>\n\n\n\n<h1 class=\"wp-block-heading\">47. Die Kirche braucht Historiker, keine Propagandisten<\/h1>\n\n\n\n<p class=\"wp-block-paragraph\">Ein seri\u00f6ser katholischer Historiker sollte nicht mit der Schlussfolgerung beginnen:<\/p>\n\n\n\n<p class=\"wp-block-paragraph\">\u201eIch muss beweisen, dass die Inquisition vollkommen war.\u201c<\/p>\n\n\n\n<p class=\"wp-block-paragraph\">Er sollte so beginnen:<\/p>\n\n\n\n<p class=\"wp-block-paragraph\"><strong>\u201eIch will wissen, was tats\u00e4chlich geschehen ist.\u201c<\/strong><\/p>\n\n\n\n<p class=\"wp-block-paragraph\">Wenn die Dokumente eine Ungerechtigkeit zeigen, muss er sie anerkennen.<\/p>\n\n\n\n<p class=\"wp-block-paragraph\">Wenn sie eine \u00dcbertreibung zeigen, muss er sie zur\u00fcckweisen.<\/p>\n\n\n\n<p class=\"wp-block-paragraph\">Wenn sie einen komplexen Kontext offenbaren, muss er ihn erkl\u00e4ren.<\/p>\n\n\n\n<p class=\"wp-block-paragraph\">Wenn die traditionellen Zahlen falsch sind, muss er sie korrigieren.<\/p>\n\n\n\n<p class=\"wp-block-paragraph\">Das ist eine echte Verteidigung der Wahrheit.<\/p>\n\n\n\n<hr class=\"wp-block-separator has-alpha-channel-opacity\"\/>\n\n\n\n<h1 class=\"wp-block-heading\">48. Der Katholik des 21. Jahrhunderts muss lernen zu recherchieren<\/h1>\n\n\n\n<p class=\"wp-block-paragraph\">Unsere Zeit verlangt eine neue Apologetik.<\/p>\n\n\n\n<p class=\"wp-block-paragraph\">Es reicht nicht mehr, Antworten auswendig zu lernen.<\/p>\n\n\n\n<p class=\"wp-block-paragraph\">Wir m\u00fcssen wissen, wie man:<\/p>\n\n\n\n<ul class=\"wp-block-list\">\n<li>Quellen findet;<\/li>\n\n\n\n<li>Prim\u00e4r- und Sekund\u00e4rquellen unterscheidet;<\/li>\n\n\n\n<li>falsche Zitate erkennt;<\/li>\n\n\n\n<li>Zahlen \u00fcberpr\u00fcft;<\/li>\n\n\n\n<li>Meinungen von akademischer Forschung unterscheidet;<\/li>\n\n\n\n<li>Propaganda erkennt;<\/li>\n\n\n\n<li>historischen Kontext versteht;<\/li>\n\n\n\n<li>Anachronismen identifiziert;<\/li>\n\n\n\n<li>und verschiedene Interpretationen miteinander vergleicht.<\/li>\n<\/ul>\n\n\n\n<p class=\"wp-block-paragraph\">Das ist im Internet besonders wichtig.<\/p>\n\n\n\n<hr class=\"wp-block-separator has-alpha-channel-opacity\"\/>\n\n\n\n<h1 class=\"wp-block-heading\">49. F\u00fcnf Fragen, bevor man eine Anschuldigung gegen die Kirche teilt<\/h1>\n\n\n\n<p class=\"wp-block-paragraph\">Bevor wir einen Beitrag \u00fcber die Inquisition teilen, lohnt es sich, zu fragen:<\/p>\n\n\n\n<h3 class=\"wp-block-heading\">1. Wer stellt die Behauptung auf?<\/h3>\n\n\n\n<p class=\"wp-block-paragraph\">Ein Fachhistoriker?<\/p>\n\n\n\n<p class=\"wp-block-paragraph\">Ein popul\u00e4rwissenschaftlicher Vermittler?<\/p>\n\n\n\n<p class=\"wp-block-paragraph\">Ein Aktivist?<\/p>\n\n\n\n<p class=\"wp-block-paragraph\">Ein anonymes Konto?<\/p>\n\n\n\n<h3 class=\"wp-block-heading\">2. Was ist die Quelle?<\/h3>\n\n\n\n<p class=\"wp-block-paragraph\">Gibt es ein Dokument?<\/p>\n\n\n\n<p class=\"wp-block-paragraph\">Ein wissenschaftliches Werk?<\/p>\n\n\n\n<p class=\"wp-block-paragraph\">Ein \u00fcberpr\u00fcfbares Zitat?<\/p>\n\n\n\n<h3 class=\"wp-block-heading\">3. Welcher Zeitraum ist gemeint?<\/h3>\n\n\n\n<p class=\"wp-block-paragraph\">Das 13. Jahrhundert?<\/p>\n\n\n\n<p class=\"wp-block-paragraph\">Das 15. Jahrhundert?<\/p>\n\n\n\n<p class=\"wp-block-paragraph\">Das 17. Jahrhundert?<\/p>\n\n\n\n<p class=\"wp-block-paragraph\">Das 18. Jahrhundert?<\/p>\n\n\n\n<h3 class=\"wp-block-heading\">4. Welche Institution?<\/h3>\n\n\n\n<p class=\"wp-block-paragraph\">Die mittelalterliche Inquisition?<\/p>\n\n\n\n<p class=\"wp-block-paragraph\">Die spanische?<\/p>\n\n\n\n<p class=\"wp-block-paragraph\">Die r\u00f6mische?<\/p>\n\n\n\n<p class=\"wp-block-paragraph\">Ein weltliches Gericht?<\/p>\n\n\n\n<h3 class=\"wp-block-heading\">5. Ist die Zahl dokumentiert?<\/h3>\n\n\n\n<p class=\"wp-block-paragraph\">Diese letzte Frage kann viele Mythen zu Fall bringen.<\/p>\n\n\n\n<hr class=\"wp-block-separator has-alpha-channel-opacity\"\/>\n\n\n\n<h1 class=\"wp-block-heading\">50. Auch die N\u00e4chstenliebe muss unsere historischen Diskussionen bestimmen<\/h1>\n\n\n\n<p class=\"wp-block-paragraph\">Es gibt eine weitere Dimension, die wir h\u00e4ufig vergessen.<\/p>\n\n\n\n<p class=\"wp-block-paragraph\">Wir k\u00f6nnen historisch recht haben und dennoch auf eine unchristliche Weise diskutieren.<\/p>\n\n\n\n<p class=\"wp-block-paragraph\">Wenn wir mit Beleidigungen antworten:<\/p>\n\n\n\n<p class=\"wp-block-paragraph\">\u201eSie sind ignorant.\u201c<\/p>\n\n\n\n<p class=\"wp-block-paragraph\">\u201eSie haben \u00fcberhaupt keine Ahnung, wovon Sie sprechen.\u201c<\/p>\n\n\n\n<p class=\"wp-block-paragraph\">\u201eSie wurden manipuliert.\u201c<\/p>\n\n\n\n<p class=\"wp-block-paragraph\">k\u00f6nnen wir zwar eine Diskussion gewinnen, aber einen Menschen verlieren.<\/p>\n\n\n\n<p class=\"wp-block-paragraph\">Der heilige Petrus empfiehlt:<\/p>\n\n\n\n<blockquote class=\"wp-block-quote is-layout-flow wp-block-quote-is-layout-flow\">\n<p class=\"wp-block-paragraph\">\u201eSeid stets bereit, jedem Rede und Antwort zu stehen, der von euch Rechenschaft fordert \u00fcber die Hoffnung, die euch erf\u00fcllt; antwortet aber bescheiden und ehrf\u00fcrchtig\u201c (1 Petr 3,15).<\/p>\n<\/blockquote>\n\n\n\n<p class=\"wp-block-paragraph\">Das sollte das Prinzip jeder katholischen Apologetik sein.<\/p>\n\n\n\n<p class=\"wp-block-paragraph\"><strong>Vernunft und N\u00e4chstenliebe.<\/strong><\/p>\n\n\n\n<p class=\"wp-block-paragraph\">Nicht das eine gegen das andere.<\/p>\n\n\n\n<hr class=\"wp-block-separator has-alpha-channel-opacity\"\/>\n\n\n\n<h1 class=\"wp-block-heading\">51. Wir d\u00fcrfen weder Komplexe noch Arroganz haben<\/h1>\n\n\n\n<p class=\"wp-block-paragraph\">Der Titel dieses Artikels enth\u00e4lt einen wichtigen Ausdruck:<\/p>\n\n\n\n<p class=\"wp-block-paragraph\"><strong>ohne Komplexe.<\/strong><\/p>\n\n\n\n<p class=\"wp-block-paragraph\">Was bedeutet das?<\/p>\n\n\n\n<p class=\"wp-block-paragraph\">Es bedeutet nicht:<\/p>\n\n\n\n<p class=\"wp-block-paragraph\">\u201eDie Kirche hatte immer in allem recht.\u201c<\/p>\n\n\n\n<p class=\"wp-block-paragraph\">Es bedeutet:<\/p>\n\n\n\n<p class=\"wp-block-paragraph\"><strong>\u201eIch muss nicht l\u00fcgen, um meinen Glauben zu verteidigen.\u201c<\/strong><\/p>\n\n\n\n<p class=\"wp-block-paragraph\">Ich muss keine Karikatur akzeptieren.<\/p>\n\n\n\n<p class=\"wp-block-paragraph\">Ich muss mich nicht daf\u00fcr sch\u00e4men, katholisch zu sein.<\/p>\n\n\n\n<p class=\"wp-block-paragraph\">Ich muss die Geschichte nicht aufgeben, um die Kirche zu verteidigen.<\/p>\n\n\n\n<p class=\"wp-block-paragraph\">Ich muss nicht jede katholische historische Gestalt in einen Helden verwandeln.<\/p>\n\n\n\n<p class=\"wp-block-paragraph\">Ich muss die S\u00fcnden nicht leugnen.<\/p>\n\n\n\n<p class=\"wp-block-paragraph\">Ich muss die Legenden nicht akzeptieren.<\/p>\n\n\n\n<p class=\"wp-block-paragraph\">Ich kann die Wahrheit suchen.<\/p>\n\n\n\n<p class=\"wp-block-paragraph\">Und die Wahrheit hat nichts zu f\u00fcrchten.<\/p>\n\n\n\n<hr class=\"wp-block-separator has-alpha-channel-opacity\"\/>\n\n\n\n<h1 class=\"wp-block-heading\">52. Der wahre Sieg besteht darin, die F\u00e4higkeit zum Denken wiederzugewinnen<\/h1>\n\n\n\n<p class=\"wp-block-paragraph\">Wir leben im Zeitalter der Schlagworte.<\/p>\n\n\n\n<p class=\"wp-block-paragraph\">\u201eInquisition.\u201c<\/p>\n\n\n\n<p class=\"wp-block-paragraph\">\u201eObskurantismus.\u201c<\/p>\n\n\n\n<p class=\"wp-block-paragraph\">\u201eFanatismus.\u201c<\/p>\n\n\n\n<p class=\"wp-block-paragraph\">\u201eUnterdr\u00fcckung.\u201c<\/p>\n\n\n\n<p class=\"wp-block-paragraph\">\u201eMittelalter.\u201c<\/p>\n\n\n\n<p class=\"wp-block-paragraph\">Das sind W\u00f6rter, die h\u00e4ufig als Ersatz f\u00fcr Denken dienen.<\/p>\n\n\n\n<p class=\"wp-block-paragraph\">Katholiken m\u00fcssen sich dieser Logik widersetzen.<\/p>\n\n\n\n<p class=\"wp-block-paragraph\">Nicht indem sie mit anderen Schlagworten antworten, sondern indem sie die Vernunft wiederentdecken.<\/p>\n\n\n\n<p class=\"wp-block-paragraph\">Fragen.<\/p>\n\n\n\n<p class=\"wp-block-paragraph\">Untersuchen.<\/p>\n\n\n\n<p class=\"wp-block-paragraph\">Lesen.<\/p>\n\n\n\n<p class=\"wp-block-paragraph\">Vergleichen.<\/p>\n\n\n\n<p class=\"wp-block-paragraph\">Unterscheiden.<\/p>\n\n\n\n<p class=\"wp-block-paragraph\">Verstehen.<\/p>\n\n\n\n<p class=\"wp-block-paragraph\">Und schlie\u00dflich im Licht der Wahrheit urteilen.<\/p>\n\n\n\n<hr class=\"wp-block-separator has-alpha-channel-opacity\"\/>\n\n\n\n<h1 class=\"wp-block-heading\">53. Eine Kirche, die keine Angst vor der Wahrheit hat<\/h1>\n\n\n\n<p class=\"wp-block-paragraph\">Die Kirche braucht keine erfundene Geschichte.<\/p>\n\n\n\n<p class=\"wp-block-paragraph\">Sie besitzt eine wirkliche Geschichte.<\/p>\n\n\n\n<p class=\"wp-block-paragraph\">Und diese Geschichte ist au\u00dferordentlich reich.<\/p>\n\n\n\n<p class=\"wp-block-paragraph\">Es ist die Geschichte:<\/p>\n\n\n\n<ul class=\"wp-block-list\">\n<li>der M\u00e4rtyrer;<\/li>\n\n\n\n<li>der S\u00fcnder;<\/li>\n\n\n\n<li>der Heiligen;<\/li>\n\n\n\n<li>der H\u00e4retiker;<\/li>\n\n\n\n<li>der Missionare;<\/li>\n\n\n\n<li>der Kaiser;<\/li>\n\n\n\n<li>der M\u00f6nche;<\/li>\n\n\n\n<li>der K\u00f6nige;<\/li>\n\n\n\n<li>der Armen;<\/li>\n\n\n\n<li>der Theologen;<\/li>\n\n\n\n<li>der Inquisitoren;<\/li>\n\n\n\n<li>der Reformer;<\/li>\n\n\n\n<li>der Wissenschaftler;<\/li>\n\n\n\n<li>der K\u00fcnstler;<\/li>\n\n\n\n<li>der reuigen S\u00fcnder;<\/li>\n\n\n\n<li>der Menschen, die Christus verraten haben;<\/li>\n\n\n\n<li>und der Menschen, die ihr Leben f\u00fcr Ihn hingegeben haben.<\/li>\n<\/ul>\n\n\n\n<p class=\"wp-block-paragraph\">Es ist eine menschliche Geschichte, die von der Gnade durchdrungen ist.<\/p>\n\n\n\n<p class=\"wp-block-paragraph\">Genau deshalb ist sie so kraftvoll.<\/p>\n\n\n\n<hr class=\"wp-block-separator has-alpha-channel-opacity\"\/>\n\n\n\n<h1 class=\"wp-block-heading\">54. Die Kirche verk\u00fcndet nicht die Vollkommenheit ihrer Menschen, sondern die Vollkommenheit Christi<\/h1>\n\n\n\n<p class=\"wp-block-paragraph\">Dies ist vielleicht der entscheidende theologische Punkt.<\/p>\n\n\n\n<p class=\"wp-block-paragraph\">Der katholische Glaube beruht nicht auf der Behauptung:<\/p>\n\n\n\n<p class=\"wp-block-paragraph\"><strong>\u201eKatholiken sind moralisch vollkommen.\u201c<\/strong><\/p>\n\n\n\n<p class=\"wp-block-paragraph\">Er beruht auf:<\/p>\n\n\n\n<p class=\"wp-block-paragraph\"><strong>\u201eJesus Christus ist wahrer Gott und wahrer Mensch; Er ist f\u00fcr unsere S\u00fcnden gestorben; Er ist auferstanden; Er hat Seine Kirche gegr\u00fcndet und bleibt bei ihr.\u201c<\/strong><\/p>\n\n\n\n<p class=\"wp-block-paragraph\">Menschen k\u00f6nnen scheitern.<\/p>\n\n\n\n<p class=\"wp-block-paragraph\">Christus kann nicht scheitern.<\/p>\n\n\n\n<p class=\"wp-block-paragraph\">Amtstr\u00e4ger k\u00f6nnen s\u00fcndigen.<\/p>\n\n\n\n<p class=\"wp-block-paragraph\">Die Sakramente verlieren dadurch nicht ihre Wirksamkeit.<\/p>\n\n\n\n<p class=\"wp-block-paragraph\">Historiker k\u00f6nnen sich irren.<\/p>\n\n\n\n<p class=\"wp-block-paragraph\">Die offenbarte Wahrheit bleibt bestehen.<\/p>\n\n\n\n<hr class=\"wp-block-separator has-alpha-channel-opacity\"\/>\n\n\n\n<h1 class=\"wp-block-heading\">55. Geschichte sollte uns zur Demut f\u00fchren<\/h1>\n\n\n\n<p class=\"wp-block-paragraph\">Wenn wir die Inquisition untersuchen, k\u00f6nnen wir einen weiteren Fehler machen:<\/p>\n\n\n\n<p class=\"wp-block-paragraph\">Wir k\u00f6nnen Geschichte zu einer Waffe machen, mit der wir uns moralisch \u00fcberlegen f\u00fchlen.<\/p>\n\n\n\n<p class=\"wp-block-paragraph\">\u201eWir h\u00e4tten so etwas niemals getan.\u201c<\/p>\n\n\n\n<p class=\"wp-block-paragraph\">Sind wir sicher?<\/p>\n\n\n\n<p class=\"wp-block-paragraph\">Die Geschichte der Menschheit ist voller Menschen, die \u00fcberzeugt waren, dass sie zu den Ungerechtigkeiten, die sie schlie\u00dflich selbst begingen, niemals f\u00e4hig w\u00e4ren.<\/p>\n\n\n\n<p class=\"wp-block-paragraph\">Die christliche Klugheit lehrt Demut.<\/p>\n\n\n\n<p class=\"wp-block-paragraph\">Die S\u00fcnde geh\u00f6rt nicht ausschlie\u00dflich einer bestimmten Epoche an.<\/p>\n\n\n\n<p class=\"wp-block-paragraph\">Stolz, Grausamkeit, Ehrgeiz und Machtmissbrauch k\u00f6nnen in jeder Gesellschaft auftreten.<\/p>\n\n\n\n<p class=\"wp-block-paragraph\">Deshalb sollte uns die Untersuchung der Inquisition nicht nur dazu f\u00fchren, die Vergangenheit zu kritisieren, sondern auch unsere Gegenwart zu pr\u00fcfen.<\/p>\n\n\n\n<hr class=\"wp-block-separator has-alpha-channel-opacity\"\/>\n\n\n\n<h1 class=\"wp-block-heading\">56. Welche Gesellschaft bauen wir gerade?<\/h1>\n\n\n\n<p class=\"wp-block-paragraph\">Das ist eine weitaus unbequemere Frage.<\/p>\n\n\n\n<p class=\"wp-block-paragraph\">Wir emp\u00f6ren uns \u00fcber die Strafen der Vergangenheit.<\/p>\n\n\n\n<p class=\"wp-block-paragraph\">Aber was geschieht, wenn eine Gesellschaft einen Menschen \u00f6ffentlich zerst\u00f6rt, ohne dass es ein Verfahren gibt?<\/p>\n\n\n\n<p class=\"wp-block-paragraph\">Wir emp\u00f6ren uns \u00fcber religi\u00f6se Zensur.<\/p>\n\n\n\n<p class=\"wp-block-paragraph\">Aber was geschieht, wenn bestimmte heutige Meinungen sofort zum sozialen Ausschluss f\u00fchren?<\/p>\n\n\n\n<p class=\"wp-block-paragraph\">Wir emp\u00f6ren uns \u00fcber die Gerichte der Vergangenheit.<\/p>\n\n\n\n<p class=\"wp-block-paragraph\">Aber was geschieht, wenn Millionen Menschen jemanden aufgrund einer \u00dcberschrift verurteilen, die sie nicht einmal gelesen haben?<\/p>\n\n\n\n<p class=\"wp-block-paragraph\">Die Technologie hat sich ver\u00e4ndert.<\/p>\n\n\n\n<p class=\"wp-block-paragraph\">Die menschliche Natur hat sich nicht so sehr ver\u00e4ndert.<\/p>\n\n\n\n<hr class=\"wp-block-separator has-alpha-channel-opacity\"\/>\n\n\n\n<h1 class=\"wp-block-heading\">57. Wahrer Fortschritt besteht nicht einfach darin, die Werkzeuge zu ver\u00e4ndern<\/h1>\n\n\n\n<p class=\"wp-block-paragraph\">Ein mittelalterlicher Mensch konnte einen Scheiterhaufen benutzen.<\/p>\n\n\n\n<p class=\"wp-block-paragraph\">Der moderne Mensch kann einen Bildschirm benutzen.<\/p>\n\n\n\n<p class=\"wp-block-paragraph\">Aber beide k\u00f6nnen Hass empfinden.<\/p>\n\n\n\n<p class=\"wp-block-paragraph\">Technologischer Fortschritt garantiert keinen moralischen Fortschritt.<\/p>\n\n\n\n<p class=\"wp-block-paragraph\">Wir k\u00f6nnen k\u00fcnstliche Intelligenz, soziale Netzwerke, fortgeschrittene Medizin und hochentwickelte Rechtssysteme besitzen und dennoch alte menschliche Schw\u00e4chen bewahren.<\/p>\n\n\n\n<p class=\"wp-block-paragraph\">Deshalb brauchen wir eine christliche Anthropologie.<\/p>\n\n\n\n<p class=\"wp-block-paragraph\">Wir m\u00fcssen uns daran erinnern, dass das menschliche Herz Erl\u00f6sung braucht.<\/p>\n\n\n\n<hr class=\"wp-block-separator has-alpha-channel-opacity\"\/>\n\n\n\n<h1 class=\"wp-block-heading\">58. Barmherzigkeit zerst\u00f6rt die Gerechtigkeit nicht<\/h1>\n\n\n\n<p class=\"wp-block-paragraph\">Die christliche Antwort besteht nicht darin, jede Form von Gerechtigkeit zu leugnen.<\/p>\n\n\n\n<p class=\"wp-block-paragraph\">Das Evangelium sagt nicht, dass das B\u00f6se bedeutungslos sei.<\/p>\n\n\n\n<p class=\"wp-block-paragraph\">Gerechtigkeit ist eine Tugend.<\/p>\n\n\n\n<p class=\"wp-block-paragraph\">Gesellschaften brauchen Gesetze.<\/p>\n\n\n\n<p class=\"wp-block-paragraph\">Schuldige k\u00f6nnen Strafen erhalten.<\/p>\n\n\n\n<p class=\"wp-block-paragraph\">Legitime Autorit\u00e4t ist notwendig.<\/p>\n\n\n\n<p class=\"wp-block-paragraph\">Aber christliche Gerechtigkeit muss mit der Menschenw\u00fcrde und der M\u00f6glichkeit der Bekehrung verbunden sein.<\/p>\n\n\n\n<p class=\"wp-block-paragraph\">Es geht nicht darum, zwischen Gerechtigkeit und Barmherzigkeit zu w\u00e4hlen.<\/p>\n\n\n\n<p class=\"wp-block-paragraph\">Es geht darum zu verstehen, dass wahre Gerechtigkeit niemals Grausamkeit werden darf.<\/p>\n\n\n\n<hr class=\"wp-block-separator has-alpha-channel-opacity\"\/>\n\n\n\n<h1 class=\"wp-block-heading\">59. Die letzte Lehre f\u00fcr den Katholiken<\/h1>\n\n\n\n<p class=\"wp-block-paragraph\">Wenn jemand die Kirche unter Berufung auf die Inquisition angreift, habt keine Angst.<\/p>\n\n\n\n<p class=\"wp-block-paragraph\">Aber verliert auch nicht die N\u00e4chstenliebe.<\/p>\n\n\n\n<p class=\"wp-block-paragraph\">Ihr k\u00f6nnt antworten:<\/p>\n\n\n\n<p class=\"wp-block-paragraph\"><strong>Ja, inquisitorische Gerichte haben existiert.<\/strong><\/p>\n\n\n\n<p class=\"wp-block-paragraph\"><strong>Ja, es gab Missbr\u00e4uche.<\/strong><\/p>\n\n\n\n<p class=\"wp-block-paragraph\"><strong>Ja, Folter wurde in bestimmten F\u00e4llen angewandt.<\/strong><\/p>\n\n\n\n<p class=\"wp-block-paragraph\"><strong>Ja, es gab Hinrichtungen.<\/strong><\/p>\n\n\n\n<p class=\"wp-block-paragraph\"><strong>Nein, die traditionelle Propaganda gibt nicht alle Dimensionen des Ph\u00e4nomens angemessen wieder.<\/strong><\/p>\n\n\n\n<p class=\"wp-block-paragraph\"><strong>Nein, die spektakul\u00e4rsten popul\u00e4ren Zahlen sind historisch nicht zuverl\u00e4ssig.<\/strong><\/p>\n\n\n\n<p class=\"wp-block-paragraph\"><strong>Nein, es gab nicht eine einzige homogene \u201eInquisition\u201c durch die gesamte Geschichte hindurch.<\/strong><\/p>\n\n\n\n<p class=\"wp-block-paragraph\"><strong>Nein, die Kirche kann nicht einfach mit jeder Entscheidung gleichgesetzt werden, die von weltlichen M\u00e4chten getroffen wurde.<\/strong><\/p>\n\n\n\n<p class=\"wp-block-paragraph\"><strong>Nein, die S\u00fcnden bestimmter Christen beweisen nicht, dass das Evangelium falsch ist.<\/strong><\/p>\n\n\n\n<p class=\"wp-block-paragraph\"><strong>Und ja, Geschichte muss anhand von Dokumenten, Kontext und Ehrlichkeit untersucht werden.<\/strong><\/p>\n\n\n\n<p class=\"wp-block-paragraph\">Diese Antwort ist nicht schwach.<\/p>\n\n\n\n<p class=\"wp-block-paragraph\">Sie ist stark.<\/p>\n\n\n\n<p class=\"wp-block-paragraph\">Denn sie h\u00e4ngt nicht von Propaganda ab.<\/p>\n\n\n\n<p class=\"wp-block-paragraph\">Sie h\u00e4ngt von der Wahrheit ab.<\/p>\n\n\n\n<hr class=\"wp-block-separator has-alpha-channel-opacity\"\/>\n\n\n\n<h1 class=\"wp-block-heading\">60. Ein praktischer Leitfaden zur Verteidigung des Glaubens gegen Schwarze Legenden<\/h1>\n\n\n\n<p class=\"wp-block-paragraph\">Wenn jemand eine historische Anschuldigung gegen die Kirche vorbringt, k\u00f6nnen wir folgenderma\u00dfen vorgehen:<\/p>\n\n\n\n<h3 class=\"wp-block-heading\">Schritt 1: Nicht emotional reagieren<\/h3>\n\n\n\n<p class=\"wp-block-paragraph\">Nehmt die Anschuldigung nicht sofort an.<\/p>\n\n\n\n<p class=\"wp-block-paragraph\">Aber leugnet sie auch nicht automatisch.<\/p>\n\n\n\n<h3 class=\"wp-block-heading\">Schritt 2: Nach der Quelle fragen<\/h3>\n\n\n\n<p class=\"wp-block-paragraph\">\u201eWoher stammt diese Information?\u201c<\/p>\n\n\n\n<h3 class=\"wp-block-heading\">Schritt 3: Den Zeitraum bestimmen<\/h3>\n\n\n\n<p class=\"wp-block-paragraph\">\u201eVon welchem Jahrhundert sprechen wir?\u201c<\/p>\n\n\n\n<h3 class=\"wp-block-heading\">Schritt 4: Die Institution bestimmen<\/h3>\n\n\n\n<p class=\"wp-block-paragraph\">\u201eSprechen Sie von der mittelalterlichen, spanischen oder r\u00f6mischen Inquisition?\u201c<\/p>\n\n\n\n<h3 class=\"wp-block-heading\">Schritt 5: Anschuldigung, Verurteilung und Hinrichtung voneinander trennen<\/h3>\n\n\n\n<p class=\"wp-block-paragraph\">Sie sind nicht dasselbe.<\/p>\n\n\n\n<h3 class=\"wp-block-heading\">Schritt 6: Kirche und weltliche Macht voneinander unterscheiden<\/h3>\n\n\n\n<p class=\"wp-block-paragraph\">Nicht jede Handlung einer katholischen Monarchie ist automatisch eine Lehre der Kirche.<\/p>\n\n\n\n<h3 class=\"wp-block-heading\">Schritt 7: Reale Tatsachen anerkennen<\/h3>\n\n\n\n<p class=\"wp-block-paragraph\">Leugnet nicht, was dokumentiert ist.<\/p>\n\n\n\n<h3 class=\"wp-block-heading\">Schritt 8: \u00dcbertreibungen korrigieren<\/h3>\n\n\n\n<p class=\"wp-block-paragraph\">Insbesondere Zahlen und Verallgemeinerungen.<\/p>\n\n\n\n<h3 class=\"wp-block-heading\">Schritt 9: Den Kontext erkl\u00e4ren<\/h3>\n\n\n\n<p class=\"wp-block-paragraph\">Rechtliche Mentalit\u00e4t, politische Struktur, religi\u00f6se Auffassung der Gesellschaft.<\/p>\n\n\n\n<h3 class=\"wp-block-heading\">Schritt 10: Zum Evangelium zur\u00fcckkehren<\/h3>\n\n\n\n<p class=\"wp-block-paragraph\">Denn das letztendliche Ziel besteht nicht darin, eine historische Diskussion zu gewinnen.<\/p>\n\n\n\n<p class=\"wp-block-paragraph\">Es besteht darin, die Wahrheit Christi zu zeigen.<\/p>\n\n\n\n<hr class=\"wp-block-separator has-alpha-channel-opacity\"\/>\n\n\n\n<h1 class=\"wp-block-heading\">61. Eine letzte geistliche Betrachtung<\/h1>\n\n\n\n<p class=\"wp-block-paragraph\">Die Geschichte der Kirche ist in vielerlei Hinsicht eine Geschichte des Kampfes zwischen Gnade und S\u00fcnde.<\/p>\n\n\n\n<p class=\"wp-block-paragraph\">Der heilige Paulus bringt es so zum Ausdruck:<\/p>\n\n\n\n<blockquote class=\"wp-block-quote is-layout-flow wp-block-quote-is-layout-flow\">\n<p class=\"wp-block-paragraph\">\u201eDiesen Schatz tragen wir aber in zerbrechlichen Gef\u00e4\u00dfen, damit die \u00fcberragende Kraft von Gott und nicht von uns stammt\u201c (2 Kor 4,7).<\/p>\n<\/blockquote>\n\n\n\n<p class=\"wp-block-paragraph\">Dieser Satz erhellt die christliche Geschichte vollkommen.<\/p>\n\n\n\n<p class=\"wp-block-paragraph\">Die Kirche besitzt einen Schatz.<\/p>\n\n\n\n<p class=\"wp-block-paragraph\">Aber ihre Mitglieder sind Gef\u00e4\u00dfe aus Ton.<\/p>\n\n\n\n<p class=\"wp-block-paragraph\">Einige waren Heilige.<\/p>\n\n\n\n<p class=\"wp-block-paragraph\">Andere waren S\u00fcnder.<\/p>\n\n\n\n<p class=\"wp-block-paragraph\">Einige verteidigten die Wahrheit heroisch.<\/p>\n\n\n\n<p class=\"wp-block-paragraph\">Andere missbrauchten ihre Autorit\u00e4t.<\/p>\n\n\n\n<p class=\"wp-block-paragraph\">Einige starben f\u00fcr Christus.<\/p>\n\n\n\n<p class=\"wp-block-paragraph\">Andere lie\u00dfen ihre Mitmenschen leiden.<\/p>\n\n\n\n<p class=\"wp-block-paragraph\">Wir d\u00fcrfen keine dieser Wirklichkeiten leugnen.<\/p>\n\n\n\n<p class=\"wp-block-paragraph\">Aber wir d\u00fcrfen auch nicht zulassen, dass uns die S\u00fcnden der Gef\u00e4\u00dfe dazu bringen, den Schatz zu leugnen.<\/p>\n\n\n\n<hr class=\"wp-block-separator has-alpha-channel-opacity\"\/>\n\n\n\n<h1 class=\"wp-block-heading\">Schluss: Die Wahrheit braucht keine Legende, um sich zu verteidigen<\/h1>\n\n\n\n<p class=\"wp-block-paragraph\">Die Inquisition muss mit Strenge untersucht werden.<\/p>\n\n\n\n<p class=\"wp-block-paragraph\">Nicht als mythologisches Monster.<\/p>\n\n\n\n<p class=\"wp-block-paragraph\">Aber auch nicht als vollkommene Institution.<\/p>\n\n\n\n<p class=\"wp-block-paragraph\">Es handelte sich um verschiedene kirchliche Gerichte, die in konkreten historischen Zusammenh\u00e4ngen entstanden und in einer Gesellschaft wirkten, in der Religion eine wesentliche Dimension des \u00f6ffentlichen Lebens darstellte. Es gab rechtliche Verfahren, Untersuchungen, verschiedene Strafen, Missbr\u00e4uche, Folter und Hinrichtungen. Es gab aber auch \u00dcbertreibungen, aufgebl\u00e4hte Zahlen, propagandistische Erz\u00e4hlungen und sp\u00e4tere Vereinfachungen.<\/p>\n\n\n\n<p class=\"wp-block-paragraph\">Die Realit\u00e4t ist komplex.<\/p>\n\n\n\n<p class=\"wp-block-paragraph\">Und gerade deshalb verdient sie es, bekannt zu werden.<\/p>\n\n\n\n<p class=\"wp-block-paragraph\">Der Katholik muss nicht zwischen zwei L\u00fcgen w\u00e4hlen:<\/p>\n\n\n\n<p class=\"wp-block-paragraph\"><strong>\u201eDie Kirche war immer untadelig.\u201c<\/strong><\/p>\n\n\n\n<p class=\"wp-block-paragraph\">oder<\/p>\n\n\n\n<p class=\"wp-block-paragraph\"><strong>\u201eDie Kirche war immer eine verbrecherische Institution.\u201c<\/strong><\/p>\n\n\n\n<p class=\"wp-block-paragraph\">Beides sind Karikaturen.<\/p>\n\n\n\n<p class=\"wp-block-paragraph\">Die Wahrheit ist tiefer.<\/p>\n\n\n\n<p class=\"wp-block-paragraph\">Die Kirche besteht aus Menschen, die der Bekehrung bed\u00fcrfen, aber sie bewahrt ein Depositum, das nicht von Menschen stammt.<\/p>\n\n\n\n<p class=\"wp-block-paragraph\">Die Geschichte enth\u00e4lt wirkliche S\u00fcnden, aber sie enth\u00e4lt auch einen gewaltigen Strom der Heiligkeit.<\/p>\n\n\n\n<p class=\"wp-block-paragraph\">Es gab Inquisitoren, aber es gab auch Heilige.<\/p>\n\n\n\n<p class=\"wp-block-paragraph\">Es gab Missbr\u00e4uche, aber es gab auch M\u00e4rtyrer.<\/p>\n\n\n\n<p class=\"wp-block-paragraph\">Es gab Fehler, aber es gab auch Universit\u00e4ten, Krankenh\u00e4user, Missionen, Werke der N\u00e4chstenliebe, Rechts-, Philosophie- und Theologietraktate und eine ganze Zivilisation, die sich um Christus herum entwickelte.<\/p>\n\n\n\n<p class=\"wp-block-paragraph\">Und vor allem gab es \u2013 und gibt es immer noch \u2013 ein Evangelium, das nicht auf die Fehler derjenigen reduziert werden kann, die es nicht zu leben vermochten.<\/p>\n\n\n\n<p class=\"wp-block-paragraph\">Wenn uns daher jemand eine neue historische Anschuldigung gegen die Kirche vorlegt, sollten wir nicht mit Angst antworten.<\/p>\n\n\n\n<p class=\"wp-block-paragraph\">Antworten wir mit Gelassenheit.<\/p>\n\n\n\n<p class=\"wp-block-paragraph\"><strong>Untersuchen wir.<\/strong><\/p>\n\n\n\n<p class=\"wp-block-paragraph\"><strong>Unterscheiden wir.<\/strong><\/p>\n\n\n\n<p class=\"wp-block-paragraph\"><strong>Erkennen wir an.<\/strong><\/p>\n\n\n\n<p class=\"wp-block-paragraph\"><strong>Korrigieren wir.<\/strong><\/p>\n\n\n\n<p class=\"wp-block-paragraph\"><strong>Stellen wir die Dinge in ihren Kontext.<\/strong><\/p>\n\n\n\n<p class=\"wp-block-paragraph\"><strong>Und verteidigen wir die Wahrheit.<\/strong><\/p>\n\n\n\n<p class=\"wp-block-paragraph\">Denn das Christentum hat keine Angst vor der Geschichte.<\/p>\n\n\n\n<p class=\"wp-block-paragraph\">Die Kirche braucht keine verf\u00e4lschte Geschichte.<\/p>\n\n\n\n<p class=\"wp-block-paragraph\">Und der Katholik braucht keine Komplexe.<\/p>\n\n\n\n<p class=\"wp-block-paragraph\">Wie uns der heilige Petrus erinnert:<\/p>\n\n\n\n<blockquote class=\"wp-block-quote is-layout-flow wp-block-quote-is-layout-flow\">\n<p class=\"wp-block-paragraph\">\u201eSeid stets bereit, jedem Rede und Antwort zu stehen, der von euch Rechenschaft fordert \u00fcber die Hoffnung, die in euch ist; antwortet aber mit Sanftmut und Ehrfurcht\u201c (1 Petr 3,15).<\/p>\n<\/blockquote>\n\n\n\n<p class=\"wp-block-paragraph\">Das ist die wahre Apologetik.<\/p>\n\n\n\n<p class=\"wp-block-paragraph\">Die Vergangenheit nicht leugnen.<\/p>\n\n\n\n<p class=\"wp-block-paragraph\">Sie nicht idealisieren.<\/p>\n\n\n\n<p class=\"wp-block-paragraph\">Sie nicht d\u00e4monisieren.<\/p>\n\n\n\n<p class=\"wp-block-paragraph\"><strong>Sie im Licht der Wahrheit verstehen.<\/strong><\/p>\n\n\n\n<p class=\"wp-block-paragraph\">Und nachdem wir die Geschichte verstanden haben, unseren Blick auf Christus richten.<\/p>\n\n\n\n<p class=\"wp-block-paragraph\">Denn letztlich ist die entscheidende Frage nicht, was alle Christen im Laufe der Jahrhunderte getan haben.<\/p>\n\n\n\n<p class=\"wp-block-paragraph\">Die entscheidende Frage bleibt jene, die die gesamte Geschichte durchzieht:<\/p>\n\n\n\n<p class=\"wp-block-paragraph\"><strong>Wer ist Jesus Christus?<\/strong><\/p>\n\n\n\n<p class=\"wp-block-paragraph\">Und angesichts dieser Frage kann keine Schwarze Legende die Wahrheit des Evangeliums ver\u00e4ndern.<\/p>\n\n\n\n<p class=\"wp-block-paragraph\"><\/p>\n","protected":false},"excerpt":{"rendered":"<p>Es gibt Worte, die in der heutigen Vorstellungswelt bereits ein Urteil zu enthalten scheinen, noch bevor sie \u00fcberhaupt erkl\u00e4rt werden. Eines davon ist Inquisition. F\u00fcr Millionen von Menschen ruft allein die Erw\u00e4hnung dieses Wortes unmittelbar Bilder von Scheiterhaufen, Folter, Fanatismus, Obskurantismus und einer Kirche hervor, die davon besessen gewesen sei, diejenigen zu verfolgen, die anders &hellip;<\/p>\n","protected":false},"author":3,"featured_media":6293,"comment_status":"open","ping_status":"closed","sticky":false,"template":"","format":"standard","meta":{"_seopress_titles_title":"","_seopress_titles_desc":"","_seopress_robots_index":"","_seopress_robots_follow":"","_seopress_robots_imageindex":"","_seopress_robots_snippet":"","_seopress_robots_primary_cat":"","_seopress_robots_breadcrumbs":"","_seopress_robots_freeze_modified_date":"","_seopress_robots_custom_modified_date":"","_seopress_robots_canonical":"","_seopress_social_fb_title":"","_seopress_social_fb_desc":"","_seopress_social_fb_img":"","_seopress_social_fb_img_attachment_id":0,"_seopress_social_fb_img_width":0,"_seopress_social_fb_img_height":0,"_seopress_social_twitter_title":"","_seopress_social_twitter_desc":"","_seopress_social_twitter_img":"","_seopress_social_twitter_img_attachment_id":0,"_seopress_social_twitter_img_width":0,"_seopress_social_twitter_img_height":0,"_seopress_redirections_value":"","_seopress_redirections_enabled":"","_seopress_redirections_enabled_regex":"","_seopress_redirections_logged_status":"","_seopress_redirections_param":"","_seopress_redirections_type":0,"_seopress_analysis_target_kw":"","footnotes":""},"categories":[48,38],"tags":[594],"class_list":["post-6292","post","type-post","status-publish","format-standard","has-post-thumbnail","","category-geschichte-der-kirche","category-geschichte-und-tradition","tag-inquisition"],"_links":{"self":[{"href":"https:\/\/catholicus.eu\/de\/wp-json\/wp\/v2\/posts\/6292","targetHints":{"allow":["GET"]}}],"collection":[{"href":"https:\/\/catholicus.eu\/de\/wp-json\/wp\/v2\/posts"}],"about":[{"href":"https:\/\/catholicus.eu\/de\/wp-json\/wp\/v2\/types\/post"}],"author":[{"embeddable":true,"href":"https:\/\/catholicus.eu\/de\/wp-json\/wp\/v2\/users\/3"}],"replies":[{"embeddable":true,"href":"https:\/\/catholicus.eu\/de\/wp-json\/wp\/v2\/comments?post=6292"}],"version-history":[{"count":1,"href":"https:\/\/catholicus.eu\/de\/wp-json\/wp\/v2\/posts\/6292\/revisions"}],"predecessor-version":[{"id":6294,"href":"https:\/\/catholicus.eu\/de\/wp-json\/wp\/v2\/posts\/6292\/revisions\/6294"}],"wp:featuredmedia":[{"embeddable":true,"href":"https:\/\/catholicus.eu\/de\/wp-json\/wp\/v2\/media\/6293"}],"wp:attachment":[{"href":"https:\/\/catholicus.eu\/de\/wp-json\/wp\/v2\/media?parent=6292"}],"wp:term":[{"taxonomy":"category","embeddable":true,"href":"https:\/\/catholicus.eu\/de\/wp-json\/wp\/v2\/categories?post=6292"},{"taxonomy":"post_tag","embeddable":true,"href":"https:\/\/catholicus.eu\/de\/wp-json\/wp\/v2\/tags?post=6292"}],"curies":[{"name":"wp","href":"https:\/\/api.w.org\/{rel}","templated":true}]}}