{"id":5857,"date":"2026-05-01T21:26:19","date_gmt":"2026-05-01T19:26:19","guid":{"rendered":"https:\/\/catholicus.eu\/de\/?p=5857"},"modified":"2026-05-01T21:26:20","modified_gmt":"2026-05-01T19:26:20","slug":"die-verantwortung-die-grosse-stille-pruefung-unserer-seele-in-einer-gesellschaft-die-aufgehoert-hat-zu-antworten","status":"publish","type":"post","link":"https:\/\/catholicus.eu\/de\/die-verantwortung-die-grosse-stille-pruefung-unserer-seele-in-einer-gesellschaft-die-aufgehoert-hat-zu-antworten\/","title":{"rendered":"Die Verantwortung: die gro\u00dfe stille Pr\u00fcfung unserer Seele in einer Gesellschaft, die aufgeh\u00f6rt hat zu antworten"},"content":{"rendered":"\n<p>Wir leben in einer seltsamen Zeit. Noch nie gab es so viele Informationen, so viele verk\u00fcndete Rechte, so viele Meinungen, die jede Sekunde zirkulieren \u2026 und dennoch hatte der Mensch selten so gro\u00dfe Schwierigkeiten, Verantwortung zu \u00fcbernehmen. Man gibt dem System die Schuld, der Erziehung, der Politik, der Wirtschaft, der Kindheit, den sozialen Netzwerken oder sogar der Genetik. Alles scheint unser Handeln zu erkl\u00e4ren \u2026 au\u00dfer wir selbst.<\/p>\n\n\n\n<p>Doch das Christentum lehrt von seinen tiefsten Wurzeln her etwas radikal anderes: Der Mensch ist frei, und gerade deshalb ist er verantwortlich.<\/p>\n\n\n\n<p>Verantwortung ist keine Last, die von der Religion erfunden wurde, um Menschen zu kontrollieren. Sie ist eine direkte Folge der menschlichen W\u00fcrde. Gott hat keine Roboter oder Marionetten geschaffen. Er schuf Personen, die lieben, entscheiden, gehorchen, aufbauen oder zerst\u00f6ren k\u00f6nnen. Und jede echte Freiheit bringt eine moralische Antwort mit sich.<\/p>\n\n\n\n<p>Im Grunde k\u00f6nnte das ganze christliche Leben in einer einzigen Frage zusammengefasst werden: <strong>Was mache ich mit der Freiheit, die Gott mir gegeben hat?<\/strong><\/p>\n\n\n\n<p>Denn jede Entscheidung hinterl\u00e4sst Spuren. Jede Unterlassung hat Konsequenzen. Jede Handlung baut etwas in uns und in anderen auf \u2013 oder zerst\u00f6rt es.<\/p>\n\n\n\n<p>Heute spricht man viel \u00fcber Rechte, aber sehr wenig \u00fcber Pflichten. Viel \u00fcber Autonomie, aber wenig \u00fcber Verantwortung. Viel dar\u00fcber, sich gut zu f\u00fchlen, aber wenig dar\u00fcber, das Gute zu tun.<\/p>\n\n\n\n<p>Und doch ist die Heilige Schrift vollkommen klar:<\/p>\n\n\n\n<blockquote class=\"wp-block-quote is-layout-flow wp-block-quote-is-layout-flow\">\n<p>\u201eSo wird also jeder von uns f\u00fcr sich selbst Gott Rechenschaft geben.\u201c<br>\u2014 R\u00f6mer 14,12<\/p>\n<\/blockquote>\n\n\n\n<p>Diese Worte sind ersch\u00fctternd. Dort steht nicht, dass wir f\u00fcr das verantwortlich sein werden, was \u201ealle anderen\u201c getan haben. Wir werden nicht f\u00fcr kulturelle Str\u00f6mungen oder kollektive Ausreden Rechenschaft ablegen. Jede Seele wird pers\u00f6nlich vor Gott stehen.<\/p>\n\n\n\n<p>Verantwortung ist also nicht einfach nur ein moralischer Begriff. Sie ist eine geistliche Wirklichkeit.<\/p>\n\n\n\n<hr class=\"wp-block-separator has-alpha-channel-opacity\"\/>\n\n\n\n<h1 class=\"wp-block-heading\">Verantwortung: das heilige Gewicht der Freiheit<\/h1>\n\n\n\n<p>Verantwortung entsteht aus der Freiheit. Nur wer frei ist, kann verantwortlich sein. Ein Tier handelt aus Instinkt; der Mensch handelt aus Entscheidung. Darin liegt sowohl die Gr\u00f6\u00dfe als auch das Drama unserer menschlichen Existenz.<\/p>\n\n\n\n<p>Gott wollte, dass unsere Entscheidungen echten Wert besitzen. Deshalb k\u00f6nnen unsere Taten tugendhaft oder s\u00fcndhaft, edel oder erb\u00e4rmlich, heilig oder zerst\u00f6rerisch sein.<\/p>\n\n\n\n<p>Verantwortung umfasst drei gro\u00dfe Wirklichkeiten:<\/p>\n\n\n\n<ul class=\"wp-block-list\">\n<li>den guten oder schlechten Gebrauch der Freiheit;<\/li>\n\n\n\n<li>die Verpflichtung, f\u00fcr seine Handlungen Rechenschaft abzulegen;<\/li>\n\n\n\n<li>die Existenz moralischer Konsequenzen.<\/li>\n<\/ul>\n\n\n\n<p>Die heutige Kultur reduziert Verantwortung oft nur auf den rechtlichen Bereich. Solange etwas nicht illegal ist, scheint es akzeptabel zu sein. Doch die christliche Moral geht weit dar\u00fcber hinaus. Es gibt Handlungen, die vielleicht niemals von menschlichen Gerichten bestraft werden und dennoch die Seele tief verwunden und der Gesellschaft schaden.<\/p>\n\n\n\n<p>Ein Unternehmer kann Arbeiter ausbeuten, ohne formal gegen das Gesetz zu versto\u00dfen. Ein Journalist kann manipulieren, ohne ins Gef\u00e4ngnis zu kommen. Ein Politiker kann st\u00e4ndig l\u00fcgen, ohne juristische Konsequenzen zu tragen. Ein Vater kann seine Kinder emotional verlassen, ohne vor Gericht gestellt zu werden.<\/p>\n\n\n\n<p>Aber Gott sieht es.<\/p>\n\n\n\n<p>Und das Gewissen ebenfalls.<\/p>\n\n\n\n<hr class=\"wp-block-separator has-alpha-channel-opacity\"\/>\n\n\n\n<h1 class=\"wp-block-heading\">Verantwortung in der Bibel: von der Genesis bis zu Christus<\/h1>\n\n\n\n<p>Schon auf den ersten Seiten der Schrift erscheint diese Wirklichkeit.<\/p>\n\n\n\n<p>Als Adam und Eva s\u00fcndigen, fragt Gott:<\/p>\n\n\n\n<blockquote class=\"wp-block-quote is-layout-flow wp-block-quote-is-layout-flow\">\n<p>\u201eWo bist du?\u201c<br>\u2014 Genesis 3,9<\/p>\n<\/blockquote>\n\n\n\n<p>Die Frage ist nicht geografisch. Sie ist moralisch. Gott ruft den Menschen dazu auf, f\u00fcr seine Taten einzustehen.<\/p>\n\n\n\n<p>Doch sofort erscheint derselbe Mechanismus, der die Menschheit bis heute beherrscht: die Flucht vor der Verantwortung.<\/p>\n\n\n\n<p>Adam beschuldigt Eva.<\/p>\n\n\n\n<p>Eva beschuldigt die Schlange.<\/p>\n\n\n\n<p>Niemand will seine Schuld vollst\u00e4ndig annehmen.<\/p>\n\n\n\n<p>Und genauso funktioniert die Welt bis heute.<\/p>\n\n\n\n<p>Die Erbs\u00fcnde hat nicht nur unsere Natur verwundet; sie hat auch unsere F\u00e4higkeit geschw\u00e4cht, unsere Fehler anzuerkennen. Der gefallene Mensch neigt st\u00e4ndig dazu, sich selbst zu rechtfertigen.<\/p>\n\n\n\n<p>Christus jedoch kam, um den wahren Menschen wiederherzustellen. Und eines der beeindruckendsten Merkmale Jesu ist gerade seine absolute Verantwortung vor dem Willen des Vaters.<\/p>\n\n\n\n<p>Jesus Christus lebte nicht, um Ausreden zu suchen. Er lebte im Gehorsam.<\/p>\n\n\n\n<blockquote class=\"wp-block-quote is-layout-flow wp-block-quote-is-layout-flow\">\n<p>\u201eVater, nicht mein Wille, sondern der deine geschehe.\u201c<br>\u2014 Lukas 22,42<\/p>\n<\/blockquote>\n\n\n\n<p>In Gethsemane sehen wir das vollkommene Modell geistlicher Verantwortung: die Pflicht anzunehmen, selbst wenn sie Blut kostet.<\/p>\n\n\n\n<hr class=\"wp-block-separator has-alpha-channel-opacity\"\/>\n\n\n\n<h1 class=\"wp-block-heading\">a) Verantwortung: eine vergessene Tugend<\/h1>\n\n\n\n<p>Verantwortung besteht darin, richtig auf die Verpflichtungen zu antworten, die wir vor Gott, vor anderen Menschen und vor unserem eigenen Gewissen haben.<\/p>\n\n\n\n<p>Sie h\u00e4ngt nicht einfach davon ab, was \u201eich f\u00fchle\u201c oder \u201eich denke\u201c. Die moralische Wahrheit ver\u00e4ndert sich nicht je nach Emotionen.<\/p>\n\n\n\n<p>Wir leben in einer zutiefst sentimentalistischen Kultur. Viele Menschen glauben, etwas sei gut, nur weil es ihnen ein gutes Gef\u00fchl gibt. Doch das Gute h\u00e4ngt nicht von Gef\u00fchlszust\u00e4nden ab.<\/p>\n\n\n\n<p>Die Wahrheit ist objektiv.<\/p>\n\n\n\n<p>Das Gute existiert, auch wenn es mir nicht gef\u00e4llt.<\/p>\n\n\n\n<p>Das B\u00f6se bleibt b\u00f6se, selbst wenn Millionen es guthei\u00dfen.<\/p>\n\n\n\n<p>Deshalb verlangt Verantwortung Reife. Sie bedeutet anzunehmen, dass wir nicht das Zentrum des Universums sind und dass unsere Entscheidungen echte Konsequenzen haben.<\/p>\n\n\n\n<p>Das Christentum infantilisiert den Menschen nicht. Es ruft ihn zum Wachstum auf.<\/p>\n\n\n\n<p>Der heilige Paulus schreibt:<\/p>\n\n\n\n<blockquote class=\"wp-block-quote is-layout-flow wp-block-quote-is-layout-flow\">\n<p>\u201eAls ich ein Kind war, redete ich wie ein Kind \u2026 Als ich aber ein Mann wurde, legte ich ab, was Kind an mir war.\u201c<br>\u2014 1 Korinther 13,11<\/p>\n<\/blockquote>\n\n\n\n<p>Eine unreife Gesellschaft sucht sofortiges Vergn\u00fcgen und flieht vor der Pflicht. Eine reife Gesellschaft versteht, dass wahre Freiheit Opfer, Disziplin und Wahrheit verlangt.<\/p>\n\n\n\n<hr class=\"wp-block-separator has-alpha-channel-opacity\"\/>\n\n\n\n<h1 class=\"wp-block-heading\">Die gegenw\u00e4rtige Krise der Verantwortung<\/h1>\n\n\n\n<p>Heute erleben wir auf mehreren Ebenen eine tiefe Krise der Verantwortung:<\/p>\n\n\n\n<h2 class=\"wp-block-heading\">1. Pers\u00f6nliche Verantwortung<\/h2>\n\n\n\n<p>Viele Menschen haben aufgeh\u00f6rt, ihr eigenes Leben zu f\u00fchren. Sie leben nur noch als Reaktion auf Impulse, Emotionen und vor\u00fcbergehende W\u00fcnsche.<\/p>\n\n\n\n<p>An allem wird Schuld gesucht \u2013 au\u00dfer an der pers\u00f6nlichen S\u00fcnde.<\/p>\n\n\n\n<h2 class=\"wp-block-heading\">2. Verantwortung in der Familie<\/h2>\n\n\n\n<p>Eltern, die emotional abwesend sind.<\/p>\n\n\n\n<p>Kinder, die ohne Grenzen erzogen werden.<\/p>\n\n\n\n<p>Ehen, die durch Egoismus zerst\u00f6rt werden.<\/p>\n\n\n\n<p>Die Familie leidet, wenn das Pflichtbewusstsein verschwindet.<\/p>\n\n\n\n<h2 class=\"wp-block-heading\">3. Politische und gesellschaftliche Verantwortung<\/h2>\n\n\n\n<p>F\u00fchrer, die Popularit\u00e4t statt Wahrheit suchen.<\/p>\n\n\n\n<p>Medien, die Emotionen manipulieren.<\/p>\n\n\n\n<p>Institutionen, die unf\u00e4hig sind, das Gemeinwohl zu sch\u00fctzen.<\/p>\n\n\n\n<h2 class=\"wp-block-heading\">4. Geistliche Verantwortung<\/h2>\n\n\n\n<p>Vielleicht die schlimmste Krise von allen.<\/p>\n\n\n\n<p>Viele Menschen f\u00fchlen sich nicht mehr f\u00fcr ihre Seele verantwortlich. Sie leben, als g\u00e4be es Gott nicht und als m\u00fcssten sie niemals Rechenschaft ablegen.<\/p>\n\n\n\n<p>Doch Christus warnte klar:<\/p>\n\n\n\n<blockquote class=\"wp-block-quote is-layout-flow wp-block-quote-is-layout-flow\">\n<p>\u201eAm Tag des Gerichts werden die Menschen Rechenschaft ablegen m\u00fcssen \u00fcber jedes unn\u00fctze Wort, das sie gesprochen haben.\u201c<br>\u2014 Matth\u00e4us 12,36<\/p>\n<\/blockquote>\n\n\n\n<hr class=\"wp-block-separator has-alpha-channel-opacity\"\/>\n\n\n\n<h1 class=\"wp-block-heading\">b) Pers\u00f6nliche Verantwortung: jede Seele wird f\u00fcr sich selbst antworten<\/h1>\n\n\n\n<p>Es gibt eine Verantwortung, die niemand an unserer Stelle \u00fcbernehmen kann: die pers\u00f6nliche Verantwortung.<\/p>\n\n\n\n<p>Jeder Mensch muss f\u00fcr seine eigenen Taten einstehen.<\/p>\n\n\n\n<p>Das scheint offensichtlich, doch heute wird diese Wahrheit st\u00e4ndig verw\u00e4ssert. Wir leben umgeben von so m\u00e4chtigen kollektiven Einfl\u00fcssen, dass viele am Ende glauben, sie seien nicht wirklich verantwortlich f\u00fcr das, was sie tun.<\/p>\n\n\n\n<p>\u201eAlle machen das.\u201c<\/p>\n\n\n\n<p>\u201eDas ist normal.\u201c<\/p>\n\n\n\n<p>\u201eDie Gesellschaft hat sich ver\u00e4ndert.\u201c<\/p>\n\n\n\n<p>\u201eJeder hat seine eigene Wahrheit.\u201c<\/p>\n\n\n\n<p>Doch das Evangelium spricht niemals so.<\/p>\n\n\n\n<p>Das menschliche Gewissen bleibt pers\u00f6nlich.<\/p>\n\n\n\n<p>Jeder Mann und jede Frau wird einzeln vor Gott stehen.<\/p>\n\n\n\n<hr class=\"wp-block-separator has-alpha-channel-opacity\"\/>\n\n\n\n<h1 class=\"wp-block-heading\">Schuldhafte Verantwortung<\/h1>\n\n\n\n<p>Pers\u00f6nliche Verantwortung kann schuldhaft sein, wenn Nachl\u00e4ssigkeit, Bequemlichkeit, Unterlassung oder moralische Tr\u00e4gheit vorliegen.<\/p>\n\n\n\n<p>Wir s\u00fcndigen nicht nur dadurch, dass wir B\u00f6ses tun.<\/p>\n\n\n\n<p>Wir s\u00fcndigen auch dadurch, dass wir das Gute unterlassen.<\/p>\n\n\n\n<p>Das ist eine der gro\u00dfen geistlichen Wahrheiten, die unsere Zeit vergessen hat.<\/p>\n\n\n\n<p>Viele glauben, es reiche aus, \u201eniemandem zu schaden\u201c. Doch das Evangelium verlangt weit mehr.<\/p>\n\n\n\n<p>Die Unterlassungss\u00fcnde erscheint mit gro\u00dfer Kraft im J\u00fcngsten Gericht:<\/p>\n\n\n\n<blockquote class=\"wp-block-quote is-layout-flow wp-block-quote-is-layout-flow\">\n<p>\u201eIch war hungrig und ihr habt mir nichts zu essen gegeben.\u201c<br>\u2014 Matth\u00e4us 25,42<\/p>\n<\/blockquote>\n\n\n\n<p>Sie wurden nicht verurteilt, weil sie gestohlen hatten.<\/p>\n\n\n\n<p>Nicht, weil sie get\u00f6tet hatten.<\/p>\n\n\n\n<p>Sondern weil sie nicht geliebt hatten.<\/p>\n\n\n\n<p>Weil sie nicht gehandelt hatten.<\/p>\n\n\n\n<p>Weil sie nicht geantwortet hatten.<\/p>\n\n\n\n<hr class=\"wp-block-separator has-alpha-channel-opacity\"\/>\n\n\n\n<h1 class=\"wp-block-heading\">Schuldlose Verantwortung<\/h1>\n\n\n\n<p>Die Kirche lehrt auch etwas zutiefst Menschliches und Ausgewogenes: Nicht jede Verantwortung tr\u00e4gt denselben Grad an Schuld.<\/p>\n\n\n\n<p>Volle Freiheit kann fehlen aufgrund un\u00fcberwindlicher Unwissenheit, schwerer Angst, Zwang, Krankheit oder psychischer Bedingungen.<\/p>\n\n\n\n<p>Die katholische Moral war niemals vereinfachend.<\/p>\n\n\n\n<p>Gott kennt das menschliche Herz vollkommen.<\/p>\n\n\n\n<p>Er richtet nicht nur \u00e4u\u00dfere Taten, sondern auch Absicht, Freiheit und Umst\u00e4nde.<\/p>\n\n\n\n<p>Dennoch darf diese Wahrheit niemals zu einer Entschuldigung werden, um die S\u00fcnde zu relativieren.<\/p>\n\n\n\n<p>Heute gibt es eine gef\u00e4hrliche Tendenz, jede Schuld in ein Trauma und jede Verantwortung in Opfermentalit\u00e4t umzuwandeln.<\/p>\n\n\n\n<p>Das Evangelium heilt Wunden, ja \u2013 aber es ruft auch zur Umkehr auf.<\/p>\n\n\n\n<hr class=\"wp-block-separator has-alpha-channel-opacity\"\/>\n\n\n\n<h1 class=\"wp-block-heading\">Die Gefahr, nach dem \u201eWas werden die Leute sagen?\u201c zu leben<\/h1>\n\n\n\n<p>Einer der gr\u00f6\u00dften Feinde der Verantwortung ist die Knechtschaft gegen\u00fcber der \u00f6ffentlichen Meinung.<\/p>\n\n\n\n<p>Viele Menschen wissen, was richtig ist, tun es aber aus Angst vor Ablehnung nicht.<\/p>\n\n\n\n<p>Der Christ ist berufen, nach der Wahrheit zu leben, nicht nach Applaus.<\/p>\n\n\n\n<p>Die M\u00e4rtyrer starben nicht f\u00fcr Popularit\u00e4t.<\/p>\n\n\n\n<p>Die Heiligen haben die Wahrheit nicht ver\u00e4ndert, um der Welt zu gefallen.<\/p>\n\n\n\n<p>Christus selbst wurde gerade deshalb abgelehnt, weil er die Wahrheit sprach.<\/p>\n\n\n\n<p>Heute m\u00fcssen wir den moralischen Mut wiederfinden.<\/p>\n\n\n\n<p>Kinder im Glauben erziehen.<\/p>\n\n\n\n<p>Die Menschenw\u00fcrde verteidigen.<\/p>\n\n\n\n<p>Die Wahrheit sagen.<\/p>\n\n\n\n<p>Nicht an Ungerechtigkeiten teilnehmen, selbst wenn sie legal oder popul\u00e4r sind.<\/p>\n\n\n\n<hr class=\"wp-block-separator has-alpha-channel-opacity\"\/>\n\n\n\n<h1 class=\"wp-block-heading\">c) Gemeinsame Verantwortung: wir alle bauen oder zerst\u00f6ren die Gesellschaft<\/h1>\n\n\n\n<p>Der katholische Glaube hat niemals einen egoistischen Individualismus gelehrt. Der Mensch lebt nicht isoliert.<\/p>\n\n\n\n<p>Wir tragen auch Verantwortung f\u00fcr das Gemeinwohl.<\/p>\n\n\n\n<p>Die Soziallehre der Kirche betont immer wieder diese Wirklichkeit: Jede gesunde Gesellschaft braucht verantwortungsbewusste B\u00fcrger.<\/p>\n\n\n\n<p>Das Gemeinwohl entsteht nicht spontan.<\/p>\n\n\n\n<p>Es muss aufgebaut werden.<\/p>\n\n\n\n<p>Ein Krankenhaus, eine Schule, ein gerechtes Rechtssystem oder ein friedliches Zusammenleben existieren nur dann, wenn Millionen Menschen konkrete Pflichten erf\u00fcllen.<\/p>\n\n\n\n<p>Gemeinsame Verantwortung bedeutet zu verstehen, dass meine Handlungen andere betreffen.<\/p>\n\n\n\n<hr class=\"wp-block-separator has-alpha-channel-opacity\"\/>\n\n\n\n<h1 class=\"wp-block-heading\">Soziale S\u00fcnde<\/h1>\n\n\n\n<p>Obwohl S\u00fcnde immer pers\u00f6nlich ist, gibt es auch Strukturen der S\u00fcnde.<\/p>\n\n\n\n<p>Ganze Systeme k\u00f6nnen Ungerechtigkeit normalisieren.<\/p>\n\n\n\n<p>Der heilige Johannes Paul II. sprach wiederholt \u00fcber diese sozialen Strukturen, die das B\u00f6se f\u00f6rdern:<\/p>\n\n\n\n<ul class=\"wp-block-list\">\n<li>Korruption;<\/li>\n\n\n\n<li>mediale Manipulation;<\/li>\n\n\n\n<li>wirtschaftliche Ausbeutung;<\/li>\n\n\n\n<li>die Kultur des Todes;<\/li>\n\n\n\n<li>sexuelle Banalisierung;<\/li>\n\n\n\n<li>menschenfeindliche Ideologien.<\/li>\n<\/ul>\n\n\n\n<p>Wenn eine Gesellschaft aufh\u00f6rt, zwischen Gut und B\u00f6se zu unterscheiden, wird sie moralisch krank.<\/p>\n\n\n\n<hr class=\"wp-block-separator has-alpha-channel-opacity\"\/>\n\n\n\n<h1 class=\"wp-block-heading\">Die Verantwortlichen f\u00fcr das Gemeinwohl<\/h1>\n\n\n\n<p>Wer Autorit\u00e4t besitzt, tr\u00e4gt eine noch gr\u00f6\u00dfere Verantwortung.<\/p>\n\n\n\n<p>Regierungen.<\/p>\n\n\n\n<p>Richter.<\/p>\n\n\n\n<p>Polizei.<\/p>\n\n\n\n<p>Lehrer.<\/p>\n\n\n\n<p>Journalisten.<\/p>\n\n\n\n<p>Priester.<\/p>\n\n\n\n<p>Eltern.<\/p>\n\n\n\n<p>Sie alle beeinflussen das Leben anderer zutiefst.<\/p>\n\n\n\n<p>Deshalb war Christus besonders streng gegen\u00fcber denen, die \u00c4rgernis geben:<\/p>\n\n\n\n<blockquote class=\"wp-block-quote is-layout-flow wp-block-quote-is-layout-flow\">\n<p>\u201eWer einen von diesen Kleinen zum B\u00f6sen verf\u00fchrt \u2026 f\u00fcr den w\u00e4re es besser, man h\u00e4ngte ihm einen M\u00fchlstein um den Hals.\u201c<br>\u2014 Matth\u00e4us 18,6<\/p>\n<\/blockquote>\n\n\n\n<p>\u00c4rgernis bedeutet nicht einfach \u201eetwas Schockierendes zu tun\u201c. In der Moraltheologie bedeutet \u00c4rgernis, einen anderen Menschen zur S\u00fcnde zu verleiten.<\/p>\n\n\n\n<p>Und heute ist \u00c4rgernis fast zu einer kulturellen Industrie geworden.<\/p>\n\n\n\n<p>Fernsehserien.<\/p>\n\n\n\n<p>Werbung.<\/p>\n\n\n\n<p>Influencer.<\/p>\n\n\n\n<p>Musik.<\/p>\n\n\n\n<p>Politik.<\/p>\n\n\n\n<p>Alles scheint st\u00e4ndig zur Verharmlosung des B\u00f6sen zu dr\u00e4ngen.<\/p>\n\n\n\n<hr class=\"wp-block-separator has-alpha-channel-opacity\"\/>\n\n\n\n<h1 class=\"wp-block-heading\">d) Mitwirkung am B\u00f6sen: wenn wir das B\u00f6se nicht direkt tun \u2026 aber dazu beitragen, dass es geschieht<\/h1>\n\n\n\n<p>Dies ist eines der wichtigsten und am wenigsten verstandenen Themen der heutigen katholischen Moral.<\/p>\n\n\n\n<p>Viele Menschen denken:<\/p>\n\n\n\n<p>\u201eIch habe nichts B\u00f6ses getan.\u201c<\/p>\n\n\n\n<p>Doch die moralische Frage lautet auch:<\/p>\n\n\n\n<p>\u201eHast du jemand anderem geholfen, es zu tun?\u201c<\/p>\n\n\n\n<hr class=\"wp-block-separator has-alpha-channel-opacity\"\/>\n\n\n\n<h1 class=\"wp-block-heading\">Formelle Mitwirkung am B\u00f6sen<\/h1>\n\n\n\n<p>Sie besteht darin, dass jemand freiwillig mit der S\u00fcnde eines anderen zusammenarbeitet und dabei dieselbe Absicht teilt.<\/p>\n\n\n\n<p>Hier ist die moralische Verantwortung schwerwiegend.<\/p>\n\n\n\n<p>Moderne Beispiele k\u00f6nnten sein:<\/p>\n\n\n\n<ul class=\"wp-block-list\">\n<li>bewusst Ungerechtigkeit zu f\u00f6rdern;<\/li>\n\n\n\n<li>aktiv eine Abtreibung zu erm\u00f6glichen;<\/li>\n\n\n\n<li>Informationen zu manipulieren, um den Ruf anderer zu zerst\u00f6ren;<\/li>\n\n\n\n<li>absichtlich an Korruption teilzunehmen;<\/li>\n\n\n\n<li>L\u00fcgen zu verbreiten, obwohl man wei\u00df, dass sie falsch sind.<\/li>\n<\/ul>\n\n\n\n<p>Formelle Mitwirkung bedeutet innere Zustimmung zum B\u00f6sen.<\/p>\n\n\n\n<hr class=\"wp-block-separator has-alpha-channel-opacity\"\/>\n\n\n\n<h1 class=\"wp-block-heading\">Materielle Mitwirkung am B\u00f6sen<\/h1>\n\n\n\n<p>Sie liegt vor, wenn es eine gewisse \u00e4u\u00dfere Zusammenarbeit gibt, ohne jedoch die s\u00fcndhafte Absicht zu teilen.<\/p>\n\n\n\n<p>Die Moraltheologie hat diese Situationen tiefgehend untersucht, weil das moderne Leben komplexe F\u00e4lle hervorbringt.<\/p>\n\n\n\n<p>Zum Beispiel:<\/p>\n\n\n\n<ul class=\"wp-block-list\">\n<li>Berufe mit ethischen Dilemmata;<\/li>\n\n\n\n<li>ungerechte Wirtschaftssysteme;<\/li>\n\n\n\n<li>beruflicher Druck;<\/li>\n\n\n\n<li>mehrdeutige politische Situationen.<\/li>\n<\/ul>\n\n\n\n<p>Dabei muss sorgf\u00e4ltig gepr\u00fcft werden:<\/p>\n\n\n\n<ul class=\"wp-block-list\">\n<li>der Grad der Mitwirkung;<\/li>\n\n\n\n<li>die N\u00e4he zum B\u00f6sen;<\/li>\n\n\n\n<li>die tats\u00e4chliche Freiheit;<\/li>\n\n\n\n<li>m\u00f6gliche Alternativen;<\/li>\n\n\n\n<li>das verursachte \u00c4rgernis.<\/li>\n<\/ul>\n\n\n\n<p>Das christliche Gewissen darf weder bequem noch oberfl\u00e4chlich sein.<\/p>\n\n\n\n<hr class=\"wp-block-separator has-alpha-channel-opacity\"\/>\n\n\n\n<h1 class=\"wp-block-heading\">Das gro\u00dfe moderne Problem: \u201eIch habe nur Befehle befolgt\u201c<\/h1>\n\n\n\n<p>Die Geschichte zeigt die schreckliche Gefahr, die darin liegt, pers\u00f6nliche moralische Verantwortung aufzugeben.<\/p>\n\n\n\n<p>Viele der schlimmsten Verbrechen des 20. Jahrhunderts wurden von Menschen begangen, die einfach nur Systemen gehorchten.<\/p>\n\n\n\n<p>Das Gewissen kann niemals vollst\u00e4ndig zum Schweigen gebracht werden.<\/p>\n\n\n\n<p>Der Christ kann nicht jede Handlung rechtfertigen, indem er sagt:<\/p>\n\n\n\n<p>\u201eAlle machen das.\u201c<\/p>\n\n\n\n<p>\u201eEs ist legal.\u201c<\/p>\n\n\n\n<p>\u201eEs ist mein Job.\u201c<\/p>\n\n\n\n<p>Menschliches Gesetz stimmt nicht immer mit dem moralischen Gesetz \u00fcberein.<\/p>\n\n\n\n<hr class=\"wp-block-separator has-alpha-channel-opacity\"\/>\n\n\n\n<h1 class=\"wp-block-heading\">e) Subjektivismus: wenn der Mensch zu seinem eigenen Gott wird<\/h1>\n\n\n\n<p>Hier gelangen wir vielleicht zum Kern der modernen Krise.<\/p>\n\n\n\n<p>Der Subjektivismus behauptet praktisch, dass Gut und B\u00f6se davon abh\u00e4ngen, was jeder Einzelne denkt oder f\u00fchlt.<\/p>\n\n\n\n<p>\u201eF\u00fcr dich mag das falsch sein.\u201c<\/p>\n\n\n\n<p>\u201eMeine Wahrheit.\u201c<\/p>\n\n\n\n<p>\u201eWichtig ist, dass ich mit mir selbst im Reinen bin.\u201c<\/p>\n\n\n\n<p>\u201eSolange ich niemandem schade \u2026\u201c<\/p>\n\n\n\n<p>Doch diese Mentalit\u00e4t zerst\u00f6rt die objektive Moral.<\/p>\n\n\n\n<p>Der katholische Glaube lehrt etwas v\u00f6llig anderes:<\/p>\n\n\n\n<h2 class=\"wp-block-heading\">1. Die Dinge sind, wie sie sind<\/h2>\n\n\n\n<p>Die Wahrheit ver\u00e4ndert sich nicht nach Meinungen.<\/p>\n\n\n\n<p>Mord wird nicht gut, weil ihn jemand guthei\u00dft.<\/p>\n\n\n\n<p>L\u00fcgen h\u00f6ren nicht auf, L\u00fcgen zu sein, weil sie n\u00fctzlich sind.<\/p>\n\n\n\n<p>Ehebruch h\u00f6rt nicht auf zu zerst\u00f6ren, weil die Gesellschaft ihn normalisiert.<\/p>\n\n\n\n<hr class=\"wp-block-separator has-alpha-channel-opacity\"\/>\n\n\n\n<h2 class=\"wp-block-heading\">2. Meine Meinung ist dennoch wichtig<\/h2>\n\n\n\n<p>Das menschliche Gewissen besitzt eine immense W\u00fcrde.<\/p>\n\n\n\n<p>Die Kirche hat niemals blinden irrationalen Gehorsam gelehrt.<\/p>\n\n\n\n<p>Der Mensch muss sein Gewissen bilden.<\/p>\n\n\n\n<p>Er muss nachdenken.<\/p>\n\n\n\n<p>Er muss aufrichtig die Wahrheit suchen.<\/p>\n\n\n\n<hr class=\"wp-block-separator has-alpha-channel-opacity\"\/>\n\n\n\n<h2 class=\"wp-block-heading\">3. Die Wirklichkeit ist wichtiger als meine Meinung<\/h2>\n\n\n\n<p>Hier liegt das katholische Gleichgewicht.<\/p>\n\n\n\n<p>Das Gewissen erschafft die Wahrheit nicht.<\/p>\n\n\n\n<p>Es entdeckt sie.<\/p>\n\n\n\n<p>Der Mensch erfindet Gut und B\u00f6se nicht.<\/p>\n\n\n\n<p>Er erkennt sie.<\/p>\n\n\n\n<p>Deshalb kann ein schlecht geformtes Gewissen schwere Fehler begehen.<\/p>\n\n\n\n<hr class=\"wp-block-separator has-alpha-channel-opacity\"\/>\n\n\n\n<h1 class=\"wp-block-heading\">Subjektivismus und die moderne Kultur<\/h1>\n\n\n\n<p>Heute durchdringt der Subjektivismus fast alles:<\/p>\n\n\n\n<ul class=\"wp-block-list\">\n<li>Sexualmoral;<\/li>\n\n\n\n<li>Politik;<\/li>\n\n\n\n<li>Bildung;<\/li>\n\n\n\n<li>menschliche Beziehungen;<\/li>\n\n\n\n<li>soziale Netzwerke;<\/li>\n\n\n\n<li>pers\u00f6nliche Identit\u00e4t.<\/li>\n<\/ul>\n\n\n\n<p>Die Emotion hat die Wahrheit ersetzt.<\/p>\n\n\n\n<p>Doch eine Gesellschaft ohne Wahrheit bricht schlie\u00dflich zusammen.<\/p>\n\n\n\n<p>Denn wenn jeder willk\u00fcrlich entscheidet, was gut oder b\u00f6se ist, verschwindet jede gemeinsame moralische Grundlage.<\/p>\n\n\n\n<p>Dann folgt das Chaos.<\/p>\n\n\n\n<hr class=\"wp-block-separator has-alpha-channel-opacity\"\/>\n\n\n\n<h1 class=\"wp-block-heading\">Christus: die endg\u00fcltige Antwort auf den Relativismus<\/h1>\n\n\n\n<p>Jesus sagte niemals:<\/p>\n\n\n\n<p>\u201eIch habe eine Wahrheit.\u201c<\/p>\n\n\n\n<p>Er sagte:<\/p>\n\n\n\n<blockquote class=\"wp-block-quote is-layout-flow wp-block-quote-is-layout-flow\">\n<p>\u201eIch bin der Weg und die Wahrheit und das Leben.\u201c<br>\u2014 Johannes 14,6<\/p>\n<\/blockquote>\n\n\n\n<p>Christus ist nicht einfach eine weitere spirituelle Meinung.<\/p>\n\n\n\n<p>Er ist die menschgewordene Wahrheit.<\/p>\n\n\n\n<p>Und nur durch ihn kann die menschliche Freiheit richtig verstanden werden.<\/p>\n\n\n\n<p>Freiheit besteht nicht darin, alles zu tun, was man will.<\/p>\n\n\n\n<p>Sie besteht darin, das Gute w\u00e4hlen zu k\u00f6nnen.<\/p>\n\n\n\n<hr class=\"wp-block-separator has-alpha-channel-opacity\"\/>\n\n\n\n<h1 class=\"wp-block-heading\">Verantwortung und Heiligkeit: der vergessene Weg<\/h1>\n\n\n\n<p>Viele stellen sich Heiligkeit als etwas Au\u00dfergew\u00f6hnliches vor, das Kl\u00f6stern oder gro\u00dfen Mystikern vorbehalten ist.<\/p>\n\n\n\n<p>Doch ein gro\u00dfer Teil der allt\u00e4glichen Heiligkeit besteht einfach darin, verantwortlich zu sein.<\/p>\n\n\n\n<p>Seine Pflicht zu erf\u00fcllen.<\/p>\n\n\n\n<p>Ehrlich zu sein.<\/p>\n\n\n\n<p>F\u00fcr die Familie zu sorgen.<\/p>\n\n\n\n<p>Gut zu arbeiten.<\/p>\n\n\n\n<p>Die Wahrheit zu sagen.<\/p>\n\n\n\n<p>Konsequenzen zu tragen.<\/p>\n\n\n\n<p>Um Vergebung zu bitten.<\/p>\n\n\n\n<p>Sich zu korrigieren.<\/p>\n\n\n\n<p>Neu anzufangen.<\/p>\n\n\n\n<p>Die Heiligen waren zutiefst verantwortlich, weil sie verstanden, dass das ganze Leben eine Antwort auf Gott ist.<\/p>\n\n\n\n<hr class=\"wp-block-separator has-alpha-channel-opacity\"\/>\n\n\n\n<h1 class=\"wp-block-heading\">Wie man heute wahre christliche Verantwortung lebt<\/h1>\n\n\n\n<h2 class=\"wp-block-heading\">1. Das Gewissen formen<\/h2>\n\n\n\n<p>Es reicht nicht aus, nur zu f\u00fchlen.<\/p>\n\n\n\n<p>Man muss den Glauben studieren.<\/p>\n\n\n\n<p>Das Evangelium lesen.<\/p>\n\n\n\n<p>Den Katechismus kennen.<\/p>\n\n\n\n<p>Geistliche Begleitung suchen.<\/p>\n\n\n\n<h2 class=\"wp-block-heading\">2. Das Pflichtbewusstsein wiederentdecken<\/h2>\n\n\n\n<p>Nicht alles h\u00e4ngt von Emotionen ab.<\/p>\n\n\n\n<p>Manche Dinge m\u00fcssen getan werden, auch wenn sie schwerfallen.<\/p>\n\n\n\n<h2 class=\"wp-block-heading\">3. Fehler ohne Ausreden eingestehen<\/h2>\n\n\n\n<p>Demut beginnt dort, wo wir aufh\u00f6ren, unsere S\u00fcnden st\u00e4ndig zu rechtfertigen.<\/p>\n\n\n\n<h2 class=\"wp-block-heading\">4. An das Gemeinwohl denken<\/h2>\n\n\n\n<p>Der Christ lebt nicht nur f\u00fcr sich selbst.<\/p>\n\n\n\n<h2 class=\"wp-block-heading\">5. Unsere Mitwirkung am B\u00f6sen pr\u00fcfen<\/h2>\n\n\n\n<p>Was f\u00f6rdern wir?<\/p>\n\n\n\n<p>Was konsumieren wir?<\/p>\n\n\n\n<p>Was verbreiten wir?<\/p>\n\n\n\n<p>Was unterst\u00fctzen wir finanziell?<\/p>\n\n\n\n<h2 class=\"wp-block-heading\">6. Den Subjektivismus ablehnen<\/h2>\n\n\n\n<p>Die Wahrheit entsteht nicht aus meinen Vorlieben.<\/p>\n\n\n\n<p>Ich muss mein Leben an Gottes Wahrheit ausrichten.<\/p>\n\n\n\n<hr class=\"wp-block-separator has-alpha-channel-opacity\"\/>\n\n\n\n<h1 class=\"wp-block-heading\">Verantwortung als Weg zur echten Freiheit<\/h1>\n\n\n\n<p>Paradoxerweise glaubt der moderne Mensch, Verantwortung schr\u00e4nke die Freiheit ein. Doch genau das Gegenteil ist wahr.<\/p>\n\n\n\n<p>Verantwortungslosigkeit versklavt.<\/p>\n\n\n\n<p>Die S\u00fcnde versklavt.<\/p>\n\n\n\n<p>Die L\u00fcge versklavt.<\/p>\n\n\n\n<p>Oberfl\u00e4chlichkeit versklavt.<\/p>\n\n\n\n<p>Nur der Mensch, der lernt, vor Gott Rechenschaft abzulegen, erreicht wahre innere Freiheit.<\/p>\n\n\n\n<p>Denn Verantwortung l\u00e4sst die Seele reifen.<\/p>\n\n\n\n<p>Sie macht sie stark.<\/p>\n\n\n\n<p>Sie macht sie vertrauensw\u00fcrdig.<\/p>\n\n\n\n<p>Sie macht sie f\u00e4hig, wirklich zu lieben.<\/p>\n\n\n\n<hr class=\"wp-block-separator has-alpha-channel-opacity\"\/>\n\n\n\n<h1 class=\"wp-block-heading\">Schlussfolgerung: Gott wird von uns Rechenschaft verlangen \u2026 aber er wird uns auch Gnade schenken<\/h1>\n\n\n\n<p>Christliche Verantwortung darf nicht mit neurotischer Angst gelebt werden, sondern mit Hoffnung und Ernsthaftigkeit.<\/p>\n\n\n\n<p>Ja, eines Tages werden wir vor Gott Rechenschaft ablegen.<\/p>\n\n\n\n<p>Doch ebenso wahr ist, dass Gott den Menschen in dieser Aufgabe niemals verl\u00e4sst.<\/p>\n\n\n\n<p>Die Gnade existiert.<\/p>\n\n\n\n<p>Die Barmherzigkeit existiert.<\/p>\n\n\n\n<p>Umkehr ist immer m\u00f6glich.<\/p>\n\n\n\n<p>Das Problem ist nicht, gefallen zu sein.<\/p>\n\n\n\n<p>Das Problem ist, sich zu weigern zu antworten.<\/p>\n\n\n\n<p>Vielleicht besteht die gro\u00dfe Trag\u00f6die der modernen Welt nicht einfach in der S\u00fcnde, sondern darin, aufgeh\u00f6rt zu haben, die S\u00fcnde beim Namen zu nennen.<\/p>\n\n\n\n<p>Und wenn die Verantwortung verschwindet, verschwindet auch die M\u00f6glichkeit der Umkehr.<\/p>\n\n\n\n<p>Darum brauchen wir heute mehr denn je M\u00e4nner und Frauen, die mit einem aufrechten Gewissen, moralischem Mut und Treue zur Wahrheit leben k\u00f6nnen.<\/p>\n\n\n\n<p>Menschen, die sich nicht hinter Ausreden verstecken.<\/p>\n\n\n\n<p>Menschen, die verstehen, dass jede Freiheit zugleich ein Geschenk \u2026 und eine Sendung ist.<\/p>\n\n\n\n<p>Denn am Ende unseres Lebens wird man uns nicht fragen, wie erfolgreich wir waren, wie viele Follower wir gesammelt oder wie viel gesellschaftliche Zustimmung wir erhalten haben.<\/p>\n\n\n\n<p>Man wird uns etwas viel Tieferes fragen:<\/p>\n\n\n\n<p><strong>Was hast du mit der Freiheit getan, die Gott dir anvertraut hat?<\/strong><\/p>\n","protected":false},"excerpt":{"rendered":"<p>Wir leben in einer seltsamen Zeit. Noch nie gab es so viele Informationen, so viele verk\u00fcndete Rechte, so viele Meinungen, die jede Sekunde zirkulieren \u2026 und dennoch hatte der Mensch selten so gro\u00dfe Schwierigkeiten, Verantwortung zu \u00fcbernehmen. Man gibt dem System die Schuld, der Erziehung, der Politik, der Wirtschaft, der Kindheit, den sozialen Netzwerken oder &hellip;<\/p>\n","protected":false},"author":3,"featured_media":5858,"comment_status":"closed","ping_status":"closed","sticky":false,"template":"","format":"standard","meta":{"_seopress_robots_primary_cat":"","_seopress_titles_title":"","_seopress_titles_desc":"","_seopress_robots_index":"","footnotes":""},"categories":[57,39],"tags":[2021],"class_list":["post-5857","post","type-post","status-publish","format-standard","has-post-thumbnail","","category-christliche-tugenden","category-moral-und-christliches-leben","tag-verantwortung"],"_links":{"self":[{"href":"https:\/\/catholicus.eu\/de\/wp-json\/wp\/v2\/posts\/5857","targetHints":{"allow":["GET"]}}],"collection":[{"href":"https:\/\/catholicus.eu\/de\/wp-json\/wp\/v2\/posts"}],"about":[{"href":"https:\/\/catholicus.eu\/de\/wp-json\/wp\/v2\/types\/post"}],"author":[{"embeddable":true,"href":"https:\/\/catholicus.eu\/de\/wp-json\/wp\/v2\/users\/3"}],"replies":[{"embeddable":true,"href":"https:\/\/catholicus.eu\/de\/wp-json\/wp\/v2\/comments?post=5857"}],"version-history":[{"count":1,"href":"https:\/\/catholicus.eu\/de\/wp-json\/wp\/v2\/posts\/5857\/revisions"}],"predecessor-version":[{"id":5859,"href":"https:\/\/catholicus.eu\/de\/wp-json\/wp\/v2\/posts\/5857\/revisions\/5859"}],"wp:featuredmedia":[{"embeddable":true,"href":"https:\/\/catholicus.eu\/de\/wp-json\/wp\/v2\/media\/5858"}],"wp:attachment":[{"href":"https:\/\/catholicus.eu\/de\/wp-json\/wp\/v2\/media?parent=5857"}],"wp:term":[{"taxonomy":"category","embeddable":true,"href":"https:\/\/catholicus.eu\/de\/wp-json\/wp\/v2\/categories?post=5857"},{"taxonomy":"post_tag","embeddable":true,"href":"https:\/\/catholicus.eu\/de\/wp-json\/wp\/v2\/tags?post=5857"}],"curies":[{"name":"wp","href":"https:\/\/api.w.org\/{rel}","templated":true}]}}