{"id":5803,"date":"2026-04-29T10:02:48","date_gmt":"2026-04-29T08:02:48","guid":{"rendered":"https:\/\/catholicus.eu\/de\/?p=5803"},"modified":"2026-04-29T10:02:48","modified_gmt":"2026-04-29T08:02:48","slug":"ueber-den-ersten-artikel-des-glaubensbekenntnisses-ich-glaube-an-gott-den-allmaechtigen-vater-schoepfer-des-himmels-und-der-erde","status":"publish","type":"post","link":"https:\/\/catholicus.eu\/de\/ueber-den-ersten-artikel-des-glaubensbekenntnisses-ich-glaube-an-gott-den-allmaechtigen-vater-schoepfer-des-himmels-und-der-erde\/","title":{"rendered":"\u00dcber den ersten Artikel des Glaubensbekenntnisses: \u201eIch glaube an Gott, den allm\u00e4chtigen Vater, Sch\u00f6pfer des Himmels und der Erde\u201c"},"content":{"rendered":"\n<h2 class=\"wp-block-heading\">Das Fundament des gesamten katholischen Glaubens: Wer Gott ist, wer du bist und warum du existierst<\/h2>\n\n\n\n<p>Es gibt Wahrheiten, die nicht nur studiert werden: Sie tragen ein ganzes Leben.<\/p>\n\n\n\n<p>Der erste Artikel des Glaubensbekenntnisses ist nicht einfach nur ein Satz, den man in der Kindheit gelernt oder in der Heiligen Messe mechanisch wiederholt hat. Er ist der Grundstein jeder katholischen Weltsicht. Er ist der Anfang jeder Theologie, jeder wahren Anthropologie, jeder Moral und jeder Hoffnung.<\/p>\n\n\n\n<p><strong>\u201eIch glaube an Gott, den allm\u00e4chtigen Vater, Sch\u00f6pfer des Himmels und der Erde.\u201c<\/strong><\/p>\n\n\n\n<p>In diesen wenigen Worten bricht der Atheismus zusammen, wird der Materialismus korrigiert, das moderne Chaos beantwortet, der Sinn des Leidens erhellt und die W\u00fcrde des Menschen offenbart.<\/p>\n\n\n\n<p>Heute leben wir in einer Zeit, in der viele wissen, wie man Technologie benutzt, aber nicht wissen, wer sie erschaffen hat. Man spricht \u00fcber Fortschritt, ignoriert aber den Ursprung. Freiheit wird verg\u00f6ttert, aber ihr Zweck bleibt unbekannt.<\/p>\n\n\n\n<p>Darum ist die R\u00fcckkehr zum Glaubensbekenntnis keine Nostalgie: Sie ist geistliches \u00dcberleben.<\/p>\n\n\n\n<hr class=\"wp-block-separator has-alpha-channel-opacity\"\/>\n\n\n\n<h1 class=\"wp-block-heading\">I. \u201eICH GLAUBE\u201c: DER REVOLUTION\u00c4RSTE AKT IN EINER SKEPTISCHEN WELT<\/h1>\n\n\n\n<p>\u201eIch glaube\u201c zu sagen bedeutet nicht \u201eIch denke\u201c.<\/p>\n\n\n\n<p>Es ist keine vage Emotion.<br>Es ist keine kulturelle Vorliebe.<br>Es ist keine geerbte Tradition, die gedankenlos \u00fcbernommen wurde.<\/p>\n\n\n\n<p>Glauben bedeutet im katholischen Sinn, sich mit Verstand und Willen an die von Gott offenbarte Wahrheit zu halten.<\/p>\n\n\n\n<p>Der Glaube zerst\u00f6rt die Vernunft nicht: Er erhebt sie.<\/p>\n\n\n\n<h2 class=\"wp-block-heading\">Vernunft und Glaube: zwei Fl\u00fcgel zu Gott<\/h2>\n\n\n\n<p>Der traditionelle Katechismus lehrt:<\/p>\n\n\n\n<p><strong>Wir wissen, dass Gott existiert, weil die Vernunft es beweist und der Glaube es best\u00e4tigt.<\/strong><\/p>\n\n\n\n<p>Das ist entscheidend.<\/p>\n\n\n\n<p>Die Kirche hat niemals einen irrationalen Glauben gelehrt. Von den Kirchenv\u00e4tern bis zum heiligen Thomas von Aquin hat das Christentum verteidigt, dass die Sch\u00f6pfung selbst nach der Existenz eines Sch\u00f6pfers ruft.<\/p>\n\n\n\n<h2 class=\"wp-block-heading\">Wie beweist die Vernunft das?<\/h2>\n\n\n\n<h3 class=\"wp-block-heading\">1. Die Ordnung des Universums verlangt eine ordnende Intelligenz<\/h3>\n\n\n\n<p>Es kann kein Design ohne einen Designer geben.<\/p>\n\n\n\n<h3 class=\"wp-block-heading\">2. Jede Wirkung hat eine Ursache<\/h3>\n\n\n\n<p>Nichts kann absolut aus dem Nichts von selbst entstehen.<\/p>\n\n\n\n<h3 class=\"wp-block-heading\">3. Das innere moralische Gesetz weist auf einen Gesetzgeber hin<\/h3>\n\n\n\n<p>Das Gewissen ist kein chemischer Zufall.<\/p>\n\n\n\n<h3 class=\"wp-block-heading\">4. Die Kontingenz der Welt verlangt ein notwendiges Sein<\/h3>\n\n\n\n<p>Wenn alles von etwas anderem abh\u00e4ngig w\u00e4re, w\u00fcrde nichts existieren.<\/p>\n\n\n\n<p>Mit anderen Worten:<\/p>\n\n\n\n<p><strong>Nicht an Gott zu glauben erfordert mehr irrationalen Glauben, als an Ihn zu glauben.<\/strong><\/p>\n\n\n\n<hr class=\"wp-block-separator has-alpha-channel-opacity\"\/>\n\n\n\n<h1 class=\"wp-block-heading\">II. GOTT IST EINER: GEGEN ANTIKEN POLYTHEISMUS UND MODERNE G\u00d6TZEN<\/h1>\n\n\n\n<p>Der katholische Glaube verk\u00fcndet eine absolute Wahrheit:<\/p>\n\n\n\n<h2 class=\"wp-block-heading\">Es gibt nur einen Gott.<\/h2>\n\n\n\n<p>Nicht viele.<br>Keine unpers\u00f6nlichen Energien.<br>Nicht \u201edas Universum\u201c.<br>Nicht \u201eMutter Erde\u201c.<br>Nicht \u201emeine Wahrheit\u201c.<\/p>\n\n\n\n<p>Einen einzigen wahren Gott: ewig, unendlich, vollkommen, reiner Geist.<\/p>\n\n\n\n<h2 class=\"wp-block-heading\">Die neuen G\u00f6tzen sind nicht verschwunden; sie haben nur ihre Namen ge\u00e4ndert<\/h2>\n\n\n\n<p>Fr\u00fcher betete man Baal an.<br>Heute betet man das Geld an.<\/p>\n\n\n\n<p>Fr\u00fcher brachte man Statuen Weihrauch dar.<br>Heute opfert man seine Seele dem Vergn\u00fcgen, der Macht, dem \u00f6ffentlichen Image und der Ideologie.<\/p>\n\n\n\n<p>Der Mensch betet immer etwas an.<br>Die Frage ist nicht, ob er anbetet, sondern was er anbetet.<\/p>\n\n\n\n<p>Und wenn er aufh\u00f6rt, Gott anzubeten, endet er damit, minderwertige Dinge anzubeten\u2026 sogar sich selbst.<\/p>\n\n\n\n<hr class=\"wp-block-separator has-alpha-channel-opacity\"\/>\n\n\n\n<h1 class=\"wp-block-heading\">III. \u201eVATER\u201c: DIE G\u00d6TTLICHE VATERSCHAFT, DIE DER GANZEN EXISTENZ SINN GIBT<\/h1>\n\n\n\n<p>Gott Vater zu nennen ist keine sentimentale Metapher.<\/p>\n\n\n\n<p>Es ist eine zutiefst tiefgr\u00fcndige Wahrheit.<\/p>\n\n\n\n<h2 class=\"wp-block-heading\">Gott ist auf dreifache Weise Vater:<\/h2>\n\n\n\n<h3 class=\"wp-block-heading\">1. Ewiger Vater des Sohnes<\/h3>\n\n\n\n<p>Von Ewigkeit her zeugt der Vater den Sohn.<br>Nicht erschaffen.<br>Nicht sp\u00e4ter.<br>Sondern wesensgleich.<\/p>\n\n\n\n<p>Hier betreten wir das erhabene Geheimnis der Heiligsten Dreifaltigkeit.<\/p>\n\n\n\n<h3 class=\"wp-block-heading\">2. Vater der gesamten Menschheit durch die Sch\u00f6pfung<\/h3>\n\n\n\n<p>Er hat uns erschaffen.<br>Er erh\u00e4lt uns.<br>Er regiert uns.<\/p>\n\n\n\n<p>Wir sind keine biologischen Zuf\u00e4lle.<br>Wir sind keine Produkte des Zufalls.<br>Wir sind von Gott geliebte Gesch\u00f6pfe.<\/p>\n\n\n\n<h3 class=\"wp-block-heading\">3. Vater durch Gnade der Christen<\/h3>\n\n\n\n<p>Durch die Taufe sind wir angenommene Kinder.<\/p>\n\n\n\n<p>Das ver\u00e4ndert alles.<\/p>\n\n\n\n<p>Wir beten keine kosmische Kraft an.<br>Wir beten zu unserem Vater.<\/p>\n\n\n\n<h2 class=\"wp-block-heading\">Die moderne Krise der Vaterschaft ist auch geistlich<\/h2>\n\n\n\n<p>Wenn die Gestalt des Vaters in der Gesellschaft zerst\u00f6rt wird, wird es schwieriger, Gott zu verstehen.<br>Und wenn Gott der Vater abgelehnt wird, wird die Kultur verwaist.<\/p>\n\n\n\n<p>Eine Zivilisation ohne Vater verirrt sich letztlich.<\/p>\n\n\n\n<hr class=\"wp-block-separator has-alpha-channel-opacity\"\/>\n\n\n\n<h1 class=\"wp-block-heading\">IV. \u201eALLM\u00c4CHTIG\u201c: GOTT KANN ALLES\u2026 ABER NICHT SO, WIE DER MENSCH ES SICH VORSTELLT<\/h1>\n\n\n\n<p>Die g\u00f6ttliche Allmacht bedeutet keine Willk\u00fcr.<\/p>\n\n\n\n<p>Gott kann alles, was Seiner vollkommenen Natur entspricht.<\/p>\n\n\n\n<h2 class=\"wp-block-heading\">Warum kann Er dann nicht s\u00fcndigen?<\/h2>\n\n\n\n<p>Weil S\u00fcnde keine Macht ist.<br>Sie ist Schw\u00e4che.<\/p>\n\n\n\n<p>L\u00fcgen vervollkommnet nicht.<br>Es verdirbt.<\/p>\n\n\n\n<p>Sterben erhebt nicht.<br>Es begrenzt.<\/p>\n\n\n\n<p>Gott kann nicht aufh\u00f6ren, Gott zu sein.<\/p>\n\n\n\n<p>Seine Macht besteht nicht im Widerspruch, sondern in absoluter Vollkommenheit.<\/p>\n\n\n\n<h2 class=\"wp-block-heading\">Das hat immense geistliche Konsequenzen:<\/h2>\n\n\n\n<ul class=\"wp-block-list\">\n<li>Keine S\u00fcnde ist gr\u00f6\u00dfer als Seine Barmherzigkeit.<\/li>\n\n\n\n<li>Kein Chaos \u00fcbersteigt Seine Vorsehung.<\/li>\n\n\n\n<li>Kein Feind besiegt Seinen Plan.<\/li>\n<\/ul>\n\n\n\n<p>Die Welt scheint oft au\u00dfer Kontrolle zu sein.<br>Aber sie steht nicht au\u00dferhalb der Herrschaft Gottes.<\/p>\n\n\n\n<hr class=\"wp-block-separator has-alpha-channel-opacity\"\/>\n\n\n\n<h1 class=\"wp-block-heading\">V. \u201eSCH\u00d6PFER DES HIMMELS UND DER ERDE\u201c: ALLES KOMMT VON GOTT<\/h1>\n\n\n\n<h2 class=\"wp-block-heading\">Schaffen bedeutet, etwas aus dem Nichts hervorzubringen.<\/h2>\n\n\n\n<p>Nur Gott erschafft.<\/p>\n\n\n\n<p>Der Mensch ver\u00e4ndert.<br>Gott erschafft.<\/p>\n\n\n\n<p>Das zerst\u00f6rt zwei moderne Irrt\u00fcmer:<\/p>\n\n\n\n<h3 class=\"wp-block-heading\">Materialismus:<\/h3>\n\n\n\n<p>Materie ist nicht ewig.<\/p>\n\n\n\n<h3 class=\"wp-block-heading\">Pantheismus:<\/h3>\n\n\n\n<p>Gott ist nicht das Universum; Gott hat das Universum erschaffen.<\/p>\n\n\n\n<h2 class=\"wp-block-heading\">Himmel und Erde umfassen:<\/h2>\n\n\n\n<ul class=\"wp-block-list\">\n<li>Engel<\/li>\n\n\n\n<li>Materie<\/li>\n\n\n\n<li>Zeit<\/li>\n\n\n\n<li>Raum<\/li>\n\n\n\n<li>Naturgesetze<\/li>\n\n\n\n<li>Den Menschen<\/li>\n<\/ul>\n\n\n\n<p>Nichts existiert au\u00dferhalb der Abh\u00e4ngigkeit von Ihm.<\/p>\n\n\n\n<hr class=\"wp-block-separator has-alpha-channel-opacity\"\/>\n\n\n\n<h1 class=\"wp-block-heading\">VI. DIE VORSEHUNG: GOTT HAT SEINE SCH\u00d6PFUNG NICHT VERLASSEN<\/h1>\n\n\n\n<p>Gott ist kein abwesender Uhrmacher.<\/p>\n\n\n\n<p>Er hat die Welt nicht erschaffen, um sie dann allein zu lassen.<\/p>\n\n\n\n<h2 class=\"wp-block-heading\">Gott erh\u00e4lt, regiert und erlaubt<\/h2>\n\n\n\n<p>Hier liegt eine der schwierigsten Fragen:<\/p>\n\n\n\n<h3 class=\"wp-block-heading\">Wenn Gott alles regiert, warum existiert dann das B\u00f6se?<\/h3>\n\n\n\n<p>Die katholische Lehre unterscheidet:<\/p>\n\n\n\n<h3 class=\"wp-block-heading\">Gott will das Gute<\/h3>\n\n\n\n<h3 class=\"wp-block-heading\">Gott erlaubt gewisse \u00dcbel, um gr\u00f6\u00dfere G\u00fcter hervorzubringen<\/h3>\n\n\n\n<p>Das h\u00f6chste Beispiel:<br>Das Kreuz.<\/p>\n\n\n\n<p>Das gr\u00f6\u00dfte Verbrechen der Geschichte (den Sohn Gottes zu t\u00f6ten) wurde erlaubt, um das gr\u00f6\u00dfte Werk der Barmherzigkeit zu vollbringen (die Erl\u00f6sung).<\/p>\n\n\n\n<p>Das verharmlost das Leiden nicht.<br>Aber es bekr\u00e4ftigt, dass nichts der erl\u00f6senden Macht Gottes entgeht.<\/p>\n\n\n\n<hr class=\"wp-block-separator has-alpha-channel-opacity\"\/>\n\n\n\n<h1 class=\"wp-block-heading\">VII. DIE ENGEL: DIE UNSICHTBARE WELT IST REAL<\/h1>\n\n\n\n<p>Die Moderne verspottet Engel und D\u00e4monen als psychologische Symbole.<\/p>\n\n\n\n<p>Der katholische Glaube lehrt etwas radikal anderes:<\/p>\n\n\n\n<h2 class=\"wp-block-heading\">Engel existieren.<\/h2>\n\n\n\n<p>Sie sind Gesch\u00f6pfe:<\/p>\n\n\n\n<ul class=\"wp-block-list\">\n<li>Intelligent<\/li>\n\n\n\n<li>Geistig<\/li>\n\n\n\n<li>Frei<\/li>\n<\/ul>\n\n\n\n<p>Sie wurden geschaffen, um Gott zu verherrlichen.<\/p>\n\n\n\n<h2 class=\"wp-block-heading\">Der Aufstand Luzifers<\/h2>\n\n\n\n<p>Die S\u00fcnde der Engel war Stolz:<br><strong>\u201eIch will nicht dienen.\u201c<\/strong><\/p>\n\n\n\n<p>Und das bleibt das Wesen jeder Rebellion gegen Gott.<\/p>\n\n\n\n<p>Jede S\u00fcnde wiederholt im Kleinen das Echo Luzifers.<\/p>\n\n\n\n<hr class=\"wp-block-separator has-alpha-channel-opacity\"\/>\n\n\n\n<h1 class=\"wp-block-heading\">VIII. D\u00c4MONEN, VERSUCHUNG UND GEISTLICHER KAMPF<\/h1>\n\n\n\n<p>\u00dcber den Teufel zu sprechen ist kein mittelalterlicher Fanatismus.<br>Es ist christliche Lehre.<\/p>\n\n\n\n<p>Satan hasst den Menschen, weil der Mensch zu einem Platz der Herrlichkeit berufen ist, den er verloren hat.<\/p>\n\n\n\n<h2 class=\"wp-block-heading\">Wie versucht er?<\/h2>\n\n\n\n<ul class=\"wp-block-list\">\n<li>Stolz<\/li>\n\n\n\n<li>Unreinheit<\/li>\n\n\n\n<li>Verzweiflung<\/li>\n\n\n\n<li>Lauheit<\/li>\n\n\n\n<li>Lehrm\u00e4\u00dfiger Irrtum<\/li>\n<\/ul>\n\n\n\n<h2 class=\"wp-block-heading\">Wie wird er besiegt?<\/h2>\n\n\n\n<p>Der Katechismus fasst es mit unsterblicher Weisheit zusammen:<\/p>\n\n\n\n<h3 class=\"wp-block-heading\">Wachsamkeit<\/h3>\n\n\n\n<h3 class=\"wp-block-heading\">Gebet<\/h3>\n\n\n\n<h3 class=\"wp-block-heading\">Abt\u00f6tung<\/h3>\n\n\n\n<p>Es gibt kein ernsthaftes Christentum ohne geistlichen Kampf.<\/p>\n\n\n\n<hr class=\"wp-block-separator has-alpha-channel-opacity\"\/>\n\n\n\n<h1 class=\"wp-block-heading\">IX. DER SCHUTZENGEL: DEIN UNSICHTBARER BEGLEITER<\/h1>\n\n\n\n<p>Jede gl\u00e4ubige Seele hat einen Schutzengel.<\/p>\n\n\n\n<p>Das ist keine fromme Poesie.<br>Es ist die best\u00e4ndige Lehre der Tradition.<\/p>\n\n\n\n<p>Dein Engel:<\/p>\n\n\n\n<ul class=\"wp-block-list\">\n<li>Besch\u00fctzt<\/li>\n\n\n\n<li>Inspiriert<\/li>\n\n\n\n<li>Warnt<\/li>\n\n\n\n<li>F\u00fcrbittet<\/li>\n<\/ul>\n\n\n\n<h2 class=\"wp-block-heading\">Was f\u00fcr eine moderne Trag\u00f6die:<\/h2>\n\n\n\n<p>Viele befragen Horoskope\u2026 aber ignorieren ihren Schutzengel.<\/p>\n\n\n\n<hr class=\"wp-block-separator has-alpha-channel-opacity\"\/>\n\n\n\n<h1 class=\"wp-block-heading\">X. DER MENSCH: EBENBILD GOTTES, NICHT PRODUKT DES CHAOS<\/h1>\n\n\n\n<h2 class=\"wp-block-heading\">Was ist der Mensch?<\/h2>\n\n\n\n<p>Ein vernunftbegabtes Gesch\u00f6pf aus Leib und Seele.<\/p>\n\n\n\n<p>Hier wird die gro\u00dfe anthropologische Krise unserer Zeit beantwortet.<\/p>\n\n\n\n<p>Du bist nicht blo\u00df Biologie.<br>Du bist nicht blo\u00df Verlangen.<br>Du bist nicht blo\u00df Materie.<\/p>\n\n\n\n<p>Du hast eine unsterbliche Seele.<\/p>\n\n\n\n<h2 class=\"wp-block-heading\">Die menschliche W\u00fcrde h\u00e4ngt nicht ab von:<\/h2>\n\n\n\n<ul class=\"wp-block-list\">\n<li>Alter<\/li>\n\n\n\n<li>N\u00fctzlichkeit<\/li>\n\n\n\n<li>Gesundheit<\/li>\n\n\n\n<li>Produktivit\u00e4t<\/li>\n<\/ul>\n\n\n\n<p>Sie h\u00e4ngt davon ab, nach dem Bild Gottes geschaffen worden zu sein.<\/p>\n\n\n\n<p>Darum erniedrigt jede Kultur, die die Seele leugnet, letztlich den K\u00f6rper.<\/p>\n\n\n\n<hr class=\"wp-block-separator has-alpha-channel-opacity\"\/>\n\n\n\n<h1 class=\"wp-block-heading\">XI. DIE ERBS\u00dcNDE: DIE WUNDE, DIE DIE WELT ERKL\u00c4RT<\/h1>\n\n\n\n<p>Ohne diese Lehre erscheint die Welt unverst\u00e4ndlich.<\/p>\n\n\n\n<h2 class=\"wp-block-heading\">Warum gibt es:<\/h2>\n\n\n\n<ul class=\"wp-block-list\">\n<li>Tod?<\/li>\n\n\n\n<li>Leiden?<\/li>\n\n\n\n<li>Begierlichkeit?<\/li>\n\n\n\n<li>Ungerechtigkeit?<\/li>\n\n\n\n<li>Neigung zum B\u00f6sen?<\/li>\n<\/ul>\n\n\n\n<p>Weil der Mensch gefallen ist.<\/p>\n\n\n\n<p>Adam beging keinen \u201emythologischen Fehler\u201c.<br>Er beging einen wirklichen Ungehorsam mit wirklichen Folgen.<\/p>\n\n\n\n<h2 class=\"wp-block-heading\">Die Erbs\u00fcnde erkl\u00e4rt:<\/h2>\n\n\n\n<p>Wir wollen das Gute\u2026 aber tun das B\u00f6se.<br>Wir suchen Ordnung\u2026 aber erzeugen Chaos.<\/p>\n\n\n\n<p>Die Menschheit ist nicht einfach nur \u201eunzureichend informiert\u201c.<br>Sie ist verwundet.<\/p>\n\n\n\n<hr class=\"wp-block-separator has-alpha-channel-opacity\"\/>\n\n\n\n<h1 class=\"wp-block-heading\">XII. MARIA, DIE UNBEFLECKTE: DIE GLORREICHE AUSNAHME<\/h1>\n\n\n\n<p>Wo Adam fiel,<br>erl\u00f6st Christus.<\/p>\n\n\n\n<p>Wo Eva verwundet wurde,<br>wurde Maria bewahrt.<\/p>\n\n\n\n<h2 class=\"wp-block-heading\">Die Unbefleckte Empf\u00e4ngnis<\/h2>\n\n\n\n<p>Maria wurde durch die vorauswirkenden Verdienste Christi ohne Erbs\u00fcnde empfangen.<\/p>\n\n\n\n<p>Sie brauchte nicht weniger einen Erl\u00f6ser.<br>Sie empfing das Heil auf vollkommenere Weise.<\/p>\n\n\n\n<hr class=\"wp-block-separator has-alpha-channel-opacity\"\/>\n\n\n\n<h1 class=\"wp-block-heading\">XIII. DER VERHEISSENE MESSIAS: DIE BARMHERZIGKEIT BEGINNT IN DER GENESIS<\/h1>\n\n\n\n<p>Nach dem S\u00fcndenfall verl\u00e4sst Gott nicht.<\/p>\n\n\n\n<p>Er verhei\u00dft einen Erl\u00f6ser.<\/p>\n\n\n\n<p>Von diesem Moment an ver\u00e4ndert sich die gesamte Menschheitsgeschichte.<\/p>\n\n\n\n<p>Das ganze Alte Testament ist Erwartung.<br>Das Neue ist Erf\u00fcllung.<\/p>\n\n\n\n<p>Christus erscheint nicht unerwartet.<br>Er ist der von Anfang an verhei\u00dfene Messias.<\/p>\n\n\n\n<hr class=\"wp-block-separator has-alpha-channel-opacity\"\/>\n\n\n\n<h1 class=\"wp-block-heading\">XIV. WARUM IST DIESER ARTIKEL DES GLAUBENSBEKENNTNISSES HEUTE SO DRINGEND?<\/h1>\n\n\n\n<p>Weil die moderne Welt genau diese Wahrheiten leugnet:<\/p>\n\n\n\n<h2 class=\"wp-block-heading\">Leugnet Gott \u2192 Relativismus<\/h2>\n\n\n\n<h2 class=\"wp-block-heading\">Leugnet den Sch\u00f6pfer \u2192 Nihilismus<\/h2>\n\n\n\n<h2 class=\"wp-block-heading\">Leugnet die Seele \u2192 Materialismus<\/h2>\n\n\n\n<h2 class=\"wp-block-heading\">Leugnet die S\u00fcnde \u2192 moralische Korruption<\/h2>\n\n\n\n<h2 class=\"wp-block-heading\">Leugnet den Teufel \u2192 geistliche Naivit\u00e4t<\/h2>\n\n\n\n<h2 class=\"wp-block-heading\">Leugnet den Erl\u00f6ser \u2192 Verzweiflung<\/h2>\n\n\n\n<p>Das Glaubensbekenntnis ist kein Relikt:<br>Es ist eine Karte zum geistlichen \u00dcberleben.<\/p>\n\n\n\n<hr class=\"wp-block-separator has-alpha-channel-opacity\"\/>\n\n\n\n<h1 class=\"wp-block-heading\">SCHLUSS: ZU WISSEN, WOHER DU KOMMST, UM ZU WISSEN, WOHIN DU GEHST<\/h1>\n\n\n\n<p>Der erste Artikel des Glaubensbekenntnisses beantwortet die entscheidendsten Fragen:<\/p>\n\n\n\n<h2 class=\"wp-block-heading\">Wer hat dich erschaffen?<\/h2>\n\n\n\n<p>Gott.<\/p>\n\n\n\n<h2 class=\"wp-block-heading\">Warum existierst du?<\/h2>\n\n\n\n<p>Um Ihn zu erkennen, Ihn zu lieben und Ihm zu dienen.<\/p>\n\n\n\n<h2 class=\"wp-block-heading\">Warum ist die Welt verwundet?<\/h2>\n\n\n\n<p>Wegen der S\u00fcnde.<\/p>\n\n\n\n<h2 class=\"wp-block-heading\">Bist du allein?<\/h2>\n\n\n\n<p>Nein. Du hast Vorsehung, Gnade, Engel und einen Erl\u00f6ser.<\/p>\n\n\n\n<h2 class=\"wp-block-heading\">Was ist dein Ziel?<\/h2>\n\n\n\n<p>Der Himmel.<\/p>\n\n\n\n<p>An Gott, den allm\u00e4chtigen Vater, zu glauben, ist keine leere Formel:<br>Es bedeutet, die Wirklichkeit wiederzufinden.<\/p>\n\n\n\n<p>In Zeiten der Verwirrung bedeutet die R\u00fcckkehr zum Glaubensbekenntnis die R\u00fcckkehr nach Hause.<\/p>\n\n\n\n<p>Denn wer wei\u00df, dass er von Gott erschaffen wurde\u2026<br>lebt anders.<\/p>\n\n\n\n<p>Und wer wei\u00df, dass er einen Vater hat\u2026<br>ist niemals wirklich verwaist.<\/p>\n","protected":false},"excerpt":{"rendered":"<p>Das Fundament des gesamten katholischen Glaubens: Wer Gott ist, wer du bist und warum du existierst Es gibt Wahrheiten, die nicht nur studiert werden: Sie tragen ein ganzes Leben. Der erste Artikel des Glaubensbekenntnisses ist nicht einfach nur ein Satz, den man in der Kindheit gelernt oder in der Heiligen Messe mechanisch wiederholt hat. Er &hellip;<\/p>\n","protected":false},"author":3,"featured_media":5804,"comment_status":"closed","ping_status":"closed","sticky":false,"template":"","format":"standard","meta":{"_seopress_robots_primary_cat":"","_seopress_titles_title":"","_seopress_titles_desc":"","_seopress_robots_index":"","footnotes":""},"categories":[43,37],"tags":[1653],"class_list":["post-5803","post","type-post","status-publish","format-standard","has-post-thumbnail","","category-katechismus-der-katholischen-kirche","category-lehre-und-glaube","tag-glaubensbekenntnisses"],"_links":{"self":[{"href":"https:\/\/catholicus.eu\/de\/wp-json\/wp\/v2\/posts\/5803","targetHints":{"allow":["GET"]}}],"collection":[{"href":"https:\/\/catholicus.eu\/de\/wp-json\/wp\/v2\/posts"}],"about":[{"href":"https:\/\/catholicus.eu\/de\/wp-json\/wp\/v2\/types\/post"}],"author":[{"embeddable":true,"href":"https:\/\/catholicus.eu\/de\/wp-json\/wp\/v2\/users\/3"}],"replies":[{"embeddable":true,"href":"https:\/\/catholicus.eu\/de\/wp-json\/wp\/v2\/comments?post=5803"}],"version-history":[{"count":1,"href":"https:\/\/catholicus.eu\/de\/wp-json\/wp\/v2\/posts\/5803\/revisions"}],"predecessor-version":[{"id":5805,"href":"https:\/\/catholicus.eu\/de\/wp-json\/wp\/v2\/posts\/5803\/revisions\/5805"}],"wp:featuredmedia":[{"embeddable":true,"href":"https:\/\/catholicus.eu\/de\/wp-json\/wp\/v2\/media\/5804"}],"wp:attachment":[{"href":"https:\/\/catholicus.eu\/de\/wp-json\/wp\/v2\/media?parent=5803"}],"wp:term":[{"taxonomy":"category","embeddable":true,"href":"https:\/\/catholicus.eu\/de\/wp-json\/wp\/v2\/categories?post=5803"},{"taxonomy":"post_tag","embeddable":true,"href":"https:\/\/catholicus.eu\/de\/wp-json\/wp\/v2\/tags?post=5803"}],"curies":[{"name":"wp","href":"https:\/\/api.w.org\/{rel}","templated":true}]}}