{"id":5769,"date":"2026-04-26T12:52:59","date_gmt":"2026-04-26T10:52:59","guid":{"rendered":"https:\/\/catholicus.eu\/de\/?p=5769"},"modified":"2026-04-26T12:53:00","modified_gmt":"2026-04-26T10:53:00","slug":"wahrlich-wahrlich-ich-sage-euch-die-stimme-die-nicht-taeuscht-in-einer-welt-voller-laerm","status":"publish","type":"post","link":"https:\/\/catholicus.eu\/de\/wahrlich-wahrlich-ich-sage-euch-die-stimme-die-nicht-taeuscht-in-einer-welt-voller-laerm\/","title":{"rendered":"\u201eWahrlich, wahrlich, ich sage euch\u201c: die Stimme, die nicht t\u00e4uscht in einer Welt voller L\u00e4rm"},"content":{"rendered":"\n<p>Es gibt Ausdr\u00fccke im Evangelium, die uns aufgrund ihrer Kraft innehalten lassen sollten. Es sind keine blo\u00dfen S\u00e4tze: sie sind Schwellen. Unter ihnen erklingt einer mit einzigartiger Feierlichkeit: <strong>\u201eWahrlich, wahrlich, ich sage euch.\u201c<\/strong> Es ist keine schm\u00fcckende Formel und keine blo\u00dfe rhetorische Einleitung. Es ist ein Tor zum Wesentlichen, zum Endg\u00fcltigen, zu dem, was weder Nuancen noch Relativismus zul\u00e4sst.<\/p>\n\n\n\n<p>In einer Zeit wie der unseren \u2013 gepr\u00e4gt von Verwirrung, Informations\u00fcberflutung und st\u00e4ndigem Misstrauen gegen\u00fcber der Wahrheit \u2013 wird dieser Ausdruck Christi aktueller denn je. Denn dort, wo alles diskutierbar erscheint, spricht Er mit absoluter Autorit\u00e4t.<\/p>\n\n\n\n<p>Doch\u2026 was bedeutet dieser Satz wirklich? Warum wiederholt Jesus ihn? Was sagt er uns heute, in unserem konkreten Leben?<\/p>\n\n\n\n<hr class=\"wp-block-separator has-alpha-channel-opacity\"\/>\n\n\n\n<h2 class=\"wp-block-heading\"><strong>1. Das Gewicht eines Wortes: \u201eAmen\u201c wiederholt<\/strong><\/h2>\n\n\n\n<p>Der Ausdruck \u201eWahrlich, wahrlich, ich sage euch\u201c stammt aus dem hebr\u00e4ischen und aram\u00e4ischen Original <strong>\u201eAmen, amen\u201c<\/strong>. Das Wort <em>Amen<\/em> bedeutet nicht einfach \u201eso sei es\u201c, wie wir oft denken. Seine Wurzel weist auf etwas viel Tieferes hin: <strong>Festigkeit, Best\u00e4ndigkeit, unersch\u00fctterliche Wahrheit<\/strong>.<\/p>\n\n\n\n<p>Wenn Jesus \u201eAmen\u201c sagt, bekr\u00e4ftigt Er: <em>Das ist absolut wahr<\/em>. Wenn Er es aber wiederholt \u2013 \u201eAmen, amen\u201c \u2013, hebt Er die Aussage auf eine einzigartige Ebene: <strong>Was ich gleich sage, ist eine g\u00f6ttliche, endg\u00fcltige Wahrheit, die Glauben und Antwort verlangt<\/strong>.<\/p>\n\n\n\n<p>Das ist etwas v\u00f6llig Neues. Im Alten Testament sagten die Propheten: <em>\u201eSo spricht der Herr.\u201c<\/em> Jesus hingegen sagt: <strong>\u201eIch aber sage euch.\u201c<\/strong> Er spricht nicht als Vermittler. Er spricht als Gott selbst.<\/p>\n\n\n\n<hr class=\"wp-block-separator has-alpha-channel-opacity\"\/>\n\n\n\n<h2 class=\"wp-block-heading\"><strong>2. Christus, die Wahrheit, die mit Autorit\u00e4t spricht<\/strong><\/h2>\n\n\n\n<p>Dieser Ausdruck erscheint besonders im Johannesevangelium. Zum Beispiel:<\/p>\n\n\n\n<blockquote class=\"wp-block-quote is-layout-flow wp-block-quote-is-layout-flow\">\n<p><em>\u201eWahrlich, wahrlich, ich sage euch: Wer glaubt, hat das ewige Leben\u201c<\/em> (Johannes 6,47)<\/p>\n<\/blockquote>\n\n\n\n<p>Hier gibt es keine Mehrdeutigkeit. Er sagt nicht \u201evielleicht\u201c, noch \u201ees kommt darauf an\u201c, noch \u201eje nach deiner Auslegung\u201c. Christus bekr\u00e4ftigt mit g\u00f6ttlicher Autorit\u00e4t eine Wahrheit, die das Leben des Menschen ver\u00e4ndert.<\/p>\n\n\n\n<p>Das f\u00fchrt uns zu einer grundlegenden theologischen Wirklichkeit:<br><strong>Jesus Christus lehrt nicht nur die Wahrheit; Er ist die Wahrheit.<\/strong><\/p>\n\n\n\n<blockquote class=\"wp-block-quote is-layout-flow wp-block-quote-is-layout-flow\">\n<p><em>\u201eIch bin der Weg und die Wahrheit und das Leben\u201c<\/em> (Johannes 14,6)<\/p>\n<\/blockquote>\n\n\n\n<p>Wenn Er also spricht, \u00e4u\u00dfert Er keine Meinung. Er stellt keine Theorien auf. <strong>Er offenbart, was ist.<\/strong><\/p>\n\n\n\n<hr class=\"wp-block-separator has-alpha-channel-opacity\"\/>\n\n\n\n<h2 class=\"wp-block-heading\"><strong>3. Eine g\u00f6ttliche P\u00e4dagogik: die Seele aufwecken<\/strong><\/h2>\n\n\n\n<p>Warum verwendet Jesus diese wiederholte Formel?<\/p>\n\n\n\n<p>Weil Er das menschliche Herz kennt. Er wei\u00df, dass wir zerstreut, verh\u00e4rtet und abgelenkt sind. Wir m\u00fcssen aufger\u00fcttelt werden.<\/p>\n\n\n\n<p>Jedes Mal, wenn Er sagt \u201eWahrlich, wahrlich, ich sage euch\u201c, ist es, als w\u00fcrde Er sagen:<\/p>\n\n\n\n<ul class=\"wp-block-list\">\n<li>\u201eH\u00f6re gut zu\u201c<\/li>\n\n\n\n<li>\u201eDas ist entscheidend\u201c<\/li>\n\n\n\n<li>\u201eDu kannst das nicht ignorieren\u201c<\/li>\n<\/ul>\n\n\n\n<p>Es ist ein zutiefst pastorales p\u00e4dagogisches Mittel. Er will nicht beeindrucken, sondern <strong>aufwecken<\/strong>.<\/p>\n\n\n\n<hr class=\"wp-block-separator has-alpha-channel-opacity\"\/>\n\n\n\n<h2 class=\"wp-block-heading\"><strong>4. Wahrheiten, die herausfordern\u2026 aber retten<\/strong><\/h2>\n\n\n\n<p>Wenn wir die Stellen betrachten, an denen dieser Ausdruck vorkommt, entdecken wir etwas Wichtiges:<br>Oft f\u00fchrt er schwierige Lehren ein.<\/p>\n\n\n\n<p>Zum Beispiel:<\/p>\n\n\n\n<blockquote class=\"wp-block-quote is-layout-flow wp-block-quote-is-layout-flow\">\n<p><em>\u201eWahrlich, wahrlich, ich sage euch: Wenn ihr das Fleisch des Menschensohnes nicht esst und sein Blut nicht trinkt, habt ihr kein Leben in euch\u201c<\/em> (Johannes 6,53)<\/p>\n<\/blockquote>\n\n\n\n<p>Diese Aussage f\u00fchrte zu einem Skandal. Viele J\u00fcnger verlie\u00dfen Jesus.<\/p>\n\n\n\n<p>Hier sehen wir etwas Wesentliches f\u00fcr unser geistliches Leben:<br><strong>Die Wahrheit Christi ist nicht immer bequem, aber sie ist immer rettend.<\/strong><\/p>\n\n\n\n<p>In einer Kultur, die versucht, die Wahrheit den pers\u00f6nlichen W\u00fcnschen anzupassen, tut Jesus das Gegenteil:<br><strong>Er l\u00e4dt den Menschen zur Umkehr ein, um in die Wahrheit einzutreten.<\/strong><\/p>\n\n\n\n<hr class=\"wp-block-separator has-alpha-channel-opacity\"\/>\n\n\n\n<h2 class=\"wp-block-heading\"><strong>5. Ein Aufruf zum Glauben in Zeiten des Relativismus<\/strong><\/h2>\n\n\n\n<p>Wir leben in einer Zeit, in der man st\u00e4ndig h\u00f6rt:<br>\u201eJeder hat seine eigene Wahrheit\u201c,<br>\u201eAlles h\u00e4ngt davon ab\u201c,<br>\u201eEs gibt keine absoluten Wahrheiten.\u201c<\/p>\n\n\n\n<p>Angesichts dessen ist der Ausdruck Christi radikal gegenkulturell.<\/p>\n\n\n\n<p><strong>\u201eWahrlich, wahrlich, ich sage euch\u2026\u201c<\/strong> bedeutet:<\/p>\n\n\n\n<ul class=\"wp-block-list\">\n<li>Es gibt eine objektive Wahrheit<\/li>\n\n\n\n<li>Diese Wahrheit kommt von Gott<\/li>\n\n\n\n<li>Und der Mensch ist berufen, sie im Glauben anzunehmen<\/li>\n<\/ul>\n\n\n\n<p>Nicht als Zwang, sondern als Weg zur Freiheit.<\/p>\n\n\n\n<p>Denn nur die Wahrheit macht frei:<\/p>\n\n\n\n<blockquote class=\"wp-block-quote is-layout-flow wp-block-quote-is-layout-flow\">\n<p><em>\u201eDie Wahrheit wird euch frei machen\u201c<\/em> (Johannes 8,32)<\/p>\n<\/blockquote>\n\n\n\n<hr class=\"wp-block-separator has-alpha-channel-opacity\"\/>\n\n\n\n<h2 class=\"wp-block-heading\"><strong>6. Praktische Anwendungen: aus der Wahrheit leben<\/strong><\/h2>\n\n\n\n<p>Das ist kein rein abstraktes theologisches Thema. Es hat konkrete Auswirkungen auf unser t\u00e4gliches Leben.<\/p>\n\n\n\n<h3 class=\"wp-block-heading\"><strong>a) Christus \u00fcber den L\u00e4rm hinaus h\u00f6ren<\/strong><\/h3>\n\n\n\n<p>Heute sind wir von Stimmen umgeben: soziale Medien, Meinungen, Ideologien\u2026<br>Doch wir h\u00f6ren Christus nur selten wirklich zu.<\/p>\n\n\n\n<p>Die Frage ist direkt:<br><strong>Welche Autorit\u00e4t hat Sein Wort in deinem Leben?<\/strong><\/p>\n\n\n\n<p>Das Evangelium nicht als einen Text unter vielen zu lesen, sondern als lebendiges Wort, ver\u00e4ndert alles.<\/p>\n\n\n\n<hr class=\"wp-block-separator has-alpha-channel-opacity\"\/>\n\n\n\n<h3 class=\"wp-block-heading\"><strong>b) Das Gewissen in der Wahrheit formen<\/strong><\/h3>\n\n\n\n<p>Es reicht nicht, \u201ezu f\u00fchlen, dass etwas richtig ist\u201c.<br>Der Christ ist berufen, sein Gewissen nach der geoffenbarten Wahrheit zu formen.<\/p>\n\n\n\n<p>Das bedeutet:<\/p>\n\n\n\n<ul class=\"wp-block-list\">\n<li>Den Glauben zu studieren<\/li>\n\n\n\n<li>Das Lehramt der Kirche zu kennen<\/li>\n\n\n\n<li>Mit Demut zu unterscheiden<\/li>\n<\/ul>\n\n\n\n<p>Denn nicht alles, was gut erscheint\u2026 ist wirklich gut.<\/p>\n\n\n\n<hr class=\"wp-block-separator has-alpha-channel-opacity\"\/>\n\n\n\n<h3 class=\"wp-block-heading\"><strong>c) In \u00dcbereinstimmung leben<\/strong><\/h3>\n\n\n\n<p>Wenn Christus \u201ein Wahrheit\u201c spricht, muss unser Leben mit Echtheit antworten.<\/p>\n\n\n\n<p>Man kann nicht im Glauben leben\u2026 und in der Unwahrheit.<br>Man kann Christus nicht folgen\u2026 und seine Lehren relativieren.<\/p>\n\n\n\n<p>Die Koh\u00e4renz ist heute das st\u00e4rkste Zeugnis.<\/p>\n\n\n\n<hr class=\"wp-block-separator has-alpha-channel-opacity\"\/>\n\n\n\n<h3 class=\"wp-block-heading\"><strong>d) Die Wahrheit in Liebe verk\u00fcnden<\/strong><\/h3>\n\n\n\n<p>In einer verwundeten Welt wird die Wahrheit nicht aufgezwungen: sie wird in Liebe angeboten.<\/p>\n\n\n\n<p>Aber <strong>sie wird nicht verborgen<\/strong>.<\/p>\n\n\n\n<p>Der Christ ist berufen, Zeuge der Wahrheit zu sein, auch wenn es schwerf\u00e4llt.<\/p>\n\n\n\n<hr class=\"wp-block-separator has-alpha-channel-opacity\"\/>\n\n\n\n<h2 class=\"wp-block-heading\"><strong>7. Die geistliche Dimension: die Wahrheit, die verwandelt<\/strong><\/h2>\n\n\n\n<p>Jedes Mal, wenn Jesus sagt \u201eWahrlich, wahrlich, ich sage euch\u201c, informiert Er nicht nur\u2026<br><strong>Er verwandelt<\/strong>.<\/p>\n\n\n\n<p>Sein Wort hat Kraft:<\/p>\n\n\n\n<ul class=\"wp-block-list\">\n<li>Es erleuchtet den Verstand<\/li>\n\n\n\n<li>Es korrigiert das Herz<\/li>\n\n\n\n<li>Es st\u00e4rkt den Willen<\/li>\n<\/ul>\n\n\n\n<p>Deshalb besteht das christliche Leben nicht nur darin, etwas \u00fcber Gott zu wissen,<br>sondern darin, <strong>sich von Seinem Wort verwandeln zu lassen<\/strong>.<\/p>\n\n\n\n<hr class=\"wp-block-separator has-alpha-channel-opacity\"\/>\n\n\n\n<h2 class=\"wp-block-heading\"><strong>8. Eine pers\u00f6nliche Einladung<\/strong><\/h2>\n\n\n\n<p>Dieses Thema endet nicht mit einer Analyse. Es ist eine Einladung.<\/p>\n\n\n\n<p>Wenn du das n\u00e4chste Mal das Evangelium liest und auf diesen Ausdruck st\u00f6\u00dft, halte inne.<\/p>\n\n\n\n<p>Frage dich:<\/p>\n\n\n\n<ul class=\"wp-block-list\">\n<li>H\u00f6re ich wirklich zu?<\/li>\n\n\n\n<li>Glaube ich, was Christus sagt?<\/li>\n\n\n\n<li>Lebe ich nach dieser Wahrheit?<\/li>\n<\/ul>\n\n\n\n<p>Denn in diesen Worten geht es um mehr als nur eine Lehre:<br><strong>Es geht um deine Beziehung zu Gott<\/strong>.<\/p>\n\n\n\n<hr class=\"wp-block-separator has-alpha-channel-opacity\"\/>\n\n\n\n<h2 class=\"wp-block-heading\"><strong>Schluss: die Gewissheit, die das Leben tr\u00e4gt<\/strong><\/h2>\n\n\n\n<p>In einer Welt voller Unsicherheit bietet Christus eine absolute Gewissheit.<\/p>\n\n\n\n<p>Wenn Er sagt <strong>\u201eWahrlich, wahrlich, ich sage euch\u201c<\/strong>, dann sagt Er:<\/p>\n\n\n\n<p>\ud83d\udc49 <em>Du kannst mir vertrauen<\/em><br>\ud83d\udc49 <em>Das t\u00e4uscht nicht<\/em><br>\ud83d\udc49 <em>Hier ist das wahre Leben<\/em><\/p>\n\n\n\n<p>Es ist keine kalte oder abstrakte Wahrheit.<br>Es ist eine Wahrheit mit einem Gesicht: <strong>Jesus Christus<\/strong>.<\/p>\n\n\n\n<p>Und wer sich auf Ihn st\u00fctzt, bleibt fest, selbst wenn die Welt ersch\u00fcttert wird.<\/p>\n","protected":false},"excerpt":{"rendered":"<p>Es gibt Ausdr\u00fccke im Evangelium, die uns aufgrund ihrer Kraft innehalten lassen sollten. Es sind keine blo\u00dfen S\u00e4tze: sie sind Schwellen. Unter ihnen erklingt einer mit einzigartiger Feierlichkeit: \u201eWahrlich, wahrlich, ich sage euch.\u201c Es ist keine schm\u00fcckende Formel und keine blo\u00dfe rhetorische Einleitung. Es ist ein Tor zum Wesentlichen, zum Endg\u00fcltigen, zu dem, was weder &hellip;<\/p>\n","protected":false},"author":3,"featured_media":5770,"comment_status":"closed","ping_status":"closed","sticky":false,"template":"","format":"standard","meta":{"_seopress_robots_primary_cat":"","_seopress_titles_title":"","_seopress_titles_desc":"","_seopress_robots_index":"","footnotes":""},"categories":[45,37],"tags":[2009,2008],"class_list":["post-5769","post","type-post","status-publish","format-standard","has-post-thumbnail","","category-heilige-schrift","category-lehre-und-glaube","tag-ich-sage-euch","tag-wahrlich"],"_links":{"self":[{"href":"https:\/\/catholicus.eu\/de\/wp-json\/wp\/v2\/posts\/5769","targetHints":{"allow":["GET"]}}],"collection":[{"href":"https:\/\/catholicus.eu\/de\/wp-json\/wp\/v2\/posts"}],"about":[{"href":"https:\/\/catholicus.eu\/de\/wp-json\/wp\/v2\/types\/post"}],"author":[{"embeddable":true,"href":"https:\/\/catholicus.eu\/de\/wp-json\/wp\/v2\/users\/3"}],"replies":[{"embeddable":true,"href":"https:\/\/catholicus.eu\/de\/wp-json\/wp\/v2\/comments?post=5769"}],"version-history":[{"count":1,"href":"https:\/\/catholicus.eu\/de\/wp-json\/wp\/v2\/posts\/5769\/revisions"}],"predecessor-version":[{"id":5771,"href":"https:\/\/catholicus.eu\/de\/wp-json\/wp\/v2\/posts\/5769\/revisions\/5771"}],"wp:featuredmedia":[{"embeddable":true,"href":"https:\/\/catholicus.eu\/de\/wp-json\/wp\/v2\/media\/5770"}],"wp:attachment":[{"href":"https:\/\/catholicus.eu\/de\/wp-json\/wp\/v2\/media?parent=5769"}],"wp:term":[{"taxonomy":"category","embeddable":true,"href":"https:\/\/catholicus.eu\/de\/wp-json\/wp\/v2\/categories?post=5769"},{"taxonomy":"post_tag","embeddable":true,"href":"https:\/\/catholicus.eu\/de\/wp-json\/wp\/v2\/tags?post=5769"}],"curies":[{"name":"wp","href":"https:\/\/api.w.org\/{rel}","templated":true}]}}