{"id":5760,"date":"2026-04-24T21:45:17","date_gmt":"2026-04-24T19:45:17","guid":{"rendered":"https:\/\/catholicus.eu\/de\/?p=5760"},"modified":"2026-04-24T21:45:17","modified_gmt":"2026-04-24T19:45:17","slug":"was-tun-wir-wirklich-wenn-wir-die-allerheiligenlitanei-beten-der-ruf-der-kirche-der-himmel-und-erde-durchdringt","status":"publish","type":"post","link":"https:\/\/catholicus.eu\/de\/was-tun-wir-wirklich-wenn-wir-die-allerheiligenlitanei-beten-der-ruf-der-kirche-der-himmel-und-erde-durchdringt\/","title":{"rendered":"Was tun wir wirklich, wenn wir die Allerheiligenlitanei beten? Der Ruf der Kirche, der Himmel und Erde durchdringt"},"content":{"rendered":"\n<p>In einer Zeit, die von Hast, st\u00e4ndigem L\u00e4rm und oft oberfl\u00e4chlicher Spiritualit\u00e4t gepr\u00e4gt ist, gibt es Gebete der Kirche, die eine Tiefe bewahren, die vielen Gl\u00e4ubigen weitgehend unbekannt ist. Zu ihnen geh\u00f6rt die Allerheiligenlitanei: ein altes, feierliches und zutiefst theologisches Bittgebet, das uns in das Geheimnis der Gemeinschaft der Heiligen und in die lebendige F\u00fcrsprache der himmlischen Kirche hineinf\u00fchrt.<\/p>\n\n\n\n<p>Aber\u2026 was tun wir eigentlich, wenn wir die Litanei beten? Ist es nur eine Liste von Namen mit wiederholten Antworten? Oder verbirgt sich darin etwas viel Tieferes, Verwandelndes und erstaunlich Aktuelles?<\/p>\n\n\n\n<p>Die Antwort ist klar: In der Allerheiligenlitanei tritt die ganze Kirche \u2014 Himmel und Erde \u2014 ins Gebet ein.<\/p>\n\n\n\n<hr class=\"wp-block-separator has-alpha-channel-opacity\"\/>\n\n\n\n<h2 class=\"wp-block-heading\"><strong>1. Ein alter Ursprung: das Gebet einer verfolgten und hoffnungsvollen Kirche<\/strong><\/h2>\n\n\n\n<p>Die Allerheiligenlitanei hat ihre Wurzeln in den ersten Jahrhunderten des Christentums. In Zeiten der Verfolgung riefen die Christen die M\u00e4rtyrer als lebendige Br\u00fcder in Christus an, \u00fcberzeugt davon, dass der Tod die Gemeinschaft nicht zerst\u00f6rt, sondern vollendet.<\/p>\n\n\n\n<p>Diese \u00dcberzeugung entspringt einer zutiefst biblischen Wahrheit: Die Kirche ist nicht nur die sichtbare Gemeinschaft, sondern ein einziger Leib in Christus.<\/p>\n\n\n\n<blockquote class=\"wp-block-quote is-layout-flow wp-block-quote-is-layout-flow\">\n<p>\u201eDenn wie der Leib einer ist und viele Glieder hat\u2026 so ist es auch mit Christus\u201c (1 Korinther 12,12).<\/p>\n<\/blockquote>\n\n\n\n<p>Im Laufe der Zeit nahmen diese Anrufungen eine geordnete liturgische Form an, besonders verwendet in feierlichen Momenten: bei Weihen, Konsekrationen, in der Osternacht und in Situationen gro\u00dfer Not.<\/p>\n\n\n\n<hr class=\"wp-block-separator has-alpha-channel-opacity\"\/>\n\n\n\n<h2 class=\"wp-block-heading\"><strong>2. Die Struktur: ein geistlicher Weg in f\u00fcnf Bewegungen<\/strong><\/h2>\n\n\n\n<p>Die Litanei ist weder chaotisch noch willk\u00fcrlich. Sie folgt einer zutiefst p\u00e4dagogischen und theologischen Struktur, die die Seele durch einen wahren geistlichen Weg f\u00fchrt.<\/p>\n\n\n\n<h3 class=\"wp-block-heading\"><strong>1\u00b0 Direkte Anrufung Christi: das Zentrum von allem<\/strong><\/h3>\n\n\n\n<p>Alles beginnt \u2014 und endet \u2014 in Christus. Das Gebet richtet sich zuerst an Ihn:<\/p>\n\n\n\n<p><strong>\u201eChriste, audi nos; Christe, exaudi nos\u201c<\/strong><br>(<em>Christus, h\u00f6re uns; Christus, erh\u00f6re uns<\/em>)<\/p>\n\n\n\n<p>Das ist wesentlich: Wir wenden uns nicht an die Heiligen als Ersatz f\u00fcr Gott, sondern als F\u00fcrsprecher in Christus. Er ist der einzige Mittler (vgl. 1 Timotheus 2,5), doch Er l\u00e4sst seine Kirche an seinem Erl\u00f6sungswerk teilhaben.<\/p>\n\n\n\n<p>Hier wird das Fundament gelegt: Alle Gnade kommt von Christus.<\/p>\n\n\n\n<hr class=\"wp-block-separator has-alpha-channel-opacity\"\/>\n\n\n\n<h3 class=\"wp-block-heading\"><strong>2\u00b0 Anrufung der Jungfrau und der Heiligen: lebendige Gemeinschaft<\/strong><\/h3>\n\n\n\n<p>Dann \u00f6ffnet sich die Kirche dem Himmel:<\/p>\n\n\n\n<p><strong>\u201eOrate pro nobis\u201c \u2014 \u201eBittet f\u00fcr uns\u201c<\/strong><\/p>\n\n\n\n<p>Wir rufen die Jungfrau Maria, die Engel und alle Heiligen an \u2014 nicht als ferne Gestalten, sondern als lebendige Glieder desselben Leibes.<\/p>\n\n\n\n<p>Dies bringt eine heute oft vergessene Wahrheit zum Ausdruck: <strong>Wir sind im Glauben nicht allein<\/strong>.<\/p>\n\n\n\n<p>Die Kirche ist Gemeinschaft:<\/p>\n\n\n\n<ul class=\"wp-block-list\">\n<li>Die streitende Kirche (wir)<\/li>\n\n\n\n<li>Die leidende Kirche<\/li>\n\n\n\n<li>Die triumphierende Kirche (die Heiligen)<\/li>\n<\/ul>\n\n\n\n<p>Alle vereint in derselben Liebe.<\/p>\n\n\n\n<blockquote class=\"wp-block-quote is-layout-flow wp-block-quote-is-layout-flow\">\n<p>\u201eWir sind von einer so gro\u00dfen Wolke von Zeugen umgeben\u2026\u201c (Hebr\u00e4er 12,1)<\/p>\n<\/blockquote>\n\n\n\n<p>In einer individualistischen Welt ist diese gemeinschaftliche Dimension zutiefst gegenkulturell.<\/p>\n\n\n\n<hr class=\"wp-block-separator has-alpha-channel-opacity\"\/>\n\n\n\n<h3 class=\"wp-block-heading\"><strong>3\u00b0 Bitte um Befreiung: das Drama der S\u00fcnde und die Notwendigkeit des Heils<\/strong><\/h3>\n\n\n\n<p>Nachdem wir Hilfe angerufen haben, erkennen wir unsere Lage:<\/p>\n\n\n\n<p><strong>\u201eLibera nos, D\u00f3mine\u201c \u2014 \u201eBefreie uns, o Herr\u201c<\/strong><\/p>\n\n\n\n<p>Hier wird das Gebet dramatisch und zutiefst realistisch. Wir bitten, befreit zu werden:<\/p>\n\n\n\n<ul class=\"wp-block-list\">\n<li>Von der S\u00fcnde<\/li>\n\n\n\n<li>Vom B\u00f6sen<\/li>\n\n\n\n<li>Von der ewigen Verdammnis<\/li>\n<\/ul>\n\n\n\n<p>Es ist ein stilles Bekenntnis: <strong>Wir k\u00f6nnen uns nicht selbst retten<\/strong>.<\/p>\n\n\n\n<p>In einer Kultur, die dazu neigt, die S\u00fcnde zu verharmlosen, stellt diese Bitte den Ernst des B\u00f6sen wieder her\u2026 aber auch die Barmherzigkeit Gottes.<\/p>\n\n\n\n<hr class=\"wp-block-separator has-alpha-channel-opacity\"\/>\n\n\n\n<h3 class=\"wp-block-heading\"><strong>4\u00b0 Bitte um Gnade und Ausdauer: das konkrete christliche Leben<\/strong><\/h3>\n\n\n\n<p>Das Gebet schreitet zum konkreten Leben fort:<\/p>\n\n\n\n<p><strong>\u201eTe rogamus, audi nos\u201c \u2014 \u201eWir bitten dich, erh\u00f6re uns\u201c<\/strong><\/p>\n\n\n\n<p>Hier bitten wir um:<\/p>\n\n\n\n<ul class=\"wp-block-list\">\n<li>Die Gabe wahrer Bu\u00dfe<\/li>\n\n\n\n<li>Treue im Glauben<\/li>\n\n\n\n<li>Die Einheit der Kirche<\/li>\n\n\n\n<li>Die Heiligung des Volkes Gottes<\/li>\n<\/ul>\n\n\n\n<p>Dies ist keine abstrakte Spiritualit\u00e4t. Sie ist konkret, kirchlich, verk\u00f6rpert.<\/p>\n\n\n\n<p>Wir beten f\u00fcr alle:<\/p>\n\n\n\n<ul class=\"wp-block-list\">\n<li>Hirten<\/li>\n\n\n\n<li>Gl\u00e4ubige<\/li>\n\n\n\n<li>Regierende<\/li>\n\n\n\n<li>Bed\u00fcrftige<\/li>\n<\/ul>\n\n\n\n<p>Es ist ein zutiefst missionarisches Gebet.<\/p>\n\n\n\n<hr class=\"wp-block-separator has-alpha-channel-opacity\"\/>\n\n\n\n<h3 class=\"wp-block-heading\"><strong>5\u00b0 Schluss: R\u00fcckkehr zur Barmherzigkeit<\/strong><\/h3>\n\n\n\n<p>Die Litanei endet, wie sie begonnen hat:<\/p>\n\n\n\n<p><strong>\u201eKyrie eleison\u201c \u2014 \u201eHerr, erbarme dich\u201c<\/strong><\/p>\n\n\n\n<p>Diese R\u00fcckkehr ist keine leere Wiederholung, sondern eine vertiefte Intensit\u00e4t. Wir haben einen Weg durchschritten:<\/p>\n\n\n\n<ul class=\"wp-block-list\">\n<li>Anrufung<\/li>\n\n\n\n<li>Gemeinschaft<\/li>\n\n\n\n<li>Bitte<\/li>\n\n\n\n<li>Hingabe<\/li>\n<\/ul>\n\n\n\n<p>Und wir kehren zum Wesentlichen zur\u00fcck: <strong>zur Barmherzigkeit Gottes<\/strong>.<\/p>\n\n\n\n<hr class=\"wp-block-separator has-alpha-channel-opacity\"\/>\n\n\n\n<h2 class=\"wp-block-heading\"><strong>3. Der theologische Reichtum: was wir bekennen, ohne es zu merken<\/strong><\/h2>\n\n\n\n<p>Wenn wir die Litanei beten, bekennen wir grundlegende Wahrheiten des Glaubens:<\/p>\n\n\n\n<h3 class=\"wp-block-heading\"><strong>\u2714 Die einzigartige Mittlerschaft Christi<\/strong><\/h3>\n\n\n\n<p>Alles geht durch Ihn. Nichts ist ohne Ihn verst\u00e4ndlich.<\/p>\n\n\n\n<h3 class=\"wp-block-heading\"><strong>\u2714 Die Gemeinschaft der Heiligen<\/strong><\/h3>\n\n\n\n<p>Die Kirche ist nicht nur sichtbar: sie ist himmlisch.<\/p>\n\n\n\n<h3 class=\"wp-block-heading\"><strong>\u2714 Die Schwere der S\u00fcnde<\/strong><\/h3>\n\n\n\n<p>Wir brauchen Befreiung.<\/p>\n\n\n\n<h3 class=\"wp-block-heading\"><strong>\u2714 Die Notwendigkeit der Gnade<\/strong><\/h3>\n\n\n\n<p>Der menschliche Wille gen\u00fcgt nicht.<\/p>\n\n\n\n<h3 class=\"wp-block-heading\"><strong>\u2714 Die gemeinschaftliche Dimension des Heils<\/strong><\/h3>\n\n\n\n<p>Wir werden in der Kirche gerettet, nicht isoliert.<\/p>\n\n\n\n<hr class=\"wp-block-separator has-alpha-channel-opacity\"\/>\n\n\n\n<h2 class=\"wp-block-heading\"><strong>4. Ein zutiefst aktuelles Gebet<\/strong><\/h2>\n\n\n\n<p>Es mag wie ein altes Gebet erscheinen\u2026 doch es ist erstaunlich aktuell.<\/p>\n\n\n\n<p>In einer Welt, die:<\/p>\n\n\n\n<ul class=\"wp-block-list\">\n<li>individualistisch ist \u2192 erinnert es uns an die Gemeinschaft<\/li>\n\n\n\n<li>selbstgen\u00fcgsam ist \u2192 lehrt es uns zu bitten<\/li>\n\n\n\n<li>verzweifelt ist \u2192 \u00f6ffnet es uns f\u00fcr den Himmel<\/li>\n\n\n\n<li>zersplittert ist \u2192 vereint es uns als Kirche<\/li>\n<\/ul>\n\n\n\n<p>Die Litanei ist ein geistliches Gegenmittel f\u00fcr unsere Zeit.<\/p>\n\n\n\n<hr class=\"wp-block-separator has-alpha-channel-opacity\"\/>\n\n\n\n<h2 class=\"wp-block-heading\"><strong>5. Praktische Anwendungen: wie wir die Litanei heute leben k\u00f6nnen<\/strong><\/h2>\n\n\n\n<p>Man muss nicht auf eine feierliche Zeremonie warten, um sie zu beten. Du kannst sie in dein geistliches Leben integrieren:<\/p>\n\n\n\n<h3 class=\"wp-block-heading\"><strong>\ud83d\udd39 In Momenten der Angst<\/strong><\/h3>\n\n\n\n<p>Wenn du nicht wei\u00dft, was du sagen sollst, lass die Kirche f\u00fcr dich beten.<\/p>\n\n\n\n<h3 class=\"wp-block-heading\"><strong>\ud83d\udd39 In der Familie<\/strong><\/h3>\n\n\n\n<p>Gemeinsam die Heiligen anzurufen st\u00e4rkt den Glauben im Haus.<\/p>\n\n\n\n<h3 class=\"wp-block-heading\"><strong>\ud83d\udd39 In Zeiten der Unterscheidung<\/strong><\/h3>\n\n\n\n<p>Es ist ein dem\u00fctiges Gebet, das das Herz f\u00fcr den Willen Gottes \u00f6ffnet.<\/p>\n\n\n\n<h3 class=\"wp-block-heading\"><strong>\ud83d\udd39 Im Kampf gegen die S\u00fcnde<\/strong><\/h3>\n\n\n\n<p>Die Bitte \u201elibera nos, D\u00f3mine\u201c wird zu einem echten Schrei.<\/p>\n\n\n\n<hr class=\"wp-block-separator has-alpha-channel-opacity\"\/>\n\n\n\n<h2 class=\"wp-block-heading\"><strong>6. Ein geistlicher Schl\u00fcssel: lernen zu bitten<\/strong><\/h2>\n\n\n\n<p>Die Litanei lehrt uns etwas Wesentliches, das die moderne Welt vergessen hat: <strong>zu bitten<\/strong>.<\/p>\n\n\n\n<p>Mit Demut bitten.<br>Mit Glauben bitten.<br>In Gemeinschaft bitten.<\/p>\n\n\n\n<p>Denn der Christ ist nicht selbstgen\u00fcgsam. Er ist ein Kind.<\/p>\n\n\n\n<blockquote class=\"wp-block-quote is-layout-flow wp-block-quote-is-layout-flow\">\n<p>\u201eBittet, und es wird euch gegeben; sucht, und ihr werdet finden\u201c (Matth\u00e4us 7,7)<\/p>\n<\/blockquote>\n\n\n\n<hr class=\"wp-block-separator has-alpha-channel-opacity\"\/>\n\n\n\n<h2 class=\"wp-block-heading\"><strong>Schluss: ein Gebet, das Himmel und Erde vereint<\/strong><\/h2>\n\n\n\n<p>Die Allerheiligenlitanei ist keine monotone Wiederholung. Sie ist eine geistliche Symphonie, in der die ganze Kirche \u2014 sichtbar und unsichtbar \u2014 gemeinsam ruft.<\/p>\n\n\n\n<p>Christus ist es, der h\u00f6rt.<br>Die Heiligen sind es, die F\u00fcrsprache halten.<br>Wir sind es, die bitten.<\/p>\n\n\n\n<p>Und in diesem Geheimnis geschieht etwas Au\u00dfergew\u00f6hnliches: <strong>Der Himmel neigt sich zur Erde<\/strong>.<\/p>\n\n\n\n<p>Die Litanei zu beten hei\u00dft letztlich, sich daran zu erinnern, wer wir sind:<\/p>\n\n\n\n<ul class=\"wp-block-list\">\n<li>Nicht isolierte Individuen<\/li>\n\n\n\n<li>Sondern Glieder eines einzigen Leibes<\/li>\n\n\n\n<li>Auf dem Weg zur Heiligkeit<\/li>\n<\/ul>\n\n\n\n<p>Und vielleicht wirst du beim n\u00e4chsten Mal, wenn du sie betest, nicht mehr nur Worte h\u00f6ren\u2026 sondern das Echo der ganzen Kirche, die mit dir betet.<\/p>\n","protected":false},"excerpt":{"rendered":"<p>In einer Zeit, die von Hast, st\u00e4ndigem L\u00e4rm und oft oberfl\u00e4chlicher Spiritualit\u00e4t gepr\u00e4gt ist, gibt es Gebete der Kirche, die eine Tiefe bewahren, die vielen Gl\u00e4ubigen weitgehend unbekannt ist. Zu ihnen geh\u00f6rt die Allerheiligenlitanei: ein altes, feierliches und zutiefst theologisches Bittgebet, das uns in das Geheimnis der Gemeinschaft der Heiligen und in die lebendige F\u00fcrsprache &hellip;<\/p>\n","protected":false},"author":3,"featured_media":5761,"comment_status":"closed","ping_status":"closed","sticky":false,"template":"","format":"standard","meta":{"_seopress_robots_primary_cat":"","_seopress_titles_title":"","_seopress_titles_desc":"","_seopress_robots_index":"","footnotes":""},"categories":[58,40],"tags":[],"class_list":["post-5760","post","type-post","status-publish","format-standard","has-post-thumbnail","","category-gebet-und-geistliches-leben","category-gebet-und-spiritualitaet"],"_links":{"self":[{"href":"https:\/\/catholicus.eu\/de\/wp-json\/wp\/v2\/posts\/5760","targetHints":{"allow":["GET"]}}],"collection":[{"href":"https:\/\/catholicus.eu\/de\/wp-json\/wp\/v2\/posts"}],"about":[{"href":"https:\/\/catholicus.eu\/de\/wp-json\/wp\/v2\/types\/post"}],"author":[{"embeddable":true,"href":"https:\/\/catholicus.eu\/de\/wp-json\/wp\/v2\/users\/3"}],"replies":[{"embeddable":true,"href":"https:\/\/catholicus.eu\/de\/wp-json\/wp\/v2\/comments?post=5760"}],"version-history":[{"count":1,"href":"https:\/\/catholicus.eu\/de\/wp-json\/wp\/v2\/posts\/5760\/revisions"}],"predecessor-version":[{"id":5762,"href":"https:\/\/catholicus.eu\/de\/wp-json\/wp\/v2\/posts\/5760\/revisions\/5762"}],"wp:featuredmedia":[{"embeddable":true,"href":"https:\/\/catholicus.eu\/de\/wp-json\/wp\/v2\/media\/5761"}],"wp:attachment":[{"href":"https:\/\/catholicus.eu\/de\/wp-json\/wp\/v2\/media?parent=5760"}],"wp:term":[{"taxonomy":"category","embeddable":true,"href":"https:\/\/catholicus.eu\/de\/wp-json\/wp\/v2\/categories?post=5760"},{"taxonomy":"post_tag","embeddable":true,"href":"https:\/\/catholicus.eu\/de\/wp-json\/wp\/v2\/tags?post=5760"}],"curies":[{"name":"wp","href":"https:\/\/api.w.org\/{rel}","templated":true}]}}