{"id":5596,"date":"2026-04-03T09:37:51","date_gmt":"2026-04-03T07:37:51","guid":{"rendered":"https:\/\/catholicus.eu\/de\/?p=5596"},"modified":"2026-04-03T09:37:52","modified_gmt":"2026-04-03T07:37:52","slug":"christus-von-mena-das-antlitz-des-guten-todes-das-die-moderne-angst-herausfordert","status":"publish","type":"post","link":"https:\/\/catholicus.eu\/de\/christus-von-mena-das-antlitz-des-guten-todes-das-die-moderne-angst-herausfordert\/","title":{"rendered":"Christus von Mena: das Antlitz des Guten Todes, das die moderne Angst herausfordert"},"content":{"rendered":"\n<h2 class=\"wp-block-heading\">Der Gekreuzigte, der uns lehrt zu sterben\u2026 um zu lernen zu leben<\/h2>\n\n\n\n<p>In einer Zeit, die von der Angst vor dem Tod, der Ablehnung des Leidens und der Besessenheit gepr\u00e4gt ist, das Leben um jeden Preis zu verl\u00e4ngern, tritt ein zutiefst gegenkulturelles Bild mit Kraft hervor: der <strong>Christus des Guten Todes<\/strong>, im Volksmund bekannt als der <strong>Christus von Mena<\/strong>.<\/p>\n\n\n\n<p>Es ist nicht nur eine Skulptur. Es ist nicht nur eine Tradition der Karwoche. Es ist in Wirklichkeit eine lebendige Katechese, eine stille Predigt, die Generationen durchdringt und die heute mehr denn je neu entdeckt werden muss.<\/p>\n\n\n\n<p>Denn vom \u201eguten Tod\u201c im 21. Jahrhundert zu sprechen, klingt unbequem\u2026 und ist doch zutiefst notwendig.<\/p>\n\n\n\n<hr class=\"wp-block-separator has-alpha-channel-opacity\"\/>\n\n\n\n<h2 class=\"wp-block-heading\">1. Geschichte: zwischen Fr\u00f6mmigkeit, Trag\u00f6die und Wiederherstellung<\/h2>\n\n\n\n<p>Das urspr\u00fcngliche Bild des Christus des Guten Todes wird dem gro\u00dfen Barockbildhauer Pedro de Mena zugeschrieben, einem der bedeutendsten Meister der spanischen religi\u00f6sen Bildhauerkunst des 17. Jahrhunderts.<\/p>\n\n\n\n<p>Diese Skulptur von \u00fcberw\u00e4ltigender Sch\u00f6nheit und Ruhe stellte Christus bereits tot am Kreuz dar, mit seinem hingegebenen Leib und seiner dem Vater anvertrauten Seele.<\/p>\n\n\n\n<p>Doch die Geschichte dieser Verehrung blieb nicht ohne Leid:<\/p>\n\n\n\n<ul class=\"wp-block-list\">\n<li>Das urspr\u00fcngliche Bild wurde w\u00e4hrend der Unruhen von 1931 in Spanien zerst\u00f6rt.<\/li>\n\n\n\n<li>Jahre sp\u00e4ter schuf der Bildhauer Francisco Palma Burgos die heutige Figur und bewahrte dabei den Geist des Originals.<\/li>\n\n\n\n<li>Die Verehrung wurde tief von der Spanischen Legion aufgenommen, die jedes Jahr einen der eindrucksvollsten Momente der Karwoche in M\u00e1laga gestaltet: die \u00dcberf\u00fchrung und Inthronisierung des Christus.<\/li>\n<\/ul>\n\n\n\n<p>Diese Verbindung mit der Legion ist nicht zuf\u00e4llig. Sie ist zutiefst symbolisch: M\u00e4nner, die auf den Tod vorbereitet sind und im Christus den letzten Sinn ihrer Hingabe finden.<\/p>\n\n\n\n<hr class=\"wp-block-separator has-alpha-channel-opacity\"\/>\n\n\n\n<h2 class=\"wp-block-heading\">2. Was bedeutet \u201eGuter Tod\u201c? Ein vergessener theologischer Schl\u00fcssel<\/h2>\n\n\n\n<p>Vom \u201eguten Tod\u201c zu sprechen mag heute seltsam erscheinen. Doch in der christlichen Tradition ist es ein zutiefst reichhaltiger Begriff.<\/p>\n\n\n\n<p>Es geht nicht darum, ohne Schmerzen zu sterben. Auch nicht um einen \u201eleichten\u201c Tod.<\/p>\n\n\n\n<p>Es geht darum, <strong>in der Gnade Gottes zu sterben<\/strong>, vers\u00f6hnt, vertrauend, hingegeben in seine H\u00e4nde.<\/p>\n\n\n\n<p>Der Christus von Mena stellt genau diesen Moment dar:<\/p>\n\n\n\n<ul class=\"wp-block-list\">\n<li>Christus ist gestorben.<\/li>\n\n\n\n<li>Es gibt kein \u00fcbertriebenes Drama.<\/li>\n\n\n\n<li>Es gibt keine Verzweiflung.<\/li>\n\n\n\n<li>Es gibt <strong>v\u00f6llige Hingabe<\/strong>.<\/li>\n<\/ul>\n\n\n\n<p>Wie das Evangelium sagt:<\/p>\n\n\n\n<blockquote class=\"wp-block-quote is-layout-flow wp-block-quote-is-layout-flow\">\n<p>\u201eVater, in deine H\u00e4nde lege ich meinen Geist\u201c (Evangelium nach Lukas 23,46)<\/p>\n<\/blockquote>\n\n\n\n<p>Das ist das Herz des \u201eguten Todes\u201c: <strong>kindliches Vertrauen in Gott selbst im letzten Augenblick<\/strong>.<\/p>\n\n\n\n<hr class=\"wp-block-separator has-alpha-channel-opacity\"\/>\n\n\n\n<h2 class=\"wp-block-heading\">3. Die theologische \u00c4sthetik des Christus von Mena<\/h2>\n\n\n\n<p>Das Bild ist nicht nur Kunst. Es ist in Holz geschnitzte Theologie.<\/p>\n\n\n\n<p>Jedes Detail spricht:<\/p>\n\n\n\n<h3 class=\"wp-block-heading\">\u2022 Der leblose, aber friedvolle Leib<\/h3>\n\n\n\n<p>Es gibt keine extreme Spannung. Christus hat seine Sendung vollendet.<br>Das erinnert uns daran, dass der Tod in Christus keine Niederlage ist\u2026 sondern Erf\u00fcllung.<\/p>\n\n\n\n<h3 class=\"wp-block-heading\">\u2022 Das geneigte Haupt<\/h3>\n\n\n\n<p>Es ist kein verzweifeltes Verlassenwerden, sondern <strong>Ruhe im Vater<\/strong>.<\/p>\n\n\n\n<h3 class=\"wp-block-heading\">\u2022 Das Fehlen \u00fcberm\u00e4\u00dfiger Dramatik<\/h3>\n\n\n\n<p>Im Gegensatz zu anderen Kruzifixen herrscht hier Frieden.<br>Es ist eine Einladung, den Tod im Glauben und nicht in Angst zu betrachten.<\/p>\n\n\n\n<hr class=\"wp-block-separator has-alpha-channel-opacity\"\/>\n\n\n\n<h2 class=\"wp-block-heading\">4. Christus und der Tod: eine geistliche Revolution<\/h2>\n\n\n\n<p>Das gro\u00dfe Drama des modernen Menschen besteht nicht nur darin zu sterben\u2026 sondern nicht zu wissen, wof\u00fcr er lebt oder wie er sterben soll.<\/p>\n\n\n\n<p>Die heutige Kultur:<\/p>\n\n\n\n<ul class=\"wp-block-list\">\n<li>vermeidet es, \u00fcber den Tod zu sprechen<\/li>\n\n\n\n<li>verbirgt ihn<\/li>\n\n\n\n<li>medizinisiert ihn<\/li>\n\n\n\n<li>entmenschlicht ihn<\/li>\n<\/ul>\n\n\n\n<p>Doch Christus tut genau das Gegenteil:<\/p>\n\n\n\n<ul class=\"wp-block-list\">\n<li>Er <strong>stellt sich ihm<\/strong><\/li>\n\n\n\n<li>Er <strong>umarmt ihn<\/strong><\/li>\n\n\n\n<li>Er <strong>verwandelt ihn<\/strong><\/li>\n<\/ul>\n\n\n\n<p>Der heilige Paulus dr\u00fcckt dies mit beeindruckender Kraft aus:<\/p>\n\n\n\n<blockquote class=\"wp-block-quote is-layout-flow wp-block-quote-is-layout-flow\">\n<p>\u201eTod, wo ist dein Sieg?\u201c (Erster Korintherbrief 15,55)<\/p>\n<\/blockquote>\n\n\n\n<p>Der Christus des Guten Todes leugnet den Tod nicht.<br>Er <strong>erl\u00f6st<\/strong> ihn.<\/p>\n\n\n\n<figure class=\"wp-block-embed aligncenter is-type-video is-provider-youtube wp-block-embed-youtube wp-embed-aspect-16-9 wp-has-aspect-ratio\"><div class=\"wp-block-embed__wrapper\">\n<iframe loading=\"lazy\" title=\"Legionarios cantando El Novio de la Muerte - Semana Santa de M\u00e1laga 2016\" width=\"618\" height=\"348\" src=\"https:\/\/www.youtube.com\/embed\/8XULTHbK5z8?feature=oembed\" frameborder=\"0\" allow=\"accelerometer; autoplay; clipboard-write; encrypted-media; gyroscope; picture-in-picture; web-share\" referrerpolicy=\"strict-origin-when-cross-origin\" allowfullscreen><\/iframe>\n<\/div><\/figure>\n\n\n\n<hr class=\"wp-block-separator has-alpha-channel-opacity\"\/>\n\n\n\n<h2 class=\"wp-block-heading\">5. Die Legion und der Christus: Spiritualit\u00e4t des Opfers<\/h2>\n\n\n\n<p>Die Verbindung zwischen der Spanischen Legion und dem Christus von Mena ist zutiefst geistlich.<\/p>\n\n\n\n<p>Das ber\u00fchmte Lied <em>\u201eDer Br\u00e4utigam des Todes\u201c<\/em> ist keine oberfl\u00e4chliche Verherrlichung des Todes, sondern ein \u2013 wenn auch unvollkommener \u2013 Ausdruck einer christlichen Wahrheit:<\/p>\n\n\n\n<blockquote class=\"wp-block-quote is-layout-flow wp-block-quote-is-layout-flow\">\n<p>Das Leben findet seine F\u00fclle, wenn es hingegeben wird.<\/p>\n<\/blockquote>\n\n\n\n<p>Die Legion\u00e4re, die den Christus tragen, erinnern uns an etwas Wesentliches:<\/p>\n\n\n\n<ul class=\"wp-block-list\">\n<li>Der Tod ist nicht das Ende, wenn Liebe da ist<\/li>\n\n\n\n<li>Das Opfer hat Sinn, wenn es mit Christus vereint ist<\/li>\n\n\n\n<li>Die Hingabe verwandelt Angst in Sendung<\/li>\n<\/ul>\n\n\n\n<hr class=\"wp-block-separator has-alpha-channel-opacity\"\/>\n\n\n\n<h2 class=\"wp-block-heading\">6. Praktische Anwendungen: gut leben lernen\u2026 um gut zu sterben<\/h2>\n\n\n\n<p>Hier liegt der pastorale Kern des Christus des Guten Todes.<\/p>\n\n\n\n<p>Es geht nicht darum, sich vom Tod besessen zu machen.<br>Es geht darum, <strong>so zu leben, dass wir keine Angst vor dem Sterben haben<\/strong>.<\/p>\n\n\n\n<h3 class=\"wp-block-heading\">1. In der Gnade leben<\/h3>\n\n\n\n<p>Der \u201egute Tod\u201c beginnt heute:<\/p>\n\n\n\n<ul class=\"wp-block-list\">\n<li>H\u00e4ufige Beichte<\/li>\n\n\n\n<li>Sakramentales Leben<\/li>\n\n\n\n<li>St\u00e4ndige Umkehr<\/li>\n<\/ul>\n\n\n\n<h3 class=\"wp-block-heading\">2. Sich vers\u00f6hnen<\/h3>\n\n\n\n<p>Keine offenen Wunden lassen:<\/p>\n\n\n\n<ul class=\"wp-block-list\">\n<li>Vergeben<\/li>\n\n\n\n<li>Um Vergebung bitten<\/li>\n\n\n\n<li>Beziehungen heilen<\/li>\n<\/ul>\n\n\n\n<h3 class=\"wp-block-heading\">3. Das Leben ordnen<\/h3>\n\n\n\n<p>Sich fragen:<\/p>\n\n\n\n<ul class=\"wp-block-list\">\n<li>Was ist wesentlich?<\/li>\n\n\n\n<li>Was werde ich vor Gott bringen?<\/li>\n<\/ul>\n\n\n\n<h3 class=\"wp-block-heading\">4. Das t\u00e4gliche Kreuz annehmen<\/h3>\n\n\n\n<p>Das Leid, mit Christus vereint, zerst\u00f6rt nicht\u2026 es verwandelt.<\/p>\n\n\n\n<h3 class=\"wp-block-heading\">5. Die Hoffnung pflegen<\/h3>\n\n\n\n<p>Der Christ erwartet nicht den Tod\u2026 sondern das ewige Leben.<\/p>\n\n\n\n<hr class=\"wp-block-separator has-alpha-channel-opacity\"\/>\n\n\n\n<h2 class=\"wp-block-heading\">7. Eine dringende Botschaft f\u00fcr heute<\/h2>\n\n\n\n<p>In einer Gesellschaft, in der Folgendes zunimmt:<\/p>\n\n\n\n<ul class=\"wp-block-list\">\n<li>Euthanasie<\/li>\n\n\n\n<li>Angst vor dem Leiden<\/li>\n\n\n\n<li>Hoffnungslosigkeit<\/li>\n<\/ul>\n\n\n\n<p>bietet der Christus des Guten Todes eine radikal andere Antwort:<\/p>\n\n\n\n<ul class=\"wp-block-list\">\n<li>Das Leben hat bis zum letzten Augenblick einen Sinn<\/li>\n\n\n\n<li>Das Leiden kann erl\u00f6send sein<\/li>\n\n\n\n<li>Der Tod ist nicht das Ende<\/li>\n<\/ul>\n\n\n\n<p>Es geht nicht darum, den Tod zu suchen\u2026<br>Es geht darum, <strong>ihn nicht zu f\u00fcrchten, wenn er kommt, weil Christus ihn bereits besiegt hat<\/strong>.<\/p>\n\n\n\n<hr class=\"wp-block-separator has-alpha-channel-opacity\"\/>\n\n\n\n<h2 class=\"wp-block-heading\">8. Schluss: auf den Gekreuzigten schauen, um die Angst zu \u00fcberwinden<\/h2>\n\n\n\n<p>Der Christus von Mena l\u00e4sst niemanden unber\u00fchrt.<\/p>\n\n\n\n<p>Er zwingt uns, unbequeme Fragen zu stellen:<\/p>\n\n\n\n<ul class=\"wp-block-list\">\n<li>Bin ich bereit zu sterben?<\/li>\n\n\n\n<li>Lebe ich wirklich?<\/li>\n\n\n\n<li>Wo ist meine Hoffnung verankert?<\/li>\n<\/ul>\n\n\n\n<p>Vor allem aber schenkt er uns eine Gewissheit:<\/p>\n\n\n\n<p><strong>Der Tod hat nicht das letzte Wort.<\/strong><\/p>\n\n\n\n<p>Denn in diesem leblosen Leib, ans Kreuz genagelt, schl\u00e4gt bereits der Sieg der Auferstehung.<\/p>\n\n\n\n<p>Und wer lernt, mit Christus zu sterben\u2026<br>lernt endlich zu leben.<\/p>\n","protected":false},"excerpt":{"rendered":"<p>Der Gekreuzigte, der uns lehrt zu sterben\u2026 um zu lernen zu leben In einer Zeit, die von der Angst vor dem Tod, der Ablehnung des Leidens und der Besessenheit gepr\u00e4gt ist, das Leben um jeden Preis zu verl\u00e4ngern, tritt ein zutiefst gegenkulturelles Bild mit Kraft hervor: der Christus des Guten Todes, im Volksmund bekannt als &hellip;<\/p>\n","protected":false},"author":3,"featured_media":5597,"comment_status":"closed","ping_status":"closed","sticky":false,"template":"","format":"standard","meta":{"_seopress_robots_primary_cat":"","_seopress_titles_title":"","_seopress_titles_desc":"","_seopress_robots_index":"","footnotes":""},"categories":[41,66],"tags":[1972,1973],"class_list":["post-5596","post","type-post","status-publish","format-standard","has-post-thumbnail","","category-glaube-und-kultur","category-populaerkultur-und-katholizismus","tag-christus-von-mena","tag-legion"],"_links":{"self":[{"href":"https:\/\/catholicus.eu\/de\/wp-json\/wp\/v2\/posts\/5596","targetHints":{"allow":["GET"]}}],"collection":[{"href":"https:\/\/catholicus.eu\/de\/wp-json\/wp\/v2\/posts"}],"about":[{"href":"https:\/\/catholicus.eu\/de\/wp-json\/wp\/v2\/types\/post"}],"author":[{"embeddable":true,"href":"https:\/\/catholicus.eu\/de\/wp-json\/wp\/v2\/users\/3"}],"replies":[{"embeddable":true,"href":"https:\/\/catholicus.eu\/de\/wp-json\/wp\/v2\/comments?post=5596"}],"version-history":[{"count":1,"href":"https:\/\/catholicus.eu\/de\/wp-json\/wp\/v2\/posts\/5596\/revisions"}],"predecessor-version":[{"id":5598,"href":"https:\/\/catholicus.eu\/de\/wp-json\/wp\/v2\/posts\/5596\/revisions\/5598"}],"wp:featuredmedia":[{"embeddable":true,"href":"https:\/\/catholicus.eu\/de\/wp-json\/wp\/v2\/media\/5597"}],"wp:attachment":[{"href":"https:\/\/catholicus.eu\/de\/wp-json\/wp\/v2\/media?parent=5596"}],"wp:term":[{"taxonomy":"category","embeddable":true,"href":"https:\/\/catholicus.eu\/de\/wp-json\/wp\/v2\/categories?post=5596"},{"taxonomy":"post_tag","embeddable":true,"href":"https:\/\/catholicus.eu\/de\/wp-json\/wp\/v2\/tags?post=5596"}],"curies":[{"name":"wp","href":"https:\/\/api.w.org\/{rel}","templated":true}]}}