{"id":5593,"date":"2026-04-03T01:06:39","date_gmt":"2026-04-02T23:06:39","guid":{"rendered":"https:\/\/catholicus.eu\/de\/?p=5593"},"modified":"2026-04-03T01:06:39","modified_gmt":"2026-04-02T23:06:39","slug":"wie-man-den-feierlichsten-tag-des-liturgischen-jahres-lebt-eintreten-in-das-geheimnis-von-stille-kreuz-und-hoffnung","status":"publish","type":"post","link":"https:\/\/catholicus.eu\/de\/wie-man-den-feierlichsten-tag-des-liturgischen-jahres-lebt-eintreten-in-das-geheimnis-von-stille-kreuz-und-hoffnung\/","title":{"rendered":"Wie man den feierlichsten Tag des liturgischen Jahres lebt: Eintreten in das Geheimnis von Stille, Kreuz und Hoffnung"},"content":{"rendered":"\n<p>Es gibt Tage im Leben, die ein Vorher und ein Nachher markieren. Doch im christlichen Kalender gibt es einen Tag, der nicht nur Geschichte pr\u00e4gt\u2026 sondern sie erl\u00f6st. Ein Tag, der nicht gefeiert, sondern betrachtet wird. Ein Tag, an dem der Himmel zu schweigen scheint und die Erde erzittert: der feierlichste Tag des liturgischen Jahres.<\/p>\n\n\n\n<p>Wir sprechen vom <strong>Karfreitag<\/strong>.<\/p>\n\n\n\n<p>Es ist kein gew\u00f6hnlicher Tag. Es ist kein symbolisches Gedenken. Er ist das Herz des christlichen Mysteriums. Und doch l\u00e4uft in unserer schnellen, lauten und oberfl\u00e4chlichen Welt dieser Tag Gefahr, unbeachtet zu bleiben oder nur kulturell erlebt zu werden.<\/p>\n\n\n\n<p>Aber wenn wir ihn gut leben\u2026 kann er unser Leben ver\u00e4ndern.<\/p>\n\n\n\n<hr class=\"wp-block-separator has-alpha-channel-opacity\"\/>\n\n\n\n<h2 class=\"wp-block-heading\"><strong>1. Ein Tag, den die Kirche nicht \u201cfeiert\u201d, sondern betrachtet<\/strong><\/h2>\n\n\n\n<p>Der Karfreitag ist einzigartig im gesamten Kirchenjahr. Die Kirche feiert keine Eucharistie. Der Altar ist entbl\u00f6\u00dft. Es gibt kein Gloria. Es gibt keine Konsekration. Alles ist von radikaler Schlichtheit gepr\u00e4gt.<\/p>\n\n\n\n<p>Warum?<\/p>\n\n\n\n<p>Weil die Kirche nicht \u201eetwas tut\u201c, sondern <strong>sich mit dem vereint, was Christus ein f\u00fcr alle Mal vollbracht hat<\/strong>.<\/p>\n\n\n\n<p>Hier gibt es keine Wiederholung. Es gibt <strong>Teilnahme am Erl\u00f6sungsopfer<\/strong>.<\/p>\n\n\n\n<p>Wie die Heilige Schrift sagt:<\/p>\n\n\n\n<blockquote class=\"wp-block-quote is-layout-flow wp-block-quote-is-layout-flow\">\n<p>\u201eDoch er wurde durchbohrt wegen unserer Vergehen, zerschlagen wegen unserer S\u00fcnden; die Strafe lag auf ihm zu unserem Heil, und durch seine Wunden sind wir geheilt\u201c (Jesaja 53,5)<\/p>\n<\/blockquote>\n\n\n\n<p>Der Karfreitag ist nicht nur die Erinnerung an einen ungerechten Tod. Er ist der Moment, in dem die S\u00fcnde der Welt von innen her besiegt wird.<\/p>\n\n\n\n<hr class=\"wp-block-separator has-alpha-channel-opacity\"\/>\n\n\n\n<h2 class=\"wp-block-heading\"><strong>2. Die Ernsthaftigkeit der Liebe: das Kreuz als Offenbarung<\/strong><\/h2>\n\n\n\n<p>Wir nennen diesen Tag \u201efeierlich\u201c nicht nur, weil er traurig ist, sondern weil er die <strong>Ernsthaftigkeit der Liebe Gottes offenbart<\/strong>.<\/p>\n\n\n\n<p>Heute scheint alles leicht, relativ und emotional. Doch das Kreuz sagt uns etwas anderes:<\/p>\n\n\n\n<ul class=\"wp-block-list\">\n<li>Die S\u00fcnde <strong>ist real<\/strong><\/li>\n\n\n\n<li>Das B\u00f6se <strong>verletzt zutiefst<\/strong><\/li>\n\n\n\n<li>Und wahre Liebe <strong>kostet Blut<\/strong><\/li>\n<\/ul>\n\n\n\n<p>Am Kreuz improvisiert Christus nicht. Er ist kein Opfer eines historischen Zufalls. Er gibt sein Leben freiwillig:<\/p>\n\n\n\n<blockquote class=\"wp-block-quote is-layout-flow wp-block-quote-is-layout-flow\">\n<p>\u201eNiemand nimmt es mir, sondern ich gebe es aus freiem Willen hin\u201c (Johannes 10,18)<\/p>\n<\/blockquote>\n\n\n\n<p>Hier liegt der theologische Schl\u00fcssel: <strong>Das Kreuz ist kein Scheitern, sondern der h\u00f6chste Akt gehorsamer Liebe<\/strong>.<\/p>\n\n\n\n<p>Und das ver\u00e4ndert alles.<\/p>\n\n\n\n<hr class=\"wp-block-separator has-alpha-channel-opacity\"\/>\n\n\n\n<h2 class=\"wp-block-heading\"><strong>3. Geschichte und Tradition: Wie die Kirche diesen Tag gelebt hat<\/strong><\/h2>\n\n\n\n<p>Seit den ersten Jahrhunderten haben Christen den Karfreitag mit einzigartiger Intensit\u00e4t begangen:<\/p>\n\n\n\n<ul class=\"wp-block-list\">\n<li><strong>Strenges Fasten<\/strong>: nicht nur k\u00f6rperlich, sondern auch geistlich<\/li>\n\n\n\n<li><strong>Langes Gebet<\/strong>: besonders die Lesung der Passion<\/li>\n\n\n\n<li><strong>Verehrung des Kreuzes<\/strong>: eine zutiefst symbolische Handlung<\/li>\n<\/ul>\n\n\n\n<p>Die heutige Liturgie bewahrt diese wesentlichen Elemente:<\/p>\n\n\n\n<ol class=\"wp-block-list\">\n<li><strong>Wortgottesdienst<\/strong> (mit der Passion nach Johannes)<\/li>\n\n\n\n<li><strong>Allgemeines Gebet<\/strong> (f\u00fcr die ganze Menschheit)<\/li>\n\n\n\n<li><strong>Kreuzverehrung<\/strong><\/li>\n\n\n\n<li><strong>Kommunion mit am Vortag konsekrierten Hostien<\/strong><\/li>\n<\/ol>\n\n\n\n<p>Alles ist schlicht. Alles weist auf das Wesentliche hin.<\/p>\n\n\n\n<hr class=\"wp-block-separator has-alpha-channel-opacity\"\/>\n\n\n\n<h2 class=\"wp-block-heading\"><strong>4. Die Stille als Sprache Gottes<\/strong><\/h2>\n\n\n\n<p>Einer der heute am meisten vergessenen Aspekte ist die <strong>Stille des Karfreitags<\/strong>.<\/p>\n\n\n\n<p>Wir leben umgeben von L\u00e4rm: soziale Medien, Nachrichten, st\u00e4ndige Meinungen\u2026 Doch dieser Tag l\u00e4dt uns zur Stille ein.<\/p>\n\n\n\n<p>Warum?<\/p>\n\n\n\n<p>Weil es Geheimnisse gibt, die nicht erkl\u00e4rt, sondern betrachtet werden.<\/p>\n\n\n\n<p>Die Stille des Karfreitags ist nicht leer. Sie ist eine Stille voller Bedeutung:<\/p>\n\n\n\n<ul class=\"wp-block-list\">\n<li>Es ist die Stille Christi vor seinen Ankl\u00e4gern<\/li>\n\n\n\n<li>Es ist die Stille Mariens unter dem Kreuz<\/li>\n\n\n\n<li>Es ist die Stille des Vaters, der den Sohn hingibt<\/li>\n<\/ul>\n\n\n\n<p>In dieser Stille spricht Gott auf die tiefste Weise.<\/p>\n\n\n\n<hr class=\"wp-block-separator has-alpha-channel-opacity\"\/>\n\n\n\n<h2 class=\"wp-block-heading\"><strong>5. Praktische Anwendungen: Wie man den Karfreitag heute lebt<\/strong><\/h2>\n\n\n\n<p>Die gro\u00dfe Frage lautet: Wie lebt man diesen Tag in der modernen Welt?<\/p>\n\n\n\n<h3 class=\"wp-block-heading\"><strong>1. Wahres Fasten praktizieren<\/strong><\/h3>\n\n\n\n<p>Nicht nur von Nahrung, sondern auch von:<\/p>\n\n\n\n<ul class=\"wp-block-list\">\n<li>sozialen Medien<\/li>\n\n\n\n<li>Unterhaltung<\/li>\n\n\n\n<li>unn\u00f6tigem L\u00e4rm<\/li>\n<\/ul>\n\n\n\n<p>Fasten \u00f6ffnet einen inneren Raum. Es macht uns f\u00fcr Gott empf\u00e4nglich.<\/p>\n\n\n\n<hr class=\"wp-block-separator has-alpha-channel-opacity\"\/>\n\n\n\n<h3 class=\"wp-block-heading\"><strong>2. Die Passion lesen und meditieren<\/strong><\/h3>\n\n\n\n<p>Nimm dir Zeit, die Passion langsam zu lesen, besonders im Johannesevangelium (Kapitel 18\u201319).<\/p>\n\n\n\n<p>Nicht als irgendeinen Text, sondern als eine Geschichte, in der du selbst vorkommst.<\/p>\n\n\n\n<p>Frage dich:<\/p>\n\n\n\n<ul class=\"wp-block-list\">\n<li>Wo bin ich in dieser Szene?<\/li>\n\n\n\n<li>Bin ich Petrus, der verleugnet?<\/li>\n\n\n\n<li>Bin ich Pilatus, der sich die H\u00e4nde w\u00e4scht?<\/li>\n\n\n\n<li>Oder bin ich der geliebte J\u00fcnger, der bleibt?<\/li>\n<\/ul>\n\n\n\n<hr class=\"wp-block-separator has-alpha-channel-opacity\"\/>\n\n\n\n<h3 class=\"wp-block-heading\"><strong>3. Das Kreuz betrachten<\/strong><\/h3>\n\n\n\n<p>Nicht als dekoratives Symbol, sondern als <strong>der Ort, an dem Gott mich bis zum \u00c4u\u00dfersten geliebt hat<\/strong>.<\/p>\n\n\n\n<p>Schau auf ein Kruzifix. Bleibe in Stille. Lass es zu dir sprechen.<\/p>\n\n\n\n<hr class=\"wp-block-separator has-alpha-channel-opacity\"\/>\n\n\n\n<h3 class=\"wp-block-heading\"><strong>4. Das eigene Leiden mit Christus vereinen<\/strong><\/h3>\n\n\n\n<p>Der Karfreitag erhellt das Geheimnis menschlichen Leidens.<\/p>\n\n\n\n<p>Deine Wunden, deine K\u00e4mpfe, deine Kreuze\u2026 sind nicht bedeutungslos, wenn du sie mit Christus vereinst.<\/p>\n\n\n\n<blockquote class=\"wp-block-quote is-layout-flow wp-block-quote-is-layout-flow\">\n<p>\u201eJetzt freue ich mich in den Leiden, die ich f\u00fcr euch ertrage, und erg\u00e4nze in meinem Fleisch, was an den Leiden Christi noch fehlt\u201c (Kolosser 1,24)<\/p>\n<\/blockquote>\n\n\n\n<p>Das bedeutet nicht, dass der Erl\u00f6sung etwas fehlt, sondern dass <strong>wir eingeladen sind, daran teilzuhaben<\/strong>.<\/p>\n\n\n\n<hr class=\"wp-block-separator has-alpha-channel-opacity\"\/>\n\n\n\n<h3 class=\"wp-block-heading\"><strong>5. Konkrete N\u00e4chstenliebe \u00fcben<\/strong><\/h3>\n\n\n\n<p>Die Liebe, die wir am Kreuz betrachten, muss in Taten umgesetzt werden:<\/p>\n\n\n\n<ul class=\"wp-block-list\">\n<li>Jemandem vergeben<\/li>\n\n\n\n<li>Einem leidenden Menschen helfen<\/li>\n\n\n\n<li>Einen einsamen Menschen anh\u00f6ren<\/li>\n<\/ul>\n\n\n\n<p>Das Kreuz ist keine Theorie. Es ist gelebtes Leben.<\/p>\n\n\n\n<hr class=\"wp-block-separator has-alpha-channel-opacity\"\/>\n\n\n\n<h2 class=\"wp-block-heading\"><strong>6. Maria unter dem Kreuz: die Schule der treuen Liebe<\/strong><\/h2>\n\n\n\n<p>Wir k\u00f6nnen den Karfreitag nicht leben, ohne auf die Jungfrau Maria zu schauen.<\/p>\n\n\n\n<p>Sie flieht nicht. Sie schreit nicht. Sie versteht nicht alles\u2026 aber sie bleibt.<\/p>\n\n\n\n<p>Maria lehrt uns:<\/p>\n\n\n\n<ul class=\"wp-block-list\">\n<li><strong>Da zu sein<\/strong>, wenn alles verloren scheint<\/li>\n\n\n\n<li><strong>zu vertrauen<\/strong>, wenn es keine Antworten gibt<\/li>\n\n\n\n<li><strong>zu lieben<\/strong>, ohne Bedingungen<\/li>\n<\/ul>\n\n\n\n<p>Sie ist die Erste, die diesen Tag vollkommen gelebt hat.<\/p>\n\n\n\n<hr class=\"wp-block-separator has-alpha-channel-opacity\"\/>\n\n\n\n<h2 class=\"wp-block-heading\"><strong>7. Eine verborgene Hoffnung<\/strong><\/h2>\n\n\n\n<p>Auch wenn der Karfreitag der feierlichste Tag ist, ist er nicht das Ende.<\/p>\n\n\n\n<p>Inmitten der Dunkelheit beginnt das Licht bereits zu schlagen.<\/p>\n\n\n\n<p>Das Kreuz ist nicht das letzte Wort. Es ist der notwendige \u00dcbergang zur Auferstehung.<\/p>\n\n\n\n<p>Darum lebt der Christ diesen Tag nicht in Verzweiflung, sondern in einer <strong>stillen Hoffnung<\/strong>.<\/p>\n\n\n\n<hr class=\"wp-block-separator has-alpha-channel-opacity\"\/>\n\n\n\n<h2 class=\"wp-block-heading\"><strong>Schluss: Ein Tag, den man nicht ungelebt vor\u00fcbergehen lassen darf<\/strong><\/h2>\n\n\n\n<p>Das gr\u00f6\u00dfte Risiko des Karfreitags ist nicht, ihn zu intensiv zu erleben\u2026 sondern ihn <strong>gar nicht zu leben<\/strong>.<\/p>\n\n\n\n<p>Dieser Tag l\u00e4dt uns ein, innezuhalten, das Geheimnis von B\u00f6se und Liebe zu betrachten und uns davon verwandeln zu lassen.<\/p>\n\n\n\n<p>Denn am Kreuz sehen wir nicht nur, was mit Christus geschehen ist\u2026<\/p>\n\n\n\n<p><strong>wir sehen, wozu Gott f\u00fcr uns bereit ist.<\/strong><\/p>\n\n\n\n<p>Und das verlangt eine Antwort.<\/p>\n","protected":false},"excerpt":{"rendered":"<p>Es gibt Tage im Leben, die ein Vorher und ein Nachher markieren. Doch im christlichen Kalender gibt es einen Tag, der nicht nur Geschichte pr\u00e4gt\u2026 sondern sie erl\u00f6st. Ein Tag, der nicht gefeiert, sondern betrachtet wird. Ein Tag, an dem der Himmel zu schweigen scheint und die Erde erzittert: der feierlichste Tag des liturgischen Jahres. &hellip;<\/p>\n","protected":false},"author":3,"featured_media":5594,"comment_status":"closed","ping_status":"closed","sticky":false,"template":"","format":"standard","meta":{"_seopress_robots_primary_cat":"","_seopress_titles_title":"","_seopress_titles_desc":"","_seopress_robots_index":"","footnotes":""},"categories":[38,52],"tags":[794],"class_list":["post-5593","post","type-post","status-publish","format-standard","has-post-thumbnail","","category-geschichte-und-tradition","category-liturgie-und-kirchenjahr","tag-karfreitag"],"_links":{"self":[{"href":"https:\/\/catholicus.eu\/de\/wp-json\/wp\/v2\/posts\/5593","targetHints":{"allow":["GET"]}}],"collection":[{"href":"https:\/\/catholicus.eu\/de\/wp-json\/wp\/v2\/posts"}],"about":[{"href":"https:\/\/catholicus.eu\/de\/wp-json\/wp\/v2\/types\/post"}],"author":[{"embeddable":true,"href":"https:\/\/catholicus.eu\/de\/wp-json\/wp\/v2\/users\/3"}],"replies":[{"embeddable":true,"href":"https:\/\/catholicus.eu\/de\/wp-json\/wp\/v2\/comments?post=5593"}],"version-history":[{"count":1,"href":"https:\/\/catholicus.eu\/de\/wp-json\/wp\/v2\/posts\/5593\/revisions"}],"predecessor-version":[{"id":5595,"href":"https:\/\/catholicus.eu\/de\/wp-json\/wp\/v2\/posts\/5593\/revisions\/5595"}],"wp:featuredmedia":[{"embeddable":true,"href":"https:\/\/catholicus.eu\/de\/wp-json\/wp\/v2\/media\/5594"}],"wp:attachment":[{"href":"https:\/\/catholicus.eu\/de\/wp-json\/wp\/v2\/media?parent=5593"}],"wp:term":[{"taxonomy":"category","embeddable":true,"href":"https:\/\/catholicus.eu\/de\/wp-json\/wp\/v2\/categories?post=5593"},{"taxonomy":"post_tag","embeddable":true,"href":"https:\/\/catholicus.eu\/de\/wp-json\/wp\/v2\/tags?post=5593"}],"curies":[{"name":"wp","href":"https:\/\/api.w.org\/{rel}","templated":true}]}}