{"id":5589,"date":"2026-04-02T23:27:00","date_gmt":"2026-04-02T21:27:00","guid":{"rendered":"https:\/\/catholicus.eu\/de\/?p=5589"},"modified":"2026-04-02T23:27:00","modified_gmt":"2026-04-02T21:27:00","slug":"der-karfreitag-entlarvt-unseren-glauben-folgen-wir-christus-oder-bewundern-wir-ihn-nur","status":"publish","type":"post","link":"https:\/\/catholicus.eu\/de\/der-karfreitag-entlarvt-unseren-glauben-folgen-wir-christus-oder-bewundern-wir-ihn-nur\/","title":{"rendered":"Der Karfreitag entlarvt unseren Glauben: Folgen wir Christus\u2026 oder bewundern wir ihn nur?"},"content":{"rendered":"\n<p>Jedes Jahr bricht der Karfreitag wie ein unbequemer Spiegel in unser Leben ein. Er ist kein freudiges Fest und kein leeres Ritual, das wir durchlaufen k\u00f6nnen, ohne innerlich ber\u00fchrt zu werden. Im Kern ist er eine direkte Frage an unser Herz: <strong>Welche Art von Beziehung haben wir wirklich zu Christus?<\/strong><\/p>\n\n\n\n<p>Denn es gibt einen tiefgreifenden \u2013 wenn auch oft kaum wahrnehmbaren \u2013 Unterschied zwischen <strong>Jesus zu bewundern<\/strong> und <strong>ihm wirklich nachzufolgen<\/strong>.<\/p>\n\n\n\n<p>Und der Karfreitag l\u00e4sst in seiner ganzen Sch\u00e4rfe keine Selbstt\u00e4uschung zu.<\/p>\n\n\n\n<hr class=\"wp-block-separator has-alpha-channel-opacity\"\/>\n\n\n\n<h2 class=\"wp-block-heading\"><strong>1. Das Drama des Karfreitags: Mehr als eine Erinnerung, ein Urteil \u00fcber unseren Glauben<\/strong><\/h2>\n\n\n\n<p>Der Karfreitag ist nicht einfach die Erinnerung an eine ungerechte Hinrichtung, die vor mehr als zweitausend Jahren stattfand. Er ist die <strong>lebendige Vergegenw\u00e4rtigung des Geheimnisses des Kreuzes<\/strong>, in dem sich zugleich die unendliche Liebe Gottes und die zwiesp\u00e4ltige Antwort des Menschen offenbaren.<\/p>\n\n\n\n<p>In der Passion begegnen wir allen m\u00f6glichen Gesichtern des Glaubens:<\/p>\n\n\n\n<ul class=\"wp-block-list\">\n<li>Denen, die <strong>Jesus am Palmsonntag zujubelten<\/strong>\u2026 und wenige Tage sp\u00e4ter \u201eKreuzige ihn!\u201c schreien<\/li>\n\n\n\n<li>Denen, die <strong>ihm von weitem folgen<\/strong>, wie Petrus<\/li>\n\n\n\n<li>Denen, die <strong>ihn verlassen<\/strong>, wie die meisten J\u00fcnger<\/li>\n\n\n\n<li>Denen, die <strong>zuschauen, ohne zu handeln<\/strong>, wie Pilatus<\/li>\n\n\n\n<li>Und denen, die <strong>treu bleiben<\/strong>, wie Maria und der geliebte J\u00fcnger<\/li>\n<\/ul>\n\n\n\n<p>Dieses Mosaik ist nicht nur Geschichte. Es ist <strong>ein Portr\u00e4t unserer eigenen Seele<\/strong>.<\/p>\n\n\n\n<p>Das Evangelium gibt uns eine klare Warnung:<\/p>\n\n\n\n<blockquote class=\"wp-block-quote is-layout-flow wp-block-quote-is-layout-flow\">\n<p>\u201eNicht jeder, der zu mir sagt: Herr, Herr!, wird in das Himmelreich kommen, sondern wer den Willen meines Vaters tut\u201c (Matth\u00e4us 7,21)<\/p>\n<\/blockquote>\n\n\n\n<p>Hier liegt der Schl\u00fcssel: <strong>Echter Glaube ist nicht blo\u00dfe Bewunderung, sondern Gehorsam, Hingabe und wirkliche Nachfolge<\/strong>.<\/p>\n\n\n\n<hr class=\"wp-block-separator has-alpha-channel-opacity\"\/>\n\n\n\n<h2 class=\"wp-block-heading\"><strong>2. Christus bewundern: Ein bequemer\u2026 aber unzureichender Glaube<\/strong><\/h2>\n\n\n\n<p>Wir leben in einer Zeit, in der Jesus weithin akzeptiert wird\u2026 solange er nicht zu sehr st\u00f6rt.<\/p>\n\n\n\n<p>Man bewundert ihn als:<\/p>\n\n\n\n<ul class=\"wp-block-list\">\n<li>Gro\u00dfen moralischen Lehrer<\/li>\n\n\n\n<li>Symbol der Liebe<\/li>\n\n\n\n<li>Verteidiger der Armen<\/li>\n\n\n\n<li>Inspirierende Gestalt<\/li>\n<\/ul>\n\n\n\n<p>Doch diese Art der Beziehung zu Christus kann, obwohl sie positiv erscheint, zutiefst oberfl\u00e4chlich sein.<\/p>\n\n\n\n<p><strong>Bewunderung bedeutet kein Engagement.<\/strong><\/p>\n\n\n\n<p>Wir k\u00f6nnen bewundern, ohne unser Leben zu \u00e4ndern.<br>Wir k\u00f6nnen bewundern, ohne der S\u00fcnde zu entsagen.<br>Wir k\u00f6nnen bewundern, ohne das Kreuz zu tragen.<\/p>\n\n\n\n<p>Und hier liegt die Gefahr: <strong>Ein auf Sympathie reduzierter Glaube ist ein Glaube, der nicht rettet<\/strong>.<\/p>\n\n\n\n<p>Jesus selbst macht dies deutlich:<\/p>\n\n\n\n<blockquote class=\"wp-block-quote is-layout-flow wp-block-quote-is-layout-flow\">\n<p>\u201eWer mir nachfolgen will, verleugne sich selbst, nehme t\u00e4glich sein Kreuz auf sich und folge mir nach\u201c (Lukas 9,23)<\/p>\n<\/blockquote>\n\n\n\n<p>Nachfolge bedeutet:<\/p>\n\n\n\n<ul class=\"wp-block-list\">\n<li>Verzicht<\/li>\n\n\n\n<li>Umkehr<\/li>\n\n\n\n<li>Opfer<\/li>\n\n\n\n<li>Treue im Verborgenen<\/li>\n<\/ul>\n\n\n\n<p>Es reicht nicht, vom Kreuz bewegt zu sein. Man muss <strong>mit Christus auf das Kreuz steigen<\/strong>.<\/p>\n\n\n\n<hr class=\"wp-block-separator has-alpha-channel-opacity\"\/>\n\n\n\n<h2 class=\"wp-block-heading\"><strong>3. Christus nachfolgen: Ein Glaube, der das Leben verwandelt<\/strong><\/h2>\n\n\n\n<p>Christus nachzufolgen bedeutet, in eine reale, lebendige und anspruchsvolle Beziehung mit ihm einzutreten.<\/p>\n\n\n\n<p>Es ist keine Idee.<br>Es ist kein fl\u00fcchtiges Gef\u00fchl.<br>Es ist eine t\u00e4gliche Entscheidung.<\/p>\n\n\n\n<p>Aus theologischer Sicht bedeutet die Nachfolge Christi, an seinem Pascha-Mysterium teilzuhaben:<\/p>\n\n\n\n<ul class=\"wp-block-list\">\n<li>Der S\u00fcnde sterben<\/li>\n\n\n\n<li>F\u00fcr Gott leben<\/li>\n\n\n\n<li>Ihm gleichgestaltet werden<\/li>\n<\/ul>\n\n\n\n<p>Der heilige Paulus dr\u00fcckt dies mit beeindruckender Radikalit\u00e4t aus:<\/p>\n\n\n\n<blockquote class=\"wp-block-quote is-layout-flow wp-block-quote-is-layout-flow\">\n<p>\u201eIch bin mit Christus gekreuzigt worden; nicht mehr ich lebe, sondern Christus lebt in mir\u201c (Galater 2,20)<\/p>\n<\/blockquote>\n\n\n\n<p>Das ist der Kern des christlichen Lebens: <strong>die innere Verwandlung<\/strong>.<\/p>\n\n\n\n<p>Der Karfreitag erinnert uns daran:<\/p>\n\n\n\n<ul class=\"wp-block-list\">\n<li>Es gibt kein Christentum ohne das Kreuz<\/li>\n\n\n\n<li>Es gibt keine wahre Liebe ohne Opfer<\/li>\n\n\n\n<li>Es gibt keine Auferstehung ohne vorherigen Tod<\/li>\n<\/ul>\n\n\n\n<hr class=\"wp-block-separator has-alpha-channel-opacity\"\/>\n\n\n\n<h2 class=\"wp-block-heading\"><strong>4. Das Kreuz heute: Der gro\u00dfe Skandal unserer Zeit<\/strong><\/h2>\n\n\n\n<p>In einer Gesellschaft, die vor Leid, Opfer und jeder Form von Begrenzung flieht, wird das Kreuz unbequem, ja sogar skandal\u00f6s.<\/p>\n\n\n\n<p>Heute sucht man:<\/p>\n\n\n\n<ul class=\"wp-block-list\">\n<li>Erfolg ohne Anstrengung<\/li>\n\n\n\n<li>Liebe ohne Verpflichtung<\/li>\n\n\n\n<li>Freiheit ohne Wahrheit<\/li>\n<\/ul>\n\n\n\n<p>Doch das Kreuz entlarvt all diese Illusionen.<\/p>\n\n\n\n<p>Es sagt uns:<\/p>\n\n\n\n<ul class=\"wp-block-list\">\n<li>Wahre Liebe <strong>kostet<\/strong><\/li>\n\n\n\n<li>Wahrheit <strong>fordert<\/strong><\/li>\n\n\n\n<li>Ein erf\u00fclltes Leben f\u00fchrt \u00fcber die Hingabe<\/li>\n<\/ul>\n\n\n\n<p>Deshalb bevorzugen viele einen \u201eangepassten\u201c Christus ohne Forderungen. Einen Christus, der inspiriert\u2026 aber nicht verwandelt.<\/p>\n\n\n\n<p>Doch der Karfreitag f\u00fchrt uns zur\u00fcck zum wirklichen Christus:<\/p>\n\n\n\n<ul class=\"wp-block-list\">\n<li>Verwundet<\/li>\n\n\n\n<li>Abgelehnt<\/li>\n\n\n\n<li>Bis zum Ende hingegeben<\/li>\n<\/ul>\n\n\n\n<p>Ein Christus, der nicht gekommen ist, um zu gefallen, sondern um <strong>zu retten<\/strong>.<\/p>\n\n\n\n<hr class=\"wp-block-separator has-alpha-channel-opacity\"\/>\n\n\n\n<h2 class=\"wp-block-heading\"><strong>5. Wo stehen wir in der Passion?<\/strong><\/h2>\n\n\n\n<p>Das ist die gro\u00dfe pastorale Frage des Karfreitags.<\/p>\n\n\n\n<p>Es gen\u00fcgt nicht, die Szene zu betrachten.<br>Wir m\u00fcssen <strong>uns selbst in ihr verorten<\/strong>.<\/p>\n\n\n\n<p>Sind wir wie:<\/p>\n\n\n\n<ul class=\"wp-block-list\">\n<li>Petrus, der Treue verspricht, aber in der Pr\u00fcfung versagt?<\/li>\n\n\n\n<li>Pilatus, der die Wahrheit erkennt, aber nicht handelt?<\/li>\n\n\n\n<li>Die Menge, die sich von der Mehrheitsmeinung mitrei\u00dfen l\u00e4sst?<\/li>\n\n\n\n<li>Oder Maria, die im Leiden treu bleibt?<\/li>\n<\/ul>\n\n\n\n<p>Die Antwort darf nicht theoretisch sein. Sie muss <strong>existentiell<\/strong> sein.<\/p>\n\n\n\n<p>Denn jeden Tag haben wir die M\u00f6glichkeit:<\/p>\n\n\n\n<ul class=\"wp-block-list\">\n<li>Christus zu bekennen oder ihn zu verleugnen<\/li>\n\n\n\n<li>Die Wahrheit oder die Bequemlichkeit zu w\u00e4hlen<\/li>\n\n\n\n<li>Bis zum Ende zu lieben\u2026 oder uns zur\u00fcckzuziehen<\/li>\n<\/ul>\n\n\n\n<hr class=\"wp-block-separator has-alpha-channel-opacity\"\/>\n\n\n\n<h2 class=\"wp-block-heading\"><strong>6. Praktische Anwendungen: Den Karfreitag jeden Tag leben<\/strong><\/h2>\n\n\n\n<p>Der Karfreitag endet nicht, wenn wir die Kirche verlassen. Er setzt sich im Alltag fort.<\/p>\n\n\n\n<h3 class=\"wp-block-heading\"><strong>a) In der Familie<\/strong><\/h3>\n\n\n\n<p>Lieben, wenn es schwerf\u00e4llt. Vergeben, wenn es weh tut. Bleiben, wenn es einfacher w\u00e4re zu gehen.<\/p>\n\n\n\n<h3 class=\"wp-block-heading\"><strong>b) Bei der Arbeit<\/strong><\/h3>\n\n\n\n<p>Mit Integrit\u00e4t handeln, auch wenn es Konsequenzen hat. Das eigene Gewissen nicht verraten.<\/p>\n\n\n\n<h3 class=\"wp-block-heading\"><strong>c) Im geistlichen Leben<\/strong><\/h3>\n\n\n\n<ul class=\"wp-block-list\">\n<li>Beten, auch wenn man nichts sp\u00fcrt<\/li>\n\n\n\n<li>In kleinen Dingen treu sein<\/li>\n\n\n\n<li>Den Willen Gottes \u00fcber den eigenen stellen<\/li>\n<\/ul>\n\n\n\n<h3 class=\"wp-block-heading\"><strong>d) Im Leiden<\/strong><\/h3>\n\n\n\n<p>Das Kreuz ohne Verzweiflung annehmen und es mit dem Kreuz Christi vereinen.<\/p>\n\n\n\n<p>Wie die Schrift sagt:<\/p>\n\n\n\n<blockquote class=\"wp-block-quote is-layout-flow wp-block-quote-is-layout-flow\">\n<p>\u201eWenn wir mit ihm gestorben sind, werden wir auch mit ihm leben; wenn wir standhaft bleiben, werden wir auch mit ihm herrschen\u201c (2 Timotheus 2,11-12)<\/p>\n<\/blockquote>\n\n\n\n<hr class=\"wp-block-separator has-alpha-channel-opacity\"\/>\n\n\n\n<h2 class=\"wp-block-heading\"><strong>7. Ein Glaube, der von der Bewunderung zur Hingabe f\u00fchrt<\/strong><\/h2>\n\n\n\n<p>Die gro\u00dfe Frucht des Karfreitags sollte diese sein: <strong>vom Zuschauer zum J\u00fcnger zu werden<\/strong>.<\/p>\n\n\n\n<p>Es reicht nicht zu sagen:<\/p>\n\n\n\n<ul class=\"wp-block-list\">\n<li>\u201eWie sch\u00f6n das Evangelium ist\u201c<\/li>\n\n\n\n<li>\u201eWas f\u00fcr ein bewundernswertes Beispiel\u201c<\/li>\n<\/ul>\n\n\n\n<p>Man muss den entscheidenden Schritt tun:<\/p>\n\n\n\n<ul class=\"wp-block-list\">\n<li>\u201eHerr, ich will dir wirklich nachfolgen\u201c<\/li>\n<\/ul>\n\n\n\n<p>Das bedeutet:<\/p>\n\n\n\n<ul class=\"wp-block-list\">\n<li>Die Komfortzone verlassen<\/li>\n\n\n\n<li>Mit der S\u00fcnde brechen<\/li>\n\n\n\n<li>Die Priorit\u00e4ten neu ordnen<\/li>\n\n\n\n<li>F\u00fcr Gott leben und nicht f\u00fcr sich selbst<\/li>\n<\/ul>\n\n\n\n<hr class=\"wp-block-separator has-alpha-channel-opacity\"\/>\n\n\n\n<h2 class=\"wp-block-heading\"><strong>Schluss: Das Schweigen des Kreuzes ruft uns<\/strong><\/h2>\n\n\n\n<p>Der Karfreitag endet in Stille. Christus stirbt. Alles scheint verloren.<\/p>\n\n\n\n<p>Doch in dieser Stille verbirgt sich eine kraftvolle Wahrheit:<\/p>\n\n\n\n<p><strong>Gott hat bis zum \u00c4u\u00dfersten geliebt. Jetzt sind wir an der Reihe zu antworten.<\/strong><\/p>\n\n\n\n<p>Das Kreuz verlangt keinen Applaus.<br>Es verlangt Umkehr.<\/p>\n\n\n\n<p>Es sucht keine Bewunderer.<br>Es sucht J\u00fcnger.<\/p>\n\n\n\n<p>Und die Frage bleibt offen, direkt und unausweichlich:<\/p>\n\n\n\n<p><strong>Wenn alles dunkel wird, wenn es schwer wird, Christus zu folgen, wenn der Glaube fordert\u2026<br>folgen wir Christus\u2026 oder bewundern wir ihn nur?<\/strong><\/p>\n","protected":false},"excerpt":{"rendered":"<p>Jedes Jahr bricht der Karfreitag wie ein unbequemer Spiegel in unser Leben ein. Er ist kein freudiges Fest und kein leeres Ritual, das wir durchlaufen k\u00f6nnen, ohne innerlich ber\u00fchrt zu werden. Im Kern ist er eine direkte Frage an unser Herz: Welche Art von Beziehung haben wir wirklich zu Christus? Denn es gibt einen tiefgreifenden &hellip;<\/p>\n","protected":false},"author":3,"featured_media":5590,"comment_status":"closed","ping_status":"closed","sticky":false,"template":"","format":"standard","meta":{"_seopress_robots_primary_cat":"","_seopress_titles_title":"","_seopress_titles_desc":"","_seopress_robots_index":"","footnotes":""},"categories":[41,66],"tags":[794],"class_list":["post-5589","post","type-post","status-publish","format-standard","has-post-thumbnail","","category-glaube-und-kultur","category-populaerkultur-und-katholizismus","tag-karfreitag"],"_links":{"self":[{"href":"https:\/\/catholicus.eu\/de\/wp-json\/wp\/v2\/posts\/5589","targetHints":{"allow":["GET"]}}],"collection":[{"href":"https:\/\/catholicus.eu\/de\/wp-json\/wp\/v2\/posts"}],"about":[{"href":"https:\/\/catholicus.eu\/de\/wp-json\/wp\/v2\/types\/post"}],"author":[{"embeddable":true,"href":"https:\/\/catholicus.eu\/de\/wp-json\/wp\/v2\/users\/3"}],"replies":[{"embeddable":true,"href":"https:\/\/catholicus.eu\/de\/wp-json\/wp\/v2\/comments?post=5589"}],"version-history":[{"count":1,"href":"https:\/\/catholicus.eu\/de\/wp-json\/wp\/v2\/posts\/5589\/revisions"}],"predecessor-version":[{"id":5591,"href":"https:\/\/catholicus.eu\/de\/wp-json\/wp\/v2\/posts\/5589\/revisions\/5591"}],"wp:featuredmedia":[{"embeddable":true,"href":"https:\/\/catholicus.eu\/de\/wp-json\/wp\/v2\/media\/5590"}],"wp:attachment":[{"href":"https:\/\/catholicus.eu\/de\/wp-json\/wp\/v2\/media?parent=5589"}],"wp:term":[{"taxonomy":"category","embeddable":true,"href":"https:\/\/catholicus.eu\/de\/wp-json\/wp\/v2\/categories?post=5589"},{"taxonomy":"post_tag","embeddable":true,"href":"https:\/\/catholicus.eu\/de\/wp-json\/wp\/v2\/tags?post=5589"}],"curies":[{"name":"wp","href":"https:\/\/api.w.org\/{rel}","templated":true}]}}