{"id":5580,"date":"2026-04-02T15:28:41","date_gmt":"2026-04-02T13:28:41","guid":{"rendered":"https:\/\/catholicus.eu\/de\/?p=5580"},"modified":"2026-04-02T15:28:42","modified_gmt":"2026-04-02T13:28:42","slug":"tut-dies-zu-meinem-gedaechtnis-das-gebot-das-die-welt-traegt","status":"publish","type":"post","link":"https:\/\/catholicus.eu\/de\/tut-dies-zu-meinem-gedaechtnis-das-gebot-das-die-welt-traegt\/","title":{"rendered":"\u201eTut dies zu meinem Ged\u00e4chtnis\u201c: Das Gebot, das die Welt tr\u00e4gt"},"content":{"rendered":"\n<h2 class=\"wp-block-heading\">Einleitung: ein Wort, das mehr ist als Erinnerung<\/h2>\n\n\n\n<p>Es gibt Worte, die die Geschichte ver\u00e4ndern. Aber es gibt andere, die sie tragen.<br>Als Christus beim Letzten Abendmahl sagt:<\/p>\n\n\n\n<blockquote class=\"wp-block-quote is-layout-flow wp-block-quote-is-layout-flow\">\n<p>\u201eTut dies zu meinem Ged\u00e4chtnis\u201c (Lk 22,19)<\/p>\n<\/blockquote>\n\n\n\n<p>gibt er nicht einfach eine liturgische Anweisung oder schl\u00e4gt eine symbolische Handlung vor. Er vertraut der Kirche \u2013 und der ganzen Menschheit \u2013 das Herz seiner Gegenwart in der Welt an: die <strong>Eucharistie<\/strong>.<\/p>\n\n\n\n<p>Dieses Gebot ist keine blo\u00df psychologische Erinnerung, wie das Zur\u00fcckrufen eines Bildes aus der Vergangenheit. Es ist ein <strong>lebendiges Ged\u00e4chtnis<\/strong>, eine wirkliche Vergegenw\u00e4rtigung des erl\u00f6senden Opfers. In ihm verdichtet sich das Geheimnis des Glaubens, die Kontinuit\u00e4t der Kirche und \u2013 in einem zutiefst realen Sinn \u2013 das geistliche Getragenwerden der Welt.<\/p>\n\n\n\n<p>Heute, in einer Zeit, die von Hast, Oberfl\u00e4chlichkeit und dem Vergessen Gottes gepr\u00e4gt ist, klingen diese Worte kraftvoller denn je. Sie zu verstehen hei\u00dft, das Zentrum des christlichen Lebens neu zu entdecken.<\/p>\n\n\n\n<hr class=\"wp-block-separator has-alpha-channel-opacity\"\/>\n\n\n\n<h2 class=\"wp-block-heading\">1. Die historische Wurzel: das Letzte Abendmahl und der Neue Bund<\/h2>\n\n\n\n<p>Um die Tiefe des Gebotes Christi zu verstehen, m\u00fcssen wir es in seinen Kontext stellen: das <strong>Letzte Abendmahl<\/strong>, gefeiert im Rahmen des j\u00fcdischen Paschafestes.<\/p>\n\n\n\n<h3 class=\"wp-block-heading\">Das Pascha: Erinnerung, die gegenw\u00e4rtig macht<\/h3>\n\n\n\n<p>F\u00fcr das Volk Israel war das Pascha nicht nur ein Gedenken an den Exodus. Es war ein <strong>wirksames Ged\u00e4chtnis<\/strong>: Jede Generation nahm geistlich an der Befreiung aus \u00c4gypten teil.<\/p>\n\n\n\n<p>Christus greift diese Tradition auf und f\u00fchrt sie zur Vollendung.<\/p>\n\n\n\n<h3 class=\"wp-block-heading\">Die radikale Neuheit Jesu<\/h3>\n\n\n\n<p>Beim Mahl deutet Jesus Brot und Wein nicht nur:<\/p>\n\n\n\n<ul class=\"wp-block-list\">\n<li><strong>\u201eDas ist mein Leib\u2026\u201c<\/strong><\/li>\n\n\n\n<li><strong>\u201eDas ist mein Blut\u2026\u201c<\/strong><\/li>\n<\/ul>\n\n\n\n<p>Er sagt nicht \u201edas bedeutet\u201c, sondern <strong>\u201edas ist\u201c<\/strong>. Hier wird das Sakrament eingesetzt.<\/p>\n\n\n\n<p>Und sofort f\u00fcgt er das Gebot hinzu:<\/p>\n\n\n\n<blockquote class=\"wp-block-quote is-layout-flow wp-block-quote-is-layout-flow\">\n<p>\u201eTut dies zu meinem Ged\u00e4chtnis\u201c<\/p>\n<\/blockquote>\n\n\n\n<p>Das hei\u00dft:<br>\ud83d\udc49 <em>Macht dieses gleiche Opfer gegenw\u00e4rtig<\/em><br>\ud83d\udc49 <em>Vollzieht diese Handlung, die keine blo\u00dfe Wiederholung, sondern Vergegenw\u00e4rtigung ist<\/em><\/p>\n\n\n\n<p>Hier entstehen das Amtspriestertum, die eucharistische Liturgie und das sakramentale Leben der Kirche.<\/p>\n\n\n\n<hr class=\"wp-block-separator has-alpha-channel-opacity\"\/>\n\n\n\n<h2 class=\"wp-block-heading\">2. \u201eGed\u00e4chtnis\u201c im biblischen Sinn: weit mehr als Erinnern<\/h2>\n\n\n\n<p>In unserer modernen Kultur bedeutet \u201eGed\u00e4chtnis\u201c meist ein inneres Erinnern. Doch in der Bibel hat der Begriff (hebr\u00e4isch <em>zikkaron<\/em>, griechisch <em>anamnesis<\/em>) eine viel tiefere Bedeutung.<\/p>\n\n\n\n<h3 class=\"wp-block-heading\">Ged\u00e4chtnis als reale Gegenwart<\/h3>\n\n\n\n<p>Wenn Gott \u201egedenkt\u201c, handelt er. Wenn das Volk \u201egedenkt\u201c, nimmt es teil.<\/p>\n\n\n\n<p>So gilt in der Eucharistie:<\/p>\n\n\n\n<ul class=\"wp-block-list\">\n<li>Wir erinnern uns nicht an einen abwesenden Christus<\/li>\n\n\n\n<li><strong>Christus wird wirklich gegenw\u00e4rtig<\/strong><\/li>\n<\/ul>\n\n\n\n<p>Das ist der Kern der katholischen Lehre: die <strong>Realpr\u00e4senz<\/strong>.<\/p>\n\n\n\n<hr class=\"wp-block-separator has-alpha-channel-opacity\"\/>\n\n\n\n<h2 class=\"wp-block-heading\">3. Die theologische Dimension: das Opfer, das die Welt tr\u00e4gt<\/h2>\n\n\n\n<p>Hier betreten wir den innersten Kern des Geheimnisses.<\/p>\n\n\n\n<h3 class=\"wp-block-heading\">Die Eucharistie ist dasselbe Opfer wie das Kreuzesopfer<\/h3>\n\n\n\n<p>Die Kirche lehrt, dass die Messe keine Wiederholung des Opfers Christi ist, sondern seine <strong>unblutige Vergegenw\u00e4rtigung<\/strong>.<\/p>\n\n\n\n<ul class=\"wp-block-list\">\n<li>Auf Golgatha: blutiges Opfer<\/li>\n\n\n\n<li>In der Messe: dasselbe Opfer, sakramental gegenw\u00e4rtig gesetzt<\/li>\n<\/ul>\n\n\n\n<p>Deshalb hat jede Messe unendlichen Wert.<\/p>\n\n\n\n<h3 class=\"wp-block-heading\">Eine Welt, getragen von der Eucharistie<\/h3>\n\n\n\n<p>Aus einer tiefen theologischen Perspektive k\u00f6nnen wir etwas Erstaunliches sagen:<\/p>\n\n\n\n<p>\ud83d\udc49 Die Welt besteht fort, weil Christus sich weiterhin dem Vater darbringt.<\/p>\n\n\n\n<p>Die Eucharistie ist:<\/p>\n\n\n\n<ul class=\"wp-block-list\">\n<li>Quelle der Gnade<\/li>\n\n\n\n<li>S\u00fchne f\u00fcr die S\u00fcnde<\/li>\n\n\n\n<li>St\u00e4ndige F\u00fcrbitte<\/li>\n<\/ul>\n\n\n\n<p>Die Heiligen haben das gut verstanden. Viele sagten, dass die Welt nicht bestehen k\u00f6nnte, wenn die Messe verschw\u00e4nde.<\/p>\n\n\n\n<hr class=\"wp-block-separator has-alpha-channel-opacity\"\/>\n\n\n\n<h2 class=\"wp-block-heading\">4. Die kirchliche Dimension: die Kirche wird aus der Eucharistie geboren und lebt aus ihr<\/h2>\n\n\n\n<p>Die Kirche ist keine Organisation, die die Eucharistie feiert.<br>\ud83d\udc49 Sie ist eine Wirklichkeit, die <strong>aus ihr hervorgeht<\/strong>.<\/p>\n\n\n\n<h3 class=\"wp-block-heading\">\u201eDie Kirche macht die Eucharistie und die Eucharistie macht die Kirche\u201c<\/h3>\n\n\n\n<p>Jedes Mal, wenn die Messe gefeiert wird:<\/p>\n\n\n\n<ul class=\"wp-block-list\">\n<li>Christus versammelt sein Volk<\/li>\n\n\n\n<li>Er n\u00e4hrt es mit seinem Leib<\/li>\n\n\n\n<li>Er sendet es in die Welt<\/li>\n<\/ul>\n\n\n\n<p>Ohne die Eucharistie:<\/p>\n\n\n\n<ul class=\"wp-block-list\">\n<li>gibt es kein voll entfaltetes christliches Leben<\/li>\n\n\n\n<li>keine wirkliche Einheit<\/li>\n\n\n\n<li>keine fruchtbare Sendung<\/li>\n<\/ul>\n\n\n\n<hr class=\"wp-block-separator has-alpha-channel-opacity\"\/>\n\n\n\n<h2 class=\"wp-block-heading\">5. Eine gegenw\u00e4rtige Krise: der Verlust des Sinns f\u00fcr das Geheimnis<\/h2>\n\n\n\n<p>Wir leben in einer Zeit, in der viele den Sinn f\u00fcr das Heilige verloren haben.<\/p>\n\n\n\n<h3 class=\"wp-block-heading\">Heutige Symptome<\/h3>\n\n\n\n<ul class=\"wp-block-list\">\n<li>Oberfl\u00e4chliche Teilnahme an der Messe<\/li>\n\n\n\n<li>Verlust des Bewusstseins f\u00fcr die Realpr\u00e4senz<\/li>\n\n\n\n<li>Reduktion der Liturgie auf etwas Emotionales oder rein Soziales<\/li>\n<\/ul>\n\n\n\n<p>Und dennoch bleibt das Gebot Christi bestehen. Es hat nichts von seiner Kraft verloren.<br>Im Gegenteil: Heute ist es dringlicher denn je.<\/p>\n\n\n\n<hr class=\"wp-block-separator has-alpha-channel-opacity\"\/>\n\n\n\n<h2 class=\"wp-block-heading\">6. Praktische Anwendungen: das Gebot heute leben<\/h2>\n\n\n\n<p>Wie k\u00f6nnen wir heute auf \u201eTut dies zu meinem Ged\u00e4chtnis\u201c antworten?<\/p>\n\n\n\n<h3 class=\"wp-block-heading\">1. Die Messe als Mitte des Lebens neu entdecken<\/h3>\n\n\n\n<p>Nicht als Pflicht, sondern als Begegnung.<\/p>\n\n\n\n<p>\ud83d\udc49 Die Sonntagsmesse bewusst besuchen:<\/p>\n\n\n\n<ul class=\"wp-block-list\">\n<li>Sich innerlich vorbereiten<\/li>\n\n\n\n<li>In Sammlung ankommen<\/li>\n\n\n\n<li>Aktiv teilnehmen (nicht nur anwesend sein)<\/li>\n<\/ul>\n\n\n\n<hr class=\"wp-block-separator has-alpha-channel-opacity\"\/>\n\n\n\n<h3 class=\"wp-block-heading\">2. Die Realpr\u00e4senz anbeten<\/h3>\n\n\n\n<p>Die Eucharistie endet nicht mit der Messe.<\/p>\n\n\n\n<p>\ud83d\udc49 Eucharistische Anbetung:<\/p>\n\n\n\n<ul class=\"wp-block-list\">\n<li>Stille vor Gott<\/li>\n\n\n\n<li>Verwandelnde Begegnung<\/li>\n\n\n\n<li>Schule des Gebets<\/li>\n<\/ul>\n\n\n\n<p>In einer lauten Welt ist Anbetung revolution\u00e4r.<\/p>\n\n\n\n<hr class=\"wp-block-separator has-alpha-channel-opacity\"\/>\n\n\n\n<h3 class=\"wp-block-heading\">3. Eucharistisch leben<\/h3>\n\n\n\n<p>Christus zu empfangen hei\u00dft, ihn nachzuahmen.<\/p>\n\n\n\n<p>\ud83d\udc49 Ein eucharistisches Leben ist:<\/p>\n\n\n\n<ul class=\"wp-block-list\">\n<li>Hingebungsvoll (wie gebrochenes Brot)<\/li>\n\n\n\n<li>Dem\u00fctig<\/li>\n\n\n\n<li>Opferbereit<\/li>\n\n\n\n<li>Liebend<\/li>\n<\/ul>\n\n\n\n<p>Das hei\u00dft: selbst zur \u201eOpfergabe\u201c werden.<\/p>\n\n\n\n<hr class=\"wp-block-separator has-alpha-channel-opacity\"\/>\n\n\n\n<h3 class=\"wp-block-heading\">4. S\u00fchne leisten und darbringen<\/h3>\n\n\n\n<p>Jede Messe hat unendlichen Wert.<\/p>\n\n\n\n<p>Wir k\u00f6nnen sie darbringen:<\/p>\n\n\n\n<ul class=\"wp-block-list\">\n<li>f\u00fcr unsere Familien<\/li>\n\n\n\n<li>f\u00fcr die Verstorbenen<\/li>\n\n\n\n<li>f\u00fcr die Bekehrung der Welt<\/li>\n<\/ul>\n\n\n\n<p>Das gibt sogar dem Leiden einen Sinn.<\/p>\n\n\n\n<hr class=\"wp-block-separator has-alpha-channel-opacity\"\/>\n\n\n\n<h3 class=\"wp-block-heading\">5. Im Geheimnis unterweisen<\/h3>\n\n\n\n<p>Besonders in der Familie.<\/p>\n\n\n\n<p>\ud83d\udc49 Kindern lehren:<\/p>\n\n\n\n<ul class=\"wp-block-list\">\n<li>Wer im Tabernakel ist<\/li>\n\n\n\n<li>Was die Kommunion bedeutet<\/li>\n\n\n\n<li>Wie man sich in der Kirche verh\u00e4lt<\/li>\n<\/ul>\n\n\n\n<p>Die Weitergabe des Glaubens geschieht durch die Eucharistie.<\/p>\n\n\n\n<hr class=\"wp-block-separator has-alpha-channel-opacity\"\/>\n\n\n\n<h2 class=\"wp-block-heading\">7. Die geistliche Dimension: die Eucharistie als Heilmittel f\u00fcr die Seele<\/h2>\n\n\n\n<p>Christus bleibt nicht eine Idee. Er bleibt als Nahrung.<\/p>\n\n\n\n<p>Die Eucharistie:<\/p>\n\n\n\n<ul class=\"wp-block-list\">\n<li>st\u00e4rkt gegen die S\u00fcnde<\/li>\n\n\n\n<li>heilt innere Wunden<\/li>\n\n\n\n<li>schenkt tiefen Frieden<\/li>\n\n\n\n<li>vereint auf innige Weise mit Gott<\/li>\n<\/ul>\n\n\n\n<p>Deshalb nannten die Heiligen sie:<br>\ud83d\udc49 \u201eBrot der Starken\u201c<br>\ud83d\udc49 \u201eMedizin der Unsterblichkeit\u201c<\/p>\n\n\n\n<hr class=\"wp-block-separator has-alpha-channel-opacity\"\/>\n\n\n\n<h2 class=\"wp-block-heading\">8. Ein dringender Ruf: zur Mitte zur\u00fcckkehren<\/h2>\n\n\n\n<p>Die moderne Welt sucht Sinn an tausend Orten: Erfolg, Vergn\u00fcgen, Ideologien. Doch das menschliche Herz hungert weiterhin nach dem Unendlichen.<\/p>\n\n\n\n<p>Und Christus antwortet:<br>\ud83d\udc49 \u201eNehmt und esst\u201c<\/p>\n\n\n\n<p>Es ist keine Rede. Es ist ein Geschenk.<\/p>\n\n\n\n<hr class=\"wp-block-separator has-alpha-channel-opacity\"\/>\n\n\n\n<h2 class=\"wp-block-heading\">Schluss: das Gebot, das lebendig bleibt<\/h2>\n\n\n\n<p>\u201eTut dies zu meinem Ged\u00e4chtnis\u201c ist kein Wort der Vergangenheit.<br>Es ist ein lebendiges, aktuelles und dringendes Gebot.<\/p>\n\n\n\n<p>Jede Messe ist:<\/p>\n\n\n\n<ul class=\"wp-block-list\">\n<li>der Himmel, der die Erde ber\u00fchrt<\/li>\n\n\n\n<li>Christus, der sich neu hingibt<\/li>\n\n\n\n<li>die gegenw\u00e4rtig gewordene Liebe<\/li>\n<\/ul>\n\n\n\n<p>Und jeder Christ ist gerufen zu antworten.<\/p>\n\n\n\n<p>Es gen\u00fcgt nicht, es zu verstehen.<br>Es muss gelebt werden.<\/p>\n\n\n\n<p>Denn letztlich tr\u00e4gt dieses Gebot nicht nur die Welt\u2026<br>\ud83d\udc49 Es ist auch dazu bestimmt, dein Leben zu tragen.<\/p>\n","protected":false},"excerpt":{"rendered":"<p>Einleitung: ein Wort, das mehr ist als Erinnerung Es gibt Worte, die die Geschichte ver\u00e4ndern. Aber es gibt andere, die sie tragen.Als Christus beim Letzten Abendmahl sagt: \u201eTut dies zu meinem Ged\u00e4chtnis\u201c (Lk 22,19) gibt er nicht einfach eine liturgische Anweisung oder schl\u00e4gt eine symbolische Handlung vor. Er vertraut der Kirche \u2013 und der ganzen &hellip;<\/p>\n","protected":false},"author":3,"featured_media":5581,"comment_status":"closed","ping_status":"closed","sticky":false,"template":"","format":"standard","meta":{"_seopress_robots_primary_cat":"","_seopress_titles_title":"","_seopress_titles_desc":"","_seopress_robots_index":"","footnotes":""},"categories":[45,37],"tags":[1971],"class_list":["post-5580","post","type-post","status-publish","format-standard","has-post-thumbnail","","category-heilige-schrift","category-lehre-und-glaube","tag-tut-dies-zu-meinem-gedaechtnis"],"_links":{"self":[{"href":"https:\/\/catholicus.eu\/de\/wp-json\/wp\/v2\/posts\/5580","targetHints":{"allow":["GET"]}}],"collection":[{"href":"https:\/\/catholicus.eu\/de\/wp-json\/wp\/v2\/posts"}],"about":[{"href":"https:\/\/catholicus.eu\/de\/wp-json\/wp\/v2\/types\/post"}],"author":[{"embeddable":true,"href":"https:\/\/catholicus.eu\/de\/wp-json\/wp\/v2\/users\/3"}],"replies":[{"embeddable":true,"href":"https:\/\/catholicus.eu\/de\/wp-json\/wp\/v2\/comments?post=5580"}],"version-history":[{"count":1,"href":"https:\/\/catholicus.eu\/de\/wp-json\/wp\/v2\/posts\/5580\/revisions"}],"predecessor-version":[{"id":5582,"href":"https:\/\/catholicus.eu\/de\/wp-json\/wp\/v2\/posts\/5580\/revisions\/5582"}],"wp:featuredmedia":[{"embeddable":true,"href":"https:\/\/catholicus.eu\/de\/wp-json\/wp\/v2\/media\/5581"}],"wp:attachment":[{"href":"https:\/\/catholicus.eu\/de\/wp-json\/wp\/v2\/media?parent=5580"}],"wp:term":[{"taxonomy":"category","embeddable":true,"href":"https:\/\/catholicus.eu\/de\/wp-json\/wp\/v2\/categories?post=5580"},{"taxonomy":"post_tag","embeddable":true,"href":"https:\/\/catholicus.eu\/de\/wp-json\/wp\/v2\/tags?post=5580"}],"curies":[{"name":"wp","href":"https:\/\/api.w.org\/{rel}","templated":true}]}}