{"id":5533,"date":"2026-03-29T14:56:09","date_gmt":"2026-03-29T12:56:09","guid":{"rendered":"https:\/\/catholicus.eu\/de\/?p=5533"},"modified":"2026-03-29T14:56:09","modified_gmt":"2026-03-29T12:56:09","slug":"die-vier-saeulen-des-katechismus-die-unsichtbare-architektur-die-deinen-glauben-traegt","status":"publish","type":"post","link":"https:\/\/catholicus.eu\/de\/die-vier-saeulen-des-katechismus-die-unsichtbare-architektur-die-deinen-glauben-traegt\/","title":{"rendered":"Die Vier S\u00e4ulen des Katechismus: Die Unsichtbare Architektur, die Deinen Glauben Tr\u00e4gt"},"content":{"rendered":"\n<p>In einer fragmentierten, schnellen und lauten Welt sp\u00fcren viele Christen, dass ihr Glaube schw\u00e4cher wird, oberfl\u00e4chlich wird oder angesichts der Anforderungen des modernen Lebens einfach an Kraft verliert. Und doch hat die Kirche \u2013 wie eine weise Mutter \u2013 ihre Kinder nicht ohne F\u00fchrung gelassen.<\/p>\n\n\n\n<p>Es gibt eine solide, jahrtausendealte, zutiefst koh\u00e4rente Struktur, die nicht nur erkl\u00e4rt, was wir glauben\u2026 sondern uns lehrt, <strong>wie wir leben, wie wir beten und wie wir lieben sollen<\/strong>.<\/p>\n\n\n\n<p>Diese Struktur sind die <strong>vier S\u00e4ulen des Katechismus der Katholischen Kirche<\/strong>.<\/p>\n\n\n\n<p>Es sind nicht einfach \u201eThemen\u201c. Es sind <strong>die Grundlagen eines authentischen christlichen Lebens<\/strong>.<\/p>\n\n\n\n<hr class=\"wp-block-separator has-alpha-channel-opacity\"\/>\n\n\n\n<h2 class=\"wp-block-heading\"><strong>1. Das Glaubensbekenntnis: Wissen, an wen du glaubst<\/strong><\/h2>\n\n\n\n<p>Alles beginnt hier: <strong>glauben<\/strong>.<\/p>\n\n\n\n<p>Doch es geht nicht um ein vages Gef\u00fchl oder eine fl\u00fcchtige Emotion. Der christliche Glaube ist <strong>eine feste Zustimmung zur von Gott geoffenbarten Wahrheit<\/strong>.<\/p>\n\n\n\n<p>Die erste S\u00e4ule des Katechismus entfaltet das <strong>Credo<\/strong>, jene kraftvolle Zusammenfassung dessen, was die Kirche seit den Aposteln glaubt. Jeder Satz enth\u00e4lt Jahrhunderte der Reflexion, Konzilien, M\u00e4rtyrer und Heilige.<\/p>\n\n\n\n<blockquote class=\"wp-block-quote is-layout-flow wp-block-quote-is-layout-flow\">\n<p>\u201eIch glaube an Gott, den Vater, den Allm\u00e4chtigen, den Sch\u00f6pfer des Himmels und der Erde\u2026\u201c<\/p>\n<\/blockquote>\n\n\n\n<p>Hier finden wir die gro\u00dfen Wahrheiten:<\/p>\n\n\n\n<ul class=\"wp-block-list\">\n<li>Gott ist Dreifaltigkeit: Vater, Sohn und Heiliger Geist<\/li>\n\n\n\n<li>Jesus Christus ist wahrer Gott und wahrer Mensch<\/li>\n\n\n\n<li>Die Kirche ist eine, heilige, katholische und apostolische<\/li>\n\n\n\n<li>Das ewige Leben existiert<\/li>\n<\/ul>\n\n\n\n<p>Das ist keine Theorie. Es ist <strong>Identit\u00e4t<\/strong>.<\/p>\n\n\n\n<p>Wie die Schrift sagt:<\/p>\n\n\n\n<blockquote class=\"wp-block-quote is-layout-flow wp-block-quote-is-layout-flow\">\n<p>\u201eOhne Glauben ist es unm\u00f6glich, Gott zu gefallen\u201c (Hebr\u00e4er 11,6)<\/p>\n<\/blockquote>\n\n\n\n<h3 class=\"wp-block-heading\"><strong>Praktische Anwendung<\/strong><\/h3>\n\n\n\n<p>Heute glauben viele \u201eauf ihre eigene Weise\u201c. Doch der Christ erfindet seinen Glauben nicht: <strong>er empf\u00e4ngt ihn<\/strong>.<br>Sich im Credo zu bilden, gibt dir Wurzeln. Und ohne Wurzeln tr\u00e4gt dich jeder ideologische Wind fort.<\/p>\n\n\n\n<hr class=\"wp-block-separator has-alpha-channel-opacity\"\/>\n\n\n\n<h2 class=\"wp-block-heading\"><strong>2. Die Feier des Christlichen Mysteriums: Leben, was du glaubst<\/strong><\/h2>\n\n\n\n<p>Der Glaube bleibt nicht im Kopf. <strong>Er wird gefeiert<\/strong>.<\/p>\n\n\n\n<p>Die zweite S\u00e4ule f\u00fchrt uns in die Welt der <strong>Liturgie und der Sakramente<\/strong>, in der Gott konkret in unserem Leben handelt.<\/p>\n\n\n\n<p>Hier befindet sich das schlagende Herz der Kirche:<\/p>\n\n\n\n<ul class=\"wp-block-list\">\n<li><strong>Die Eucharistie<\/strong>, Quelle und H\u00f6hepunkt des christlichen Lebens<\/li>\n\n\n\n<li>Die Taufe, die uns zu Kindern Gottes macht<\/li>\n\n\n\n<li>Die Beichte, die uns die Gnade zur\u00fcckgibt<\/li>\n\n\n\n<li>Die anderen Sakramente, die jede Lebensphase begleiten<\/li>\n<\/ul>\n\n\n\n<p>Die Sakramente sind keine leeren Symbole. Sie sind <strong>wirkliche Handlungen Christi<\/strong>.<\/p>\n\n\n\n<blockquote class=\"wp-block-quote is-layout-flow wp-block-quote-is-layout-flow\">\n<p>\u201eWer mein Fleisch isst und mein Blut trinkt, hat das ewige Leben\u201c (Johannes 6,54)<\/p>\n<\/blockquote>\n\n\n\n<h3 class=\"wp-block-heading\"><strong>Praktische Anwendung<\/strong><\/h3>\n\n\n\n<p>In einer Kultur, die das Spirituelle zu etwas Subjektivem gemacht hat, erinnern uns die Sakramente an etwas Revolution\u00e4res:<br><strong>Gott ber\u00fchrt dein Leben auf konkrete, sichtbare und wirksame Weise<\/strong>.<\/p>\n\n\n\n<p>Es gen\u00fcgt nicht, \u201ean Gott zu glauben\u201c.<br>Du musst <strong>ihm in den Sakramenten begegnen<\/strong>.<\/p>\n\n\n\n<hr class=\"wp-block-separator has-alpha-channel-opacity\"\/>\n\n\n\n<h2 class=\"wp-block-heading\"><strong>3. Das Leben in Christus: Leben als wahre Kinder Gottes<\/strong><\/h2>\n\n\n\n<p>Diese S\u00e4ule beantwortet eine entscheidende Frage:<br><strong>Wenn ich an Gott glaube\u2026 wie soll ich leben?<\/strong><\/p>\n\n\n\n<p>Hier betreten wir die christliche Moral:<\/p>\n\n\n\n<ul class=\"wp-block-list\">\n<li>Die <strong>Zehn Gebote<\/strong><\/li>\n\n\n\n<li>Die <strong>Seligpreisungen<\/strong><\/li>\n\n\n\n<li>Das nat\u00fcrliche Gesetz und die Gnade<\/li>\n\n\n\n<li>Der Kampf gegen die S\u00fcnde<\/li>\n\n\n\n<li>Der Ruf zur Heiligkeit<\/li>\n<\/ul>\n\n\n\n<p>Moral ist keine Liste von Verboten. Sie ist ein Weg zur Erf\u00fcllung.<\/p>\n\n\n\n<blockquote class=\"wp-block-quote is-layout-flow wp-block-quote-is-layout-flow\">\n<p>\u201eWenn ihr mich liebt, werdet ihr meine Gebote halten\u201c (Johannes 14,15)<\/p>\n<\/blockquote>\n\n\n\n<p>Das Christentum bietet keine kalte Ethik, sondern eine radikale Verwandlung des Herzens.<\/p>\n\n\n\n<h3 class=\"wp-block-heading\"><strong>Praktische Anwendung<\/strong><\/h3>\n\n\n\n<p>Heute wird Freiheit oft damit verwechselt, zu tun, was man will.<br>Doch wahre Freiheit ist <strong>das Gute zu tun<\/strong>.<\/p>\n\n\n\n<p>Diese S\u00e4ule lehrt dich:<\/p>\n\n\n\n<ul class=\"wp-block-list\">\n<li>In einer relativistischen Welt zu unterscheiden<\/li>\n\n\n\n<li>Reinheit in einer hypersexualisierten Kultur zu leben<\/li>\n\n\n\n<li>N\u00e4chstenliebe in einer individualistischen Gesellschaft zu praktizieren<\/li>\n<\/ul>\n\n\n\n<p>Es ist anspruchsvoll, ja. Aber auch zutiefst befreiend.<\/p>\n\n\n\n<hr class=\"wp-block-separator has-alpha-channel-opacity\"\/>\n\n\n\n<h2 class=\"wp-block-heading\"><strong>4. Das Christliche Gebet: Mit Gott sprechen wie ein Kind<\/strong><\/h2>\n\n\n\n<p>Die letzte S\u00e4ule ist die Seele aller anderen: <strong>das Gebet<\/strong>.<\/p>\n\n\n\n<p>Denn es gen\u00fcgt nicht zu glauben, zu feiern und zu handeln\u2026<br><strong>Man muss in eine Beziehung mit Gott eintreten<\/strong>.<\/p>\n\n\n\n<p>Diese S\u00e4ule gipfelt im <strong>Vaterunser<\/strong>, dem vollkommenen Gebet, das Christus gelehrt hat.<\/p>\n\n\n\n<blockquote class=\"wp-block-quote is-layout-flow wp-block-quote-is-layout-flow\">\n<p>\u201eHerr, lehre uns beten\u201c (Lukas 11,1)<\/p>\n<\/blockquote>\n\n\n\n<p>Gebet ist:<\/p>\n\n\n\n<ul class=\"wp-block-list\">\n<li>Begegnung<\/li>\n\n\n\n<li>Geistlicher Kampf<\/li>\n\n\n\n<li>Stille und H\u00f6ren<\/li>\n\n\n\n<li>Liebe<\/li>\n<\/ul>\n\n\n\n<h3 class=\"wp-block-heading\"><strong>Praktische Anwendung<\/strong><\/h3>\n\n\n\n<p>In einer hypervernetzten Welt ist Stille unbequem geworden.<br>Doch ohne Gebet vertrocknet die Seele.<\/p>\n\n\n\n<p>Das t\u00e4gliche Gebet:<\/p>\n\n\n\n<ul class=\"wp-block-list\">\n<li>Ordnet dein Inneres<\/li>\n\n\n\n<li>Gibt dir Klarheit<\/li>\n\n\n\n<li>Vereint dich mit Gott<\/li>\n<\/ul>\n\n\n\n<p>Du brauchst keine gro\u00dfen Worte. Du brauchst <strong>ein bereites Herz<\/strong>.<\/p>\n\n\n\n<hr class=\"wp-block-separator has-alpha-channel-opacity\"\/>\n\n\n\n<h1 class=\"wp-block-heading\"><strong>Eine Lebendige Einheit: Nicht vier Teile\u2026 sondern ein einziger Weg<\/strong><\/h1>\n\n\n\n<p>Diese vier S\u00e4ulen sind nicht getrennt. Sie bilden eine organische Einheit:<\/p>\n\n\n\n<ul class=\"wp-block-list\">\n<li>Du <strong>glaubst<\/strong> (Glaubensbekenntnis)<\/li>\n\n\n\n<li>Du <strong>feierst<\/strong> (Sakramente)<\/li>\n\n\n\n<li>Du <strong>lebst<\/strong> (Moral)<\/li>\n\n\n\n<li>Du <strong>betest<\/strong> (Beziehung zu Gott)<\/li>\n<\/ul>\n\n\n\n<p>Fehlt eine, ger\u00e4t alles aus dem Gleichgewicht.<\/p>\n\n\n\n<p>Viele heute:<\/p>\n\n\n\n<ul class=\"wp-block-list\">\n<li>Wollen Moral ohne Glauben<\/li>\n\n\n\n<li>Spiritualit\u00e4t ohne Sakramente<\/li>\n\n\n\n<li>Liturgie ohne Umkehr<\/li>\n\n\n\n<li>Gebet ohne Lehre<\/li>\n<\/ul>\n\n\n\n<p>Das Ergebnis ist ein schwacher, inkonsequenter, zerbrechlicher Glaube.<\/p>\n\n\n\n<hr class=\"wp-block-separator has-alpha-channel-opacity\"\/>\n\n\n\n<h1 class=\"wp-block-heading\"><strong>Aktualit\u00e4t: Notwendiger denn je<\/strong><\/h1>\n\n\n\n<p>Wir leben in Zeiten der lehrm\u00e4\u00dfigen Verwirrung, der moralischen Krise und der spirituellen Oberfl\u00e4chlichkeit.<\/p>\n\n\n\n<p>Deshalb ist der Katechismus nicht einfach ein weiteres Buch. Er ist <strong>eine Landkarte, um sich nicht zu verirren<\/strong>.<\/p>\n\n\n\n<p>Diese vier S\u00e4ulen wiederzuentdecken bedeutet:<\/p>\n\n\n\n<ul class=\"wp-block-list\">\n<li>Zum Wesentlichen zur\u00fcckzukehren<\/li>\n\n\n\n<li>Die Sch\u00f6nheit des Glaubens neu zu entdecken<\/li>\n\n\n\n<li>Ein solides Leben aufzubauen<\/li>\n\n\n\n<li>Dem kulturellen Druck zu widerstehen<\/li>\n<\/ul>\n\n\n\n<hr class=\"wp-block-separator has-alpha-channel-opacity\"\/>\n\n\n\n<h1 class=\"wp-block-heading\"><strong>Schluss: Zu den Fundamenten zur\u00fcckkehren, um nicht einzust\u00fcrzen<\/strong><\/h1>\n\n\n\n<p>Christus ist nicht gekommen, um uns eine leichte Spiritualit\u00e4t anzubieten.<br>Er ist gekommen, um uns <strong>ein neues Leben zu schenken \u2013 vollst\u00e4ndig, anspruchsvoll und herrlich<\/strong>.<\/p>\n\n\n\n<p>Die vier S\u00e4ulen des Katechismus sind der konkrete Weg, dieses Leben zu leben.<\/p>\n\n\n\n<p>Sie sind keine Theorie.<br>Sie sind der Weg.<br>Sie sind die Wahrheit.<br>Sie sind das Leben.<\/p>\n\n\n\n<blockquote class=\"wp-block-quote is-layout-flow wp-block-quote-is-layout-flow\">\n<p>\u201eJeder, der diese meine Worte h\u00f6rt und danach handelt, ist wie ein kluger Mann, der sein Haus auf Fels gebaut hat\u201c (Matth\u00e4us 7,24)<\/p>\n<\/blockquote>\n\n\n\n<p>Heute mehr denn je brauchst du den Felsen.<\/p>\n\n\n\n<p>Und dieser Felsen\u2026 ist bereits gelegt worden.<\/p>\n","protected":false},"excerpt":{"rendered":"<p>In einer fragmentierten, schnellen und lauten Welt sp\u00fcren viele Christen, dass ihr Glaube schw\u00e4cher wird, oberfl\u00e4chlich wird oder angesichts der Anforderungen des modernen Lebens einfach an Kraft verliert. Und doch hat die Kirche \u2013 wie eine weise Mutter \u2013 ihre Kinder nicht ohne F\u00fchrung gelassen. Es gibt eine solide, jahrtausendealte, zutiefst koh\u00e4rente Struktur, die nicht &hellip;<\/p>\n","protected":false},"author":3,"featured_media":5534,"comment_status":"closed","ping_status":"closed","sticky":false,"template":"","format":"standard","meta":{"_seopress_robots_primary_cat":"","_seopress_titles_title":"","_seopress_titles_desc":"","_seopress_robots_index":"","footnotes":""},"categories":[43,37],"tags":[271],"class_list":["post-5533","post","type-post","status-publish","format-standard","has-post-thumbnail","","category-katechismus-der-katholischen-kirche","category-lehre-und-glaube","tag-katechismus"],"_links":{"self":[{"href":"https:\/\/catholicus.eu\/de\/wp-json\/wp\/v2\/posts\/5533","targetHints":{"allow":["GET"]}}],"collection":[{"href":"https:\/\/catholicus.eu\/de\/wp-json\/wp\/v2\/posts"}],"about":[{"href":"https:\/\/catholicus.eu\/de\/wp-json\/wp\/v2\/types\/post"}],"author":[{"embeddable":true,"href":"https:\/\/catholicus.eu\/de\/wp-json\/wp\/v2\/users\/3"}],"replies":[{"embeddable":true,"href":"https:\/\/catholicus.eu\/de\/wp-json\/wp\/v2\/comments?post=5533"}],"version-history":[{"count":1,"href":"https:\/\/catholicus.eu\/de\/wp-json\/wp\/v2\/posts\/5533\/revisions"}],"predecessor-version":[{"id":5535,"href":"https:\/\/catholicus.eu\/de\/wp-json\/wp\/v2\/posts\/5533\/revisions\/5535"}],"wp:featuredmedia":[{"embeddable":true,"href":"https:\/\/catholicus.eu\/de\/wp-json\/wp\/v2\/media\/5534"}],"wp:attachment":[{"href":"https:\/\/catholicus.eu\/de\/wp-json\/wp\/v2\/media?parent=5533"}],"wp:term":[{"taxonomy":"category","embeddable":true,"href":"https:\/\/catholicus.eu\/de\/wp-json\/wp\/v2\/categories?post=5533"},{"taxonomy":"post_tag","embeddable":true,"href":"https:\/\/catholicus.eu\/de\/wp-json\/wp\/v2\/tags?post=5533"}],"curies":[{"name":"wp","href":"https:\/\/api.w.org\/{rel}","templated":true}]}}