{"id":5529,"date":"2026-03-28T23:36:09","date_gmt":"2026-03-28T22:36:09","guid":{"rendered":"https:\/\/catholicus.eu\/de\/?p=5529"},"modified":"2026-03-28T23:36:09","modified_gmt":"2026-03-28T22:36:09","slug":"gesegnete-palmzweige-vergessene-seelen-die-geistliche-gefahr-einer-oberflaechlichen-froemmigkeit","status":"publish","type":"post","link":"https:\/\/catholicus.eu\/de\/gesegnete-palmzweige-vergessene-seelen-die-geistliche-gefahr-einer-oberflaechlichen-froemmigkeit\/","title":{"rendered":"Gesegnete Palmzweige, vergessene Seelen: Die geistliche Gefahr einer oberfl\u00e4chlichen Fr\u00f6mmigkeit"},"content":{"rendered":"\n<h2 class=\"wp-block-heading\">Einleitung: Wenn die Geste das Herz ersetzt<\/h2>\n\n\n\n<p>Jedes Jahr gehen Tausende von Gl\u00e4ubigen mit Palmzweigen in der Hand in die Kirche. Geflochtene Palmen, Olivenzweige, sogar kleine, sorgf\u00e4ltig gefertigte Kreuze. Es ist eine sch\u00f6ne Geste, reich an Tradition, tief verwurzelt im katholischen Leben. Doch eine unbequeme Frage m\u00fcssen wir uns stellen:<\/p>\n\n\n\n<p><strong>Tragen wir Palmzweige\u2026 oder tragen wir Christus?<\/strong><\/p>\n\n\n\n<p>Die geistliche Gefahr unserer Zeit ist nicht so sehr die offene Ablehnung Gottes, sondern etwas viel Subtileres: <strong>die Reduktion des Glaubens auf leere Gesten, auf Traditionen ohne Bekehrung, auf Symbole ohne inneres Leben<\/strong>.<\/p>\n\n\n\n<p>Und der Palmsonntag \u2013 so voller Bedeutung \u2013 kann paradoxerweise zu einem der deutlichsten Beispiele dieser Oberfl\u00e4chlichkeit werden.<\/p>\n\n\n\n<hr class=\"wp-block-separator has-alpha-channel-opacity\"\/>\n\n\n\n<h2 class=\"wp-block-heading\">1. Der Ursprung: Eine Menge, die jubelte\u2026 und dann verlie\u00df<\/h2>\n\n\n\n<p>Der Palmsonntag ist kein gew\u00f6hnlicher Festtag. Er ist zutiefst dramatisch.<\/p>\n\n\n\n<p>Er gedenkt des triumphalen Einzugs Christi in Jerusalem, als Er als K\u00f6nig und Messias von einer Menge empfangen wurde, die mit Palm- und Olivenzweigen winkte und rief:<\/p>\n\n\n\n<blockquote class=\"wp-block-quote is-layout-flow wp-block-quote-is-layout-flow\">\n<p>\u201eHosanna! Gesegnet sei, der kommt im Namen des Herrn!\u201c (Mk 11,9)<\/p>\n<\/blockquote>\n\n\n\n<p>Dieses Ereignis markiert den Beginn der Karwoche und k\u00fcndigt die Passion Christi an.<\/p>\n\n\n\n<p>Doch hier liegt der entscheidende theologische Punkt, den wir nicht ignorieren d\u00fcrfen:<\/p>\n\n\n\n<p>\ud83d\udc49 <strong>Dieselbe Menge, die Ihn bejubelte\u2026 wird wenige Tage sp\u00e4ter rufen: \u201eKreuzige ihn!\u201c<\/strong><\/p>\n\n\n\n<p>Dieser Gegensatz ist kein unbedeutendes historisches Detail. Er ist ein Spiegel der menschlichen Seele.<\/p>\n\n\n\n<ul class=\"wp-block-list\">\n<li>Heute Begeisterung<\/li>\n\n\n\n<li>Morgen Verlassenheit<\/li>\n\n\n\n<li>Heute Fr\u00f6mmigkeit<\/li>\n\n\n\n<li>Morgen Gleichg\u00fcltigkeit<\/li>\n<\/ul>\n\n\n\n<p>Der Palmsonntag feiert nicht nur einen triumphalen Einzug. <strong>Er offenbart die Unbest\u00e4ndigkeit des menschlichen Herzens<\/strong>.<\/p>\n\n\n\n<hr class=\"wp-block-separator has-alpha-channel-opacity\"\/>\n\n\n\n<h2 class=\"wp-block-heading\">2. Die Bedeutung des Palmzweigs: Sakramental, kein Amulett<\/h2>\n\n\n\n<p>Gesegnete Palmzweige sind keine dekorativen Gegenst\u00e4nde oder Talismane. Sie sind <strong>Sakramentalien<\/strong>, das hei\u00dft heilige Zeichen, die die Seele darauf vorbereiten, die Gnade zu empfangen.<\/p>\n\n\n\n<p>Die Kirche segnet die Palmzweige, um uns zu erinnern:<\/p>\n\n\n\n<ul class=\"wp-block-list\">\n<li>Dass Christus K\u00f6nig ist<\/li>\n\n\n\n<li>Dass wir Ihn in unser Leben aufnehmen sollen<\/li>\n\n\n\n<li>Dass Sein Reich durch das Kreuz geht<\/li>\n<\/ul>\n\n\n\n<p>Traditionell:<\/p>\n\n\n\n<ul class=\"wp-block-list\">\n<li>Werden sie als Zeichen des Glaubens im Haus aufbewahrt<\/li>\n\n\n\n<li>Werden sie ehrf\u00fcrchtig bewahrt<\/li>\n\n\n\n<li>Werden sie f\u00fcr die Asche des folgenden Aschermittwochs verbrannt<\/li>\n<\/ul>\n\n\n\n<p>Doch genau hier entsteht die Gefahr:<\/p>\n\n\n\n<p>\ud83d\udc49 Wenn der Palmzweig aufh\u00f6rt, ein Zeichen zu sein\u2026 und zur Aberglauben wird.<\/p>\n\n\n\n<ul class=\"wp-block-list\">\n<li>\u201eIch stelle ihn hinter die T\u00fcr, um das Haus zu sch\u00fctzen\u201c<\/li>\n\n\n\n<li>\u201eEr h\u00e4lt das B\u00f6se fern\u201c<\/li>\n\n\n\n<li>\u201eEr bringt Gl\u00fcck\u201c<\/li>\n<\/ul>\n\n\n\n<p>Das ist kein katholischer Glaube. Es ist Magie im Gewand der Religion.<\/p>\n\n\n\n<p>Der Unterschied ist grundlegend:<\/p>\n\n\n\n<figure class=\"wp-block-table\"><table class=\"has-fixed-layout\"><thead><tr><th>Echter Glaube<\/th><th>Aberglaube<\/th><\/tr><\/thead><tbody><tr><td>Vertraut auf Gott<\/td><td>Vertraut auf den Gegenstand<\/td><\/tr><tr><td>Sucht die Bekehrung<\/td><td>Sucht automatische Sicherheit<\/td><\/tr><tr><td>Verwandelt das Herz<\/td><td>Vermeidet Verpflichtung<\/td><\/tr><\/tbody><\/table><\/figure>\n\n\n\n<hr class=\"wp-block-separator has-alpha-channel-opacity\"\/>\n\n\n\n<h2 class=\"wp-block-heading\">3. Oberfl\u00e4chliche Fr\u00f6mmigkeit: Die gro\u00dfe Gefahr unserer Zeit<\/h2>\n\n\n\n<p>Wir leben in einer Kultur der Unmittelbarkeit, der \u00c4sthetik und der Emotion. Und das hat auch das geistliche Leben beeinflusst.<\/p>\n\n\n\n<p>Heute ist es leicht:<\/p>\n\n\n\n<ul class=\"wp-block-list\">\n<li>Palmzweige segnen zu lassen<\/li>\n\n\n\n<li>Ein Foto zu machen<\/li>\n\n\n\n<li>Es in sozialen Netzwerken zu teilen<\/li>\n\n\n\n<li>Und Gott den Rest des Jahres zu vergessen<\/li>\n<\/ul>\n\n\n\n<p>Das ist keine Karikatur. Es ist eine pastorale Realit\u00e4t.<\/p>\n\n\n\n<p>\ud83d\udc49 <strong>Die Gefahr besteht nicht darin, Palmzweige zu haben\u2026 sondern keine Bekehrung zu haben.<\/strong><\/p>\n\n\n\n<p>Christus sucht keine Zuschauer, sondern J\u00fcnger.<\/p>\n\n\n\n<p>Er will keine jubelnden Menschenmengen\u2026 sondern Seelen, die bleiben.<\/p>\n\n\n\n<p>Wie Er selbst sagt:<\/p>\n\n\n\n<blockquote class=\"wp-block-quote is-layout-flow wp-block-quote-is-layout-flow\">\n<p>\u201eDieses Volk ehrt mich mit den Lippen, aber ihr Herz ist weit weg von mir\u201c (Mt 15,8)<\/p>\n<\/blockquote>\n\n\n\n<hr class=\"wp-block-separator has-alpha-channel-opacity\"\/>\n\n\n\n<h2 class=\"wp-block-heading\">4. Die wahre Bedeutung: Mit Christus in die Passion eintreten<\/h2>\n\n\n\n<p>Der Palmsonntag ist kein Ziel. Er ist eine T\u00fcr.<\/p>\n\n\n\n<p>Er ist nicht das Ende der Fr\u00f6mmigkeit, sondern der Beginn eines Weges:<\/p>\n\n\n\n<ul class=\"wp-block-list\">\n<li>Von der Begeisterung zum Kreuz<\/li>\n\n\n\n<li>Vom Palmzweig nach Golgotha<\/li>\n\n\n\n<li>Vom Jubel zum Opfer<\/li>\n<\/ul>\n\n\n\n<p>Liturgisch ist dieser Tag zutiefst aufschlussreich:<\/p>\n\n\n\n<ul class=\"wp-block-list\">\n<li>Er beginnt mit Freude (Prozession)<\/li>\n\n\n\n<li>Er endet mit der Passion<\/li>\n<\/ul>\n\n\n\n<p>Es ist, als w\u00fcrde die Kirche uns sagen:<\/p>\n\n\n\n<p>\ud83d\udc49 \u201eBleib nicht beim Palmzweig stehen. Geh bis zum Kreuz.\u201c<\/p>\n\n\n\n<p>Denn Christus nachzufolgen bedeutet:<\/p>\n\n\n\n<ul class=\"wp-block-list\">\n<li>Der S\u00fcnde zu entsagen<\/li>\n\n\n\n<li>Das t\u00e4gliche Kreuz zu tragen<\/li>\n\n\n\n<li>Auch in der Dunkelheit treu zu bleiben<\/li>\n<\/ul>\n\n\n\n<hr class=\"wp-block-separator has-alpha-channel-opacity\"\/>\n\n\n\n<h2 class=\"wp-block-heading\">5. Praktische Anwendungen: Wie man eine authentische Fr\u00f6mmigkeit lebt<\/h2>\n\n\n\n<p>Hier wird alles konkret. Denn der Glaube wird nicht an Gef\u00fchlen gemessen, sondern am Leben.<\/p>\n\n\n\n<h3 class=\"wp-block-heading\">1. Bleib nicht bei der Geste stehen<\/h3>\n\n\n\n<p>Einen Palmzweig zu tragen ist gut. Aber frage dich:<\/p>\n\n\n\n<ul class=\"wp-block-list\">\n<li>Habe ich meine Seele vorbereitet?<\/li>\n\n\n\n<li>Bin ich im Stand der Gnade?<\/li>\n\n\n\n<li>Habe ich meine S\u00fcnden gebeichtet?<\/li>\n<\/ul>\n\n\n\n<h3 class=\"wp-block-heading\">2. Mach dein Zuhause zu einem Ort des Glaubens, nicht des Aberglaubens<\/h3>\n\n\n\n<p>Platziere den Palmzweig als Erinnerung an Christus, den K\u00f6nig, nicht als magisches Objekt.<\/p>\n\n\n\n<p>Jedes Mal, wenn du ihn siehst, frage dich:<\/p>\n\n\n\n<p>\ud83d\udc49 \u201eLasse ich Christus in meinem Leben herrschen?\u201c<\/p>\n\n\n\n<h3 class=\"wp-block-heading\">3. Lebe die ganze Karwoche<\/h3>\n\n\n\n<p>Der Palmsonntag reicht nicht aus.<\/p>\n\n\n\n<ul class=\"wp-block-list\">\n<li>Gr\u00fcndonnerstag: Eucharistie<\/li>\n\n\n\n<li>Karfreitag: Kreuz<\/li>\n\n\n\n<li>Osternacht: Auferstehung<\/li>\n<\/ul>\n\n\n\n<p>Der Palmzweig ohne das Kreuz\u2026 hat keinen Sinn.<\/p>\n\n\n\n<h3 class=\"wp-block-heading\">4. Sei konsequent<\/h3>\n\n\n\n<p>Sei nicht Teil der Menge, die ihre Meinung \u00e4ndert.<\/p>\n\n\n\n<ul class=\"wp-block-list\">\n<li>Sei treu in kleinen Dingen<\/li>\n\n\n\n<li>Sei best\u00e4ndig im Gebet<\/li>\n\n\n\n<li>Sei fest in der Wahrheit<\/li>\n<\/ul>\n\n\n\n<h3 class=\"wp-block-heading\">5. Geh von der Emotion zur Entscheidung<\/h3>\n\n\n\n<p>Glaube ist nicht nur ein Gef\u00fchl. Er ist eine Entscheidung.<\/p>\n\n\n\n<ul class=\"wp-block-list\">\n<li>Sich zu entscheiden zu vergeben<\/li>\n\n\n\n<li>Sich zu entscheiden zu \u00e4ndern<\/li>\n\n\n\n<li>Sich zu entscheiden, Christus zu folgen<\/li>\n<\/ul>\n\n\n\n<hr class=\"wp-block-separator has-alpha-channel-opacity\"\/>\n\n\n\n<h2 class=\"wp-block-heading\">6. Ein dringender Aufruf: Von der \u00e4u\u00dferen Erscheinung zur Bekehrung<\/h2>\n\n\n\n<p>Heute mehr denn je braucht die Kirche authentische Christen.<\/p>\n\n\n\n<p>Es reicht nicht aus, zu haben:<\/p>\n\n\n\n<ul class=\"wp-block-list\">\n<li>\u00dcberlieferte Traditionen<\/li>\n\n\n\n<li>\u00c4u\u00dfere Riten<\/li>\n\n\n\n<li>Kulturelle Gewohnheiten<\/li>\n<\/ul>\n\n\n\n<p>Gott sucht Herzen.<\/p>\n\n\n\n<p>Das gro\u00dfe Drama ist nicht, dass es weniger Palmzweige in den H\u00e4nden gibt\u2026<br>\ud83d\udc49 sondern weniger Glauben in den Seelen.<\/p>\n\n\n\n<hr class=\"wp-block-separator has-alpha-channel-opacity\"\/>\n\n\n\n<h2 class=\"wp-block-heading\">Schluss: Hosanna oder Kreuzige ihn?<\/h2>\n\n\n\n<p>Der Palmsonntag stellt uns vor eine radikale Entscheidung.<\/p>\n\n\n\n<p>Nicht zwischen dem Besuch der Messe oder nicht.<br>Nicht zwischen dem Tragen eines Palmzweigs oder nicht.<\/p>\n\n\n\n<p>Sondern zwischen:<\/p>\n\n\n\n<ul class=\"wp-block-list\">\n<li><strong>Einem oberfl\u00e4chlichen Glauben\u2026 oder einem verwandelten Leben<\/strong><\/li>\n\n\n\n<li><strong>Einem kulturellen Christentum\u2026 oder echter Nachfolge<\/strong><\/li>\n<\/ul>\n\n\n\n<p>Denn letztlich stehen wir alle in der Menge.<\/p>\n\n\n\n<p>Die einzige Frage ist:<\/p>\n\n\n\n<p>\ud83d\udc49 <strong>Was rufen wir mit unserem Leben?<\/strong><\/p>\n\n\n\n<p>\u201eHosanna\u201c nur f\u00fcr einen Tag\u2026<br>oder Treue bis zum Kreuz?<\/p>\n","protected":false},"excerpt":{"rendered":"<p>Einleitung: Wenn die Geste das Herz ersetzt Jedes Jahr gehen Tausende von Gl\u00e4ubigen mit Palmzweigen in der Hand in die Kirche. Geflochtene Palmen, Olivenzweige, sogar kleine, sorgf\u00e4ltig gefertigte Kreuze. Es ist eine sch\u00f6ne Geste, reich an Tradition, tief verwurzelt im katholischen Leben. Doch eine unbequeme Frage m\u00fcssen wir uns stellen: Tragen wir Palmzweige\u2026 oder tragen &hellip;<\/p>\n","protected":false},"author":3,"featured_media":5530,"comment_status":"closed","ping_status":"closed","sticky":false,"template":"","format":"standard","meta":{"_seopress_robots_primary_cat":"","_seopress_titles_title":"","_seopress_titles_desc":"","_seopress_robots_index":"","footnotes":""},"categories":[41,66],"tags":[759],"class_list":["post-5529","post","type-post","status-publish","format-standard","has-post-thumbnail","","category-glaube-und-kultur","category-populaerkultur-und-katholizismus","tag-palmsonntag"],"_links":{"self":[{"href":"https:\/\/catholicus.eu\/de\/wp-json\/wp\/v2\/posts\/5529","targetHints":{"allow":["GET"]}}],"collection":[{"href":"https:\/\/catholicus.eu\/de\/wp-json\/wp\/v2\/posts"}],"about":[{"href":"https:\/\/catholicus.eu\/de\/wp-json\/wp\/v2\/types\/post"}],"author":[{"embeddable":true,"href":"https:\/\/catholicus.eu\/de\/wp-json\/wp\/v2\/users\/3"}],"replies":[{"embeddable":true,"href":"https:\/\/catholicus.eu\/de\/wp-json\/wp\/v2\/comments?post=5529"}],"version-history":[{"count":1,"href":"https:\/\/catholicus.eu\/de\/wp-json\/wp\/v2\/posts\/5529\/revisions"}],"predecessor-version":[{"id":5531,"href":"https:\/\/catholicus.eu\/de\/wp-json\/wp\/v2\/posts\/5529\/revisions\/5531"}],"wp:featuredmedia":[{"embeddable":true,"href":"https:\/\/catholicus.eu\/de\/wp-json\/wp\/v2\/media\/5530"}],"wp:attachment":[{"href":"https:\/\/catholicus.eu\/de\/wp-json\/wp\/v2\/media?parent=5529"}],"wp:term":[{"taxonomy":"category","embeddable":true,"href":"https:\/\/catholicus.eu\/de\/wp-json\/wp\/v2\/categories?post=5529"},{"taxonomy":"post_tag","embeddable":true,"href":"https:\/\/catholicus.eu\/de\/wp-json\/wp\/v2\/tags?post=5529"}],"curies":[{"name":"wp","href":"https:\/\/api.w.org\/{rel}","templated":true}]}}