{"id":5523,"date":"2026-03-27T23:01:50","date_gmt":"2026-03-27T22:01:50","guid":{"rendered":"https:\/\/catholicus.eu\/de\/?p=5523"},"modified":"2026-03-27T23:01:50","modified_gmt":"2026-03-27T22:01:50","slug":"als-der-palmsonntag-stundenlang-dauerte-die-traditionelle-liturgie-die-wir-fast-verloren-haben","status":"publish","type":"post","link":"https:\/\/catholicus.eu\/de\/als-der-palmsonntag-stundenlang-dauerte-die-traditionelle-liturgie-die-wir-fast-verloren-haben\/","title":{"rendered":"Als der Palmsonntag stundenlang dauerte: die traditionelle Liturgie, die wir fast verloren haben"},"content":{"rendered":"\n<p>Es gab Zeiten in der Geschichte der Kirche, in denen die Liturgie nicht einfach \u201eetwas war, das man tat\u201c, sondern etwas, das man <strong>zutiefst lebte \u2013 mit dem K\u00f6rper, mit der Zeit und mit der ganzen Seele<\/strong>. Der Palmsonntag ist eines dieser Beispiele.<\/p>\n\n\n\n<p>Heute dauert die Feier in vielen Pfarreien eine Stunde\u2026 vielleicht etwas l\u00e4nger. Doch es gab eine Zeit \u2013 gar nicht so lange her \u2013, in der sich dieser Tag \u00fcber mehrere Stunden erstreckte und zu einer echten <strong>umfassenden geistlichen Erfahrung<\/strong> wurde, zutiefst lehrreich und verwandelnd.<\/p>\n\n\n\n<p>Was haben wir verloren? Und vor allem: Was k\u00f6nnen wir wiedergewinnen?<\/p>\n\n\n\n<hr class=\"wp-block-separator has-alpha-channel-opacity\"\/>\n\n\n\n<h2 class=\"wp-block-heading\">1. Der urspr\u00fcngliche Sinn: mit Christus in Jerusalem eintreten\u2026 und in sein Leiden<\/h2>\n\n\n\n<p>Der Palmsonntag ist kein gew\u00f6hnliches Fest. Er markiert den Beginn der Karwoche, den Moment, in dem die Kirche in das Herz des christlichen Geheimnisses eintritt: das Leiden, den Tod und die Auferstehung Christi.<\/p>\n\n\n\n<p>An diesem Tag wird der triumphale Einzug Jesu in Jerusalem gefeiert, wo er vom Volk mit Palmzweigen und Zweigen begr\u00fc\u00dft wird. Doch hier liegt ein zutiefst theologisches Paradox:<\/p>\n\n\n\n<ul class=\"wp-block-list\">\n<li>Das Volk ruft: <strong>\u201eHosanna!\u201c<\/strong><\/li>\n\n\n\n<li>Wenige Tage sp\u00e4ter wird es rufen: <strong>\u201eKreuzige ihn!\u201c<\/strong><\/li>\n<\/ul>\n\n\n\n<p>Die Liturgie des Palmsonntags ist genau daf\u00fcr gestaltet, uns in diese Spannung hineinzuf\u00fchren. Sie ist nicht blo\u00df Erinnerung, sondern <strong>Teilnahme<\/strong>.<\/p>\n\n\n\n<blockquote class=\"wp-block-quote is-layout-flow wp-block-quote-is-layout-flow\">\n<p><strong>\u201eGesegnet sei er, der kommt im Namen des Herrn!\u201c<\/strong> (Mt 21,9)<\/p>\n<\/blockquote>\n\n\n\n<hr class=\"wp-block-separator has-alpha-channel-opacity\"\/>\n\n\n\n<h2 class=\"wp-block-heading\">2. Als die Liturgie ein Weg war (im w\u00f6rtlichen Sinne)<\/h2>\n\n\n\n<p>In der alten Tradition \u2013 besonders inspiriert von Jerusalem \u2013 begann der Palmsonntag nicht in der Kirche, sondern <strong>au\u00dferhalb<\/strong>.<\/p>\n\n\n\n<p>Aus Zeugnissen wie dem der Pilgerin Egeria (4. Jahrhundert) wissen wir, dass die Gl\u00e4ubigen:<\/p>\n\n\n\n<ul class=\"wp-block-list\">\n<li>sich an einem anderen Ort als der Kirche versammelten<\/li>\n\n\n\n<li>das Evangelium vom Einzug in Jerusalem h\u00f6rten<\/li>\n\n\n\n<li>in Prozession gingen und Zweige trugen<\/li>\n\n\n\n<li>Psalmen und Hymnen sangen<\/li>\n\n\n\n<li>feierlich in die Stadt oder in die Kirche einzogen<\/li>\n<\/ul>\n\n\n\n<p>Diese Tradition wurde im Laufe der Jahrhunderte von der lateinischen Kirche \u00fcbernommen und weiterentwickelt und in die r\u00f6mische Liturgie integriert.<\/p>\n\n\n\n<h3 class=\"wp-block-heading\">Wie lange dauerte das?<\/h3>\n\n\n\n<p>Es war nicht ungew\u00f6hnlich, dass die Feier umfasste:<\/p>\n\n\n\n<ul class=\"wp-block-list\">\n<li>lange Prozessionen<\/li>\n\n\n\n<li>vollst\u00e4ndigen Gesang der Psalmen<\/li>\n\n\n\n<li>ausgedehnte Lesungen<\/li>\n\n\n\n<li>tiefgehende Predigten<\/li>\n\n\n\n<li>die vollst\u00e4ndig gesungene Passion<\/li>\n<\/ul>\n\n\n\n<p>Das Ergebnis: <strong>mehrere Stunden lebendige Liturgie<\/strong>.<\/p>\n\n\n\n<hr class=\"wp-block-separator has-alpha-channel-opacity\"\/>\n\n\n\n<h2 class=\"wp-block-heading\">3. Die traditionelle Struktur: eine Katechese in Bewegung<\/h2>\n\n\n\n<p>Der Reichtum dieser Liturgie war kein Zufall. Jedes Element hatte eine Bedeutung:<\/p>\n\n\n\n<h3 class=\"wp-block-heading\">1. Segnung der Zweige<\/h3>\n\n\n\n<p>Dies war keine schnelle Geste, sondern feierlich, mit Gebeten, die an den Sieg Christi, des K\u00f6nigs, erinnerten.<\/p>\n\n\n\n<h3 class=\"wp-block-heading\">2. Prozession<\/h3>\n\n\n\n<p>Nicht dekorativ, sondern zutiefst theologisch:<\/p>\n\n\n\n<ul class=\"wp-block-list\">\n<li>Sie stellte das Nachfolgen Christi dar<\/li>\n\n\n\n<li>Sie symbolisierte den Eintritt der Seele in das Pascha-Mysterium<\/li>\n\n\n\n<li>Sie war ein \u00f6ffentliches Glaubensbekenntnis<\/li>\n<\/ul>\n\n\n\n<h3 class=\"wp-block-heading\">3. Gesang des <em>Gloria Laus<\/em><\/h3>\n\n\n\n<p>Ein alter Hymnus, der die K\u00f6nigsherrschaft Christi verk\u00fcndet.<\/p>\n\n\n\n<h3 class=\"wp-block-heading\">4. Einzug in die Kirche<\/h3>\n\n\n\n<p>Nicht nur physisch: Er symbolisierte den Eintritt in das Geheimnis der Erl\u00f6sung.<\/p>\n\n\n\n<h3 class=\"wp-block-heading\">5. Verk\u00fcndigung der Passion<\/h3>\n\n\n\n<p>Einer der eindrucksvollsten Momente. Sie wurde nicht einfach \u201egelesen\u201c, sondern <strong>feierlich verk\u00fcndet oder gesungen<\/strong>, oft mit mehreren Stimmen.<\/p>\n\n\n\n<hr class=\"wp-block-separator has-alpha-channel-opacity\"\/>\n\n\n\n<h2 class=\"wp-block-heading\">4. Warum dauerte das so lange? (und warum war das gut)<\/h2>\n\n\n\n<p>Heute sind wir an Schnelligkeit gew\u00f6hnt. Doch die traditionelle Liturgie folgte einer anderen Logik:<\/p>\n\n\n\n<h3 class=\"wp-block-heading\">\u23f3 Die Zeit als Opfergabe<\/h3>\n\n\n\n<p>Zeit wurde nicht \u201everschwendet\u201c \u2013 sie wurde <strong>Gott dargebracht<\/strong>.<\/p>\n\n\n\n<h3 class=\"wp-block-heading\">\ud83e\udde0 Tiefe Katechese<\/h3>\n\n\n\n<p>Jede Geste lehrte etwas. Die Liturgie war die erste Schule der Theologie.<\/p>\n\n\n\n<h3 class=\"wp-block-heading\">\u2764\ufe0f Vollst\u00e4ndige Beteiligung<\/h3>\n\n\n\n<p>Man war kein Zuschauer, sondern Teil des Geschehens.<\/p>\n\n\n\n<h3 class=\"wp-block-heading\">\ud83d\udd25 Echte Vorbereitung auf die Karwoche<\/h3>\n\n\n\n<p>Man trat nicht oberfl\u00e4chlich in die Passion ein, sondern wurde in sie hineingef\u00fchrt.<\/p>\n\n\n\n<hr class=\"wp-block-separator has-alpha-channel-opacity\"\/>\n\n\n\n<h2 class=\"wp-block-heading\">5. Was wir verloren haben\u2026 und warum das wichtig ist<\/h2>\n\n\n\n<p>Mit den liturgischen Reformen des 20. Jahrhunderts wurden viele Riten vereinfacht. Das brachte pastorale Vorteile (gr\u00f6\u00dfere Zug\u00e4nglichkeit), hatte aber auch Folgen:<\/p>\n\n\n\n<h3 class=\"wp-block-heading\">Was geschw\u00e4cht wurde:<\/h3>\n\n\n\n<ul class=\"wp-block-list\">\n<li>Das Empfinden des Heiligen als etwas \u201eGro\u00dfes\u201c<\/li>\n\n\n\n<li>Die geistliche Geduld<\/li>\n\n\n\n<li>Die opferhafte Dimension der Zeit<\/li>\n\n\n\n<li>Die Erfahrung der Gemeinschaft in Bewegung<\/li>\n<\/ul>\n\n\n\n<p>Heute kann der Palmsonntag oft erlebt werden als:<\/p>\n\n\n\n<ul class=\"wp-block-list\">\n<li>eine sch\u00f6ne Geste (die Zweige)<\/li>\n\n\n\n<li>eine etwas l\u00e4ngere Messe<\/li>\n\n\n\n<li>eine kulturelle Tradition<\/li>\n<\/ul>\n\n\n\n<p>Doch wir laufen Gefahr, das Wesentliche zu verlieren: <strong>den existenziellen Eintritt in die Passion Christi<\/strong>.<\/p>\n\n\n\n<hr class=\"wp-block-separator has-alpha-channel-opacity\"\/>\n\n\n\n<h2 class=\"wp-block-heading\">6. Die gro\u00dfe theologische Lehre: Christus, der K\u00f6nig\u2026 der zum Tod geht<\/h2>\n\n\n\n<p>Der Palmsonntag ist zutiefst paradox:<\/p>\n\n\n\n<ul class=\"wp-block-list\">\n<li>Christus tritt als K\u00f6nig ein\u2026<\/li>\n\n\n\n<li>\u2026aber auf dem Weg zum Kreuz<\/li>\n<\/ul>\n\n\n\n<p>Das offenbart eine zentrale Wahrheit des Christentums:<\/p>\n\n\n\n<p>\ud83d\udc49 <strong>Die Herrlichkeit geht durch das Kreuz<\/strong><\/p>\n\n\n\n<p>Es gibt kein Christentum ohne diese Spannung.<\/p>\n\n\n\n<p>Der heilige Augustinus dr\u00fcckte es so aus: <em>\u201eChristus herrscht vom Holz aus.\u201c<\/em><\/p>\n\n\n\n<hr class=\"wp-block-separator has-alpha-channel-opacity\"\/>\n\n\n\n<h2 class=\"wp-block-heading\">7. Praktische Anwendung: Wie k\u00f6nnen wir heute einen tieferen Palmsonntag leben?<\/h2>\n\n\n\n<p>Wir k\u00f6nnen nicht einfach in die Vergangenheit zur\u00fcckkehren. Aber wir k\u00f6nnen <strong>den Geist wiedergewinnen<\/strong>.<\/p>\n\n\n\n<p>Hier ist eine konkrete Anleitung:<\/p>\n\n\n\n<h3 class=\"wp-block-heading\">\ud83d\udd4a\ufe0f 1. Kommen Sie fr\u00fcher\u2026 und bereiten Sie sich vor<\/h3>\n\n\n\n<p>Kommen Sie nicht in Eile. Dieser Tag markiert den Beginn der wichtigsten Zeit des Jahres.<\/p>\n\n\n\n<h3 class=\"wp-block-heading\">\ud83c\udf3f 2. Leben Sie die Prozession bewusst<\/h3>\n\n\n\n<p>Es ist nicht nur eine symbolische Geste. Es ist Ihr \u201eJa\u201c zu Christus.<\/p>\n\n\n\n<p>Fragen Sie sich:<\/p>\n\n\n\n<blockquote class=\"wp-block-quote is-layout-flow wp-block-quote-is-layout-flow\">\n<p>Bin ich bereit, ihm zu folgen\u2026 sogar bis zum Kreuz?<\/p>\n<\/blockquote>\n\n\n\n<h3 class=\"wp-block-heading\">\ud83d\udcd6 3. H\u00f6ren Sie die Passion, als w\u00e4re es das erste Mal<\/h3>\n\n\n\n<p>Ertragen Sie sie nicht einfach \u2013 meditieren Sie dar\u00fcber.<\/p>\n\n\n\n<p>Versetzen Sie sich in die Szene:<\/p>\n\n\n\n<ul class=\"wp-block-list\">\n<li>Bin ich Petrus?<\/li>\n\n\n\n<li>Bin ich Pilatus?<\/li>\n\n\n\n<li>Bin ich die Menge?<\/li>\n<\/ul>\n\n\n\n<h3 class=\"wp-block-heading\">\ud83c\udfe0 4. Nehmen Sie das Zeichen mit nach Hause<\/h3>\n\n\n\n<p>Die gesegneten Zweige sind keine Dekoration. Sie sind ein Sakramentale, das daran erinnert, dass Christus K\u00f6nig in Ihrem Haus ist.<\/p>\n\n\n\n<h3 class=\"wp-block-heading\">\u23f0 5. Geben Sie Gott echte Zeit<\/h3>\n\n\n\n<p>Gewinnen Sie etwas zur\u00fcck, das wir verloren haben: <strong>freie Zeit f\u00fcr Gott<\/strong>.<\/p>\n\n\n\n<p>Auch wenn die Liturgie nicht Stunden dauert\u2026 Sie k\u00f6nnen sie selbst verl\u00e4ngern.<\/p>\n\n\n\n<hr class=\"wp-block-separator has-alpha-channel-opacity\"\/>\n\n\n\n<h2 class=\"wp-block-heading\">8. Ein dringender Aufruf f\u00fcr unsere Zeit<\/h2>\n\n\n\n<p>Wir leben in einer Kultur der Unmittelbarkeit, der Oberfl\u00e4chlichkeit und der Schnelligkeit.<\/p>\n\n\n\n<p>Doch der christliche Glaube kann so nicht gelebt werden.<\/p>\n\n\n\n<p>Der traditionelle Palmsonntag erinnert uns an etwas Wesentliches:<\/p>\n\n\n\n<p>\ud83d\udc49 <strong>Gott wird nicht in Eile erfahren<\/strong><\/p>\n\n\n\n<p>Eine lange Liturgie war kein \u00dcberma\u00df. Sie war eine P\u00e4dagogik:<\/p>\n\n\n\n<ul class=\"wp-block-list\">\n<li>um zu lernen zu lieben<\/li>\n\n\n\n<li>um zu lernen zu warten<\/li>\n\n\n\n<li>um zu lernen, mit Sinn zu leiden<\/li>\n<\/ul>\n\n\n\n<hr class=\"wp-block-separator has-alpha-channel-opacity\"\/>\n\n\n\n<h2 class=\"wp-block-heading\">9. Schluss: Es geht nicht um Nostalgie, sondern um Tiefe<\/h2>\n\n\n\n<p>Es geht nicht darum, die Vergangenheit zu idealisieren.<\/p>\n\n\n\n<p>Es geht darum, etwas wiederzuentdecken, das auch heute notwendig ist:<\/p>\n\n\n\n<p>\ud83d\udc49 <strong>Ein Glaube, der Zeit, K\u00f6rper, Gemeinschaft und Herz einbezieht<\/strong><\/p>\n\n\n\n<p>Der Palmsonntag ist nicht nur der Beginn der Karwoche.<\/p>\n\n\n\n<p>Er ist eine direkte Frage an Ihr Leben:<\/p>\n\n\n\n<blockquote class=\"wp-block-quote is-layout-flow wp-block-quote-is-layout-flow\">\n<p>Rufen Sie Christus nur zu, wenn alles gut l\u00e4uft\u2026<br>oder sind Sie bereit, ihm auch bis zum Kreuz zu folgen?<\/p>\n<\/blockquote>\n\n\n\n<p>Denn dort \u2013 und nur dort \u2013 beginnt das wahre christliche Leben.<\/p>\n","protected":false},"excerpt":{"rendered":"<p>Es gab Zeiten in der Geschichte der Kirche, in denen die Liturgie nicht einfach \u201eetwas war, das man tat\u201c, sondern etwas, das man zutiefst lebte \u2013 mit dem K\u00f6rper, mit der Zeit und mit der ganzen Seele. Der Palmsonntag ist eines dieser Beispiele. Heute dauert die Feier in vielen Pfarreien eine Stunde\u2026 vielleicht etwas l\u00e4nger. &hellip;<\/p>\n","protected":false},"author":3,"featured_media":5524,"comment_status":"closed","ping_status":"closed","sticky":false,"template":"","format":"standard","meta":{"_seopress_robots_primary_cat":"","_seopress_titles_title":"","_seopress_titles_desc":"","_seopress_robots_index":"","footnotes":""},"categories":[38,52],"tags":[759],"class_list":["post-5523","post","type-post","status-publish","format-standard","has-post-thumbnail","","category-geschichte-und-tradition","category-liturgie-und-kirchenjahr","tag-palmsonntag"],"_links":{"self":[{"href":"https:\/\/catholicus.eu\/de\/wp-json\/wp\/v2\/posts\/5523","targetHints":{"allow":["GET"]}}],"collection":[{"href":"https:\/\/catholicus.eu\/de\/wp-json\/wp\/v2\/posts"}],"about":[{"href":"https:\/\/catholicus.eu\/de\/wp-json\/wp\/v2\/types\/post"}],"author":[{"embeddable":true,"href":"https:\/\/catholicus.eu\/de\/wp-json\/wp\/v2\/users\/3"}],"replies":[{"embeddable":true,"href":"https:\/\/catholicus.eu\/de\/wp-json\/wp\/v2\/comments?post=5523"}],"version-history":[{"count":1,"href":"https:\/\/catholicus.eu\/de\/wp-json\/wp\/v2\/posts\/5523\/revisions"}],"predecessor-version":[{"id":5525,"href":"https:\/\/catholicus.eu\/de\/wp-json\/wp\/v2\/posts\/5523\/revisions\/5525"}],"wp:featuredmedia":[{"embeddable":true,"href":"https:\/\/catholicus.eu\/de\/wp-json\/wp\/v2\/media\/5524"}],"wp:attachment":[{"href":"https:\/\/catholicus.eu\/de\/wp-json\/wp\/v2\/media?parent=5523"}],"wp:term":[{"taxonomy":"category","embeddable":true,"href":"https:\/\/catholicus.eu\/de\/wp-json\/wp\/v2\/categories?post=5523"},{"taxonomy":"post_tag","embeddable":true,"href":"https:\/\/catholicus.eu\/de\/wp-json\/wp\/v2\/tags?post=5523"}],"curies":[{"name":"wp","href":"https:\/\/api.w.org\/{rel}","templated":true}]}}