{"id":5520,"date":"2026-03-27T22:29:10","date_gmt":"2026-03-27T21:29:10","guid":{"rendered":"https:\/\/catholicus.eu\/de\/?p=5520"},"modified":"2026-03-27T22:29:10","modified_gmt":"2026-03-27T21:29:10","slug":"wenn-der-glaube-leben-wird-das-direktorium-ueber-die-volksfroemmigkeit-und-die-liturgie-der-vergessene-schatz-der-deinen-alltag-verwandeln-kann","status":"publish","type":"post","link":"https:\/\/catholicus.eu\/de\/wenn-der-glaube-leben-wird-das-direktorium-ueber-die-volksfroemmigkeit-und-die-liturgie-der-vergessene-schatz-der-deinen-alltag-verwandeln-kann\/","title":{"rendered":"Wenn der Glaube Leben wird: das \u201eDirektorium \u00fcber die Volksfr\u00f6mmigkeit und die Liturgie\u201c, der vergessene Schatz, der deinen Alltag verwandeln kann"},"content":{"rendered":"\n<p>In einer schnellen, fragmentierten und oft vom Heiligen getrennten Welt bietet uns die katholische Kirche einen \u00fcberraschend aktuellen geistlichen Kompass: das <strong>Direktorium \u00fcber die Volksfr\u00f6mmigkeit und die Liturgie<\/strong>. Dieses Dokument, ver\u00f6ffentlicht von der <strong>Kongregation f\u00fcr den Gottesdienst und die Sakramentenordnung<\/strong> im Jahr 2001, ist nicht einfach ein liturgisches Handbuch, sondern ein wahrer pastoraler Leitfaden, um den in der Liturgie gefeierten Glauben mit dem im Alltag des christlichen Volkes gelebten Glauben in Einklang zu bringen.<\/p>\n\n\n\n<p>Aber\u2026 was bedeutet das wirklich? Warum ist es heute so wichtig? Und wie kann es dein konkretes geistliches Leben verwandeln?<\/p>\n\n\n\n<hr class=\"wp-block-separator has-alpha-channel-opacity\"\/>\n\n\n\n<h2 class=\"wp-block-heading\"><strong>1. Was ist das Direktorium \u00fcber die Volksfr\u00f6mmigkeit und die Liturgie?<\/strong><\/h2>\n\n\n\n<p>Das Direktorium ist eine offizielle Lehre der Kirche, die darauf abzielt, die Beziehung zwischen zwei grundlegenden Dimensionen des christlichen Lebens zu beleuchten:<\/p>\n\n\n\n<ul class=\"wp-block-list\">\n<li><strong>Die Liturgie<\/strong>, insbesondere die Heilige Messe und die Sakramente<\/li>\n\n\n\n<li><strong>Die Volksfr\u00f6mmigkeit<\/strong>, das hei\u00dft Andachten, Prozessionen, Rosenkr\u00e4nze, Novenen, Wallfahrten und die einfachen Ausdrucksformen des Glaubens des Volkes<\/li>\n<\/ul>\n\n\n\n<p>Weit davon entfernt, sie einander gegen\u00fcberzustellen, bekr\u00e4ftigt das Dokument klar:<br>\ud83d\udc49 <strong>Die Liturgie ist das Zentrum, aber die Volksfr\u00f6mmigkeit ist ihre lebendige Ausdehnung im Herzen des Volkes.<\/strong><\/p>\n\n\n\n<p>Diese Idee steht in enger Verbindung mit der Lehre des <strong>Zweites Vatikanisches Konzil<\/strong>, das die Liturgie als \u201eQuelle und H\u00f6hepunkt des ganzen christlichen Lebens\u201c definiert hat (<em>Sacrosanctum Concilium<\/em>, 10).<\/p>\n\n\n\n<hr class=\"wp-block-separator has-alpha-channel-opacity\"\/>\n\n\n\n<h2 class=\"wp-block-heading\"><strong>2. Historische Wurzeln: der im Volk verk\u00f6rperte Glaube<\/strong><\/h2>\n\n\n\n<p>Seit den ersten Jahrhunderten des Christentums beschr\u00e4nkten sich die Gl\u00e4ubigen nicht nur auf die Feier der Eucharistie, sondern dr\u00fcckten ihren Glauben auch durch allt\u00e4gliche Gesten aus:<\/p>\n\n\n\n<ul class=\"wp-block-list\">\n<li>Wallfahrten zu heiligen Orten<\/li>\n\n\n\n<li>Verehrung von Reliquien<\/li>\n\n\n\n<li>Gebet in der Familie<\/li>\n\n\n\n<li>Fasten und Bu\u00dfpraktiken<\/li>\n<\/ul>\n\n\n\n<p>Im Laufe der Zeit entstand daraus eine reiche Tradition: der Rosenkranz, der Kreuzweg, Fronleichnamsprozessionen, marianische Andachten\u2026<\/p>\n\n\n\n<p>Diese Praktiken sind keine \u201efolkloristischen Erg\u00e4nzungen\u201c, sondern <strong>Antworten des gl\u00e4ubigen Herzens auf das Geheimnis Gottes<\/strong>.<\/p>\n\n\n\n<p>Das Direktorium erkennt diesen Wert an und erkl\u00e4rt, dass die Volksfr\u00f6mmigkeit ist:<\/p>\n\n\n\n<blockquote class=\"wp-block-quote is-layout-flow wp-block-quote-is-layout-flow\">\n<p>\u201eein wahrer Ausdruck des sensus fidei des Volkes Gottes\u201c.<\/p>\n<\/blockquote>\n\n\n\n<hr class=\"wp-block-separator has-alpha-channel-opacity\"\/>\n\n\n\n<h2 class=\"wp-block-heading\"><strong>3. Theologischer Schl\u00fcssel: Warum ist das so wichtig?<\/strong><\/h2>\n\n\n\n<p>Hier liegt der tiefste Kern des Dokuments.<\/p>\n\n\n\n<h3 class=\"wp-block-heading\"><strong>3.1. Die Inkarnation des Glaubens<\/strong><\/h3>\n\n\n\n<p>Gott offenbart sich nicht abstrakt, sondern konkret. In <strong>Jesus Christus<\/strong> wird Gott Fleisch, Geschichte, Kultur.<\/p>\n\n\n\n<p>Deshalb dr\u00fcckt sich der Glaube auch in menschlichen Wirklichkeiten aus:<\/p>\n\n\n\n<ul class=\"wp-block-list\">\n<li>In einer entz\u00fcndeten Kerze<\/li>\n\n\n\n<li>In einem verehrten Bild<\/li>\n\n\n\n<li>In einer Prozession durch die Stra\u00dfen<\/li>\n\n\n\n<li>In einem einfachen Gebet<\/li>\n<\/ul>\n\n\n\n<p>Die Volksfr\u00f6mmigkeit ist somit <strong>eine Verl\u00e4ngerung der Inkarnation im Leben des Volkes<\/strong>.<\/p>\n\n\n\n<hr class=\"wp-block-separator has-alpha-channel-opacity\"\/>\n\n\n\n<h3 class=\"wp-block-heading\"><strong>3.2. Liturgie und Fr\u00f6mmigkeit: eine geordnete Beziehung<\/strong><\/h3>\n\n\n\n<p>Das Direktorium legt ein grundlegendes Prinzip fest:<\/p>\n\n\n\n<ul class=\"wp-block-list\">\n<li>\u274c Die Volksfr\u00f6mmigkeit <strong>ersetzt nicht<\/strong> die Liturgie<\/li>\n\n\n\n<li>\u274c Sie darf sie nicht verf\u00e4lschen<\/li>\n\n\n\n<li>\u2705 Sie soll <strong>zu ihr hinf\u00fchren<\/strong><\/li>\n<\/ul>\n\n\n\n<p>Die Liturgie ist das objektive Zentrum (Christus handelt in den Sakramenten).<br>Die Volksfr\u00f6mmigkeit ist die subjektive Antwort (das Herz des Gl\u00e4ubigen, das dieses Geheimnis aufnimmt).<\/p>\n\n\n\n<hr class=\"wp-block-separator has-alpha-channel-opacity\"\/>\n\n\n\n<h3 class=\"wp-block-heading\"><strong>3.3. Eine geistliche P\u00e4dagogik<\/strong><\/h3>\n\n\n\n<p>Die Volksfr\u00f6mmigkeit besitzt einen enormen katechetischen Wert:<\/p>\n\n\n\n<ul class=\"wp-block-list\">\n<li>Sie lehrt den Glauben den Einfachen<\/li>\n\n\n\n<li>Sie \u00fcberliefert Traditionen von Generation zu Generation<\/li>\n\n\n\n<li>Sie f\u00fchrt in das Geheimnis ein, ohne gro\u00dfe Abhandlungen zu erfordern<\/li>\n<\/ul>\n\n\n\n<p>Sie ist gewisserma\u00dfen <strong>die Theologie des Volkes<\/strong>.<\/p>\n\n\n\n<hr class=\"wp-block-separator has-alpha-channel-opacity\"\/>\n\n\n\n<h2 class=\"wp-block-heading\"><strong>4. Ein Licht f\u00fcr unsere Zeit: Krise und Chance<\/strong><\/h2>\n\n\n\n<p>Heute leben wir in einem Paradox:<\/p>\n\n\n\n<ul class=\"wp-block-list\">\n<li>Einerseits S\u00e4kularisierung und religi\u00f6se Gleichg\u00fcltigkeit<\/li>\n\n\n\n<li>Andererseits eine intensive spirituelle Suche<\/li>\n<\/ul>\n\n\n\n<p>In diesem Kontext ist das Direktorium prophetisch.<\/p>\n\n\n\n<hr class=\"wp-block-separator has-alpha-channel-opacity\"\/>\n\n\n\n<h3 class=\"wp-block-heading\"><strong>4.1. Gegen die K\u00e4lte: die W\u00e4rme des Glaubens<\/strong><\/h3>\n\n\n\n<p>Viele Menschen entfernen sich von der Liturgie, weil sie sie als fern oder unverst\u00e4ndlich empfinden.<br>Die Volksfr\u00f6mmigkeit hingegen <strong>ber\u00fchrt das Herz<\/strong>.<\/p>\n\n\n\n<p>Ein in der Familie gebeteter Rosenkranz, eine Prozession, ein Besuch beim Allerheiligsten\u2026<br>\ud83d\udc49 Das sind Zug\u00e4nge zu Gott.<\/p>\n\n\n\n<hr class=\"wp-block-separator has-alpha-channel-opacity\"\/>\n\n\n\n<h3 class=\"wp-block-heading\"><strong>4.2. Gegen den Individualismus: Gemeinschaft<\/strong><\/h3>\n\n\n\n<p>Volksfromme Ausdrucksformen schaffen Gemeinschaft:<\/p>\n\n\n\n<ul class=\"wp-block-list\">\n<li>Gemeinsam pilgern<\/li>\n\n\n\n<li>Gemeinsam beten<\/li>\n\n\n\n<li>Gemeinsam feiern<\/li>\n<\/ul>\n\n\n\n<p>Der Glaube h\u00f6rt auf, privat zu sein, und wird zu <strong>geteiltem Leben<\/strong>.<\/p>\n\n\n\n<hr class=\"wp-block-separator has-alpha-channel-opacity\"\/>\n\n\n\n<h3 class=\"wp-block-heading\"><strong>4.3. Gegen den Relativismus: Identit\u00e4t<\/strong><\/h3>\n\n\n\n<p>Die Volksfr\u00f6mmigkeit verwurzelt den Glauben in einer konkreten Kultur und verleiht ganzen V\u00f6lkern eine christliche Identit\u00e4t.<\/p>\n\n\n\n<hr class=\"wp-block-separator has-alpha-channel-opacity\"\/>\n\n\n\n<h2 class=\"wp-block-heading\"><strong>5. Biblische Erleuchtung: der Glaube in konkreten Gesten<\/strong><\/h2>\n\n\n\n<p>Die Heilige Schrift zeigt uns, dass sich der Glaube immer durch sichtbare Zeichen ausdr\u00fcckt.<\/p>\n\n\n\n<p>Erinnern wir uns an diese Stelle:<\/p>\n\n\n\n<blockquote class=\"wp-block-quote is-layout-flow wp-block-quote-is-layout-flow\">\n<p>\u201eDieses Volk ehrt mich mit den Lippen, aber ihr Herz ist weit weg von mir\u201c<br>(vgl. <strong>Evangelium nach Matth\u00e4us<\/strong>)<\/p>\n<\/blockquote>\n\n\n\n<p>Jesus lehnt nicht die \u00e4u\u00dferen Gesten ab, sondern die Heuchelei.<br>Der Schl\u00fcssel ist daher nicht, die Volksfr\u00f6mmigkeit abzuschaffen, sondern <strong>sie mit innerer Wahrhaftigkeit zu leben<\/strong>.<\/p>\n\n\n\n<p>Wir finden auch positive Beispiele:<\/p>\n\n\n\n<ul class=\"wp-block-list\">\n<li>Die Frau, die das Gewand Jesu ber\u00fchrt (Mk 5,25\u201334)<\/li>\n\n\n\n<li>Die Verwendung von \u00d6l, Handauflegung, sichtbare Zeichen<\/li>\n<\/ul>\n\n\n\n<p>\ud83d\udc49 Gott wirkt durch das Sinnlich-Wahrnehmbare.<\/p>\n\n\n\n<hr class=\"wp-block-separator has-alpha-channel-opacity\"\/>\n\n\n\n<h2 class=\"wp-block-heading\"><strong>6. Praktische Anwendungen: Wie man das Direktorium heute lebt<\/strong><\/h2>\n\n\n\n<p>Hier ist das Entscheidende: wie du es konkret umsetzen kannst.<\/p>\n\n\n\n<hr class=\"wp-block-separator has-alpha-channel-opacity\"\/>\n\n\n\n<h3 class=\"wp-block-heading\"><strong>6.1. Traditionelle Andachten neu entdecken<\/strong><\/h3>\n\n\n\n<ul class=\"wp-block-list\">\n<li>Bete den Rosenkranz bewusst, nicht mechanisch<\/li>\n\n\n\n<li>Lebe den Kreuzweg in der Fastenzeit<\/li>\n\n\n\n<li>Feiere die liturgischen Feste in der Tiefe<\/li>\n<\/ul>\n\n\n\n<p>Das sind keine Routinen, sondern Wege der Begegnung mit Gott.<\/p>\n\n\n\n<hr class=\"wp-block-separator has-alpha-channel-opacity\"\/>\n\n\n\n<h3 class=\"wp-block-heading\"><strong>6.2. Fr\u00f6mmigkeit und Liturgie immer verbinden<\/strong><\/h3>\n\n\n\n<ul class=\"wp-block-list\">\n<li>Die Andacht soll dich zur Messe f\u00fchren<\/li>\n\n\n\n<li>Die Messe soll deine Andacht n\u00e4hren<\/li>\n<\/ul>\n\n\n\n<p>Konkretes Beispiel:<br>\ud83d\udc49 Das Gebet vor oder nach der Kommunion verl\u00e4ngert die Gnade des Sakraments.<\/p>\n\n\n\n<hr class=\"wp-block-separator has-alpha-channel-opacity\"\/>\n\n\n\n<h3 class=\"wp-block-heading\"><strong>6.3. Sorge f\u00fcr die Zeichen<\/strong><\/h3>\n\n\n\n<ul class=\"wp-block-list\">\n<li>Eine mit Glauben entz\u00fcndete Kerze<\/li>\n\n\n\n<li>Eine Geste der Ehrfurcht<\/li>\n\n\n\n<li>Ein gut gelebtes Schweigen<\/li>\n<\/ul>\n\n\n\n<p>Diese kleinen Akte bilden die Seele.<\/p>\n\n\n\n<hr class=\"wp-block-separator has-alpha-channel-opacity\"\/>\n\n\n\n<h3 class=\"wp-block-heading\"><strong>6.4. Den Glauben in der Familie leben<\/strong><\/h3>\n\n\n\n<p>Die Volksfr\u00f6mmigkeit ist im Zuhause besonders kraftvoll:<\/p>\n\n\n\n<ul class=\"wp-block-list\">\n<li>Den Tisch segnen<\/li>\n\n\n\n<li>Gemeinsam beten<\/li>\n\n\n\n<li>Heilige Bilder haben<\/li>\n<\/ul>\n\n\n\n<p>\ud83d\udc49 Das Zuhause wird zu einer \u201eHauskirche\u201c.<\/p>\n\n\n\n<hr class=\"wp-block-separator has-alpha-channel-opacity\"\/>\n\n\n\n<h3 class=\"wp-block-heading\"><strong>6.5. Reinigen ohne zu zerst\u00f6ren<\/strong><\/h3>\n\n\n\n<p>Das Direktorium warnt auch:<br>Nicht jede volkst\u00fcmliche Praxis ist vollkommen.<\/p>\n\n\n\n<p>Es schl\u00e4gt daher vor:<\/p>\n\n\n\n<ul class=\"wp-block-list\">\n<li>Aberglauben zu reinigen<\/li>\n\n\n\n<li>\u00dcbertreibungen zu vermeiden<\/li>\n\n\n\n<li>Alles auf Christus auszurichten<\/li>\n<\/ul>\n\n\n\n<hr class=\"wp-block-separator has-alpha-channel-opacity\"\/>\n\n\n\n<h2 class=\"wp-block-heading\"><strong>7. Eine tiefe Synthese: Herz und Altar<\/strong><\/h2>\n\n\n\n<p>Die gro\u00dfe Botschaft des Direktoriums lautet:<\/p>\n\n\n\n<p>\ud83d\udc49 <strong>Der Glaube kann nicht im Tempel bleiben, aber er kann auch nicht ohne ihn bestehen.<\/strong><\/p>\n\n\n\n<p>Wir brauchen:<\/p>\n\n\n\n<ul class=\"wp-block-list\">\n<li>Die <strong>Liturgie<\/strong>, die uns Christus objektiv schenkt<\/li>\n\n\n\n<li>Die <strong>Volksfr\u00f6mmigkeit<\/strong>, die Christus in unserem konkreten Leben wohnen l\u00e4sst<\/li>\n<\/ul>\n\n\n\n<hr class=\"wp-block-separator has-alpha-channel-opacity\"\/>\n\n\n\n<h2 class=\"wp-block-heading\"><strong>Schluss: Wenn der Glaube Leben wird<\/strong><\/h2>\n\n\n\n<p>Das <strong>Direktorium \u00fcber die Volksfr\u00f6mmigkeit und die Liturgie<\/strong> ist kein Dokument der Vergangenheit. Es ist ein dringender Ruf f\u00fcr heute.<\/p>\n\n\n\n<p>In einer Welt, die nach Erfahrungen sucht, antwortet die Kirche:<br>\ud83d\udc49 <strong>Die wahre Erfahrung Gottes findet sich in der Einheit von Liturgie und Leben.<\/strong><\/p>\n\n\n\n<p>Wenn du diesen Weg annimmst:<\/p>\n\n\n\n<ul class=\"wp-block-list\">\n<li>Wird dein Gebet tiefer<\/li>\n\n\n\n<li>Wird dein Glaube mehr verk\u00f6rpert<\/li>\n\n\n\n<li>Wird dein Alltag mit Sinn erf\u00fcllt<\/li>\n<\/ul>\n\n\n\n<p>Denn am Ende geht es nicht nur darum, \u201eReligion zu praktizieren\u201c, sondern <strong>in Gemeinschaft mit Gott zu leben \u2013 in jeder Geste, an jedem Tag, in jedem Herzschlag<\/strong>.<\/p>\n\n\n\n<p>Und genau dort \u2013 genau dort \u2013 wird die Volksfr\u00f6mmigkeit, wenn sie richtig gelebt wird, zu einer Br\u00fccke zum Himmel.<\/p>\n","protected":false},"excerpt":{"rendered":"<p>In einer schnellen, fragmentierten und oft vom Heiligen getrennten Welt bietet uns die katholische Kirche einen \u00fcberraschend aktuellen geistlichen Kompass: das Direktorium \u00fcber die Volksfr\u00f6mmigkeit und die Liturgie. Dieses Dokument, ver\u00f6ffentlicht von der Kongregation f\u00fcr den Gottesdienst und die Sakramentenordnung im Jahr 2001, ist nicht einfach ein liturgisches Handbuch, sondern ein wahrer pastoraler Leitfaden, um &hellip;<\/p>\n","protected":false},"author":3,"featured_media":5521,"comment_status":"closed","ping_status":"closed","sticky":false,"template":"","format":"standard","meta":{"_seopress_robots_primary_cat":"","_seopress_titles_title":"","_seopress_titles_desc":"","_seopress_robots_index":"","footnotes":""},"categories":[38,51],"tags":[],"class_list":["post-5520","post","type-post","status-publish","format-standard","has-post-thumbnail","","category-geschichte-und-tradition","category-lehramt-der-kirche"],"_links":{"self":[{"href":"https:\/\/catholicus.eu\/de\/wp-json\/wp\/v2\/posts\/5520","targetHints":{"allow":["GET"]}}],"collection":[{"href":"https:\/\/catholicus.eu\/de\/wp-json\/wp\/v2\/posts"}],"about":[{"href":"https:\/\/catholicus.eu\/de\/wp-json\/wp\/v2\/types\/post"}],"author":[{"embeddable":true,"href":"https:\/\/catholicus.eu\/de\/wp-json\/wp\/v2\/users\/3"}],"replies":[{"embeddable":true,"href":"https:\/\/catholicus.eu\/de\/wp-json\/wp\/v2\/comments?post=5520"}],"version-history":[{"count":1,"href":"https:\/\/catholicus.eu\/de\/wp-json\/wp\/v2\/posts\/5520\/revisions"}],"predecessor-version":[{"id":5522,"href":"https:\/\/catholicus.eu\/de\/wp-json\/wp\/v2\/posts\/5520\/revisions\/5522"}],"wp:featuredmedia":[{"embeddable":true,"href":"https:\/\/catholicus.eu\/de\/wp-json\/wp\/v2\/media\/5521"}],"wp:attachment":[{"href":"https:\/\/catholicus.eu\/de\/wp-json\/wp\/v2\/media?parent=5520"}],"wp:term":[{"taxonomy":"category","embeddable":true,"href":"https:\/\/catholicus.eu\/de\/wp-json\/wp\/v2\/categories?post=5520"},{"taxonomy":"post_tag","embeddable":true,"href":"https:\/\/catholicus.eu\/de\/wp-json\/wp\/v2\/tags?post=5520"}],"curies":[{"name":"wp","href":"https:\/\/api.w.org\/{rel}","templated":true}]}}