{"id":5517,"date":"2026-03-26T23:31:10","date_gmt":"2026-03-26T22:31:10","guid":{"rendered":"https:\/\/catholicus.eu\/de\/?p=5517"},"modified":"2026-03-26T23:31:10","modified_gmt":"2026-03-26T22:31:10","slug":"kann-man-katholisch-und-zionistisch-sein","status":"publish","type":"post","link":"https:\/\/catholicus.eu\/de\/kann-man-katholisch-und-zionistisch-sein\/","title":{"rendered":"Kann man katholisch und zionistisch sein?"},"content":{"rendered":"\n<h2 class=\"wp-block-heading\">Eine unbequeme Frage, die eine klare, treue und mutige Antwort verlangt<\/h2>\n\n\n\n<p>Wir leben in einer Zeit, in der Worte Gewicht haben, aber oft ihres Sinnes entleert werden. \u201eZionismus\u201c, \u201eIsrael\u201c, \u201eauserw\u00e4hltes Volk\u201c, \u201eVerhei\u00dfenes Land\u201c\u2026 das sind Begriffe, die voller Geschichte, Leid, Politik und auch \u2014 und vor allem \u2014 <strong>Theologie<\/strong> sind.<\/p>\n\n\n\n<p>Deshalb ist diese Frage nicht oberfl\u00e4chlich. Sie ist nicht ideologisch. Sie ist zutiefst geistlich:<\/p>\n\n\n\n<p><strong>Kann ein Katholik wirklich Zionist sein?<\/strong><\/p>\n\n\n\n<p>Die Antwort erfordert Genauigkeit, Liebe zur Wahrheit und Treue zur Tradition der Kirche. Meinungen reichen nicht aus. Wir brauchen Lehre, Geschichte und Unterscheidungsverm\u00f6gen.<\/p>\n\n\n\n<hr class=\"wp-block-separator has-alpha-channel-opacity\"\/>\n\n\n\n<h1 class=\"wp-block-heading\">1. Zun\u00e4chst: Was ist Zionismus wirklich?<\/h1>\n\n\n\n<p>Zionismus ist nicht einfach \u201eIsrael zu lieben\u201c oder \u201edas j\u00fcdische Volk zu respektieren\u201c. Er ist eine <strong>moderne politische Bewegung<\/strong>, die im 19. Jahrhundert entstanden ist und das Ziel hat, einen j\u00fcdischen Staat im historischen Land Israel zu schaffen und zu erhalten.<\/p>\n\n\n\n<p>Seine Schl\u00fcsselfigur war <strong>Theodor Herzl<\/strong>, der ein im Wesentlichen <strong>s\u00e4kulares und nationalistisches<\/strong> Projekt vorantrieb, kein religi\u00f6ses.<\/p>\n\n\n\n<p>Hier liegt der erste wichtige Punkt:<\/p>\n\n\n\n<p>\ud83d\udc49 Zionismus ist <strong>keine theologische Kategorie<\/strong>, sondern eine politische.<\/p>\n\n\n\n<p>Und das ver\u00e4ndert den gesamten Blickwinkel.<\/p>\n\n\n\n<hr class=\"wp-block-separator has-alpha-channel-opacity\"\/>\n\n\n\n<h1 class=\"wp-block-heading\">2. Der grundlegende Fehler: das biblische Israel mit dem politischen Israel zu verwechseln<\/h1>\n\n\n\n<p>Viele Christen \u2014 besonders unter dem Einfluss bestimmter protestantischer Str\u00f6mungen \u2014 machen einen schweren Fehler:<\/p>\n\n\n\n<p>\ud83d\udc49 Sie identifizieren den modernen Staat Israel mit dem auserw\u00e4hlten Volk der Bibel.<\/p>\n\n\n\n<p>Doch die Kirche lehrt etwas ganz anderes.<\/p>\n\n\n\n<h2 class=\"wp-block-heading\">Das wahre Israel nach dem katholischen Glauben<\/h2>\n\n\n\n<p>Der heilige Paulus erkl\u00e4rt es klar:<\/p>\n\n\n\n<blockquote class=\"wp-block-quote is-layout-flow wp-block-quote-is-layout-flow\">\n<p>\u201eDenn nicht alle, die von Israel abstammen, sind Israel\u201c (R\u00f6mer 9,6)<\/p>\n<\/blockquote>\n\n\n\n<p>Und noch deutlicher:<\/p>\n\n\n\n<blockquote class=\"wp-block-quote is-layout-flow wp-block-quote-is-layout-flow\">\n<p>\u201eWenn ihr aber Christus angeh\u00f6rt, dann seid ihr Abrahams Nachkommenschaft und Erben gem\u00e4\u00df der Verhei\u00dfung\u201c (Galater 3,29)<\/p>\n<\/blockquote>\n\n\n\n<p>Das bedeutet etwas Revolution\u00e4res:<\/p>\n\n\n\n<p>\ud83d\udc49 <strong>Das wahre Volk Gottes wird nicht mehr durch Abstammung bestimmt, sondern durch den Glauben an Christus.<\/strong><\/p>\n\n\n\n<p>Die Kirche ersetzt Israel nicht\u2026<br><strong>Die Kirche ist die Erf\u00fcllung Israels.<\/strong><\/p>\n\n\n\n<hr class=\"wp-block-separator has-alpha-channel-opacity\"\/>\n\n\n\n<h1 class=\"wp-block-heading\">3. Die traditionelle Position der Kirche<\/h1>\n\n\n\n<p>\u00dcber Jahrhunderte hinweg hat die Kirche eine konstante Lehre bewahrt:<\/p>\n\n\n\n<ul class=\"wp-block-list\">\n<li>Die Verhei\u00dfungen an Israel werden <strong>in Christus erf\u00fcllt<\/strong><\/li>\n\n\n\n<li>Der Alte Bund findet seine F\u00fclle im Neuen Bund<\/li>\n\n\n\n<li>Es gibt nicht zwei parallele Heilsv\u00f6lker<\/li>\n<\/ul>\n\n\n\n<p>Daher ist die Vorstellung eines \u201eg\u00f6ttlichen Plans\u201c, der unabh\u00e4ngig f\u00fcr ein modernes politisches Israel existiert, theologisch problematisch.<\/p>\n\n\n\n<p>\ud83d\udc49 Sie geh\u00f6rt nicht zur traditionellen katholischen Lehre.<\/p>\n\n\n\n<hr class=\"wp-block-separator has-alpha-channel-opacity\"\/>\n\n\n\n<h1 class=\"wp-block-heading\">4. Also\u2026 kann ein Katholik Zionist sein?<\/h1>\n\n\n\n<p>Hier m\u00fcssen wir sehr pr\u00e4zise sein.<\/p>\n\n\n\n<h2 class=\"wp-block-heading\">\u2714\ufe0f Was MIT dem katholischen Glauben vereinbar ist<\/h2>\n\n\n\n<p>Ein Katholik kann:<\/p>\n\n\n\n<ul class=\"wp-block-list\">\n<li>Das j\u00fcdische Volk als Br\u00fcder in der Heilsgeschichte lieben<\/li>\n\n\n\n<li>Antisemitismus ablehnen (der eine schwere S\u00fcnde ist)<\/li>\n\n\n\n<li>Die historische Rolle Israels in der Offenbarung anerkennen<\/li>\n\n\n\n<li>Frieden und Gerechtigkeit im Heiligen Land w\u00fcnschen<\/li>\n<\/ul>\n\n\n\n<h2 class=\"wp-block-heading\">\u274c Was NICHT mit dem traditionellen katholischen Glauben vereinbar ist<\/h2>\n\n\n\n<p>Ein Katholik kann nicht, ohne in lehrm\u00e4\u00dfige Verwirrung zu geraten:<\/p>\n\n\n\n<ul class=\"wp-block-list\">\n<li>Den Staat Israel mit dem Reich Gottes gleichsetzen<\/li>\n\n\n\n<li>Glauben, dass das Heil durch die Zugeh\u00f6rigkeit zum j\u00fcdischen Volk kommt<\/li>\n\n\n\n<li>Behaupten, dass der Alte Bund ohne Christus weiterhin g\u00fcltig ist<\/li>\n\n\n\n<li>Eine theologische Sicht des Zionismus als \u201eparallelen g\u00f6ttlichen Plan\u201c \u00fcbernehmen<\/li>\n<\/ul>\n\n\n\n<p>\ud83d\udc49 Das w\u00fcrde im Grunde bedeuten, dass Christus nicht die endg\u00fcltige Erf\u00fcllung ist.<\/p>\n\n\n\n<hr class=\"wp-block-separator has-alpha-channel-opacity\"\/>\n\n\n\n<h1 class=\"wp-block-heading\">5. Die geistliche Gefahr des \u201echristlichen Zionismus\u201c<\/h1>\n\n\n\n<p>Obwohl diese Idee haupts\u00e4chlich in protestantischen Kreisen entstanden ist, hat sie viele Katholiken beeinflusst:<\/p>\n\n\n\n<p>\ud83d\udc49 Der Glaube, dass die politische Unterst\u00fctzung Israels eine religi\u00f6se Pflicht sei.<\/p>\n\n\n\n<p>Doch das ist aus mehreren Gr\u00fcnden gef\u00e4hrlich:<\/p>\n\n\n\n<h3 class=\"wp-block-heading\">1. Es verdr\u00e4ngt Christus aus dem Zentrum<\/h3>\n\n\n\n<p>Das Christentum h\u00f6rt auf, christozentrisch zu sein, und wird geopolitisch.<\/p>\n\n\n\n<h3 class=\"wp-block-heading\">2. Es verzerrt die Heilsgeschichte<\/h3>\n\n\n\n<p>Man kehrt zu einer \u201efleischlichen\u201c Auslegung der biblischen Verhei\u00dfungen zur\u00fcck.<\/p>\n\n\n\n<h3 class=\"wp-block-heading\">3. Es reduziert den Glauben auf Ideologie<\/h3>\n\n\n\n<p>Der Glaube h\u00f6rt auf, universell zu sein, und wird zu einer politischen Haltung.<\/p>\n\n\n\n<hr class=\"wp-block-separator has-alpha-channel-opacity\"\/>\n\n\n\n<h1 class=\"wp-block-heading\">6. Christus: das wahre Zentrum von allem<\/h1>\n\n\n\n<p>Das ist der Schl\u00fcssel.<\/p>\n\n\n\n<p>Nicht Jerusalem rettet.<br>Nicht eine Nation erl\u00f6st.<br>Nicht ein Land heiligt.<\/p>\n\n\n\n<p>\ud83d\udc49 Es ist Christus.<\/p>\n\n\n\n<p>Wie er selbst sagte:<\/p>\n\n\n\n<blockquote class=\"wp-block-quote is-layout-flow wp-block-quote-is-layout-flow\">\n<p>\u201eMein Reich ist nicht von dieser Welt\u201c (Johannes 18,36)<\/p>\n<\/blockquote>\n\n\n\n<p>Und auch:<\/p>\n\n\n\n<blockquote class=\"wp-block-quote is-layout-flow wp-block-quote-is-layout-flow\">\n<p>\u201eRei\u00dft diesen Tempel nieder, und in drei Tagen werde ich ihn aufrichten\u201c (Johannes 2,19)<\/p>\n<\/blockquote>\n\n\n\n<p>Der wahre Tempel ist kein Ort mehr.<br><strong>Er ist sein eigener Leib.<\/strong><\/p>\n\n\n\n<hr class=\"wp-block-separator has-alpha-channel-opacity\"\/>\n\n\n\n<h1 class=\"wp-block-heading\">7. Eine pastorale Perspektive: Wie kann man das heute leben?<\/h1>\n\n\n\n<p>Dieses Thema ist nicht nur theoretisch. Es hat konkrete Konsequenzen.<\/p>\n\n\n\n<h2 class=\"wp-block-heading\">1. Extreme vermeiden<\/h2>\n\n\n\n<ul class=\"wp-block-list\">\n<li>\u274c Weder Antisemitismus<\/li>\n\n\n\n<li>\u274c Noch politische Verg\u00f6tterung<\/li>\n<\/ul>\n\n\n\n<p>\ud83d\udc49 Der Katholik liebt die Wahrheit, nicht Lager.<\/p>\n\n\n\n<h2 class=\"wp-block-heading\">2. Das Gewissen formen<\/h2>\n\n\n\n<p>Lass dich nicht von sozialen Medien, Propaganda oder Emotionen treiben.<\/p>\n\n\n\n<p>\ud83d\udc49 Studiere die Heilige Schrift und das Lehramt.<\/p>\n\n\n\n<h2 class=\"wp-block-heading\">3. F\u00fcr die Bekehrung aller beten<\/h2>\n\n\n\n<p>Das ist entscheidend und wird oft vergessen.<\/p>\n\n\n\n<p>\ud83d\udc49 Die gr\u00f6\u00dfte Liebe zum j\u00fcdischen Volk besteht darin, seine Begegnung mit Christus zu w\u00fcnschen.<\/p>\n\n\n\n<p>Der heilige Paulus lebte so:<\/p>\n\n\n\n<blockquote class=\"wp-block-quote is-layout-flow wp-block-quote-is-layout-flow\">\n<p>\u201eMein Herzenswunsch und mein Gebet zu Gott f\u00fcr sie ist, dass sie gerettet werden\u201c (R\u00f6mer 10,1)<\/p>\n<\/blockquote>\n\n\n\n<h2 class=\"wp-block-heading\">4. Den Glauben konsequent leben<\/h2>\n\n\n\n<p>Die Frage ist nicht, ob du \u201epro-Israel\u201c oder \u201epro-Pal\u00e4stina\u201c bist.<\/p>\n\n\n\n<p>\ud83d\udc49 Die Frage ist: <strong>Geh\u00f6rst du wirklich Christus?<\/strong><\/p>\n\n\n\n<hr class=\"wp-block-separator has-alpha-channel-opacity\"\/>\n\n\n\n<h1 class=\"wp-block-heading\">8. Fazit: eine klare Antwort<\/h1>\n\n\n\n<p>Kann man katholisch und zionistisch sein?<\/p>\n\n\n\n<p>\ud83d\udc49 <strong>Es kommt darauf an, was du unter Zionismus verstehst.<\/strong><\/p>\n\n\n\n<ul class=\"wp-block-list\">\n<li>Wenn es eine kluge politische Position ist \u2192 kann dar\u00fcber diskutiert werden<\/li>\n\n\n\n<li>Wenn es eine theologische Position ist \u2192 <strong>ist es nicht mit dem traditionellen katholischen Glauben vereinbar<\/strong><\/li>\n<\/ul>\n\n\n\n<p>Denn am Ende l\u00e4uft alles auf eine zentrale Wahrheit hinaus:<\/p>\n\n\n\n<p>\ud83d\udc49 <strong>Christus ist die Erf\u00fcllung aller Verhei\u00dfungen.<\/strong><\/p>\n\n\n\n<p>Nichts und niemand kann seinen Platz einnehmen.<\/p>\n\n\n\n<hr class=\"wp-block-separator has-alpha-channel-opacity\"\/>\n\n\n\n<h1 class=\"wp-block-heading\">9. Ein letzter Aufruf<\/h1>\n\n\n\n<p>Mehr denn je braucht die Welt heute Katholiken, die standhaft, gebildet und mutig sind.<\/p>\n\n\n\n<p>Keine Ideologen.<br>Keine Mitl\u00e4ufer von Trends.<br>Keine Slogan-Christen.<\/p>\n\n\n\n<p>\ud83d\udc49 Sondern J\u00fcnger Christi.<\/p>\n\n\n\n<p>Denn nur von ihm aus k\u00f6nnen wir die Geschichte \u2014 auch die Israels \u2014 mit Wahrheit, Liebe und Hoffnung betrachten.<\/p>\n","protected":false},"excerpt":{"rendered":"<p>Eine unbequeme Frage, die eine klare, treue und mutige Antwort verlangt Wir leben in einer Zeit, in der Worte Gewicht haben, aber oft ihres Sinnes entleert werden. \u201eZionismus\u201c, \u201eIsrael\u201c, \u201eauserw\u00e4hltes Volk\u201c, \u201eVerhei\u00dfenes Land\u201c\u2026 das sind Begriffe, die voller Geschichte, Leid, Politik und auch \u2014 und vor allem \u2014 Theologie sind. Deshalb ist diese Frage nicht &hellip;<\/p>\n","protected":false},"author":3,"featured_media":5518,"comment_status":"closed","ping_status":"closed","sticky":false,"template":"","format":"standard","meta":{"_seopress_robots_primary_cat":"","_seopress_titles_title":"","_seopress_titles_desc":"","_seopress_robots_index":"","footnotes":""},"categories":[41,66],"tags":[1960],"class_list":["post-5517","post","type-post","status-publish","format-standard","has-post-thumbnail","","category-glaube-und-kultur","category-populaerkultur-und-katholizismus","tag-zionistisch"],"_links":{"self":[{"href":"https:\/\/catholicus.eu\/de\/wp-json\/wp\/v2\/posts\/5517","targetHints":{"allow":["GET"]}}],"collection":[{"href":"https:\/\/catholicus.eu\/de\/wp-json\/wp\/v2\/posts"}],"about":[{"href":"https:\/\/catholicus.eu\/de\/wp-json\/wp\/v2\/types\/post"}],"author":[{"embeddable":true,"href":"https:\/\/catholicus.eu\/de\/wp-json\/wp\/v2\/users\/3"}],"replies":[{"embeddable":true,"href":"https:\/\/catholicus.eu\/de\/wp-json\/wp\/v2\/comments?post=5517"}],"version-history":[{"count":1,"href":"https:\/\/catholicus.eu\/de\/wp-json\/wp\/v2\/posts\/5517\/revisions"}],"predecessor-version":[{"id":5519,"href":"https:\/\/catholicus.eu\/de\/wp-json\/wp\/v2\/posts\/5517\/revisions\/5519"}],"wp:featuredmedia":[{"embeddable":true,"href":"https:\/\/catholicus.eu\/de\/wp-json\/wp\/v2\/media\/5518"}],"wp:attachment":[{"href":"https:\/\/catholicus.eu\/de\/wp-json\/wp\/v2\/media?parent=5517"}],"wp:term":[{"taxonomy":"category","embeddable":true,"href":"https:\/\/catholicus.eu\/de\/wp-json\/wp\/v2\/categories?post=5517"},{"taxonomy":"post_tag","embeddable":true,"href":"https:\/\/catholicus.eu\/de\/wp-json\/wp\/v2\/tags?post=5517"}],"curies":[{"name":"wp","href":"https:\/\/api.w.org\/{rel}","templated":true}]}}