{"id":5430,"date":"2026-03-22T22:31:15","date_gmt":"2026-03-22T21:31:15","guid":{"rendered":"https:\/\/catholicus.eu\/de\/?p=5430"},"modified":"2026-03-22T22:31:15","modified_gmt":"2026-03-22T21:31:15","slug":"zwoelf-jahre-des-leidens-ein-augenblick-der-gnade-die-frau-die-den-mantel-jesu-beruehrte","status":"publish","type":"post","link":"https:\/\/catholicus.eu\/de\/zwoelf-jahre-des-leidens-ein-augenblick-der-gnade-die-frau-die-den-mantel-jesu-beruehrte\/","title":{"rendered":"Zw\u00f6lf Jahre des Leidens, ein Augenblick der Gnade: die Frau, die den Mantel Jesu ber\u00fchrte"},"content":{"rendered":"\n<h2 class=\"wp-block-heading\">Einleitung: wenn Schmerz zum Weg wird<\/h2>\n\n\n\n<p>Es gibt Geschichten im Evangelium, die, obwohl sie kurz sind, eine enorme Tiefe besitzen. Eine davon ist die Geschichte der Frau, die zw\u00f6lf Jahre lang an Blutfluss litt und die mitten in der Menge den Mantel Christi ber\u00fchrte. Sie hielt keine gro\u00dfen Reden. Sie bat nicht um eine Audienz. Sie wurde nicht gesehen\u2026 bis sie geheilt wurde.<\/p>\n\n\n\n<p>Diese Episode, \u00fcberliefert im Evangelio de San Marcos (Mk 5, 25\u201334), ist nicht nur ein Bericht \u00fcber k\u00f6rperliche Heilung: Sie ist eine lebendige Katechese \u00fcber den Glauben, die Hoffnung mitten im Leiden und die verwandelnde Kraft der Begegnung mit Christus.<\/p>\n\n\n\n<hr class=\"wp-block-separator has-alpha-channel-opacity\"\/>\n\n\n\n<h2 class=\"wp-block-heading\">1. Die Geschichte: zw\u00f6lf Jahre der Dunkelheit<\/h2>\n\n\n\n<p>Der biblische Text sagt uns:<\/p>\n\n\n\n<blockquote class=\"wp-block-quote is-layout-flow wp-block-quote-is-layout-flow\">\n<p>\u201eEs war aber eine Frau, die seit zw\u00f6lf Jahren an Blutfluss litt. Sie hatte viel erlitten von vielen \u00c4rzten und all ihr Verm\u00f6gen aufgewendet, ohne dass es ihr etwas gen\u00fctzt h\u00e4tte; vielmehr war es schlimmer mit ihr geworden.\u201c<\/p>\n<\/blockquote>\n\n\n\n<p>Dieser Anfang ist zutiefst menschlich. Uns wird keine idealisierte Figur vorgestellt, sondern ein Mensch, der durch Schmerz, Frustration und Verzweiflung ersch\u00f6pft ist.<\/p>\n\n\n\n<h3 class=\"wp-block-heading\">Historische und kulturelle Schl\u00fcssel<\/h3>\n\n\n\n<p>Im j\u00fcdischen Kontext des ersten Jahrhunderts litt diese Frau nicht nur k\u00f6rperlich. Nach dem mosaischen Gesetz (vgl. Levitikus 15) galt sie als <strong>unrein<\/strong>. Das bedeutete:<\/p>\n\n\n\n<ul class=\"wp-block-list\">\n<li>Soziale und religi\u00f6se Ausgrenzung<\/li>\n\n\n\n<li>Unm\u00f6glichkeit, am Gottesdienst teilzunehmen<\/li>\n\n\n\n<li>Isolation sogar innerhalb der eigenen Familie<\/li>\n<\/ul>\n\n\n\n<p>Es war nicht nur eine Krankheit: Es war ein Leben in Ausgrenzung.<\/p>\n\n\n\n<p>Zw\u00f6lf Jahre. Nicht zw\u00f6lf Tage. Keine schlechte Phase. Ein ganzes Leben, gepr\u00e4gt vom Leiden.<\/p>\n\n\n\n<hr class=\"wp-block-separator has-alpha-channel-opacity\"\/>\n\n\n\n<h2 class=\"wp-block-heading\">2. Der Akt des Glaubens: den Mantel ber\u00fchren<\/h2>\n\n\n\n<p>Das Evangelium f\u00e4hrt fort:<\/p>\n\n\n\n<blockquote class=\"wp-block-quote is-layout-flow wp-block-quote-is-layout-flow\">\n<p>\u201eWenn ich auch nur seine Kleider ber\u00fchre, werde ich geheilt werden.\u201c<\/p>\n<\/blockquote>\n\n\n\n<p>Hier finden wir einen der reinsten und k\u00fchnsten Glaubensakte im ganzen Evangelium.<\/p>\n\n\n\n<h3 class=\"wp-block-heading\">Ein stiller, aber radikaler Glaube<\/h3>\n\n\n\n<p>Diese Frau bittet nicht um Erlaubnis. Sie schreit nicht. Sie fordert nichts. Sie glaubt.<\/p>\n\n\n\n<p>Ihr Glaube ist nicht theoretisch, sondern konkret. Er bleibt nicht bei Gedanken stehen, sondern wird zur Tat.<\/p>\n\n\n\n<p>Und hier erscheint ein grundlegender geistlicher Schl\u00fcssel:<br><strong>der echte Glaube nimmt immer konkrete Gestalt in Taten an.<\/strong><\/p>\n\n\n\n<p>Sie ber\u00fchrt den Mantel von Jesucristo, und in diesem Augenblick:<\/p>\n\n\n\n<blockquote class=\"wp-block-quote is-layout-flow wp-block-quote-is-layout-flow\">\n<p>\u201eSogleich versiegte die Quelle ihres Blutes, und sie sp\u00fcrte in ihrem Leib, dass sie von ihrem Leiden geheilt war.\u201c<\/p>\n<\/blockquote>\n\n\n\n<hr class=\"wp-block-separator has-alpha-channel-opacity\"\/>\n\n\n\n<h2 class=\"wp-block-heading\">3. Die Kraft, die von Christus ausgeht: verwandelnde Gnade<\/h2>\n\n\n\n<p>Diese Stelle enth\u00e4lt eine Aussage von gro\u00dfer theologischer Tiefe:<\/p>\n\n\n\n<blockquote class=\"wp-block-quote is-layout-flow wp-block-quote-is-layout-flow\">\n<p>\u201eJesus merkte sogleich, dass eine Kraft von ihm ausgegangen war\u2026\u201c<\/p>\n<\/blockquote>\n\n\n\n<p>Was bedeutet das?<\/p>\n\n\n\n<h3 class=\"wp-block-heading\">Gnade ist nicht abstrakt: sie ist wirksam<\/h3>\n\n\n\n<p>In der katholischen Theologie ist die Gnade ein reales, wirksames Geschenk, das verwandelt. Sie ist kein Symbol. Sie ist keine sch\u00f6ne Idee. Sie ist eine <strong>g\u00f6ttliche Kraft, die in der Seele wirkt und manchmal auch im K\u00f6rper<\/strong>.<\/p>\n\n\n\n<p>Die Frau stiehlt kein Wunder: Sie antwortet auf eine vorhergehende Gnade.<br>Gott wirkte bereits in ihrem Herzen und weckte jenen Glauben, der sie dazu brachte, sich zu n\u00e4hern.<\/p>\n\n\n\n<p>Wie Santo Tom\u00e1s de Aquino sp\u00e4ter lehren w\u00fcrde:<br><strong>die Gnade zerst\u00f6rt die Natur nicht, sondern vollendet sie.<\/strong><\/p>\n\n\n\n<hr class=\"wp-block-separator has-alpha-channel-opacity\"\/>\n\n\n\n<h2 class=\"wp-block-heading\">4. \u201eMeine Tochter, dein Glaube hat dich gerettet\u201c: die pers\u00f6nliche Begegnung<\/h2>\n\n\n\n<p>Jesus begn\u00fcgt sich nicht mit einem verborgenen Wunder. Er bleibt stehen. Er sucht. Er fragt:<\/p>\n\n\n\n<blockquote class=\"wp-block-quote is-layout-flow wp-block-quote-is-layout-flow\">\n<p>\u201eWer hat mich ber\u00fchrt?\u201c<\/p>\n<\/blockquote>\n\n\n\n<p>Die J\u00fcnger sind \u00fcberrascht, doch Christus besteht darauf. Er sucht keine Information \u2013 er sucht die Person.<\/p>\n\n\n\n<p>Schlie\u00dflich tritt die Frau zitternd hervor. Und dann geschieht etwas noch Gr\u00f6\u00dferes als die Heilung:<\/p>\n\n\n\n<blockquote class=\"wp-block-quote is-layout-flow wp-block-quote-is-layout-flow\">\n<p>\u201eMeine Tochter, dein Glaube hat dich gerettet. Geh in Frieden und sei geheilt von deinem Leiden.\u201c<\/p>\n<\/blockquote>\n\n\n\n<h3 class=\"wp-block-heading\">Von der Heilung zur Erl\u00f6sung<\/h3>\n\n\n\n<p>Jesus heilt sie nicht nur: Er nennt sie <strong>\u201eTochter\u201c<\/strong>.<\/p>\n\n\n\n<p>Dieser Ausdruck ist zutiefst theologisch:<\/p>\n\n\n\n<ul class=\"wp-block-list\">\n<li>Er stellt ihre W\u00fcrde wieder her<\/li>\n\n\n\n<li>Er integriert sie erneut in die Gemeinschaft<\/li>\n\n\n\n<li>Er offenbart eine pers\u00f6nliche Beziehung zu Gott<\/li>\n<\/ul>\n\n\n\n<p>Die k\u00f6rperliche Heilung ist ein Zeichen f\u00fcr etwas Gr\u00f6\u00dferes: die umfassende Erl\u00f6sung.<\/p>\n\n\n\n<hr class=\"wp-block-separator has-alpha-channel-opacity\"\/>\n\n\n\n<h2 class=\"wp-block-heading\">5. Theologische Bedeutung: das erl\u00f6ste Leiden<\/h2>\n\n\n\n<p>Diese Stelle beleuchtet eine der gr\u00f6\u00dften Fragen der Menschheit:<br><strong>Welchen Sinn hat das Leiden?<\/strong><\/p>\n\n\n\n<h3 class=\"wp-block-heading\">Drei theologische Schl\u00fcssel<\/h3>\n\n\n\n<h4 class=\"wp-block-heading\">1. Das Leiden ist nicht von Gott gewollt, kann aber erl\u00f6st werden<\/h4>\n\n\n\n<p>Gott hat kein Gefallen am menschlichen Schmerz. Doch in Christus kann das Leiden zu einem Weg der Begegnung werden.<\/p>\n\n\n\n<h4 class=\"wp-block-heading\">2. Der Glaube w\u00e4chst in der Pr\u00fcfung<\/h4>\n\n\n\n<p>Zw\u00f6lf Jahre des Leidens bereiteten das Herz dieser Frau auf einen radikalen Glaubensakt vor.<\/p>\n\n\n\n<h4 class=\"wp-block-heading\">3. Christus l\u00e4sst sich ber\u00fchren<\/h4>\n\n\n\n<p>Das ist zentral: Gott ist nicht unzug\u00e4nglich. Er l\u00e4sst sich finden, selbst mitten im Chaos.<\/p>\n\n\n\n<hr class=\"wp-block-separator has-alpha-channel-opacity\"\/>\n\n\n\n<h2 class=\"wp-block-heading\">6. Praktische Anwendungen: dieses Evangelium heute leben<\/h2>\n\n\n\n<p>Diese Erz\u00e4hlung ist nicht nur Geschichte. Sie ist eine Anleitung f\u00fcr das t\u00e4gliche Leben.<\/p>\n\n\n\n<h3 class=\"wp-block-heading\">1. Wenn du das Gef\u00fchl hast, dass nichts funktioniert<\/h3>\n\n\n\n<p>Wie die Frau erleben viele Menschen heute:<\/p>\n\n\n\n<ul class=\"wp-block-list\">\n<li>Sie haben L\u00f6sungen ohne Erfolg versucht<\/li>\n\n\n\n<li>Sie f\u00fchlen sich emotional oder geistlich ersch\u00f6pft<\/li>\n\n\n\n<li>Sie haben die Hoffnung verloren<\/li>\n<\/ul>\n\n\n\n<p>Dieses Evangelium erinnert uns:<br><strong>es ist nie zu sp\u00e4t, sich Christus zu n\u00e4hern.<\/strong><\/p>\n\n\n\n<h3 class=\"wp-block-heading\">2. Glaube verlangt keine Perfektion, sondern eine Entscheidung<\/h3>\n\n\n\n<p>Du brauchst keinen perfekten Glauben. Du brauchst einen Glauben, der handelt.<\/p>\n\n\n\n<p>Eine Geste. Ein aufrichtiges Gebet. Ein Schritt auf Gott zu.<\/p>\n\n\n\n<h3 class=\"wp-block-heading\">3. Den Mantel heute ber\u00fchren: die Sakramente<\/h3>\n\n\n\n<p>Heute wird der \u201eMantel Christi\u201c besonders gegenw\u00e4rtig in:<\/p>\n\n\n\n<ul class=\"wp-block-list\">\n<li>Der Eucharistie<\/li>\n\n\n\n<li>Der Beichte<\/li>\n\n\n\n<li>Dem Gebet<\/li>\n<\/ul>\n\n\n\n<p>Dort geht der Herr weiterhin vor\u00fcber und wartet darauf, dass ihn jemand im Glauben ber\u00fchrt.<\/p>\n\n\n\n<h3 class=\"wp-block-heading\">4. Gott ruft dich beim Namen<\/h3>\n\n\n\n<p>Christus will keine anonymen Beziehungen. Er will dir begegnen.<\/p>\n\n\n\n<p>Du bist nicht nur einer unter vielen.<\/p>\n\n\n\n<p>Du bist ein Sohn. Du bist eine Tochter.<\/p>\n\n\n\n<hr class=\"wp-block-separator has-alpha-channel-opacity\"\/>\n\n\n\n<h2 class=\"wp-block-heading\">7. Eine Lesart f\u00fcr unsere Zeit<\/h2>\n\n\n\n<p>Wir leben in einer Gesellschaft, die gepr\u00e4gt ist von:<\/p>\n\n\n\n<ul class=\"wp-block-list\">\n<li>Unmittelbarkeit<\/li>\n\n\n\n<li>Frustration angesichts des Leidens<\/li>\n\n\n\n<li>Der st\u00e4ndigen Suche nach schnellen L\u00f6sungen<\/li>\n<\/ul>\n\n\n\n<p>Diese Frau lehrt uns etwas zutiefst Gegenkulturelles:<\/p>\n\n\n\n<p><strong>Beharrlichkeit im Leiden und stiller Glaube haben vor Gott einen unermesslichen Wert.<\/strong><\/p>\n\n\n\n<p>In einer Welt, die schreit, fl\u00fcstert sie\u2026 und wird geh\u00f6rt.<\/p>\n\n\n\n<hr class=\"wp-block-separator has-alpha-channel-opacity\"\/>\n\n\n\n<h2 class=\"wp-block-heading\">Schluss: vom Schmerz zum Frieden<\/h2>\n\n\n\n<p>Die Erz\u00e4hlung endet mit einer Verhei\u00dfung:<\/p>\n\n\n\n<blockquote class=\"wp-block-quote is-layout-flow wp-block-quote-is-layout-flow\">\n<p>\u201eGeh in Frieden.\u201c<\/p>\n<\/blockquote>\n\n\n\n<p>Sie geht nicht nur geheilt. Sie geht in Frieden.<\/p>\n\n\n\n<p>Und dieser Friede ist nicht die Abwesenheit von Problemen. Er ist die Frucht der Begegnung mit Christus.<\/p>\n\n\n\n<hr class=\"wp-block-separator has-alpha-channel-opacity\"\/>\n\n\n\n<h2 class=\"wp-block-heading\">Abschlie\u00dfende Einladung<\/h2>\n\n\n\n<p>Vielleicht tr\u00e4gst auch du \u201ezw\u00f6lf Jahre\u201c von etwas:<\/p>\n\n\n\n<ul class=\"wp-block-list\">\n<li>Eine Wunde<\/li>\n\n\n\n<li>Eine wiederkehrende S\u00fcnde<\/li>\n\n\n\n<li>Eine Situation, die sich nicht ver\u00e4ndert<\/li>\n\n\n\n<li>Ein Leiden, das endlos erscheint<\/li>\n<\/ul>\n\n\n\n<p>Heute schl\u00e4gt dir dieses Evangelium etwas Einfaches und Revolution\u00e4res vor:<\/p>\n\n\n\n<p><strong>komm n\u00e4her. ber\u00fchre. glaube.<\/strong><\/p>\n\n\n\n<p>Denn manchmal kann ein ganzes Leben voller Schmerz verwandelt werden\u2026 in einem einzigen Augenblick der Gnade.<\/p>\n","protected":false},"excerpt":{"rendered":"<p>Einleitung: wenn Schmerz zum Weg wird Es gibt Geschichten im Evangelium, die, obwohl sie kurz sind, eine enorme Tiefe besitzen. Eine davon ist die Geschichte der Frau, die zw\u00f6lf Jahre lang an Blutfluss litt und die mitten in der Menge den Mantel Christi ber\u00fchrte. Sie hielt keine gro\u00dfen Reden. Sie bat nicht um eine Audienz. &hellip;<\/p>\n","protected":false},"author":3,"featured_media":5431,"comment_status":"closed","ping_status":"closed","sticky":false,"template":"","format":"standard","meta":{"_seopress_robots_primary_cat":"","_seopress_titles_title":"","_seopress_titles_desc":"","_seopress_robots_index":"","footnotes":""},"categories":[45,37],"tags":[],"class_list":["post-5430","post","type-post","status-publish","format-standard","has-post-thumbnail","","category-heilige-schrift","category-lehre-und-glaube"],"_links":{"self":[{"href":"https:\/\/catholicus.eu\/de\/wp-json\/wp\/v2\/posts\/5430","targetHints":{"allow":["GET"]}}],"collection":[{"href":"https:\/\/catholicus.eu\/de\/wp-json\/wp\/v2\/posts"}],"about":[{"href":"https:\/\/catholicus.eu\/de\/wp-json\/wp\/v2\/types\/post"}],"author":[{"embeddable":true,"href":"https:\/\/catholicus.eu\/de\/wp-json\/wp\/v2\/users\/3"}],"replies":[{"embeddable":true,"href":"https:\/\/catholicus.eu\/de\/wp-json\/wp\/v2\/comments?post=5430"}],"version-history":[{"count":1,"href":"https:\/\/catholicus.eu\/de\/wp-json\/wp\/v2\/posts\/5430\/revisions"}],"predecessor-version":[{"id":5432,"href":"https:\/\/catholicus.eu\/de\/wp-json\/wp\/v2\/posts\/5430\/revisions\/5432"}],"wp:featuredmedia":[{"embeddable":true,"href":"https:\/\/catholicus.eu\/de\/wp-json\/wp\/v2\/media\/5431"}],"wp:attachment":[{"href":"https:\/\/catholicus.eu\/de\/wp-json\/wp\/v2\/media?parent=5430"}],"wp:term":[{"taxonomy":"category","embeddable":true,"href":"https:\/\/catholicus.eu\/de\/wp-json\/wp\/v2\/categories?post=5430"},{"taxonomy":"post_tag","embeddable":true,"href":"https:\/\/catholicus.eu\/de\/wp-json\/wp\/v2\/tags?post=5430"}],"curies":[{"name":"wp","href":"https:\/\/api.w.org\/{rel}","templated":true}]}}