{"id":5418,"date":"2026-03-22T16:59:16","date_gmt":"2026-03-22T15:59:16","guid":{"rendered":"https:\/\/catholicus.eu\/de\/?p=5418"},"modified":"2026-03-22T16:59:16","modified_gmt":"2026-03-22T15:59:16","slug":"als-ein-blick-alles-veraenderte-der-tag-an-dem-zachaeus-vom-baum-herabstieg-und-das-heil-fand","status":"publish","type":"post","link":"https:\/\/catholicus.eu\/de\/als-ein-blick-alles-veraenderte-der-tag-an-dem-zachaeus-vom-baum-herabstieg-und-das-heil-fand\/","title":{"rendered":"Als ein Blick alles ver\u00e4nderte: Der Tag, an dem Zach\u00e4us vom Baum herabstieg und das Heil fand"},"content":{"rendered":"\n<p>Es gibt Szenen im Evangelium, die klein erscheinen, fast beil\u00e4ufig\u2026 und doch eine Tiefe enthalten, die f\u00e4hig ist, ein ganzes Leben zu verwandeln. Die Geschichte von Zach\u00e4us, erz\u00e4hlt im Evangelium nach Lukas (Lk 19,1\u201310), geh\u00f6rt dazu.<\/p>\n\n\n\n<p>Es gibt keine spektakul\u00e4ren Wunder. Keine geheilten Menschenmengen. Keine langen Reden. Nur ein Blick. Ein ausgesprochener Name. Eine Entscheidung. Und eine radikale Bekehrung.<\/p>\n\n\n\n<p>Und doch ist darin das ganze Evangelium enthalten.<\/p>\n\n\n\n<hr class=\"wp-block-separator has-alpha-channel-opacity\"\/>\n\n\n\n<h2 class=\"wp-block-heading\">1. Der Mann, den niemand wollte\u2026 und den Gott suchte<\/h2>\n\n\n\n<p>Zach\u00e4us war ein Oberz\u00f6llner. Das hei\u00dft, ein Steuereintreiber im Dienst des R\u00f6mischen Reiches. Im Kontext Israels war das nicht einfach ein Beruf: Es war ein Verrat.<\/p>\n\n\n\n<p>Z\u00f6llner galten als:<\/p>\n\n\n\n<ul class=\"wp-block-list\">\n<li>\u00d6ffentliche S\u00fcnder<\/li>\n\n\n\n<li>Kollaborateure mit der Besatzungsmacht<\/li>\n\n\n\n<li>Legale Diebe (viele verlangten mehr als vorgeschrieben)<\/li>\n<\/ul>\n\n\n\n<p>Zach\u00e4us war nicht nur einer von ihnen\u2026 er war ihr Anf\u00fchrer.<\/p>\n\n\n\n<p>Und das Evangelium f\u00fcgt ein entscheidendes Detail hinzu: <em>\u201eer war reich\u201c<\/em>.<\/p>\n\n\n\n<p>In der biblischen Denkweise war das nicht neutral. Reichtum, wenn er mit Ungerechtigkeit verbunden ist, offenbart ein ungeordnetes Leben gegen\u00fcber Gott und dem N\u00e4chsten.<\/p>\n\n\n\n<p>Doch der Text \u00f6ffnet einen Riss in dieser scheinbar geschlossenen Welt:<\/p>\n\n\n\n<blockquote class=\"wp-block-quote is-layout-flow wp-block-quote-is-layout-flow\">\n<p>\u201eEr wollte sehen, wer Jesus sei; aber es gelang ihm nicht wegen der Menschenmenge, denn er war klein von Gestalt.\u201c (Lk 19,3)<\/p>\n<\/blockquote>\n\n\n\n<p>Hier beginnt alles.<\/p>\n\n\n\n<hr class=\"wp-block-separator has-alpha-channel-opacity\"\/>\n\n\n\n<h2 class=\"wp-block-heading\">2. Das Verlangen, das der Gnade vorausgeht<\/h2>\n\n\n\n<p>Vor der Bekehrung\u2026 steht ein Verlangen.<\/p>\n\n\n\n<p>Zach\u00e4us m\u00f6chte Jesus Christus sehen.<\/p>\n\n\n\n<p>Er wei\u00df noch nicht genau, wonach er sucht. Es gibt keinen ausdr\u00fccklichen Akt der Reue. Kein vorheriges Bekenntnis. Nur eine innere Unruhe.<\/p>\n\n\n\n<p>Theologisch ist das grundlegend.<\/p>\n\n\n\n<p>Die Tradition der Kirche hat immer gelehrt:<\/p>\n\n\n\n<ul class=\"wp-block-list\">\n<li>Die Gnade Gottes <strong>geht der Bekehrung voraus<\/strong><\/li>\n\n\n\n<li>Aber das menschliche Herz kann mit dieser Gnade <strong>zusammenwirken<\/strong><\/li>\n<\/ul>\n\n\n\n<p>Diese kleine Geste \u2014 laufen, auf einen Baum steigen \u2014 ist nicht banal. Sie ist ein Zeichen der Offenheit.<\/p>\n\n\n\n<p>Mit anderen Worten:<br>Zach\u00e4us ist noch nicht bekehrt\u2026 aber er ist nicht mehr verschlossen.<\/p>\n\n\n\n<p>Und das gen\u00fcgt, damit Gott handelt.<\/p>\n\n\n\n<hr class=\"wp-block-separator has-alpha-channel-opacity\"\/>\n\n\n\n<h2 class=\"wp-block-heading\">3. Der Skandal eines Blickes<\/h2>\n\n\n\n<p>Der zentrale Moment der Erz\u00e4hlung ist nicht der Baum. Nicht der Reichtum. Nicht die sp\u00e4tere Wiedergutmachung.<\/p>\n\n\n\n<p>Es ist der Blick.<\/p>\n\n\n\n<blockquote class=\"wp-block-quote is-layout-flow wp-block-quote-is-layout-flow\">\n<p>\u201eAls Jesus an die Stelle kam, blickte er auf und sagte zu ihm: \u201aZach\u00e4us, komm schnell herunter; denn ich muss heute in deinem Haus einkehren.\u2018\u201c (Lk 19,5)<\/p>\n<\/blockquote>\n\n\n\n<p>Hier geschieht etwas theologisch Gro\u00dfes.<\/p>\n\n\n\n<h3 class=\"wp-block-heading\">3.1. Gott ergreift die Initiative<\/h3>\n\n\n\n<p>Zach\u00e4us wollte Jesus sehen.<br>Doch es ist Jesus, der ihn findet.<\/p>\n\n\n\n<p>Das offenbart das Herz des Christentums:<br>Nicht der Mensch erreicht Gott\u2026<br>sondern Gott kommt dem Menschen entgegen.<\/p>\n\n\n\n<h3 class=\"wp-block-heading\">3.2. Ein pers\u00f6nlicher Ruf<\/h3>\n\n\n\n<p>Jesus ruft ihn beim Namen: <em>\u201eZach\u00e4us\u201c<\/em>.<\/p>\n\n\n\n<p>In der Bibel ist der Name kein oberfl\u00e4chliches Detail. Er ist Identit\u00e4t, Geschichte, W\u00fcrde.<\/p>\n\n\n\n<p>Mitten in der Menge sieht Jesus nicht \u201eeinen weiteren S\u00fcnder\u201c.<br>Er sieht eine konkrete Person.<\/p>\n\n\n\n<p>Das ist heute zutiefst aktuell.<\/p>\n\n\n\n<p>In einer Gesellschaft, in der sich viele f\u00fchlen:<\/p>\n\n\n\n<ul class=\"wp-block-list\">\n<li>unsichtbar<\/li>\n\n\n\n<li>abgestempelt<\/li>\n\n\n\n<li>auf ihre Fehler reduziert<\/li>\n<\/ul>\n\n\n\n<p>blickt Christus weiterhin pers\u00f6nlich.<\/p>\n\n\n\n<h3 class=\"wp-block-heading\">3.3. Eine unerwartete Einladung<\/h3>\n\n\n\n<p>\u201eHeute muss ich in deinem Haus einkehren.\u201c<\/p>\n\n\n\n<p>Er sagt nicht: \u201eBereue zuerst.\u201c<br>Er sagt nicht: \u201e\u00c4ndere dein Leben, dann komme ich.\u201c<\/p>\n\n\n\n<p>Er geht zuerst. Er tritt zuerst ein. Er liebt zuerst.<\/p>\n\n\n\n<p>Das ist die Ordnung der Gnade:<\/p>\n\n\n\n<ol class=\"wp-block-list\">\n<li>Gott kommt nahe<\/li>\n\n\n\n<li>Gott wohnt<\/li>\n\n\n\n<li>Das Herz ver\u00e4ndert sich<\/li>\n<\/ol>\n\n\n\n<hr class=\"wp-block-separator has-alpha-channel-opacity\"\/>\n\n\n\n<h2 class=\"wp-block-heading\">4. Das Murren der Welt\u2026 und die Freiheit der Seele<\/h2>\n\n\n\n<p>Die Reaktion der Menschen ist sofort:<\/p>\n\n\n\n<blockquote class=\"wp-block-quote is-layout-flow wp-block-quote-is-layout-flow\">\n<p>\u201eAls sie das sahen, murrten alle und sagten: \u201aEr ist bei einem S\u00fcnder eingekehrt.\u2018\u201c (Lk 19,7)<\/p>\n<\/blockquote>\n\n\n\n<p>Das ist kein nebens\u00e4chliches Detail. Es ist eine Konstante im Evangelium.<\/p>\n\n\n\n<p>Immer wenn Gott barmherzig handelt\u2026 entsteht menschlicher Ansto\u00df.<\/p>\n\n\n\n<p>Denn die Logik der Welt sagt:<\/p>\n\n\n\n<ul class=\"wp-block-list\">\n<li>Zuerst verdienen<\/li>\n\n\n\n<li>Dann empfangen<\/li>\n<\/ul>\n\n\n\n<p>Doch die Logik Gottes ist:<\/p>\n\n\n\n<ul class=\"wp-block-list\">\n<li>Zuerst lieben<\/li>\n\n\n\n<li>Dann verwandeln<\/li>\n<\/ul>\n\n\n\n<p>Hier liegt eine wichtige pastorale Lehre f\u00fcr heute:<\/p>\n\n\n\n<p>Viele Menschen n\u00e4hern sich Gott nicht, weil sie:<\/p>\n\n\n\n<ul class=\"wp-block-list\">\n<li>sich unw\u00fcrdig f\u00fchlen<\/li>\n\n\n\n<li>glauben, \u201enicht gut genug\u201c zu sein<\/li>\n\n\n\n<li>meinen, sie m\u00fcssten sich zuerst \u00e4ndern<\/li>\n<\/ul>\n\n\n\n<p>Die Episode mit Zach\u00e4us zerst\u00f6rt diese L\u00fcge.<\/p>\n\n\n\n<p>Christus tritt gerade in das Haus des S\u00fcnders ein.<\/p>\n\n\n\n<hr class=\"wp-block-separator has-alpha-channel-opacity\"\/>\n\n\n\n<h2 class=\"wp-block-heading\">5. Die wahre Bekehrung: vom Geld zum Herzen<\/h2>\n\n\n\n<p>Nach der Begegnung spricht Zach\u00e4us entscheidende Worte:<\/p>\n\n\n\n<blockquote class=\"wp-block-quote is-layout-flow wp-block-quote-is-layout-flow\">\n<p>\u201eSiehe, Herr: Die H\u00e4lfte meines Besitzes gebe ich den Armen; und wenn ich von jemandem etwas erpresst habe, gebe ich es vierfach zur\u00fcck.\u201c (Lk 19,8)<\/p>\n<\/blockquote>\n\n\n\n<p>Das ist echte Bekehrung.<\/p>\n\n\n\n<h3 class=\"wp-block-heading\">5.1. Es ist nicht nur ein Gef\u00fchl<\/h3>\n\n\n\n<p>Zach\u00e4us sagt nicht: \u201eIch f\u00fchle mich besser.\u201c<br>Er sagt nicht: \u201eDein Besuch hat mich bewegt.\u201c<\/p>\n\n\n\n<p>Er tut etwas Konkretes.<\/p>\n\n\n\n<p>Christliche Bekehrung hat immer zwei Dimensionen:<\/p>\n\n\n\n<ul class=\"wp-block-list\">\n<li>Innerlich (das Herz ver\u00e4ndert sich)<\/li>\n\n\n\n<li>\u00c4u\u00dferlich (das Leben ver\u00e4ndert sich)<\/li>\n<\/ul>\n\n\n\n<h3 class=\"wp-block-heading\">5.2. Gerechtigkeit und N\u00e4chstenliebe<\/h3>\n\n\n\n<p>Zach\u00e4us:<\/p>\n\n\n\n<ul class=\"wp-block-list\">\n<li>Macht den Schaden gut (Gerechtigkeit)<\/li>\n\n\n\n<li>Gibt den Armen (N\u00e4chstenliebe)<\/li>\n<\/ul>\n\n\n\n<p>Das ist zutiefst theologisch.<\/p>\n\n\n\n<p>Es reicht nicht, sich \u201evergeben zu f\u00fchlen\u201c.<br>Die Liebe Gottes dr\u00e4ngt dazu, das Zerst\u00f6rte wiederherzustellen.<\/p>\n\n\n\n<hr class=\"wp-block-separator has-alpha-channel-opacity\"\/>\n\n\n\n<h2 class=\"wp-block-heading\">6. \u201eHeute ist diesem Haus das Heil geschenkt worden\u201c<\/h2>\n\n\n\n<p>Jesus schlie\u00dft mit einer feierlichen Erkl\u00e4rung:<\/p>\n\n\n\n<blockquote class=\"wp-block-quote is-layout-flow wp-block-quote-is-layout-flow\">\n<p>\u201eHeute ist diesem Haus das Heil geschenkt worden\u2026 denn der Menschensohn ist gekommen, um zu suchen und zu retten, was verloren war.\u201c (Lk 19,9\u201310)<\/p>\n<\/blockquote>\n\n\n\n<p>Hier wird die volle Bedeutung der Episode sichtbar.<\/p>\n\n\n\n<h3 class=\"wp-block-heading\">6.1. Das Heil ist eine Begegnung<\/h3>\n\n\n\n<p>Es ist keine Idee.<br>Es ist keine Regel.<br>Es ist kein Gef\u00fchl.<\/p>\n\n\n\n<p>Es ist eine pers\u00f6nliche Begegnung mit Christus.<\/p>\n\n\n\n<h3 class=\"wp-block-heading\">6.2. Das Heil ist \u201eheute\u201c<\/h3>\n\n\n\n<p>Nicht morgen.<br>Nicht wenn du perfekt bist.<br>Nicht wenn alles geregelt ist.<\/p>\n\n\n\n<p>Heute.<\/p>\n\n\n\n<p>Dieses \u201eHeute\u201c ist zentral im Evangelium nach Lukas:<\/p>\n\n\n\n<ul class=\"wp-block-list\">\n<li>Heute ist euch der Retter geboren<\/li>\n\n\n\n<li>Heute hat sich die Schrift erf\u00fcllt<\/li>\n\n\n\n<li>Heute wirst du mit mir im Paradies sein<\/li>\n<\/ul>\n\n\n\n<p>Gott handelt im Jetzt.<\/p>\n\n\n\n<hr class=\"wp-block-separator has-alpha-channel-opacity\"\/>\n\n\n\n<h2 class=\"wp-block-heading\">7. Praktische Anwendungen f\u00fcr den Alltag<\/h2>\n\n\n\n<p>Diese Passage ist nicht nur Geschichte. Sie ist ein konkreter geistlicher Leitfaden.<\/p>\n\n\n\n<h3 class=\"wp-block-heading\">7.1. Wage es, \u201eauf den Baum zu steigen\u201c<\/h3>\n\n\n\n<p>Heute kann \u201eauf den Baum steigen\u201c bedeuten:<\/p>\n\n\n\n<ul class=\"wp-block-list\">\n<li>Gott im L\u00e4rm des Alltags zu suchen<\/li>\n\n\n\n<li>Sich Zeit f\u00fcr das Gebet zu nehmen<\/li>\n\n\n\n<li>Das Evangelium zu lesen, auch wenn man nicht alles versteht<\/li>\n<\/ul>\n\n\n\n<p>Du musst nicht alles klar sehen. Es gen\u00fcgt, sehen zu wollen.<\/p>\n\n\n\n<hr class=\"wp-block-separator has-alpha-channel-opacity\"\/>\n\n\n\n<h3 class=\"wp-block-heading\">7.2. Lass dich von Christus anschauen<\/h3>\n\n\n\n<p>Viele leben, indem sie diesem Blick ausweichen:<\/p>\n\n\n\n<ul class=\"wp-block-list\">\n<li>aus Schuld<\/li>\n\n\n\n<li>aus Scham<\/li>\n\n\n\n<li>wegen innerer Wunden<\/li>\n<\/ul>\n\n\n\n<p>Doch der Blick Christi dem\u00fctigt nicht.<br>Er offenbart W\u00fcrde.<\/p>\n\n\n\n<hr class=\"wp-block-separator has-alpha-channel-opacity\"\/>\n\n\n\n<h3 class=\"wp-block-heading\">7.3. Steig vom Baum herab: entscheide dich<\/h3>\n\n\n\n<p>Zach\u00e4us bleibt nicht oben stehen und beobachtet.<\/p>\n\n\n\n<p>Er antwortet.<\/p>\n\n\n\n<p>Das geistliche Leben ist nicht nur Betrachtung.<br>Es ist Entscheidung.<\/p>\n\n\n\n<hr class=\"wp-block-separator has-alpha-channel-opacity\"\/>\n\n\n\n<h3 class=\"wp-block-heading\">7.4. \u00d6ffne dein Haus<\/h3>\n\n\n\n<p>\u201eDein Haus\u201c ist heute:<\/p>\n\n\n\n<ul class=\"wp-block-list\">\n<li>dein Leben<\/li>\n\n\n\n<li>deine Wunden<\/li>\n\n\n\n<li>deine S\u00fcnden<\/li>\n\n\n\n<li>deine Geschichte<\/li>\n<\/ul>\n\n\n\n<p>Christus verlangt kein perfektes Haus.<br>Er bittet um eine offene T\u00fcr.<\/p>\n\n\n\n<hr class=\"wp-block-separator has-alpha-channel-opacity\"\/>\n\n\n\n<h3 class=\"wp-block-heading\">7.5. Ver\u00e4ndere das Konkrete<\/h3>\n\n\n\n<p>Echte Bekehrung zeigt sich in:<\/p>\n\n\n\n<ul class=\"wp-block-list\">\n<li>deinem Umgang mit anderen<\/li>\n\n\n\n<li>deinem Umgang mit Geld<\/li>\n\n\n\n<li>deiner Bereitschaft, Schaden wiedergutzumachen<\/li>\n<\/ul>\n\n\n\n<p>Das Evangelium ist nicht abstrakt. Es ist zutiefst konkret.<\/p>\n\n\n\n<hr class=\"wp-block-separator has-alpha-channel-opacity\"\/>\n\n\n\n<h2 class=\"wp-block-heading\">8. Eine letzte \u00dcberlegung: Was, wenn du Zach\u00e4us w\u00e4rst?<\/h2>\n\n\n\n<p>Diese Passage hat eine besondere Kraft, weil wir alle irgendwann Zach\u00e4us sind:<\/p>\n\n\n\n<ul class=\"wp-block-list\">\n<li>Klein vor dem Leben<\/li>\n\n\n\n<li>Begrenzte Menschen<\/li>\n\n\n\n<li>Mit Fehlern<\/li>\n\n\n\n<li>Suchend, ohne genau zu wissen wonach<\/li>\n<\/ul>\n\n\n\n<p>Und doch\u2026 gesehen.<\/p>\n\n\n\n<p>Beim Namen gerufen.<\/p>\n\n\n\n<p>Zu einer Beziehung eingeladen.<\/p>\n\n\n\n<p>Die Geschichte von Zach\u00e4us ist nicht nur seine Geschichte.<br>Sie ist deine.<\/p>\n\n\n\n<p>Denn derselbe Christus geht auch heute vor\u00fcber.<br>Er hebt noch immer den Blick.<br>Er sagt noch immer:<\/p>\n\n\n\n<p><strong>\u201eKomm schnell herunter\u2026 denn heute will ich in deinem Haus einkehren.\u201c<\/strong><\/p>\n\n\n\n<hr class=\"wp-block-separator has-alpha-channel-opacity\"\/>\n\n\n\n<h2 class=\"wp-block-heading\">Schluss<\/h2>\n\n\n\n<p>Die Bekehrung des Zach\u00e4us lehrt uns:<\/p>\n\n\n\n<ul class=\"wp-block-list\">\n<li>Niemand ist zu weit von Gott entfernt<\/li>\n\n\n\n<li>Ein kleines Verlangen kann die T\u00fcr zur Gnade \u00f6ffnen<\/li>\n\n\n\n<li>Der Blick Christi verwandelt mehr als jede menschliche Anstrengung<\/li>\n\n\n\n<li>Wahre Bekehrung zeigt sich immer in Taten<\/li>\n<\/ul>\n\n\n\n<p>In einer Welt, die schnell etikettiert, verwirft und urteilt, erinnert uns diese Passage an etwas Revolution\u00e4res:<\/p>\n\n\n\n<p><strong>Gott liebt keine perfekten Versionen von uns.<br>Er liebt reale Menschen\u2026 und verwandelt sie von innen heraus.<\/strong><\/p>\n\n\n\n<p>Und alles kann heute beginnen.<br>Mit einem Blick.<br>Und mit dem Mut, vom Baum herabzusteigen.<\/p>\n","protected":false},"excerpt":{"rendered":"<p>Es gibt Szenen im Evangelium, die klein erscheinen, fast beil\u00e4ufig\u2026 und doch eine Tiefe enthalten, die f\u00e4hig ist, ein ganzes Leben zu verwandeln. Die Geschichte von Zach\u00e4us, erz\u00e4hlt im Evangelium nach Lukas (Lk 19,1\u201310), geh\u00f6rt dazu. Es gibt keine spektakul\u00e4ren Wunder. Keine geheilten Menschenmengen. Keine langen Reden. Nur ein Blick. Ein ausgesprochener Name. Eine Entscheidung. &hellip;<\/p>\n","protected":false},"author":3,"featured_media":5419,"comment_status":"closed","ping_status":"closed","sticky":false,"template":"","format":"standard","meta":{"_seopress_robots_primary_cat":"","_seopress_titles_title":"","_seopress_titles_desc":"","_seopress_robots_index":"","footnotes":""},"categories":[45,37],"tags":[1934],"class_list":["post-5418","post","type-post","status-publish","format-standard","has-post-thumbnail","","category-heilige-schrift","category-lehre-und-glaube","tag-zachaeus"],"_links":{"self":[{"href":"https:\/\/catholicus.eu\/de\/wp-json\/wp\/v2\/posts\/5418","targetHints":{"allow":["GET"]}}],"collection":[{"href":"https:\/\/catholicus.eu\/de\/wp-json\/wp\/v2\/posts"}],"about":[{"href":"https:\/\/catholicus.eu\/de\/wp-json\/wp\/v2\/types\/post"}],"author":[{"embeddable":true,"href":"https:\/\/catholicus.eu\/de\/wp-json\/wp\/v2\/users\/3"}],"replies":[{"embeddable":true,"href":"https:\/\/catholicus.eu\/de\/wp-json\/wp\/v2\/comments?post=5418"}],"version-history":[{"count":1,"href":"https:\/\/catholicus.eu\/de\/wp-json\/wp\/v2\/posts\/5418\/revisions"}],"predecessor-version":[{"id":5420,"href":"https:\/\/catholicus.eu\/de\/wp-json\/wp\/v2\/posts\/5418\/revisions\/5420"}],"wp:featuredmedia":[{"embeddable":true,"href":"https:\/\/catholicus.eu\/de\/wp-json\/wp\/v2\/media\/5419"}],"wp:attachment":[{"href":"https:\/\/catholicus.eu\/de\/wp-json\/wp\/v2\/media?parent=5418"}],"wp:term":[{"taxonomy":"category","embeddable":true,"href":"https:\/\/catholicus.eu\/de\/wp-json\/wp\/v2\/categories?post=5418"},{"taxonomy":"post_tag","embeddable":true,"href":"https:\/\/catholicus.eu\/de\/wp-json\/wp\/v2\/tags?post=5418"}],"curies":[{"name":"wp","href":"https:\/\/api.w.org\/{rel}","templated":true}]}}