{"id":5401,"date":"2026-03-21T23:55:40","date_gmt":"2026-03-21T22:55:40","guid":{"rendered":"https:\/\/catholicus.eu\/de\/?p=5401"},"modified":"2026-03-21T23:55:40","modified_gmt":"2026-03-21T22:55:40","slug":"die-tyrannei-des-images-wenn-die-welt-verlangt-dass-du-nur-erscheinst-und-gott-dich-ruft-wirklich-zu-sein","status":"publish","type":"post","link":"https:\/\/catholicus.eu\/de\/die-tyrannei-des-images-wenn-die-welt-verlangt-dass-du-nur-erscheinst-und-gott-dich-ruft-wirklich-zu-sein\/","title":{"rendered":"Die Tyrannei des Images: Wenn die Welt verlangt, dass du nur erscheinst\u2026 und Gott dich ruft, wirklich zu sein"},"content":{"rendered":"\n<p>Wir leben in einer Zeit, in der es nicht mehr gen\u00fcgt zu existieren: Man muss sich pr\u00e4sentieren.<br>Es gen\u00fcgt nicht mehr, gut zu sein: Man muss so wirken.<br>Es gen\u00fcgt nicht mehr zu leben: Man muss es zeigen.<\/p>\n\n\n\n<p>Das Image \u2014 sorgf\u00e4ltig gefiltert, bearbeitet und berechnet \u2014 ist zur m\u00e4chtigsten sozialen W\u00e4hrung unserer Zeit geworden.<\/p>\n\n\n\n<p>Doch hier entsteht eine unbequeme, zutiefst geistliche Frage:<br><strong>Was geschieht, wenn das Image die Wahrheit ersetzt?<\/strong><\/p>\n\n\n\n<p>Aus der Perspektive des Glaubens handelt es sich nicht um etwas Oberfl\u00e4chliches. Wir stehen vor etwas weitaus Ernsthafterem: <strong>einer modernen Form der G\u00f6tzenverehrung<\/strong>.<\/p>\n\n\n\n<hr class=\"wp-block-separator has-alpha-channel-opacity\"\/>\n\n\n\n<h2 class=\"wp-block-heading\"><strong>1. Die neue G\u00f6tzenverehrung: nicht aus Stein, sondern aus Erscheinung<\/strong><\/h2>\n\n\n\n<p>Fr\u00fcher fertigte der Mensch G\u00f6tzen aus Gold, Holz oder Stein. Heute hat der G\u00f6tze eine andere Form angenommen: <strong>das eigene Image<\/strong>.<\/p>\n\n\n\n<p>Wir verehren keine Statuen mehr\u2026<br>Wir verehren die Wahrnehmung.<\/p>\n\n\n\n<p>Wir suchen Zustimmung, Best\u00e4tigung, st\u00e4ndige Anerkennung. Und obwohl das nur kulturell oder psychologisch erscheinen mag, erkennt die Theologie es klar: <strong>Wenn etwas den Platz Gottes im Herzen einnimmt, wird es zum G\u00f6tzen<\/strong>.<\/p>\n\n\n\n<p>Die Besessenheit vom Image ist nicht nur Eitelkeit:<br>sie ist eine <strong>Abweichung vom letzten Ziel des Menschen<\/strong>, das darin besteht, Gott zu lieben und zu dienen \u2013 nicht darin, von anderen bewundert zu werden.<\/p>\n\n\n\n<hr class=\"wp-block-separator has-alpha-channel-opacity\"\/>\n\n\n\n<h2 class=\"wp-block-heading\"><strong>2. \u201eSuche ich den Beifall der Menschen oder den Gottes?\u201c \u2014 das Urteil der Heiligen Schrift<\/strong><\/h2>\n\n\n\n<p>Der Apostel der heilige Paulus dr\u00fcckt es mit einer Kraft aus, die durch die Jahrhunderte hindurchgeht:<\/p>\n\n\n\n<blockquote class=\"wp-block-quote is-layout-flow wp-block-quote-is-layout-flow\">\n<p><em>\u201eSuche ich jetzt den Beifall der Menschen oder den Gottes? Oder versuche ich, den Menschen zu gefallen? Wenn ich noch den Menschen gefallen wollte, w\u00e4re ich kein Diener Christi.\u201c<\/em><br>(Brief an die Galater 1,10)<\/p>\n<\/blockquote>\n\n\n\n<p>Dieser Vers ist ein Schwert, das jede Zweideutigkeit durchschneidet.<\/p>\n\n\n\n<p>Es gibt keinen Mittelweg.<br>Man kann nicht f\u00fcr die soziale Anerkennung leben und gleichzeitig ganz Christus geh\u00f6ren.<\/p>\n\n\n\n<p>Denn das menschliche Herz kennt nicht zwei Herren.<\/p>\n\n\n\n<hr class=\"wp-block-separator has-alpha-channel-opacity\"\/>\n\n\n\n<h2 class=\"wp-block-heading\"><strong>3. Die Logik der Welt vs. die Logik Gottes<\/strong><\/h2>\n\n\n\n<p>Die Welt sagt:<\/p>\n\n\n\n<ul class=\"wp-block-list\">\n<li>\u201eAchte auf dein Image\u201c<\/li>\n\n\n\n<li>\u201eBaue deine pers\u00f6nliche Marke auf\u201c<\/li>\n\n\n\n<li>\u201eSei sichtbar, relevant, einflussreich\u201c<\/li>\n<\/ul>\n\n\n\n<p>Gott sagt:<\/p>\n\n\n\n<ul class=\"wp-block-list\">\n<li>\u201eSchau auf das Herz\u201c<\/li>\n\n\n\n<li>\u201eLebe in der Wahrheit\u201c<\/li>\n\n\n\n<li>\u201eSei treu im Verborgenen\u201c<\/li>\n<\/ul>\n\n\n\n<p>W\u00e4hrend die digitale Kultur das Sichtbare belohnt, sch\u00e4tzt Gott das, was <strong>niemand sieht<\/strong>.<\/p>\n\n\n\n<p>Das war schon in der Heiligen Schrift klar:<\/p>\n\n\n\n<blockquote class=\"wp-block-quote is-layout-flow wp-block-quote-is-layout-flow\">\n<p><em>\u201eDer Mensch sieht, was vor Augen ist, der Herr aber sieht das Herz.\u201c<\/em> (1 Samuel 16,7)<\/p>\n<\/blockquote>\n\n\n\n<p>Hier sto\u00dfen zwei Menschenbilder direkt aufeinander:<\/p>\n\n\n\n<ul class=\"wp-block-list\">\n<li>Eines, das auf Erscheinung basiert (\u00e4u\u00dferlich, ver\u00e4nderlich, oberfl\u00e4chlich)<\/li>\n\n\n\n<li>Ein anderes, das auf der Wahrheit des Seins basiert (innerlich, ewig, wirklich)<\/li>\n<\/ul>\n\n\n\n<hr class=\"wp-block-separator has-alpha-channel-opacity\"\/>\n\n\n\n<h2 class=\"wp-block-heading\"><strong>4. Die geistliche Wurzel des Problems: Stolz und Angst<\/strong><\/h2>\n\n\n\n<p>Die Besessenheit vom Image entsteht nicht nur aus Narzissmus. Sie hat zwei tiefere Wurzeln:<\/p>\n\n\n\n<h3 class=\"wp-block-heading\"><strong>a) Der Stolz<\/strong><\/h3>\n\n\n\n<p>Der Wunsch, gesehen, anerkannt und bewundert zu werden.<\/p>\n\n\n\n<p>Es geht nicht nur darum, gemocht zu werden. Es geht darum, im Mittelpunkt zu stehen.<\/p>\n\n\n\n<h3 class=\"wp-block-heading\"><strong>b) Die Angst<\/strong><\/h3>\n\n\n\n<p>Die Angst vor Ablehnung.<br>Die Angst, nicht gut genug zu sein.<br>Die Angst, \u00fcbersehen zu werden.<\/p>\n\n\n\n<p>Und hier liegt das Paradox:<br><strong>Je mehr du ein Image aufbaust, um dich zu sch\u00fctzen, desto weiter entfernst du dich von dem, was du wirklich bist.<\/strong><\/p>\n\n\n\n<hr class=\"wp-block-separator has-alpha-channel-opacity\"\/>\n\n\n\n<h2 class=\"wp-block-heading\"><strong>5. Christus: die Revolution des Verborgenen<\/strong><\/h2>\n\n\n\n<p>Angesichts dieser Kultur der st\u00e4ndigen Selbstdarstellung schl\u00e4gt Jesus Christus etwas radikal anderes vor:<\/p>\n\n\n\n<ul class=\"wp-block-list\">\n<li>Im Verborgenen beten<\/li>\n\n\n\n<li>Fasten, ohne es zu zeigen<\/li>\n\n\n\n<li>Almosen geben, ohne es bekannt zu machen<\/li>\n<\/ul>\n\n\n\n<blockquote class=\"wp-block-quote is-layout-flow wp-block-quote-is-layout-flow\">\n<p><em>\u201eDein Vater, der auch das Verborgene sieht, wird es dir vergelten.\u201c<\/em> (Matth\u00e4us 6)<\/p>\n<\/blockquote>\n\n\n\n<p>Das echte Christentum ist kein Schauspiel.<br>Es ist <strong>ein inneres Leben<\/strong>.<\/p>\n\n\n\n<p>Christus ist nicht gekommen, um ein Image aufzubauen.<br>Er ist gekommen, um die Wahrheit zu offenbaren\u2026 selbst wenn diese Wahrheit zum Kreuz f\u00fchrte.<\/p>\n\n\n\n<hr class=\"wp-block-separator has-alpha-channel-opacity\"\/>\n\n\n\n<h2 class=\"wp-block-heading\"><strong>6. Die soziale G\u00f6tzenverehrung: wenn alle mitmachen, ohne es zu merken<\/strong><\/h2>\n\n\n\n<p>Heute ist die G\u00f6tzenverehrung des Images nicht mehr nur individuell, sondern kollektiv.<\/p>\n\n\n\n<ul class=\"wp-block-list\">\n<li>Soziale Netzwerke, die das \u00c4u\u00dfere belohnen<\/li>\n\n\n\n<li>Eine Kultur, die den Wert an Sichtbarkeit misst<\/li>\n\n\n\n<li>Umgebungen, in denen \u201escheinen\u201c wichtiger ist als \u201esein\u201c<\/li>\n<\/ul>\n\n\n\n<p>So entsteht ein unsichtbarer Druck:<\/p>\n\n\n\n<p><strong>Wenn du dich nicht zeigst, existierst du nicht.<\/strong><\/p>\n\n\n\n<p>Doch aus der Sicht des Glaubens ist das zutiefst falsch.<\/p>\n\n\n\n<p>Denn dein Wert h\u00e4ngt nicht davon ab, wer dich sieht\u2026<br>sondern davon, Wer dich geschaffen hat.<\/p>\n\n\n\n<hr class=\"wp-block-separator has-alpha-channel-opacity\"\/>\n\n\n\n<h2 class=\"wp-block-heading\"><strong>7. Geistliche Folgen eines Lebens f\u00fcr das Image<\/strong><\/h2>\n\n\n\n<p>Wer besessen vom Image lebt, erlebt verheerende Folgen:<\/p>\n\n\n\n<h3 class=\"wp-block-heading\"><strong>1. Es entleert das innere Leben<\/strong><\/h3>\n\n\n\n<p>Du wirst abh\u00e4ngig vom Blick der anderen.<\/p>\n\n\n\n<h3 class=\"wp-block-heading\"><strong>2. Es spaltet die Identit\u00e4t<\/strong><\/h3>\n\n\n\n<p>Du bist privat ein anderer als \u00f6ffentlich.<\/p>\n\n\n\n<h3 class=\"wp-block-heading\"><strong>3. Es zerst\u00f6rt die Authentizit\u00e4t<\/strong><\/h3>\n\n\n\n<p>Du h\u00f6rst auf, in der Wahrheit zu leben.<\/p>\n\n\n\n<h3 class=\"wp-block-heading\"><strong>4. Es schw\u00e4cht die Beziehung zu Gott<\/strong><\/h3>\n\n\n\n<p>Denn Gott wohnt nicht in der Erscheinung\u2026 sondern in der Wahrheit.<\/p>\n\n\n\n<hr class=\"wp-block-separator has-alpha-channel-opacity\"\/>\n\n\n\n<h2 class=\"wp-block-heading\"><strong>8. Praktischer Leitfaden: Wie du dich von der Tyrannei des Images befreist<\/strong><\/h2>\n\n\n\n<p>Hier wird die Theologie zu konkretem Leben.<\/p>\n\n\n\n<h3 class=\"wp-block-heading\"><strong>1. \u00dcbe geistliche Verborgenheit<\/strong><\/h3>\n\n\n\n<p>Tu Gutes, ohne davon zu sprechen.<br>Bete, ohne es zu ver\u00f6ffentlichen.<br>Liebe, ohne es zu zeigen.<\/p>\n\n\n\n<h3 class=\"wp-block-heading\"><strong>2. Pr\u00fcfe deine Absichten<\/strong><\/h3>\n\n\n\n<p>Bevor du handelst, frage dich:<br>\u201eTue ich das f\u00fcr Gott\u2026 oder um gesehen zu werden?\u201c<\/p>\n\n\n\n<h3 class=\"wp-block-heading\"><strong>3. Akzeptiere, dass dich nicht alle m\u00f6gen werden<\/strong><\/h3>\n\n\n\n<p>Die Treue zu Christus bringt Unverst\u00e4ndnis mit sich.<\/p>\n\n\n\n<h3 class=\"wp-block-heading\"><strong>4. Reduziere unn\u00f6tige Selbstdarstellung<\/strong><\/h3>\n\n\n\n<p>Nicht alles muss geteilt werden.<br>Nicht alles muss gezeigt werden.<\/p>\n\n\n\n<h3 class=\"wp-block-heading\"><strong>5. Pflege die innere Stille<\/strong><\/h3>\n\n\n\n<p>Dort wird die wahre Identit\u00e4t wieder aufgebaut.<\/p>\n\n\n\n<hr class=\"wp-block-separator has-alpha-channel-opacity\"\/>\n\n\n\n<h2 class=\"wp-block-heading\"><strong>9. Zur Wahrheit zur\u00fcckkehren: Sein vor Scheinen<\/strong><\/h2>\n\n\n\n<p>Der gro\u00dfe geistliche Kampf unserer Zeit wird nicht nur in sichtbaren moralischen Fragen gef\u00fchrt.<br>Er wird in etwas viel Subtilerem gef\u00fchrt:<\/p>\n\n\n\n<p><strong>in der Echtheit des Herzens<\/strong>.<\/p>\n\n\n\n<p>Gott wird dich nicht fragen, wie viele dich bewundert haben.<br>Er wird dich fragen, ob du treu warst.<\/p>\n\n\n\n<p>Er wird nicht dein Image beurteilen.<br>Sondern deine Wahrheit.<\/p>\n\n\n\n<hr class=\"wp-block-separator has-alpha-channel-opacity\"\/>\n\n\n\n<h2 class=\"wp-block-heading\"><strong>10. Schluss: F\u00fcr Gott leben in einer Welt der Erscheinungen<\/strong><\/h2>\n\n\n\n<p>Die Besessenheit vom Image ist nicht nur ein vor\u00fcbergehender Trend.<br>Sie ist eine <strong>kulturelle Struktur der S\u00fcnde<\/strong>, die still Millionen von Menschen mit sich rei\u00dft.<\/p>\n\n\n\n<p>Aber sie ist auch eine Chance.<\/p>\n\n\n\n<p>Eine Chance, anders zu leben.<br>Frei zu sein.<br>Zum Wesentlichen zur\u00fcckzukehren.<\/p>\n\n\n\n<p>Denn am Ende z\u00e4hlt nur eine Frage:<\/p>\n\n\n\n<p><strong>Lebst du, um gesehen zu werden\u2026 oder um wirklich zu sein?<\/strong><\/p>\n\n\n\n<p>Und die Antwort, wie uns der heilige Paulus erinnert, ver\u00e4ndert alles:<\/p>\n\n\n\n<blockquote class=\"wp-block-quote is-layout-flow wp-block-quote-is-layout-flow\">\n<p><em>\u201eWenn ich noch den Menschen gefallen wollte, w\u00e4re ich kein Diener Christi.\u201c<\/em> (Galater 1,10)<\/p>\n<\/blockquote>\n","protected":false},"excerpt":{"rendered":"<p>Wir leben in einer Zeit, in der es nicht mehr gen\u00fcgt zu existieren: Man muss sich pr\u00e4sentieren.Es gen\u00fcgt nicht mehr, gut zu sein: Man muss so wirken.Es gen\u00fcgt nicht mehr zu leben: Man muss es zeigen. Das Image \u2014 sorgf\u00e4ltig gefiltert, bearbeitet und berechnet \u2014 ist zur m\u00e4chtigsten sozialen W\u00e4hrung unserer Zeit geworden. Doch hier &hellip;<\/p>\n","protected":false},"author":3,"featured_media":5402,"comment_status":"closed","ping_status":"closed","sticky":false,"template":"","format":"standard","meta":{"_seopress_robots_primary_cat":"","_seopress_titles_title":"","_seopress_titles_desc":"","_seopress_robots_index":"","footnotes":""},"categories":[54,39],"tags":[1931],"class_list":["post-5401","post","type-post","status-publish","format-standard","has-post-thumbnail","","category-bioethik-und-zeitgenoessische-fragen","category-moral-und-christliches-leben","tag-images"],"_links":{"self":[{"href":"https:\/\/catholicus.eu\/de\/wp-json\/wp\/v2\/posts\/5401","targetHints":{"allow":["GET"]}}],"collection":[{"href":"https:\/\/catholicus.eu\/de\/wp-json\/wp\/v2\/posts"}],"about":[{"href":"https:\/\/catholicus.eu\/de\/wp-json\/wp\/v2\/types\/post"}],"author":[{"embeddable":true,"href":"https:\/\/catholicus.eu\/de\/wp-json\/wp\/v2\/users\/3"}],"replies":[{"embeddable":true,"href":"https:\/\/catholicus.eu\/de\/wp-json\/wp\/v2\/comments?post=5401"}],"version-history":[{"count":1,"href":"https:\/\/catholicus.eu\/de\/wp-json\/wp\/v2\/posts\/5401\/revisions"}],"predecessor-version":[{"id":5403,"href":"https:\/\/catholicus.eu\/de\/wp-json\/wp\/v2\/posts\/5401\/revisions\/5403"}],"wp:featuredmedia":[{"embeddable":true,"href":"https:\/\/catholicus.eu\/de\/wp-json\/wp\/v2\/media\/5402"}],"wp:attachment":[{"href":"https:\/\/catholicus.eu\/de\/wp-json\/wp\/v2\/media?parent=5401"}],"wp:term":[{"taxonomy":"category","embeddable":true,"href":"https:\/\/catholicus.eu\/de\/wp-json\/wp\/v2\/categories?post=5401"},{"taxonomy":"post_tag","embeddable":true,"href":"https:\/\/catholicus.eu\/de\/wp-json\/wp\/v2\/tags?post=5401"}],"curies":[{"name":"wp","href":"https:\/\/api.w.org\/{rel}","templated":true}]}}