{"id":5319,"date":"2026-03-16T09:58:48","date_gmt":"2026-03-16T08:58:48","guid":{"rendered":"https:\/\/catholicus.eu\/de\/?p=5319"},"modified":"2026-03-16T09:58:48","modified_gmt":"2026-03-16T08:58:48","slug":"es-ist-keine-frage-der-macht-sondern-der-treue-inter-insigniores-und-die-theologische-wahrheit-ueber-das-priestertum","status":"publish","type":"post","link":"https:\/\/catholicus.eu\/de\/es-ist-keine-frage-der-macht-sondern-der-treue-inter-insigniores-und-die-theologische-wahrheit-ueber-das-priestertum\/","title":{"rendered":"\u201eEs ist keine Frage der Macht, sondern der Treue\u201c: Inter Insigniores und die theologische Wahrheit \u00fcber das Priestertum"},"content":{"rendered":"\n<p>In den letzten Jahrzehnten war eine der am h\u00e4ufigsten diskutierten Fragen innerhalb und au\u00dferhalb der Kirche die M\u00f6glichkeit, Frauen zu Priestern zu weihen. In einer Gesellschaft, die zunehmend von politischen, soziologischen oder Machtgleichheitskategorien gepr\u00e4gt ist, fragen viele: <strong>Warum h\u00e4lt die katholische Kirche daran fest, dass das Priestertum M\u00e4nnern vorbehalten ist?<\/strong><\/p>\n\n\n\n<p>Um diese Frage zu beantworten, ver\u00f6ffentlichte die Kirche 1976 ein Schl\u00fcssel\u00addokument: <strong>Inter insigniores<\/strong>, eine Erkl\u00e4rung der <strong>Kongregation f\u00fcr die Glaubenslehre<\/strong>, die von <strong>Paul VI<\/strong> genehmigt wurde.<\/p>\n\n\n\n<p>Dieses Dokument ist weit entfernt von einer ideologischen oder kulturellen Reaktion; es ist <strong>eine tiefgehende theologische Reflexion<\/strong>, die erkl\u00e4rt, warum die Kirche <strong>sich nicht von Christus autorisiert sieht, Frauen zum Priestertum zu weihen<\/strong>.<\/p>\n\n\n\n<p><em>Inter insigniores<\/em> zu verstehen bedeutet nicht nur, eine disziplinarische Regel zu verstehen. Es bedeutet, in <strong>das Geheimnis des Priestertums, die sakramentale Symbolik und die Treue zum Willen Christi<\/strong> einzutreten.<\/p>\n\n\n\n<hr class=\"wp-block-separator has-alpha-channel-opacity\"\/>\n\n\n\n<h1 class=\"wp-block-heading\">1. Der historische Kontext: Als die Frage dringend aufkam<\/h1>\n\n\n\n<p>In den Jahren nach dem <strong>Zweiten Vatikanischen Konzil<\/strong> ersch\u00fctterten viele kulturelle Ver\u00e4nderungen die westliche Welt. Unter ihnen war die Bewegung f\u00fcr gleiche Rechte zwischen M\u00e4nnern und Frauen. In diesem Kontext begannen einige christliche Gemeinschaften, Frauen als Pastoren oder Priester zu weihen.<\/p>\n\n\n\n<p>Beispiele:<\/p>\n\n\n\n<ul class=\"wp-block-list\">\n<li>die <strong>Anglikanische Gemeinschaft<\/strong><\/li>\n\n\n\n<li>mehrere protestantische Konfessionen<\/li>\n<\/ul>\n\n\n\n<p>Viele Katholiken fragten sich:<br><strong>Warum tut die katholische Kirche dasselbe nicht?<\/strong><\/p>\n\n\n\n<p>Angesichts dieser Frage entschied der Heilige Stuhl, mit <em>Inter insigniores<\/em> klar und deutlich zu antworten.<\/p>\n\n\n\n<p>Doch das Dokument stellt von Anfang an etwas Wesentliches klar:<\/p>\n\n\n\n<blockquote class=\"wp-block-quote is-layout-flow wp-block-quote-is-layout-flow\">\n<p><strong>Es geht nicht um soziologische Diskriminierung, sondern um Treue zum Willen Christi.<\/strong><\/p>\n<\/blockquote>\n\n\n\n<hr class=\"wp-block-separator has-alpha-channel-opacity\"\/>\n\n\n\n<h1 class=\"wp-block-heading\">2. Die biblische Grundlage: Christus w\u00e4hlte die Zw\u00f6lf<\/h1>\n\n\n\n<p>Das erste Argument in <em>Inter insigniores<\/em> ist <strong>historisch und biblisch<\/strong>.<\/p>\n\n\n\n<p>Jesus hatte viele weibliche J\u00fcngerinnen, die ihm sehr nah standen:<\/p>\n\n\n\n<ul class=\"wp-block-list\">\n<li><strong>Maria Magdalena<\/strong><\/li>\n\n\n\n<li><strong>Martha von Betanien<\/strong><\/li>\n\n\n\n<li><strong>Maria von Betanien<\/strong><\/li>\n\n\n\n<li>und vor allem <strong>Maria, Mutter Jesu<\/strong><\/li>\n<\/ul>\n\n\n\n<p>Doch als er die apostolische Gruppe einsetzte \u2014 die Grundlage des Priestertums \u2014 <strong>w\u00e4hlte er nur M\u00e4nner<\/strong>.<\/p>\n\n\n\n<p>Das Evangelium berichtet:<\/p>\n\n\n\n<blockquote class=\"wp-block-quote is-layout-flow wp-block-quote-is-layout-flow\">\n<p>\u201eUnd er stieg auf den Berg und rief diejenigen, die er wollte; sie kamen zu ihm. Und er setzte zw\u00f6lf ein, damit sie bei ihm seien und um sie auszusenden, zu predigen.\u201c<br>(Mk 3,13\u201314)<\/p>\n<\/blockquote>\n\n\n\n<p>Zu diesen Zw\u00f6lf Aposteln geh\u00f6rten:<\/p>\n\n\n\n<ul class=\"wp-block-list\">\n<li><strong>Petrus der Apostel<\/strong><\/li>\n\n\n\n<li><strong>Johannes der Apostel<\/strong><\/li>\n\n\n\n<li><strong>Jakobus der \u00c4ltere<\/strong><\/li>\n\n\n\n<li>und die anderen Apostel.<\/li>\n<\/ul>\n\n\n\n<p>Wichtig ist, dass <strong>Jesus nicht durch die Kultur eingeschr\u00e4nkt handelte<\/strong>.<\/p>\n\n\n\n<p>Beweis daf\u00fcr ist, dass er <strong>viele soziale Normen seiner Zeit brach<\/strong>:<\/p>\n\n\n\n<ul class=\"wp-block-list\">\n<li>Er sprach \u00f6ffentlich mit der Samariterin<\/li>\n\n\n\n<li>Er erlaubte Frauen, seine J\u00fcngerinnen zu sein<\/li>\n\n\n\n<li>Er lie\u00df sie ihn auf seiner Mission begleiten<\/li>\n<\/ul>\n\n\n\n<p>Wenn er Frauen zum Priesteramt einsetzen gewollt h\u00e4tte, <strong>h\u00e4tte ihn nichts daran gehindert<\/strong>.<\/p>\n\n\n\n<p>Doch er tat es nicht.<\/p>\n\n\n\n<hr class=\"wp-block-separator has-alpha-channel-opacity\"\/>\n\n\n\n<h1 class=\"wp-block-heading\">3. Das Priestertum ist keine Macht: Es ist ein sakramentales Zeichen<\/h1>\n\n\n\n<p>Hier erreichen wir einen der tiefsten theologischen Punkte.<\/p>\n\n\n\n<p>Der Priester handelt <strong>\u201ein persona Christi\u201c<\/strong>, das hei\u00dft <strong>in der Person Christi<\/strong>.<\/p>\n\n\n\n<p>Das bedeutet, dass der Priester in den Sakramenten \u2014 besonders in der Eucharistie \u2014 Christus sakramental repr\u00e4sentiert.<\/p>\n\n\n\n<p>Wenn er die Messe feiert, sagt er:<\/p>\n\n\n\n<blockquote class=\"wp-block-quote is-layout-flow wp-block-quote-is-layout-flow\">\n<p>\u201eDies ist <strong>mein Leib<\/strong>.\u201c<\/p>\n<\/blockquote>\n\n\n\n<p>Er sagt nicht: <em>\u201eDies ist der Leib Christi\u201c<\/em>, sondern <strong>\u201emein Leib\u201c<\/strong>, weil <strong>Christus durch ihn wirkt<\/strong>.<\/p>\n\n\n\n<p>Christus wird in der Schrift dargestellt als:<\/p>\n\n\n\n<ul class=\"wp-block-list\">\n<li>der <strong>Br\u00e4utigam<\/strong><\/li>\n\n\n\n<li>und die Kirche als <strong>die Braut<\/strong>.<\/li>\n<\/ul>\n\n\n\n<p>Der Apostel <strong>Heiliger Paulus<\/strong> erkl\u00e4rt dies so:<\/p>\n\n\n\n<blockquote class=\"wp-block-quote is-layout-flow wp-block-quote-is-layout-flow\">\n<p>\u201eChristus hat die Kirche geliebt und sich f\u00fcr sie hingegeben.\u201c<br>(Eph 5,25)<\/p>\n<\/blockquote>\n\n\n\n<p>Diese <strong>nuptiale und sakramentale Symbolik<\/strong> ist grundlegend.<\/p>\n\n\n\n<p>Der Priester repr\u00e4sentiert <strong>Christus den Br\u00e4utigam, der sich seiner Braut, der Kirche, hingibt<\/strong>.<\/p>\n\n\n\n<p>Deshalb erfordert das sakramentale Zeichen <strong>eine m\u00e4nnliche Repr\u00e4sentation<\/strong>.<\/p>\n\n\n\n<p>Es geht nicht um W\u00fcrde, sondern um <strong>sakramentale Signifikanz<\/strong>.<\/p>\n\n\n\n<hr class=\"wp-block-separator has-alpha-channel-opacity\"\/>\n\n\n\n<h1 class=\"wp-block-heading\">4. Die W\u00fcrde der Frau in der Kirche<\/h1>\n\n\n\n<p>Ein h\u00e4ufiger Irrtum ist zu denken, dass diese Lehre Minderwertigkeit impliziere.<\/p>\n\n\n\n<p>Doch die Kirche betont genau das Gegenteil.<\/p>\n\n\n\n<p>Die gr\u00f6\u00dfte menschliche Kreatur ist <strong>kein Priester<\/strong>.<\/p>\n\n\n\n<p>Es ist eine Frau.<\/p>\n\n\n\n<p>Es ist <strong>Maria, Mutter Jesu<\/strong>.<\/p>\n\n\n\n<p>Sie:<\/p>\n\n\n\n<ul class=\"wp-block-list\">\n<li>war keine Priesterin<\/li>\n\n\n\n<li>war keine Apostelin<\/li>\n\n\n\n<li>und doch ist sie <strong>K\u00f6nigin des Himmels und der Erde<\/strong>.<\/li>\n<\/ul>\n\n\n\n<p>Das offenbart etwas Wesentliches:<\/p>\n\n\n\n<p><strong>Heiligkeit h\u00e4ngt nicht vom Priestertum ab.<\/strong><\/p>\n\n\n\n<p>Viele der gr\u00f6\u00dften Heiligen der Kirche waren Frauen:<\/p>\n\n\n\n<ul class=\"wp-block-list\">\n<li><strong>Theresia von \u00c1vila<\/strong><\/li>\n\n\n\n<li><strong>Katharina von Siena<\/strong><\/li>\n\n\n\n<li><strong>Theresia von Lisieux<\/strong><\/li>\n<\/ul>\n\n\n\n<p>Tats\u00e4chlich wurde <strong>Katharina von Siena<\/strong> zur <strong>Kirchenlehrerin<\/strong> erkl\u00e4rt.<\/p>\n\n\n\n<p>Das bedeutet: <strong>eine Frau lehrt Theologie f\u00fcr die gesamte universelle Kirche<\/strong>.<\/p>\n\n\n\n<hr class=\"wp-block-separator has-alpha-channel-opacity\"\/>\n\n\n\n<h1 class=\"wp-block-heading\">5. Die Kontinuit\u00e4t der Tradition<\/h1>\n\n\n\n<p>Ein weiterer zentraler Punkt von <em>Inter insigniores<\/em> ist die <strong>konstante Tradition<\/strong> der Kirche.<\/p>\n\n\n\n<p>\u00dcber zweitausend Jahre:<\/p>\n\n\n\n<ul class=\"wp-block-list\">\n<li>keine apostolische Kirche<\/li>\n\n\n\n<li>weder im Osten noch im Westen<\/li>\n<\/ul>\n\n\n\n<p>hat Frauen zum Priestertum geweiht.<\/p>\n\n\n\n<p>Nicht einmal die alten getrennten Kirchen wie:<\/p>\n\n\n\n<ul class=\"wp-block-list\">\n<li>die <strong>\u00d6stliche Orthodoxe Kirche<\/strong><\/li>\n\n\n\n<li>die <strong>Koptische Orthodoxe Kirche<\/strong><\/li>\n<\/ul>\n\n\n\n<p>haben Frauen geweiht.<\/p>\n\n\n\n<p>Das zeigt etwas Wesentliches:<\/p>\n\n\n\n<p><strong>Es handelt sich nicht um eine lateinische Gewohnheit, sondern um eine universelle apostolische Tradition.<\/strong><\/p>\n\n\n\n<hr class=\"wp-block-separator has-alpha-channel-opacity\"\/>\n\n\n\n<h1 class=\"wp-block-heading\">6. Die endg\u00fcltige Best\u00e4tigung des Lehramts<\/h1>\n\n\n\n<p>Jahre sp\u00e4ter wurde diese Lehre endg\u00fcltig von <strong>Johannes Paul II<\/strong> in <strong>Ordinatio Sacerdotalis<\/strong> (1994) best\u00e4tigt.<\/p>\n\n\n\n<p>Darin erkl\u00e4rte er:<\/p>\n\n\n\n<blockquote class=\"wp-block-quote is-layout-flow wp-block-quote-is-layout-flow\">\n<p>\u201eDie Kirche hat in keiner Weise die Vollmacht, die priesterliche Weihe an Frauen zu spenden.\u201c<\/p>\n<\/blockquote>\n\n\n\n<p>Er sagte nicht nur, dass <strong>die Kirche es nicht tut<\/strong>, sondern dass <strong>die Kirche keine Autorit\u00e4t hat, dies zu tun<\/strong>.<\/p>\n\n\n\n<p>Mit anderen Worten:<\/p>\n\n\n\n<p><strong>Es ist keine Disziplin, die ge\u00e4ndert werden k\u00f6nnte.<\/strong><\/p>\n\n\n\n<p>Es ist eine Frage der <strong>Treue zu Christus<\/strong>.<\/p>\n\n\n\n<hr class=\"wp-block-separator has-alpha-channel-opacity\"\/>\n\n\n\n<h1 class=\"wp-block-heading\">7. Das wahre weibliche Genie in der Kirche<\/h1>\n\n\n\n<p>Interessanterweise, wenn die Kirche \u00fcber die Rolle der Frau spricht, tut sie dies auf tiefgehend positive Weise.<\/p>\n\n\n\n<p><strong>Johannes Paul II<\/strong> sprach selbst vom <strong>\u201eweiblichen Genie\u201c<\/strong>.<\/p>\n\n\n\n<p>Die Kirche ben\u00f6tigt die weibliche Pr\u00e4senz in hohem Ma\u00dfe in:<\/p>\n\n\n\n<ul class=\"wp-block-list\">\n<li>der Familie<\/li>\n\n\n\n<li>der Bildung<\/li>\n\n\n\n<li>der N\u00e4chstenliebe<\/li>\n\n\n\n<li>der Evangelisation<\/li>\n\n\n\n<li>dem geweihten Leben<\/li>\n<\/ul>\n\n\n\n<p>Viele der gr\u00f6\u00dften spirituellen Transformationen in der christlichen Geschichte wurden von Frauen initiiert.<\/p>\n\n\n\n<hr class=\"wp-block-separator has-alpha-channel-opacity\"\/>\n\n\n\n<h1 class=\"wp-block-heading\">8. Eine spirituelle Anwendung f\u00fcr heute<\/h1>\n\n\n\n<p>In einer Kultur, die von Macht besessen ist, ist die christliche Botschaft revolution\u00e4r.<\/p>\n\n\n\n<p>Gr\u00f6\u00dfe in der Kirche <strong>h\u00e4ngt nicht von einer Position ab<\/strong>.<\/p>\n\n\n\n<p>Jesus sagte:<\/p>\n\n\n\n<blockquote class=\"wp-block-quote is-layout-flow wp-block-quote-is-layout-flow\">\n<p>\u201eWer unter euch der Erste sein will, sei euer Diener.\u201c<br>(Mt 20,27)<\/p>\n<\/blockquote>\n\n\n\n<p>Das Priestertum ist kein Privileg.<\/p>\n\n\n\n<p>Es ist ein <strong>opferbereiter Dienst<\/strong>.<\/p>\n\n\n\n<p>Und Heiligkeit \u2014 das wahre Ziel jedes Christen \u2014 <strong>steht allen offen<\/strong>.<\/p>\n\n\n\n<p>M\u00e4nnern und Frauen gleicherma\u00dfen.<\/p>\n\n\n\n<p>Die wirklich wichtige Frage ist nicht:<\/p>\n\n\n\n<p><strong>\u201eWelche Position habe ich?\u201c<\/strong><\/p>\n\n\n\n<p>Sondern:<\/p>\n\n\n\n<p><strong>\u201eAntworte ich auf den Ruf Gottes?\u201c<\/strong><\/p>\n\n\n\n<hr class=\"wp-block-separator has-alpha-channel-opacity\"\/>\n\n\n\n<h1 class=\"wp-block-heading\">9. Eine pastorale Reflexion f\u00fcr unsere Zeit<\/h1>\n\n\n\n<p>Heute mehr denn je m\u00fcssen wir das Priestertum <strong>in seiner sakramentalen und spirituellen Dimension<\/strong> verstehen, nicht durch ideologische Kategorien.<\/p>\n\n\n\n<p>Die Kirche schlie\u00dft Frauen nicht aus dem Priestertum aus, weil sie sie gering sch\u00e4tzt.<\/p>\n\n\n\n<p>Sondern weil sie glaubt, <strong>nicht die Autorit\u00e4t zu haben, zu \u00e4ndern, was Christus eingesetzt hat<\/strong>.<\/p>\n\n\n\n<p>Das erfordert Demut.<\/p>\n\n\n\n<p>Aber auch Glauben.<\/p>\n\n\n\n<p>Denn die Kirche ist kein menschliches Unternehmen.<\/p>\n\n\n\n<p>Sie ist der Leib Christi.<\/p>\n\n\n\n<hr class=\"wp-block-separator has-alpha-channel-opacity\"\/>\n\n\n\n<h1 class=\"wp-block-heading\">Fazit: Treue vor Popularit\u00e4t<\/h1>\n\n\n\n<p>Die Botschaft von <em>Inter insigniores<\/em> mag in der heutigen Welt schwer verst\u00e4ndlich sein.<\/p>\n\n\n\n<p>Doch sie enth\u00e4lt eine tiefgehende Lehre:<\/p>\n\n\n\n<p><strong>Die Kirche erfindet die Sakramente nicht; sie empf\u00e4ngt sie von Christus.<\/strong><\/p>\n\n\n\n<p>Ihre Mission ist nicht, sie jeder Epoche anzupassen, sondern <strong>sie treu zu bewahren<\/strong>.<\/p>\n\n\n\n<p>Im Kern ist die Frage nach der Weihe von Frauen nicht eine Frage der Gleichheit.<\/p>\n\n\n\n<p>Es ist eine Frage der <strong>Treue zu dem Geheimnis, das Christus seiner Kirche anvertraut hat<\/strong>.<\/p>\n\n\n\n<p>Und dieses Geheimnis l\u00e4dt weiterhin jeden Christen \u2014 Mann oder Frau \u2014 zu dem ein, was wirklich z\u00e4hlt:<\/p>\n\n\n\n<p><strong>Heiligkeit.<\/strong><\/p>\n\n\n\n<p>Wie <strong>Theresia von Lisieux<\/strong> einmal sagte:<\/p>\n\n\n\n<blockquote class=\"wp-block-quote is-layout-flow wp-block-quote-is-layout-flow\">\n<p>\u201eIm Herzen der Kirche werde ich die Liebe sein.\u201c<\/p>\n<\/blockquote>\n\n\n\n<p>Und in diesem Herzen <strong>hat jeder von uns einen unersetzlichen Platz<\/strong>.<\/p>\n","protected":false},"excerpt":{"rendered":"<p>In den letzten Jahrzehnten war eine der am h\u00e4ufigsten diskutierten Fragen innerhalb und au\u00dferhalb der Kirche die M\u00f6glichkeit, Frauen zu Priestern zu weihen. In einer Gesellschaft, die zunehmend von politischen, soziologischen oder Machtgleichheitskategorien gepr\u00e4gt ist, fragen viele: Warum h\u00e4lt die katholische Kirche daran fest, dass das Priestertum M\u00e4nnern vorbehalten ist? Um diese Frage zu beantworten, &hellip;<\/p>\n","protected":false},"author":3,"featured_media":5320,"comment_status":"closed","ping_status":"closed","sticky":false,"template":"","format":"standard","meta":{"_seopress_robots_primary_cat":"","_seopress_titles_title":"","_seopress_titles_desc":"","_seopress_robots_index":"","footnotes":""},"categories":[38,51],"tags":[1911],"class_list":["post-5319","post","type-post","status-publish","format-standard","has-post-thumbnail","","category-geschichte-und-tradition","category-lehramt-der-kirche","tag-inter-insigniores"],"_links":{"self":[{"href":"https:\/\/catholicus.eu\/de\/wp-json\/wp\/v2\/posts\/5319","targetHints":{"allow":["GET"]}}],"collection":[{"href":"https:\/\/catholicus.eu\/de\/wp-json\/wp\/v2\/posts"}],"about":[{"href":"https:\/\/catholicus.eu\/de\/wp-json\/wp\/v2\/types\/post"}],"author":[{"embeddable":true,"href":"https:\/\/catholicus.eu\/de\/wp-json\/wp\/v2\/users\/3"}],"replies":[{"embeddable":true,"href":"https:\/\/catholicus.eu\/de\/wp-json\/wp\/v2\/comments?post=5319"}],"version-history":[{"count":1,"href":"https:\/\/catholicus.eu\/de\/wp-json\/wp\/v2\/posts\/5319\/revisions"}],"predecessor-version":[{"id":5321,"href":"https:\/\/catholicus.eu\/de\/wp-json\/wp\/v2\/posts\/5319\/revisions\/5321"}],"wp:featuredmedia":[{"embeddable":true,"href":"https:\/\/catholicus.eu\/de\/wp-json\/wp\/v2\/media\/5320"}],"wp:attachment":[{"href":"https:\/\/catholicus.eu\/de\/wp-json\/wp\/v2\/media?parent=5319"}],"wp:term":[{"taxonomy":"category","embeddable":true,"href":"https:\/\/catholicus.eu\/de\/wp-json\/wp\/v2\/categories?post=5319"},{"taxonomy":"post_tag","embeddable":true,"href":"https:\/\/catholicus.eu\/de\/wp-json\/wp\/v2\/tags?post=5319"}],"curies":[{"name":"wp","href":"https:\/\/api.w.org\/{rel}","templated":true}]}}