{"id":5310,"date":"2026-03-16T08:08:40","date_gmt":"2026-03-16T07:08:40","guid":{"rendered":"https:\/\/catholicus.eu\/de\/?p=5310"},"modified":"2026-03-16T08:08:41","modified_gmt":"2026-03-16T07:08:41","slug":"eine-minute-die-gott-zum-schweigen-bringt-die-schweigeminute-und-die-christliche-notwendigkeit-wieder-fuer-die-verstorbenen-zu-beten","status":"publish","type":"post","link":"https:\/\/catholicus.eu\/de\/eine-minute-die-gott-zum-schweigen-bringt-die-schweigeminute-und-die-christliche-notwendigkeit-wieder-fuer-die-verstorbenen-zu-beten\/","title":{"rendered":"Eine Minute, die Gott zum Schweigen bringt: Die \u201eSchweigeminute\u201c und die christliche Notwendigkeit, wieder f\u00fcr die Verstorbenen zu beten"},"content":{"rendered":"\n<p>In Fu\u00dfballstadien, in Parlamenten, in Schulen, bei zivilen Beerdigungen oder bei \u00f6ffentlichen Zeremonien \u2013 wir alle haben diesen feierlichen Moment erlebt, in dem jemand ank\u00fcndigt:<\/p>\n\n\n\n<p><strong>\u201eLassen Sie uns eine Minute des Schweigens einhalten.\u201c<\/strong><\/p>\n\n\n\n<p>Dann wird die Menge still.<br>Die K\u00f6pfe senken sich.<br>Der L\u00e4rm verschwindet f\u00fcr sechzig Sekunden.<\/p>\n\n\n\n<p>Es ist eine respektvolle Geste.<br>Eine feierliche Geste.<br>Eine Geste, die scheinbar die verstorbene Person ehrt.<\/p>\n\n\n\n<p>Doch aus christlicher Perspektive stellt sich eine tiefgehende Frage:<\/p>\n\n\n\n<p><strong>Warum Schweigen \u2026 wenn der Christ an die Kraft des Gebets glaubt?<\/strong><\/p>\n\n\n\n<p>\u00dcber Jahrhunderte hinweg war die nat\u00fcrliche Reaktion des Volkes Gottes, wenn ein Christ starb, <strong>nicht zu schweigen, sondern zu beten<\/strong>. Es wurden Responsorien gebetet, Psalmen, Rosenkr\u00e4nze, und Messen f\u00fcr die Seele des Verstorbenen wurden dargebracht. Die Kirche wusste, dass der Tod nicht das Ende ist, sondern <strong>der entscheidende Moment, in dem die Seele vor Gott tritt<\/strong>.<\/p>\n\n\n\n<p>In diesem Zusammenhang wirft die moderne \u201eSchweigeminute\u201c eine theologische, historische und spirituelle Frage von gro\u00dfer Aktualit\u00e4t auf:<\/p>\n\n\n\n<p><strong>Ersetzen wir das Gebet durch eine leere Geste?<\/strong><\/p>\n\n\n\n<p>Dieser Artikel m\u00f6chte den Ursprung der Schweigeminute, ihre kulturelle Bedeutung, ihren Gegensatz zur christlichen Tradition und vor allem <strong>die katholische Alternative: das Gebet f\u00fcr die Seelen<\/strong> untersuchen.<\/p>\n\n\n\n<hr class=\"wp-block-separator has-alpha-channel-opacity\"\/>\n\n\n\n<h1 class=\"wp-block-heading\">Der Ursprung der Schweigeminute: Eine moderne und s\u00e4kulare Geste<\/h1>\n\n\n\n<p>Obwohl sie heute wie eine universelle Tradition erscheint, ist die <strong>Schweigeminute relativ jung<\/strong>.<\/p>\n\n\n\n<p>Ihre Verbreitung begann nach dem <strong>Ersten Weltkrieg<\/strong>, als mehrere europ\u00e4ische L\u00e4nder nach einer M\u00f6glichkeit suchten, der gefallenen Soldaten in staatlichen und zivilen Zeremonien zu gedenken.<\/p>\n\n\n\n<p>Einer der entscheidenden Momente ereignete sich beim <strong>Waffenstillstand von 1919<\/strong>, als im <strong>Vereinigtes K\u00f6nigreich<\/strong> <strong>zwei Minuten Schweigen<\/strong> eingef\u00fchrt wurden, um der Gefallenen des Krieges zu gedenken.<\/p>\n\n\n\n<p>Die Absicht war klar:<\/p>\n\n\n\n<ul class=\"wp-block-list\">\n<li>eine <strong>neutrale<\/strong> Geste zu schaffen<\/li>\n\n\n\n<li>g\u00fcltig f\u00fcr Menschen <strong>jeder Religion oder ohne Religion<\/strong><\/li>\n\n\n\n<li>geeignet f\u00fcr <strong>staatliche und \u00f6ffentliche Zeremonien<\/strong><\/li>\n<\/ul>\n\n\n\n<p>Mit der Zeit verbreitete sich diese Praxis auf zivile Beerdigungen, Sportveranstaltungen, Gedenkfeiern und offizielle Zeremonien.<\/p>\n\n\n\n<p>Doch diese Neutralit\u00e4t hatte eine tiefere Bedeutung.<\/p>\n\n\n\n<p><strong>Das Schweigen ersetzte das Gebet.<\/strong><\/p>\n\n\n\n<p>Es wurde nicht gebetet, weil der moderne Staat religi\u00f6s <strong>neutral<\/strong> sein wollte.<br>Anstatt f\u00fcr den Verstorbenen zu beten, erinnerte man sich lediglich an ihn.<\/p>\n\n\n\n<p>So entstand eine Praxis, die wir heute auf der ganzen Welt sehen.<\/p>\n\n\n\n<hr class=\"wp-block-separator has-alpha-channel-opacity\"\/>\n\n\n\n<h1 class=\"wp-block-heading\">Der radikale Unterschied zwischen Erinnern und Beten<\/h1>\n\n\n\n<p>F\u00fcr die moderne Denkweise scheint es ausreichend zu sein, sich an jemanden zu erinnern.<\/p>\n\n\n\n<p>Doch f\u00fcr das Christentum gilt: <strong>Erinnern ist nicht dasselbe wie Beten<\/strong>.<\/p>\n\n\n\n<p>Erinnern richtet den Blick auf die Vergangenheit.<\/p>\n\n\n\n<p>Das Gebet richtet den Blick auf die Ewigkeit.<\/p>\n\n\n\n<p>Christen glauben, dass die Seele eines Menschen <strong>nach dem Tod weiter existiert<\/strong> und m\u00f6glicherweise geistliche Hilfe ben\u00f6tigt.<\/p>\n\n\n\n<p>Darum hat die Kirche immer auf etwas Wesentliches hingewiesen:<\/p>\n\n\n\n<p><strong>F\u00fcr die Verstorbenen zu beten ist ein Akt der N\u00e4chstenliebe.<\/strong><\/p>\n\n\n\n<p>Die Heilige Schrift sagt klar:<\/p>\n\n\n\n<blockquote class=\"wp-block-quote is-layout-flow wp-block-quote-is-layout-flow\">\n<p>\u201eEs ist also ein heiliger und heilsamer Gedanke, f\u00fcr die Toten zu beten, damit sie von ihren S\u00fcnden befreit werden.\u201c<br>(2 Makkab\u00e4er 12,46)<\/p>\n<\/blockquote>\n\n\n\n<p>Diese Aussage, die tief in der katholischen Tradition verwurzelt ist, erkl\u00e4rt, warum das christliche Volk \u00fcber Jahrhunderte hinweg auf den Tod <strong>mit unmittelbarem Gebet<\/strong> reagierte.<\/p>\n\n\n\n<p>Nicht mit Schweigen.<\/p>\n\n\n\n<hr class=\"wp-block-separator has-alpha-channel-opacity\"\/>\n\n\n\n<h1 class=\"wp-block-heading\">Die christliche Tradition: F\u00fcr die Seelen beten<\/h1>\n\n\n\n<p>Schon in den ersten Jahrhunderten des Christentums brachten die Gl\u00e4ubigen Gebete f\u00fcr die Verstorbenen dar.<\/p>\n\n\n\n<p>In den Katakomben von <strong>Rom<\/strong> finden sich Inschriften wie:<\/p>\n\n\n\n<p>\u201eBete f\u00fcr uns\u201c<br>\u201eM\u00f6ge Gott seiner Seele Ruhe schenken\u201c<\/p>\n\n\n\n<p>Dies zeigt etwas Wesentliches:<br><strong>Christen wussten, dass die Gemeinschaft zwischen Lebenden und Toten in Gott weiterbesteht.<\/strong><\/p>\n\n\n\n<p>Die Kirche nennt diese Wirklichkeit die <strong>Gemeinschaft der Heiligen<\/strong>.<\/p>\n\n\n\n<p>Die Gl\u00e4ubigen auf der Erde k\u00f6nnen denen, die gestorben sind, geistlich helfen.<\/p>\n\n\n\n<p>Wie?<\/p>\n\n\n\n<p>Durch:<\/p>\n\n\n\n<ul class=\"wp-block-list\">\n<li>Gebet<\/li>\n\n\n\n<li>Opfer<\/li>\n\n\n\n<li>die Eucharistie<\/li>\n\n\n\n<li>Bu\u00dfe<\/li>\n\n\n\n<li>Abl\u00e4sse<\/li>\n<\/ul>\n\n\n\n<p>Vor allem durch <strong>die Heilige Messe<\/strong>, die als das gr\u00f6\u00dfte F\u00fcrbittopfer f\u00fcr die Verstorbenen gilt.<\/p>\n\n\n\n<p>Darum war es \u00fcber Jahrhunderte hinweg selbstverst\u00e4ndlich, wenn jemand starb, zu sagen:<\/p>\n\n\n\n<p><strong>\u201eLasst uns f\u00fcr seine Seele beten.\u201c<\/strong><\/p>\n\n\n\n<hr class=\"wp-block-separator has-alpha-channel-opacity\"\/>\n\n\n\n<h1 class=\"wp-block-heading\">Modernes Schweigen: Eine Ehrung ohne Transzendenz<\/h1>\n\n\n\n<p>So respektvoll sie auch sein mag, die Schweigeminute hat eine offensichtliche geistliche Begrenzung.<\/p>\n\n\n\n<p>Sie bittet Gott um nichts.<\/p>\n\n\n\n<p>Sie tritt nicht f\u00fcr die Seele ein.<\/p>\n\n\n\n<p>Sie erkennt die ewige Dimension der Person nicht an.<\/p>\n\n\n\n<p>Sie <strong>erinnert<\/strong> lediglich.<\/p>\n\n\n\n<p>Aus christlicher Sicht kann das unzureichend sein.<\/p>\n\n\n\n<p>Denn wenn die Seele unsterblich ist \u2013 wie der christliche Glaube lehrt \u2013, dann ist der gr\u00f6\u00dfte Akt der Liebe gegen\u00fcber einem Verstorbenen <strong>nicht, sich an ihn zu erinnern, sondern f\u00fcr ihn zu beten<\/strong>.<\/p>\n\n\n\n<p>Schweigen kann menschlichen Respekt ausdr\u00fccken.<\/p>\n\n\n\n<p>Doch das Gebet dr\u00fcckt <strong>\u00fcbernat\u00fcrliche N\u00e4chstenliebe<\/strong> aus.<\/p>\n\n\n\n<hr class=\"wp-block-separator has-alpha-channel-opacity\"\/>\n\n\n\n<h1 class=\"wp-block-heading\">Die christliche Alternative: Die Minute des Gebets<\/h1>\n\n\n\n<p>Angesichts dieser Wirklichkeit schlagen viele Katholiken vor, eine einfache, aber zutiefst christliche Praxis wiederzuentdecken:<\/p>\n\n\n\n<p><strong>die Schweigeminute durch eine Gebetsminute zu ersetzen.<\/strong><\/p>\n\n\n\n<p>Anstatt zu schweigen, beten.<\/p>\n\n\n\n<p>Selbst in der Stille \u2013 aber <strong>innerlich betend<\/strong>.<\/p>\n\n\n\n<p>Es kann etwas sehr Einfaches sein:<\/p>\n\n\n\n<ul class=\"wp-block-list\">\n<li>ein Vaterunser<\/li>\n\n\n\n<li>ein Ave Maria<\/li>\n\n\n\n<li>\u201eHerr, schenke ihm die ewige Ruhe\u201c<\/li>\n<\/ul>\n\n\n\n<p>Die Kirche besitzt ein traditionelles Gebet, das sehr kurz und sehr kraftvoll ist:<\/p>\n\n\n\n<blockquote class=\"wp-block-quote is-layout-flow wp-block-quote-is-layout-flow\">\n<p>\u201eHerr, gib ihm die ewige Ruhe,<br>und das ewige Licht leuchte ihm.\u201c<\/p>\n<\/blockquote>\n\n\n\n<p>Dieses Gebet wurde \u00fcber Jahrhunderte hinweg von Millionen Christen gesprochen.<\/p>\n\n\n\n<p>Es ist kurz.<br>Es ist einfach.<br>Doch es ist tief theologischen Inhalts.<\/p>\n\n\n\n<p>Denn es bittet um zwei grundlegende Dinge:<\/p>\n\n\n\n<ol class=\"wp-block-list\">\n<li><strong>die ewige Ruhe<\/strong><\/li>\n\n\n\n<li><strong>das Licht Gottes<\/strong><\/li>\n<\/ol>\n\n\n\n<hr class=\"wp-block-separator has-alpha-channel-opacity\"\/>\n\n\n\n<h1 class=\"wp-block-heading\">Der geistliche Wert des Gebets f\u00fcr die Verstorbenen<\/h1>\n\n\n\n<p>F\u00fcr die Verstorbenen zu beten hilft nicht nur den Seelen.<\/p>\n\n\n\n<p>Es verwandelt auch das Herz desjenigen, der betet.<\/p>\n\n\n\n<p>Es erinnert uns an drei grundlegende Wahrheiten des Glaubens:<\/p>\n\n\n\n<h3 class=\"wp-block-heading\">1. Das Leben ist verg\u00e4nglich<\/h3>\n\n\n\n<p>Der Tod erinnert uns daran, dass unser irdisches Leben kurz ist.<\/p>\n\n\n\n<p>Wie die Schrift sagt:<\/p>\n\n\n\n<blockquote class=\"wp-block-quote is-layout-flow wp-block-quote-is-layout-flow\">\n<p>\u201eLehre uns, unsere Tage zu z\u00e4hlen, damit wir ein weises Herz erlangen.\u201c<br>(Psalm 90,12)<\/p>\n<\/blockquote>\n\n\n\n<hr class=\"wp-block-separator has-alpha-channel-opacity\"\/>\n\n\n\n<h3 class=\"wp-block-heading\">2. Die Ewigkeit ist real<\/h3>\n\n\n\n<p>F\u00fcr den Christen ist der Tod nicht das Ende.<\/p>\n\n\n\n<p>Er ist der \u00dcbergang zum ewigen Leben.<\/p>\n\n\n\n<hr class=\"wp-block-separator has-alpha-channel-opacity\"\/>\n\n\n\n<h3 class=\"wp-block-heading\">3. Die Liebe endet nicht mit dem Tod<\/h3>\n\n\n\n<p>Wenn wir f\u00fcr jemanden beten, der gestorben ist, bekr\u00e4ftigen wir etwas zutiefst Christliches:<\/p>\n\n\n\n<p><strong>Die Liebe reicht \u00fcber das Grab hinaus.<\/strong><\/p>\n\n\n\n<hr class=\"wp-block-separator has-alpha-channel-opacity\"\/>\n\n\n\n<h1 class=\"wp-block-heading\">Eine kleine Geste, die die Welt ver\u00e4ndern kann<\/h1>\n\n\n\n<p>In einer zunehmend s\u00e4kularisierten Kultur ist es dringend notwendig, den christlichen Sinn des Todes wiederzuentdecken.<\/p>\n\n\n\n<p>Es geht nicht darum, die Schweigeminute zu kritisieren.<\/p>\n\n\n\n<p>Es geht darum, <strong>ihr eine tiefere Bedeutung zu geben<\/strong>.<\/p>\n\n\n\n<p>Ein Christ kann diesen Moment anders leben.<\/p>\n\n\n\n<p>W\u00e4hrend alle schweigen, kann er in seinem Herzen beten.<\/p>\n\n\n\n<p>Vielleicht bemerkt es niemand.<\/p>\n\n\n\n<p>Doch dieser kleine Akt kann geistlich unermesslich sein.<\/p>\n\n\n\n<p>Denn jedes Gebet ist ein Akt der Liebe.<\/p>\n\n\n\n<hr class=\"wp-block-separator has-alpha-channel-opacity\"\/>\n\n\n\n<h1 class=\"wp-block-heading\">Wie man diese Momente als Christ lebt<\/h1>\n\n\n\n<p>Im Alltag gibt es viele Gelegenheiten, bei denen eine Schweigeminute verlangt wird.<\/p>\n\n\n\n<p>Ein Christ kann diesen Moment nutzen, um innerlich zu beten:<\/p>\n\n\n\n<ul class=\"wp-block-list\">\n<li>\u201eHerr, nimm seine Seele auf.\u201c<\/li>\n\n\n\n<li>\u201eSchenke ihm die ewige Ruhe.\u201c<\/li>\n\n\n\n<li>\u201eVergib ihm seine S\u00fcnden.\u201c<\/li>\n<\/ul>\n\n\n\n<p>Er kann auch darbringen:<\/p>\n\n\n\n<ul class=\"wp-block-list\">\n<li>einen Rosenkranz<\/li>\n\n\n\n<li>eine Messe f\u00fcr den Verstorbenen<\/li>\n\n\n\n<li>ein kleines Opfer<\/li>\n<\/ul>\n\n\n\n<p>So wird die menschliche Ehrung zu <strong>geistlicher F\u00fcrbitte<\/strong>.<\/p>\n\n\n\n<hr class=\"wp-block-separator has-alpha-channel-opacity\"\/>\n\n\n\n<h1 class=\"wp-block-heading\">Eine vergessene Tradition wiederentdecken<\/h1>\n\n\n\n<p>\u00dcber Jahrhunderte hinweg l\u00e4uteten die Kirchenglocken, wenn jemand starb.<\/p>\n\n\n\n<p>Die Nachbarn blieben stehen.<\/p>\n\n\n\n<p>Und sie beteten ein Vaterunser f\u00fcr die Seele des Verstorbenen.<\/p>\n\n\n\n<p>Es war eine einfache Geste.<\/p>\n\n\n\n<p>Aber zutiefst christlich.<\/p>\n\n\n\n<p>Vielleicht m\u00fcssen wir heute etwas von dieser geistlichen Weisheit wiederentdecken.<\/p>\n\n\n\n<p>Denn der gr\u00f6\u00dfte Akt des Respekts gegen\u00fcber einem Verstorbenen <strong>ist nicht das Schweigen<\/strong>.<\/p>\n\n\n\n<p>Es ist das Gebet.<\/p>\n\n\n\n<hr class=\"wp-block-separator has-alpha-channel-opacity\"\/>\n\n\n\n<h1 class=\"wp-block-heading\">Schluss: Wenn Schweigen zum Gebet wird<\/h1>\n\n\n\n<p>Die Schweigeminute entstand als s\u00e4kulare Geste f\u00fcr \u00f6ffentliche Zeremonien, in denen nicht gebetet werden konnte.<\/p>\n\n\n\n<p>Doch der Christ wei\u00df etwas, das die Welt manchmal vergisst:<\/p>\n\n\n\n<p><strong>Das Gebet hat Kraft.<\/strong><\/p>\n\n\n\n<p>Es kann tr\u00f6sten.<br>Es kann F\u00fcrsprache halten.<br>Es kann einer Seele auf ihrem Weg zu Gott helfen.<\/p>\n\n\n\n<p>Darum kannst du beim n\u00e4chsten Mal, wenn du h\u00f6rst:<\/p>\n\n\n\n<p>\u201eLasst uns eine Minute des Schweigens einhalten\u201c<\/p>\n\n\n\n<p>etwas zutiefst Christliches tun.<\/p>\n\n\n\n<p>Schlie\u00dfe die Augen.<\/p>\n\n\n\n<p>Senke den Kopf.<\/p>\n\n\n\n<p>Und bete in deinem Herzen.<\/p>\n\n\n\n<p>Denn in diesem Moment, w\u00e4hrend die Welt schweigt \u2026<\/p>\n\n\n\n<p><strong>kann dein Gebet den Himmel \u00f6ffnen.<\/strong><\/p>\n","protected":false},"excerpt":{"rendered":"<p>In Fu\u00dfballstadien, in Parlamenten, in Schulen, bei zivilen Beerdigungen oder bei \u00f6ffentlichen Zeremonien \u2013 wir alle haben diesen feierlichen Moment erlebt, in dem jemand ank\u00fcndigt: \u201eLassen Sie uns eine Minute des Schweigens einhalten.\u201c Dann wird die Menge still.Die K\u00f6pfe senken sich.Der L\u00e4rm verschwindet f\u00fcr sechzig Sekunden. Es ist eine respektvolle Geste.Eine feierliche Geste.Eine Geste, die &hellip;<\/p>\n","protected":false},"author":3,"featured_media":5311,"comment_status":"closed","ping_status":"closed","sticky":false,"template":"","format":"standard","meta":{"_seopress_robots_primary_cat":"","_seopress_titles_title":"","_seopress_titles_desc":"","_seopress_robots_index":"","footnotes":""},"categories":[41,66],"tags":[1910],"class_list":["post-5310","post","type-post","status-publish","format-standard","has-post-thumbnail","","category-glaube-und-kultur","category-populaerkultur-und-katholizismus","tag-schweigeminute"],"_links":{"self":[{"href":"https:\/\/catholicus.eu\/de\/wp-json\/wp\/v2\/posts\/5310","targetHints":{"allow":["GET"]}}],"collection":[{"href":"https:\/\/catholicus.eu\/de\/wp-json\/wp\/v2\/posts"}],"about":[{"href":"https:\/\/catholicus.eu\/de\/wp-json\/wp\/v2\/types\/post"}],"author":[{"embeddable":true,"href":"https:\/\/catholicus.eu\/de\/wp-json\/wp\/v2\/users\/3"}],"replies":[{"embeddable":true,"href":"https:\/\/catholicus.eu\/de\/wp-json\/wp\/v2\/comments?post=5310"}],"version-history":[{"count":1,"href":"https:\/\/catholicus.eu\/de\/wp-json\/wp\/v2\/posts\/5310\/revisions"}],"predecessor-version":[{"id":5312,"href":"https:\/\/catholicus.eu\/de\/wp-json\/wp\/v2\/posts\/5310\/revisions\/5312"}],"wp:featuredmedia":[{"embeddable":true,"href":"https:\/\/catholicus.eu\/de\/wp-json\/wp\/v2\/media\/5311"}],"wp:attachment":[{"href":"https:\/\/catholicus.eu\/de\/wp-json\/wp\/v2\/media?parent=5310"}],"wp:term":[{"taxonomy":"category","embeddable":true,"href":"https:\/\/catholicus.eu\/de\/wp-json\/wp\/v2\/categories?post=5310"},{"taxonomy":"post_tag","embeddable":true,"href":"https:\/\/catholicus.eu\/de\/wp-json\/wp\/v2\/tags?post=5310"}],"curies":[{"name":"wp","href":"https:\/\/api.w.org\/{rel}","templated":true}]}}