{"id":5259,"date":"2026-03-13T23:15:08","date_gmt":"2026-03-13T22:15:08","guid":{"rendered":"https:\/\/catholicus.eu\/de\/?p=5259"},"modified":"2026-03-13T23:15:08","modified_gmt":"2026-03-13T22:15:08","slug":"der-jansenismus-als-die-angst-die-hoffnung-ersetzte-die-grosse-geistliche-krise-der-fruehen-neuzeit","status":"publish","type":"post","link":"https:\/\/catholicus.eu\/de\/der-jansenismus-als-die-angst-die-hoffnung-ersetzte-die-grosse-geistliche-krise-der-fruehen-neuzeit\/","title":{"rendered":"Der Jansenismus: Als die Angst die Hoffnung ersetzte \u2014 die gro\u00dfe geistliche Krise der fr\u00fchen Neuzeit"},"content":{"rendered":"\n<p>Im Laufe der Geschichte der Kirche sind Bewegungen entstanden, die zwar aus einem aufrichtigen Wunsch heraus geboren wurden, den Glauben zu verteidigen, aber schlie\u00dflich zu unausgewogenen Auslegungen des Evangeliums f\u00fchrten. Einer der wichtigsten \u2014 und zugleich dramatischsten \u2014 F\u00e4lle war der <strong>Jansenismus<\/strong>, eine geistliche und theologische Str\u00f6mung, die das christliche Leben in Europa im 17. und 18. Jahrhundert tief gepr\u00e4gt hat.<\/p>\n\n\n\n<p>Viele Historiker betrachten ihn als <strong>eine der intensivsten Kontroversen der fr\u00fchen Neuzeit<\/strong>, nicht nur wegen seiner theologischen Folgen, sondern auch wegen seiner Auswirkungen auf das allt\u00e4gliche Leben der Gl\u00e4ubigen. Der Jansenismus ver\u00e4nderte die Art und Weise, wie Tausende von Christen ihre Beziehung zu Gott lebten: Wo zuvor Vertrauen in die g\u00f6ttliche Barmherzigkeit herrschte, begann sich Angst auszubreiten; wo zuvor zur h\u00e4ufigen Kommunion ermutigt wurde, verbreitete sich eine Spiritualit\u00e4t, die von Misstrauen und Skrupulosit\u00e4t gepr\u00e4gt war.<\/p>\n\n\n\n<p>Um diese geistliche Krise zu verstehen \u2014 und auch um heute aus ihr zu lernen \u2014 m\u00fcssen wir ihre Urspr\u00fcnge, ihre Lehren und ihre Folgen betrachten.<\/p>\n\n\n\n<hr class=\"wp-block-separator has-alpha-channel-opacity\"\/>\n\n\n\n<h1 class=\"wp-block-heading\">Die Urspr\u00fcnge des Jansenismus: Der Einfluss von Cornelius Jansen<\/h1>\n\n\n\n<p>Der Jansenismus verdankt seinen Namen <strong>Cornelius Jansen<\/strong>, dem Bischof von Ypern, einem Theologen des 17. Jahrhunderts, der stark von den Schriften <strong>Augustine of Hippo<\/strong> beeinflusst war.<\/p>\n\n\n\n<p>Nach seinem Tod im Jahr 1638 wurde sein wichtigstes Werk ver\u00f6ffentlicht, mit dem Titel <strong>Augustinus<\/strong>, in dem er versuchte, eine strenge Interpretation der augustinischen Lehre \u00fcber die Gnade darzulegen.<\/p>\n\n\n\n<p>Jansen war \u00fcberzeugt, dass die katholische Theologie seiner Zeit gegen\u00fcber der menschlichen Schw\u00e4che zu nachsichtig geworden sei. Seiner Meinung nach hatte die Kirche das Drama der Erbs\u00fcnde und die absolute Notwendigkeit der g\u00f6ttlichen Gnade zu sehr abgeschw\u00e4cht.<\/p>\n\n\n\n<p>Seine urspr\u00fcngliche Absicht war nicht, eine H\u00e4resie zu begr\u00fcnden, sondern <strong>das wiederzugewinnen, was er als die authentische Lehre des heiligen Augustinus \u00fcber Gnade und Erl\u00f6sung betrachtete<\/strong>.<\/p>\n\n\n\n<p>Seine Auslegung f\u00fchrte jedoch zu \u00e4u\u00dferst radikalen Schlussfolgerungen.<\/p>\n\n\n\n<hr class=\"wp-block-separator has-alpha-channel-opacity\"\/>\n\n\n\n<h1 class=\"wp-block-heading\">Was der Jansenismus lehrte<\/h1>\n\n\n\n<p>Die jansenistischen Ideen konzentrierten sich vor allem auf die Beziehung zwischen <strong>Gnade, menschlicher Freiheit und Erl\u00f6sung<\/strong>.<\/p>\n\n\n\n<p>Dies waren einige seiner grundlegenden Thesen.<\/p>\n\n\n\n<h2 class=\"wp-block-heading\">1. Die unwiderstehliche Gnade<\/h2>\n\n\n\n<p>F\u00fcr die Jansenisten gilt: Wenn Gott seine rettende Gnade schenkt, <strong>kann der Mensch ihr nicht widerstehen<\/strong>.<\/p>\n\n\n\n<p>Wenn Gott jemanden retten will, wird diese Person unweigerlich gerettet.<\/p>\n\n\n\n<p>Doch das Problem zeigt sich auf der anderen Seite.<\/p>\n\n\n\n<p>Wenn eine Person <strong>diese wirksame Gnade nicht empf\u00e4ngt<\/strong>, ist sie praktisch dazu bestimmt, in die S\u00fcnde zu fallen.<\/p>\n\n\n\n<p>Dies reduziert die Rolle der menschlichen Freiheit bei der Mitwirkung an der Gnade erheblich.<\/p>\n\n\n\n<hr class=\"wp-block-separator has-alpha-channel-opacity\"\/>\n\n\n\n<h2 class=\"wp-block-heading\">2. Die Vorherbestimmung nur einiger weniger<\/h2>\n\n\n\n<p>Der Jansenismus vertrat die Ansicht, dass <strong>nur einige Menschen zur Erl\u00f6sung vorherbestimmt sind<\/strong>, w\u00e4hrend die Mehrheit der Menschen nicht gen\u00fcgend Gnade erhalten w\u00fcrde, um gerettet zu werden.<\/p>\n\n\n\n<p>Dies erzeugte ein zutiefst beunruhigendes Bild des christlichen Lebens.<\/p>\n\n\n\n<p>Viele Gl\u00e4ubige begannen sich zu fragen:<\/p>\n\n\n\n<p><em>Geh\u00f6re ich zu den Erw\u00e4hlten oder zu den Verdammten?<\/em><\/p>\n\n\n\n<p>Dieses geistliche Klima stand in starkem Gegensatz zur traditionellen Lehre der Kirche, die bekr\u00e4ftigt, dass <strong>Gott will, dass alle Menschen gerettet werden<\/strong>.<\/p>\n\n\n\n<p>Wie die Heilige Schrift erinnert:<\/p>\n\n\n\n<blockquote class=\"wp-block-quote is-layout-flow wp-block-quote-is-layout-flow\">\n<p>\u201eGott will, dass alle Menschen gerettet werden und zur Erkenntnis der Wahrheit gelangen.\u201c<br>\u2014 1 Timotheus 2,4<\/p>\n<\/blockquote>\n\n\n\n<hr class=\"wp-block-separator has-alpha-channel-opacity\"\/>\n\n\n\n<h2 class=\"wp-block-heading\">3. Eine \u00e4u\u00dferst pessimistische Sicht auf den Menschen<\/h2>\n\n\n\n<p>Die Jansenisten betonten radikal die Verderbnis, die durch die Erbs\u00fcnde verursacht wurde.<\/p>\n\n\n\n<p>F\u00fcr sie war <strong>die menschliche Natur so sehr besch\u00e4digt, dass der Mensch fast unf\u00e4hig war, ohne eine besondere Gnade Gottes Gutes zu tun<\/strong>.<\/p>\n\n\n\n<p>Obwohl auch die Kirche die Schwere der Erbs\u00fcnde lehrt, hat sie immer festgehalten, dass die menschliche Natur <strong>nicht zerst\u00f6rt, sondern verwundet<\/strong> wurde.<\/p>\n\n\n\n<p>Dieser Unterschied ist entscheidend.<\/p>\n\n\n\n<p>Der Jansenismus neigte dazu, den Menschen als <strong>fast unheilbar zum B\u00f6sen geneigt<\/strong> zu betrachten, w\u00e4hrend die katholische Theologie darauf besteht, dass der Mensch seine Freiheit und seine F\u00e4higkeit beh\u00e4lt, auf die Gnade zu antworten.<\/p>\n\n\n\n<hr class=\"wp-block-separator has-alpha-channel-opacity\"\/>\n\n\n\n<h1 class=\"wp-block-heading\">Die geistlichen Auswirkungen: Eine Religion, die von Angst beherrscht wird<\/h1>\n\n\n\n<p>Vielleicht lag das schwerwiegendste Problem des Jansenismus nicht nur in seiner Theologie, sondern in <strong>der Spiritualit\u00e4t, die er hervorbrachte<\/strong>.<\/p>\n\n\n\n<p>In vielen Teilen Europas, besonders in Frankreich, entstand eine Form des Christentums, die von st\u00e4ndiger Angst gepr\u00e4gt war.<\/p>\n\n\n\n<h3 class=\"wp-block-heading\">Einige ihrer Folgen waren:<\/h3>\n\n\n\n<p><strong>1. Eine obsessive Angst vor der S\u00fcnde<\/strong><\/p>\n\n\n\n<p>Die Gl\u00e4ubigen entwickelten h\u00e4ufig eine starke geistliche Skrupulosit\u00e4t.<br>Sie pr\u00fcften sich st\u00e4ndig selbst, aus Angst, eine Tods\u00fcnde begangen zu haben.<\/p>\n\n\n\n<p><strong>2. Eine \u00e4u\u00dferst seltene Kommunion<\/strong><\/p>\n\n\n\n<p>Viele Jansenisten waren der Meinung, dass nur fast vollkommen heilige Christen w\u00fcrdig seien, die Eucharistie zu empfangen.<\/p>\n\n\n\n<p>Dies f\u00fchrte dazu, dass Tausende von Gl\u00e4ubigen <strong>nur ein- oder zweimal im Jahr<\/strong> zur Kommunion gingen.<\/p>\n\n\n\n<p><strong>3. Ein strenges Gottesbild<\/strong><\/p>\n\n\n\n<p>Die g\u00f6ttliche Barmherzigkeit wurde von einem Bild Gottes als unerbittlichem Richter \u00fcberschattet.<\/p>\n\n\n\n<p>Doch das Evangelium zeigt ein anderes Bild.<\/p>\n\n\n\n<p>Christus sagt:<\/p>\n\n\n\n<blockquote class=\"wp-block-quote is-layout-flow wp-block-quote-is-layout-flow\">\n<p>\u201eKommt alle zu mir, die ihr m\u00fchselig und beladen seid; ich will euch erquicken.\u201c<br>\u2014 Matth\u00e4us 11,28<\/p>\n<\/blockquote>\n\n\n\n<p>Die zentrale Botschaft des Christentums ist nicht Angst, sondern <strong>Vertrauen in die Barmherzigkeit Gottes<\/strong>.<\/p>\n\n\n\n<hr class=\"wp-block-separator has-alpha-channel-opacity\"\/>\n\n\n\n<h1 class=\"wp-block-heading\">Die Antwort der Kirche<\/h1>\n\n\n\n<p>Die Kirche reagierte entschieden auf diese Ideen.<\/p>\n\n\n\n<p>Mehrere jansenistische Thesen wurden von Papst <strong>Innocent X<\/strong> in der Bulle <strong>Cum Occasione<\/strong> verurteilt.<\/p>\n\n\n\n<p>Sp\u00e4ter bekr\u00e4ftigten andere P\u00e4pste diese Verurteilung erneut, darunter <strong>Alexander VII<\/strong> und <strong>Clement XI<\/strong>, insbesondere durch die Bulle <strong>Unigenitus<\/strong>, die viele jansenistische Lehren endg\u00fcltig zur\u00fcckwies.<\/p>\n\n\n\n<p>Die Kirche verteidigte klar drei grundlegende Prinzipien:<\/p>\n\n\n\n<ol class=\"wp-block-list\">\n<li><strong>Die Gnade Gottes ist notwendig f\u00fcr das Heil.<\/strong><\/li>\n\n\n\n<li><strong>Der Mensch ist frei, mit dieser Gnade mitzuwirken.<\/strong><\/li>\n\n\n\n<li><strong>Gott bietet allen Menschen das Heil an.<\/strong><\/li>\n<\/ol>\n\n\n\n<p>Dieses Gleichgewicht zwischen Gnade und Freiheit ist eine der tragenden S\u00e4ulen der katholischen Theologie.<\/p>\n\n\n\n<hr class=\"wp-block-separator has-alpha-channel-opacity\"\/>\n\n\n\n<h1 class=\"wp-block-heading\">Der Gegensatz zur authentischen katholischen Spiritualit\u00e4t<\/h1>\n\n\n\n<p>Im Gegensatz zum jansenistischen Rigorismus entwickelte die katholische Tradition eine tief ausgewogene Spiritualit\u00e4t.<\/p>\n\n\n\n<p>Die Heiligen lehrten etwas ganz anderes.<\/p>\n\n\n\n<p>Zum Beispiel betonte <strong>Francis de Sales<\/strong>, dass das christliche Leben mit <strong>Vertrauen und Gelassenheit<\/strong> gelebt werden m\u00fcsse, nicht mit l\u00e4hmender Angst.<\/p>\n\n\n\n<p>Sp\u00e4ter f\u00f6rderte <strong>Pius X<\/strong> aktiv die <strong>h\u00e4ufige Kommunion<\/strong>, gerade um der jansenistischen Mentalit\u00e4t entgegenzuwirken, die viele Gl\u00e4ubige gepr\u00e4gt hatte.<\/p>\n\n\n\n<p>Die Eucharistie ist kein Lohn f\u00fcr die Vollkommenen.<\/p>\n\n\n\n<p>Sie ist <strong>eine Medizin f\u00fcr S\u00fcnder<\/strong>.<\/p>\n\n\n\n<hr class=\"wp-block-separator has-alpha-channel-opacity\"\/>\n\n\n\n<h1 class=\"wp-block-heading\">Gibt es heute einen \u201eneuen Jansenismus\u201c?<\/h1>\n\n\n\n<p>Obwohl die historische Bewegung schlie\u00dflich verschwand, warnen viele Seelsorger, dass <strong>die jansenistische Mentalit\u00e4t in jeder Epoche wieder auftauchen kann<\/strong>.<\/p>\n\n\n\n<p>Manchmal zeigt sie sich auf subtile Weise:<\/p>\n\n\n\n<ul class=\"wp-block-list\">\n<li>Christen, die den Glauben in st\u00e4ndiger Angst leben<\/li>\n\n\n\n<li>\u00fcberm\u00e4\u00dfige Furcht, die Sakramente unw\u00fcrdig zu empfangen<\/li>\n\n\n\n<li>das Gef\u00fchl, dass Gott immer zornig sei<\/li>\n\n\n\n<li>Schwierigkeiten, der g\u00f6ttlichen Barmherzigkeit zu vertrauen<\/li>\n<\/ul>\n\n\n\n<p>Doch das Evangelium betont eine wesentliche Wahrheit:<\/p>\n\n\n\n<p>Gott sucht nicht zu verurteilen, sondern zu retten.<\/p>\n\n\n\n<p>Wie der heilige Paulus sagt:<\/p>\n\n\n\n<blockquote class=\"wp-block-quote is-layout-flow wp-block-quote-is-layout-flow\">\n<p>\u201eWo jedoch die S\u00fcnde m\u00e4chtig wurde, da ist die Gnade \u00fcbergro\u00df geworden.\u201c<br>\u2014 R\u00f6mer 5,20<\/p>\n<\/blockquote>\n\n\n\n<hr class=\"wp-block-separator has-alpha-channel-opacity\"\/>\n\n\n\n<h1 class=\"wp-block-heading\">Geistliche Lehren f\u00fcr unsere Zeit<\/h1>\n\n\n\n<p>Die Geschichte des Jansenismus hinterl\u00e4sst uns wichtige Lehren f\u00fcr das christliche Leben heute.<\/p>\n\n\n\n<h3 class=\"wp-block-heading\">1. Der Glaube kann nicht aus Angst gelebt werden<\/h3>\n\n\n\n<p>Die Gottesfurcht ist Ehrfurcht, nicht Panik.<\/p>\n\n\n\n<p>Das Christentum ist keine Religion der Angst.<\/p>\n\n\n\n<p>Es ist eine Religion der Hoffnung.<\/p>\n\n\n\n<hr class=\"wp-block-separator has-alpha-channel-opacity\"\/>\n\n\n\n<h3 class=\"wp-block-heading\">2. Die Barmherzigkeit ist das Herz des Evangeliums<\/h3>\n\n\n\n<p>Christus verbrachte einen gro\u00dfen Teil seines Wirkens <strong>damit, S\u00fcndern zu vergeben<\/strong>.<\/p>\n\n\n\n<p>Wenn Gott so unzug\u00e4nglich w\u00e4re, wie einige Jansenisten es sich vorstellten, w\u00fcrde das Evangelium seinen Sinn verlieren.<\/p>\n\n\n\n<hr class=\"wp-block-separator has-alpha-channel-opacity\"\/>\n\n\n\n<h3 class=\"wp-block-heading\">3. Die Eucharistie ist Nahrung f\u00fcr den Weg<\/h3>\n\n\n\n<p>Wir sollten uns nicht aus \u00fcberm\u00e4\u00dfiger Angst vom Sakrament fernhalten.<\/p>\n\n\n\n<p>Die Kirche hat immer gelehrt, dass die h\u00e4ufige Kommunion <strong>die Seele st\u00e4rkt und uns hilft, in der Heiligkeit zu wachsen<\/strong>.<\/p>\n\n\n\n<hr class=\"wp-block-separator has-alpha-channel-opacity\"\/>\n\n\n\n<h3 class=\"wp-block-heading\">4. Gleichgewicht ist im geistlichen Leben entscheidend<\/h3>\n\n\n\n<p>Die katholische Tradition hat stets versucht, zwei Wahrheiten miteinander zu verbinden:<\/p>\n\n\n\n<ul class=\"wp-block-list\">\n<li>die Ernsthaftigkeit der S\u00fcnde<\/li>\n\n\n\n<li>die Unermesslichkeit der g\u00f6ttlichen Barmherzigkeit<\/li>\n<\/ul>\n\n\n\n<p>Diese beiden Wirklichkeiten voneinander zu trennen f\u00fchrt zu Verzerrungen.<\/p>\n\n\n\n<hr class=\"wp-block-separator has-alpha-channel-opacity\"\/>\n\n\n\n<h1 class=\"wp-block-heading\">Eine letzte Einladung: Den Glauben im Vertrauen leben<\/h1>\n\n\n\n<p>Die Geschichte des Jansenismus erinnert uns an etwas Grundlegendes: Selbst innerhalb der Kirche k\u00f6nnen unausgewogene Interpretationen entstehen, die das liebevolle Gesicht Gottes verdunkeln.<\/p>\n\n\n\n<p>Doch die Botschaft des Evangeliums bleibt unver\u00e4ndert.<\/p>\n\n\n\n<p>Christus ist nicht gekommen, um geistlichen Schrecken zu verbreiten.<\/p>\n\n\n\n<p>Er ist gekommen, um die T\u00fcren der Gnade zu \u00f6ffnen.<\/p>\n\n\n\n<p>Wie der Apostel Johannes schreibt:<\/p>\n\n\n\n<blockquote class=\"wp-block-quote is-layout-flow wp-block-quote-is-layout-flow\">\n<p>\u201eFurcht gibt es in der Liebe nicht; die vollkommene Liebe vertreibt die Furcht.\u201c<br>\u2014 1 Johannes 4,18<\/p>\n<\/blockquote>\n\n\n\n<p>Deshalb ist der authentische christliche Weg kein verzweifelter Wettlauf, um der Verdammnis zu entgehen.<\/p>\n\n\n\n<p>Er ist <strong>eine vertrauensvolle Pilgerreise zum barmherzigen Herzen Gottes<\/strong>.<\/p>\n\n\n\n<p>Und wenn wir das verstehen, h\u00f6rt der Glaube auf, eine schwere Last zu sein, und wird zu dem, was er immer sein sollte:<\/p>\n\n\n\n<p><strong>ein Leben, getragen von Gnade, Hoffnung und Liebe.<\/strong><\/p>\n","protected":false},"excerpt":{"rendered":"<p>Im Laufe der Geschichte der Kirche sind Bewegungen entstanden, die zwar aus einem aufrichtigen Wunsch heraus geboren wurden, den Glauben zu verteidigen, aber schlie\u00dflich zu unausgewogenen Auslegungen des Evangeliums f\u00fchrten. Einer der wichtigsten \u2014 und zugleich dramatischsten \u2014 F\u00e4lle war der Jansenismus, eine geistliche und theologische Str\u00f6mung, die das christliche Leben in Europa im 17. &hellip;<\/p>\n","protected":false},"author":3,"featured_media":5260,"comment_status":"closed","ping_status":"closed","sticky":false,"template":"","format":"standard","meta":{"_seopress_robots_primary_cat":"","_seopress_titles_title":"","_seopress_titles_desc":"","_seopress_robots_index":"","footnotes":""},"categories":[48,38],"tags":[1895],"class_list":["post-5259","post","type-post","status-publish","format-standard","has-post-thumbnail","","category-geschichte-der-kirche","category-geschichte-und-tradition","tag-jansenismus"],"_links":{"self":[{"href":"https:\/\/catholicus.eu\/de\/wp-json\/wp\/v2\/posts\/5259","targetHints":{"allow":["GET"]}}],"collection":[{"href":"https:\/\/catholicus.eu\/de\/wp-json\/wp\/v2\/posts"}],"about":[{"href":"https:\/\/catholicus.eu\/de\/wp-json\/wp\/v2\/types\/post"}],"author":[{"embeddable":true,"href":"https:\/\/catholicus.eu\/de\/wp-json\/wp\/v2\/users\/3"}],"replies":[{"embeddable":true,"href":"https:\/\/catholicus.eu\/de\/wp-json\/wp\/v2\/comments?post=5259"}],"version-history":[{"count":1,"href":"https:\/\/catholicus.eu\/de\/wp-json\/wp\/v2\/posts\/5259\/revisions"}],"predecessor-version":[{"id":5261,"href":"https:\/\/catholicus.eu\/de\/wp-json\/wp\/v2\/posts\/5259\/revisions\/5261"}],"wp:featuredmedia":[{"embeddable":true,"href":"https:\/\/catholicus.eu\/de\/wp-json\/wp\/v2\/media\/5260"}],"wp:attachment":[{"href":"https:\/\/catholicus.eu\/de\/wp-json\/wp\/v2\/media?parent=5259"}],"wp:term":[{"taxonomy":"category","embeddable":true,"href":"https:\/\/catholicus.eu\/de\/wp-json\/wp\/v2\/categories?post=5259"},{"taxonomy":"post_tag","embeddable":true,"href":"https:\/\/catholicus.eu\/de\/wp-json\/wp\/v2\/tags?post=5259"}],"curies":[{"name":"wp","href":"https:\/\/api.w.org\/{rel}","templated":true}]}}