{"id":5250,"date":"2026-03-13T18:04:54","date_gmt":"2026-03-13T17:04:54","guid":{"rendered":"https:\/\/catholicus.eu\/de\/?p=5250"},"modified":"2026-03-13T18:04:54","modified_gmt":"2026-03-13T17:04:54","slug":"vom-martyrium-der-makkabaeer-zum-kreuz-die-ueberraschende-und-vergessene-verbindung-die-die-karwoche-erhellt","status":"publish","type":"post","link":"https:\/\/catholicus.eu\/de\/vom-martyrium-der-makkabaeer-zum-kreuz-die-ueberraschende-und-vergessene-verbindung-die-die-karwoche-erhellt\/","title":{"rendered":"Vom Martyrium der Makkab\u00e4er zum Kreuz: Die \u00fcberraschende und vergessene Verbindung, die die Karwoche erhellt"},"content":{"rendered":"\n<p>Wenn <strong>die Karwoche<\/strong> kommt, denken die meisten Christen sofort an die letzten Tage Jesu: den Einzug in Jerusalem, das Letzte Abendmahl, die Passion und die Auferstehung. Doch Jahrhunderte bevor Christus seinen Weg nach Golgatha ging, gab es eine j\u00fcdische Familie, die etwas erlebte, das wie eine Vorwegnahme des Geheimnisses des Kreuzes wirkt: <strong>die Makkab\u00e4er<\/strong>.<\/p>\n\n\n\n<p>Die Geschichte, die in den B\u00fcchern Erstes Buch der Makkab\u00e4er und Zweites Buch der Makkab\u00e4er erz\u00e4hlt wird, ist nicht nur ein heroischer Bericht \u00fcber religi\u00f6sen Widerstand. F\u00fcr die katholische Tradition ist sie <strong>eine echte geistliche Vorbereitung, um das Opfer Christi zu verstehen<\/strong>.<\/p>\n\n\n\n<p>Erstaunlicherweise kennen viele moderne Christen diese Verbindung nicht. Einer der historischen Gr\u00fcnde daf\u00fcr ist, dass diese B\u00fccher <strong>im 16. Jahrhundert von den protestantischen Reformatoren aus dem biblischen Kanon entfernt wurden<\/strong>, wodurch ganze Generationen ein entscheidendes Element zum Verst\u00e4ndnis des Glaubens verloren haben.<\/p>\n\n\n\n<p>Heute wollen wir diese tiefe Beziehung wiederentdecken \u2014<\/p>\n\n\n\n<ul class=\"wp-block-list\">\n<li>historisch<\/li>\n\n\n\n<li>theologisch<\/li>\n\n\n\n<li>geistlich<\/li>\n<\/ul>\n\n\n\n<p>\u2014 und sehen, <strong>wie die Erfahrung der Makkab\u00e4er die Karwoche und unser christliches Leben heute erhellt<\/strong>.<\/p>\n\n\n\n<hr class=\"wp-block-separator has-alpha-channel-opacity\"\/>\n\n\n\n<h1 class=\"wp-block-heading\">1. Eine Geschichte der Verfolgung, die das Kreuz vorwegnimmt<\/h1>\n\n\n\n<h2 class=\"wp-block-heading\">Der historische Kontext<\/h2>\n\n\n\n<p>Im zweiten Jahrhundert vor Christus lebte das Volk Israel unter der Herrschaft des Seleukidenreiches. Der K\u00f6nig Antiochus IV. Epiphanes versuchte, den j\u00fcdischen Glauben auszurotten, indem er heidnische Praktiken einf\u00fchrte und das Gesetz Gottes verbot.<\/p>\n\n\n\n<p>Verboten wurden:<\/p>\n\n\n\n<ul class=\"wp-block-list\">\n<li>die Beschneidung<\/li>\n\n\n\n<li>der Sabbat<\/li>\n\n\n\n<li>das Lesen der Tora<\/li>\n\n\n\n<li>der Gottesdienst im Tempel<\/li>\n<\/ul>\n\n\n\n<p>Sogar der Tempel in Jerusalem wurde mit heidnischen Opfern entweiht.<\/p>\n\n\n\n<p>In diesem Kontext trat eine priesterliche Familie auf, angef\u00fchrt von Mattathias der Hasmon\u00e4er und seinen S\u00f6hnen, darunter der ber\u00fchmte Judas Makkab\u00e4us.<\/p>\n\n\n\n<p>Sie f\u00fchrten einen Aufstand an, der nicht nur politisch, sondern <strong>religi\u00f6s<\/strong> war: die Treue zu Gott angesichts des Abfalls zu verteidigen.<\/p>\n\n\n\n<p>Doch mehr als der Krieg selbst pr\u00e4gte etwas anderes die j\u00fcdische Spiritualit\u00e4t tief: <strong>das Zeugnis der M\u00e4rtyrer<\/strong>.<\/p>\n\n\n\n<hr class=\"wp-block-separator has-alpha-channel-opacity\"\/>\n\n\n\n<h1 class=\"wp-block-heading\">2. Das Martyrium der Makkab\u00e4er: Ein Vorspiel zu Golgatha<\/h1>\n\n\n\n<p>Kapitel 7 des Zweites Buch der Makkab\u00e4er berichtet eine der eindrucksvollsten Szenen der Bibel: das Martyrium einer Mutter und ihrer sieben S\u00f6hne, weil sie sich weigerten, das Gesetz Gottes zu brechen.<\/p>\n\n\n\n<p>Einer nach dem anderen wird vor den Augen der Mutter gefoltert und get\u00f6tet.<\/p>\n\n\n\n<p>Einer der S\u00f6hne ruft aus:<\/p>\n\n\n\n<blockquote class=\"wp-block-quote is-layout-flow wp-block-quote-is-layout-flow\">\n<p>\u201eDu Verbrecher, du nimmst uns zwar dieses gegenw\u00e4rtige Leben, aber der K\u00f6nig der Welt wird uns, die wir f\u00fcr seine Gesetze sterben, zu einem ewigen Leben auferwecken.\u201c<br>(2 Makkab\u00e4er 7,9)<\/p>\n<\/blockquote>\n\n\n\n<p>Dieser Abschnitt enth\u00e4lt etwas Au\u00dfergew\u00f6hnliches: <strong>eine klare Bekr\u00e4ftigung der zuk\u00fcnftigen Auferstehung<\/strong>, Jahrhunderte vor Christus.<\/p>\n\n\n\n<p>Hier erscheint eine zentrale Idee, die sp\u00e4ter im Geheimnis der Karwoche entscheidend sein wird:<\/p>\n\n\n\n<p><strong>Leiden, das aus Treue zu Gott angenommen wird, ist keine Niederlage, sondern ein Weg zum Leben.<\/strong><\/p>\n\n\n\n<p>Ist das nicht genau das, was auf Golgatha geschieht?<\/p>\n\n\n\n<hr class=\"wp-block-separator has-alpha-channel-opacity\"\/>\n\n\n\n<h1 class=\"wp-block-heading\">3. Die Makkab\u00e4er bereiten das Herz darauf vor, Christus zu verstehen<\/h1>\n\n\n\n<p>Als Jesus in das Jerusalem des Evangelium nach Matth\u00e4us kommt, besitzt das j\u00fcdische Volk bereits ein langes geistliches Ged\u00e4chtnis, gepr\u00e4gt von:<\/p>\n\n\n\n<ul class=\"wp-block-list\">\n<li>Verfolgungen<\/li>\n\n\n\n<li>M\u00e4rtyrertum<\/li>\n\n\n\n<li>Treue zum Gesetz<\/li>\n\n\n\n<li>Hoffnung auf die Auferstehung<\/li>\n<\/ul>\n\n\n\n<p>Die Makkab\u00e4er halfen, diese geistige Haltung zu formen.<\/p>\n\n\n\n<p>Darum sahen die ersten Christen in ihnen <strong>eine Vorwegnahme des Opfers Christi<\/strong>.<\/p>\n\n\n\n<h3 class=\"wp-block-heading\">Drei erstaunliche Parallelen<\/h3>\n\n\n\n<p><strong>1. Treue bis zum Tod<\/strong><\/p>\n\n\n\n<p>Die Makkab\u00e4er sterben, statt das Gesetz zu verraten.<br>Christus stirbt, statt die Sendung des Vaters aufzugeben.<\/p>\n\n\n\n<p><strong>2. Erl\u00f6sendes Leiden<\/strong><\/p>\n\n\n\n<p>Die M\u00e4rtyrer geben ihr Leben f\u00fcr das Volk hin.<br>Christus gibt sein Leben <strong>f\u00fcr die ganze Menschheit<\/strong>.<\/p>\n\n\n\n<p><strong>3. Hoffnung auf die Auferstehung<\/strong><\/p>\n\n\n\n<p>Die Makkab\u00e4er verk\u00fcnden, dass Gott das Leben wiedergeben wird.<br>Christus <strong>besiegt den Tod wirklich in der Auferstehung<\/strong>.<\/p>\n\n\n\n<p>Die Geschichte der Makkab\u00e4er ist wie <strong>eine gelebte Prophezeiung<\/strong> des Pascha-Mysteriums.<\/p>\n\n\n\n<hr class=\"wp-block-separator has-alpha-channel-opacity\"\/>\n\n\n\n<h1 class=\"wp-block-heading\">4. Eine der biblischen Grundlagen f\u00fcr das Gebet f\u00fcr die Verstorbenen<\/h1>\n\n\n\n<p>Es gibt noch eine weitere Schl\u00fcsselstelle, die direkt mit der katholischen Spiritualit\u00e4t verbunden ist.<\/p>\n\n\n\n<p>In Kapitel 12 des Zweites Buch der Makkab\u00e4er ordnet Judas Makkab\u00e4us an, Opfer f\u00fcr gefallene Soldaten darzubringen, damit ihre S\u00fcnden vergeben werden.<\/p>\n\n\n\n<p>Der Text sagt:<\/p>\n\n\n\n<blockquote class=\"wp-block-quote is-layout-flow wp-block-quote-is-layout-flow\">\n<p>\u201eDarum lie\u00df er ein S\u00fchnopfer f\u00fcr die Toten darbringen, damit sie von ihrer S\u00fcnde befreit w\u00fcrden.\u201c<br>(2 Makkab\u00e4er 12,46)<\/p>\n<\/blockquote>\n\n\n\n<p>Dieser Vers ist grundlegend, weil er Praktiken unterst\u00fctzt, die in der Kirche bis heute lebendig sind:<\/p>\n\n\n\n<ul class=\"wp-block-list\">\n<li>f\u00fcr die Verstorbenen beten<\/li>\n\n\n\n<li>Messen f\u00fcr die Seelen der Verstorbenen darbringen<\/li>\n\n\n\n<li>die Lehre vom Fegefeuer<\/li>\n<\/ul>\n\n\n\n<p>W\u00e4hrend der <strong>Karwoche<\/strong>, besonders am Karfreitag, beten Christen f\u00fcr die ganze Menschheit, die durch das Kreuz Christi erl\u00f6st wurde. Diese geistliche Sensibilit\u00e4t <strong>war bereits bei den Makkab\u00e4ern vorhanden<\/strong>.<\/p>\n\n\n\n<hr class=\"wp-block-separator has-alpha-channel-opacity\"\/>\n\n\n\n<h1 class=\"wp-block-heading\">5. Warum entfernten die Protestanten die Makkab\u00e4er aus der Bibel?<\/h1>\n\n\n\n<p>Dieser Punkt wirft oft viele Fragen auf.<\/p>\n\n\n\n<p>W\u00e4hrend der Reformation im 16. Jahrhundert entschied Martin Luther, mehrere B\u00fccher aus dem Alten Testament zu entfernen, die seit den ersten Jahrhunderten Teil der christlichen Bibel gewesen waren.<\/p>\n\n\n\n<p>Dazu geh\u00f6rten:<\/p>\n\n\n\n<ul class=\"wp-block-list\">\n<li>Tobit<\/li>\n\n\n\n<li>Judit<\/li>\n\n\n\n<li>Weisheit<\/li>\n\n\n\n<li>Jesus Sirach<\/li>\n\n\n\n<li>Baruch<\/li>\n\n\n\n<li><strong>1 und 2 Makkab\u00e4er<\/strong><\/li>\n<\/ul>\n\n\n\n<p>Diese B\u00fccher werden heute <strong>deuterokanonische B\u00fccher<\/strong> genannt.<\/p>\n\n\n\n<h3 class=\"wp-block-heading\">Warum wurden sie entfernt?<\/h3>\n\n\n\n<p>Vor allem aus drei Gr\u00fcnden.<\/p>\n\n\n\n<p><strong>1. Sie geh\u00f6rten nicht zum sp\u00e4teren hebr\u00e4ischen Kanon<\/strong><\/p>\n\n\n\n<p>J\u00fcdische Rabbiner legten im ersten Jahrhundert (nach der Zerst\u00f6rung des Tempels) einen engeren Kanon in hebr\u00e4ischer Sprache fest. Luther entschied sich, diesem Kanon zu folgen.<\/p>\n\n\n\n<p>Die Christen hingegen benutzten von Anfang an <strong>die griechische Bibel, die Septuaginta<\/strong>, die diese B\u00fccher enthielt.<\/p>\n\n\n\n<p><strong>2. Theologische Meinungsverschiedenheiten<\/strong><\/p>\n\n\n\n<p>Einige Texte unterst\u00fctzen katholische Lehren, die Luther ablehnte:<\/p>\n\n\n\n<ul class=\"wp-block-list\">\n<li>Gebet f\u00fcr die Verstorbenen<\/li>\n\n\n\n<li>Verdienst der guten Werke<\/li>\n\n\n\n<li>F\u00fcrbitte<\/li>\n<\/ul>\n\n\n\n<p>Besonders <strong>2 Makkab\u00e4er 12<\/strong> stand im Widerspruch zu seiner Theologie.<\/p>\n\n\n\n<p><strong>3. Tradition gegen Interpretation<\/strong><\/p>\n\n\n\n<p>Die katholische Kirche best\u00e4tigte diese B\u00fccher offiziell als inspiriert auf dem Konzil von Trient im Jahr 1546 und bekr\u00e4ftigte damit eine Tradition, die bereits seit den ersten Jahrhunderten des Christentums bestand.<\/p>\n\n\n\n<hr class=\"wp-block-separator has-alpha-channel-opacity\"\/>\n\n\n\n<h1 class=\"wp-block-heading\">6. Die geistliche Botschaft der Makkab\u00e4er f\u00fcr Christen heute<\/h1>\n\n\n\n<p>Jenseits der historischen Debatte ist die Botschaft der Makkab\u00e4er zutiefst aktuell.<\/p>\n\n\n\n<p>Wir leben in einer Kultur, die Christen oft dazu dr\u00e4ngt:<\/p>\n\n\n\n<ul class=\"wp-block-list\">\n<li>ihren Glauben zu relativieren<\/li>\n\n\n\n<li>ihre religi\u00f6sen \u00dcberzeugungen zu verbergen<\/li>\n\n\n\n<li>sich an Werte anzupassen, die dem Evangelium widersprechen<\/li>\n<\/ul>\n\n\n\n<p>Die Geschichte der Makkab\u00e4er erinnert uns an eine grundlegende Wahrheit:<\/p>\n\n\n\n<p><strong>Treue zu Gott hat immer ihren Preis.<\/strong><\/p>\n\n\n\n<p>Jesus selbst sagte:<\/p>\n\n\n\n<blockquote class=\"wp-block-quote is-layout-flow wp-block-quote-is-layout-flow\">\n<p>\u201eWer mein J\u00fcnger sein will, der verleugne sich selbst, nehme sein Kreuz auf sich und folge mir nach.\u201c<br>(Matth\u00e4us 16,24)<\/p>\n<\/blockquote>\n\n\n\n<p>Die Makkab\u00e4er nahmen ihr Kreuz auf sich, noch bevor das Kreuz als christliches Symbol existierte.<\/p>\n\n\n\n<hr class=\"wp-block-separator has-alpha-channel-opacity\"\/>\n\n\n\n<h1 class=\"wp-block-heading\">7. Wie man den Geist der Makkab\u00e4er w\u00e4hrend der Karwoche lebt<\/h1>\n\n\n\n<p>Die Verbindung zur Karwoche ist nicht nur historisch; sie ist zutiefst geistlich.<\/p>\n\n\n\n<p>Hier sind einige praktische Wege, sie zu leben.<\/p>\n\n\n\n<h3 class=\"wp-block-heading\">1. Den Wert des Opfers wiederentdecken<\/h3>\n\n\n\n<p>Die moderne Welt flieht vor dem Leiden, doch der christliche Glaube verwandelt es in Liebe, die Gott dargebracht wird.<\/p>\n\n\n\n<p>Kleine t\u00e4gliche Opfer k\u00f6nnen zu Gebet werden.<\/p>\n\n\n\n<hr class=\"wp-block-separator has-alpha-channel-opacity\"\/>\n\n\n\n<h3 class=\"wp-block-heading\">2. Den Glauben mit Mut verteidigen<\/h3>\n\n\n\n<p>Die Makkab\u00e4er lehren uns, dass der Glaube nicht nur etwas Privates ist.<\/p>\n\n\n\n<p>Manchmal bedeutet er, gegen den kulturellen Strom zu schwimmen.<\/p>\n\n\n\n<hr class=\"wp-block-separator has-alpha-channel-opacity\"\/>\n\n\n\n<h3 class=\"wp-block-heading\">3. Mit Hoffnung auf die Auferstehung leben<\/h3>\n\n\n\n<p>Die Karwoche endet nicht am Karfreitag.<\/p>\n\n\n\n<p>Sie endet mit <strong>Ostern<\/strong>.<\/p>\n\n\n\n<p>Die Makkab\u00e4er erahnten diese Hoffnung bereits Jahrhunderte zuvor.<\/p>\n\n\n\n<hr class=\"wp-block-separator has-alpha-channel-opacity\"\/>\n\n\n\n<h1 class=\"wp-block-heading\">8. Eine Geschichte, die das Herz auf Christus vorbereitet<\/h1>\n\n\n\n<p>Die Geschichte der Makkab\u00e4er erinnert uns daran, dass <strong>Gott die Geschichte \u00fcber Jahrhunderte hinweg vorbereitet<\/strong>.<\/p>\n\n\n\n<p>Bevor Jesus am Kreuz starb:<\/p>\n\n\n\n<ul class=\"wp-block-list\">\n<li>gab es M\u00e4rtyrer, die ihr Leben hingaben<\/li>\n\n\n\n<li>gab es Gl\u00e4ubige, die auf die Auferstehung hofften<\/li>\n\n\n\n<li>gab es M\u00e4nner und Frauen, die Gott \u00fcber den Komfort stellten<\/li>\n<\/ul>\n\n\n\n<p>Wenn wir also w\u00e4hrend der Karwoche Golgatha betrachten, k\u00f6nnen wir etwas Tieferes verstehen:<\/p>\n\n\n\n<p>Das Kreuz erschien nicht pl\u00f6tzlich in der Geschichte.<\/p>\n\n\n\n<p>Es war <strong>die Erf\u00fcllung einer langen g\u00f6ttlichen P\u00e4dagogik<\/strong>.<\/p>\n\n\n\n<p>Die Makkab\u00e4er geh\u00f6ren zu den heroischsten Seiten dieser Vorbereitung.<\/p>\n\n\n\n<hr class=\"wp-block-separator has-alpha-channel-opacity\"\/>\n\n\n\n<h1 class=\"wp-block-heading\">Schluss: Das makkab\u00e4ische Echo in jedem Christen<\/h1>\n\n\n\n<p>Jedes Mal, wenn ein Christ inmitten von Schwierigkeiten treu bleibt, lebt der Geist der Makkab\u00e4er weiter.<\/p>\n\n\n\n<p>Jedes Mal, wenn jemand sein Leiden mit Christus vereint darbringt, wird das Geheimnis des Kreuzes gegenw\u00e4rtig.<\/p>\n\n\n\n<p>Und jedes Mal, wenn wir die <strong>Auferstehung<\/strong> feiern, erinnern wir uns an die Hoffnung, die ein junger M\u00e4rtyrer Jahrhunderte vor Jesus verk\u00fcndete:<\/p>\n\n\n\n<blockquote class=\"wp-block-quote is-layout-flow wp-block-quote-is-layout-flow\">\n<p>\u201eDer K\u00f6nig der Welt wird uns zu einem ewigen Leben auferwecken.\u201c<\/p>\n<\/blockquote>\n\n\n\n<p>Die Geschichte der Makkab\u00e4er ist nicht nur alte Geschichte.<\/p>\n\n\n\n<p>Sie ist <strong>ein lebendiger Aufruf, einen mutigen, tiefen und wahrhaft \u00f6sterlichen Glauben zu leben<\/strong>.<\/p>\n","protected":false},"excerpt":{"rendered":"<p>Wenn die Karwoche kommt, denken die meisten Christen sofort an die letzten Tage Jesu: den Einzug in Jerusalem, das Letzte Abendmahl, die Passion und die Auferstehung. Doch Jahrhunderte bevor Christus seinen Weg nach Golgatha ging, gab es eine j\u00fcdische Familie, die etwas erlebte, das wie eine Vorwegnahme des Geheimnisses des Kreuzes wirkt: die Makkab\u00e4er. Die &hellip;<\/p>\n","protected":false},"author":3,"featured_media":5251,"comment_status":"closed","ping_status":"closed","sticky":false,"template":"","format":"standard","meta":{"_seopress_robots_primary_cat":"","_seopress_titles_title":"","_seopress_titles_desc":"","_seopress_robots_index":"","footnotes":""},"categories":[45,37],"tags":[1893],"class_list":["post-5250","post","type-post","status-publish","format-standard","has-post-thumbnail","","category-heilige-schrift","category-lehre-und-glaube","tag-makkabaeer"],"_links":{"self":[{"href":"https:\/\/catholicus.eu\/de\/wp-json\/wp\/v2\/posts\/5250","targetHints":{"allow":["GET"]}}],"collection":[{"href":"https:\/\/catholicus.eu\/de\/wp-json\/wp\/v2\/posts"}],"about":[{"href":"https:\/\/catholicus.eu\/de\/wp-json\/wp\/v2\/types\/post"}],"author":[{"embeddable":true,"href":"https:\/\/catholicus.eu\/de\/wp-json\/wp\/v2\/users\/3"}],"replies":[{"embeddable":true,"href":"https:\/\/catholicus.eu\/de\/wp-json\/wp\/v2\/comments?post=5250"}],"version-history":[{"count":1,"href":"https:\/\/catholicus.eu\/de\/wp-json\/wp\/v2\/posts\/5250\/revisions"}],"predecessor-version":[{"id":5252,"href":"https:\/\/catholicus.eu\/de\/wp-json\/wp\/v2\/posts\/5250\/revisions\/5252"}],"wp:featuredmedia":[{"embeddable":true,"href":"https:\/\/catholicus.eu\/de\/wp-json\/wp\/v2\/media\/5251"}],"wp:attachment":[{"href":"https:\/\/catholicus.eu\/de\/wp-json\/wp\/v2\/media?parent=5250"}],"wp:term":[{"taxonomy":"category","embeddable":true,"href":"https:\/\/catholicus.eu\/de\/wp-json\/wp\/v2\/categories?post=5250"},{"taxonomy":"post_tag","embeddable":true,"href":"https:\/\/catholicus.eu\/de\/wp-json\/wp\/v2\/tags?post=5250"}],"curies":[{"name":"wp","href":"https:\/\/api.w.org\/{rel}","templated":true}]}}