{"id":5241,"date":"2026-03-12T22:48:04","date_gmt":"2026-03-12T21:48:04","guid":{"rendered":"https:\/\/catholicus.eu\/de\/?p=5241"},"modified":"2026-03-12T22:48:05","modified_gmt":"2026-03-12T21:48:05","slug":"wie-kloester-die-europaeische-zivilisation-retteten","status":"publish","type":"post","link":"https:\/\/catholicus.eu\/de\/wie-kloester-die-europaeische-zivilisation-retteten\/","title":{"rendered":"Wie Kl\u00f6ster die europ\u00e4ische Zivilisation retteten"},"content":{"rendered":"\n<h2 class=\"wp-block-heading\">Eine Geschichte von Glauben, Kultur und Hoffnung f\u00fcr unsere Zeit<\/h2>\n\n\n\n<p>Wenn wir heute durch Europa gehen \u2013 von einer kleinen Dorfkirche bis zu einer gro\u00dfen Kathedrale \u2013 denken wir selten daran, dass ein gro\u00dfer Teil unserer Zivilisation dank Gemeinschaften von M\u00e4nnern und Frauen \u00fcberlebt hat, die sich f\u00fcr Stille, Gebet und dem\u00fctige Arbeit entschieden haben.<\/p>\n\n\n\n<p>Doch w\u00e4hrend der Jahrhunderte der Krise nach dem Fall des R\u00f6mischen Reiches waren es gerade die christlichen Kl\u00f6ster, die den Glauben, die Kultur, das Wissen und sogar die Grundlagen des europ\u00e4ischen gesellschaftlichen Lebens bewahrten. Mitten im Chaos errichteten die M\u00f6nche Oasen des Gebets und der Weisheit, die schlie\u00dflich die westliche Zivilisation pr\u00e4gten.<\/p>\n\n\n\n<p>Die Geschichte der Kl\u00f6ster ist nicht nur eine mittelalterliche Kuriosit\u00e4t. Sie ist eine zutiefst aktuelle geistliche Lektion: Wenn die Welt auseinanderzufallen scheint, handelt Gott oft durch kleine, treue Gemeinschaften.<\/p>\n\n\n\n<p>Dieser Artikel beleuchtet diese Geschichte aus einer <strong>historischen, theologischen und pastoralen Perspektive<\/strong> und l\u00e4dt uns ein, eine wichtige Frage zu stellen:<br>Was k\u00f6nnen wir heute vom monastischen Geist lernen?<\/p>\n\n\n\n<hr class=\"wp-block-separator has-alpha-channel-opacity\"\/>\n\n\n\n<h1 class=\"wp-block-heading\">1. Europa nach Rom: eine Welt am Rand des Zusammenbruchs<\/h1>\n\n\n\n<p>Im 5. Jahrhundert brach das Westr\u00f6mische Reich unter dem Druck von Invasionen, politischen Krisen und innerem Verfall zusammen. St\u00e4dte entv\u00f6lkerten sich, Handelsnetzwerke verschwanden und Bildung verschwand in vielen Regionen nahezu vollst\u00e4ndig.<\/p>\n\n\n\n<p>In diesem Kontext blieb <strong>die Kirche die einzige stabile Institution, die den Zusammenbruch der r\u00f6mischen Welt \u00fcberlebte<\/strong>.<\/p>\n\n\n\n<p>Unter allen kirchlichen Einrichtungen wurden die Kl\u00f6ster zu echten Zentren des kulturellen und geistlichen Wiederaufbaus.<\/p>\n\n\n\n<p>Innerhalb ihrer Mauern geschah etwas Au\u00dfergew\u00f6hnliches.<\/p>\n\n\n\n<p>W\u00e4hrend drau\u00dfen Kriege und V\u00f6lkerwanderungen tobten, wurden in den Kl\u00f6stern Psalmen gebetet, B\u00fccher abgeschrieben und Felder bestellt.<\/p>\n\n\n\n<p>Die M\u00f6nche versuchten nicht, die Zivilisation zu retten.<br>Sie wollten einfach <strong>Gott suchen<\/strong>.<\/p>\n\n\n\n<p>Und genau deshalb retteten sie sie am Ende.<\/p>\n\n\n\n<hr class=\"wp-block-separator has-alpha-channel-opacity\"\/>\n\n\n\n<h1 class=\"wp-block-heading\">2. Die Geburt des M\u00f6nchtums: Gott \u00fcber alles suchen<\/h1>\n\n\n\n<p>Das christliche M\u00f6nchtum entstand lange vor dem Mittelalter. Seine Wurzeln reichen bis in die ersten Jahrhunderte des Christentums zur\u00fcck.<\/p>\n\n\n\n<p>Viele Gl\u00e4ubige wollten das Evangelium radikal leben und Christus in Armut, Keuschheit und Gehorsam nachahmen. Einige zogen sich in die W\u00fcste zur\u00fcck, um ihr Leben dem Gebet zu widmen.<\/p>\n\n\n\n<p>Eine der einflussreichsten Gestalten war <strong>der heilige Benedikt von Nursia<\/strong>, der als Vater des westlichen M\u00f6nchtums gilt.<\/p>\n\n\n\n<p>Seine ber\u00fchmte Lebensregel schlug ein Gleichgewicht vor, das die Geschichte Europas pr\u00e4gen sollte:<\/p>\n\n\n\n<p><strong>\u201eOra et labora\u201c<\/strong><br>(\u201eBete und arbeite\u201c).<\/p>\n\n\n\n<p>Die Benediktregel strukturierte das t\u00e4gliche Leben um:<\/p>\n\n\n\n<ul class=\"wp-block-list\">\n<li>liturgisches Gebet<\/li>\n\n\n\n<li>k\u00f6rperliche Arbeit<\/li>\n\n\n\n<li>geistliche Lesung<\/li>\n\n\n\n<li>Gemeinschaftsleben<\/li>\n<\/ul>\n\n\n\n<p>Diese Struktur verbreitete sich in ganz Europa und wurde \u00fcber Jahrhunderte zum Modell des monastischen Lebens.<\/p>\n\n\n\n<p>Doch das Wichtigste war nicht die Organisation.<\/p>\n\n\n\n<p>Es war das geistliche Ziel:<br><strong>Gott \u00fcber alles zu suchen<\/strong>.<\/p>\n\n\n\n<hr class=\"wp-block-separator has-alpha-channel-opacity\"\/>\n\n\n\n<h1 class=\"wp-block-heading\">3. Kl\u00f6ster als H\u00fcter der Kultur<\/h1>\n\n\n\n<p>Einer der au\u00dfergew\u00f6hnlichsten Beitr\u00e4ge der Kl\u00f6ster war die <strong>Bewahrung des Wissens<\/strong>.<\/p>\n\n\n\n<p>In den Kl\u00f6stern gab es besondere R\u00e4ume, die <strong>Scriptoria<\/strong> genannt wurden, in denen M\u00f6nche Manuskripte von Hand abschrieben.<\/p>\n\n\n\n<p>Sie kopierten:<\/p>\n\n\n\n<ul class=\"wp-block-list\">\n<li>die Bibel<\/li>\n\n\n\n<li>die Schriften der Kirchenv\u00e4ter<\/li>\n\n\n\n<li>Werke der griechischen Philosophie<\/li>\n\n\n\n<li>r\u00f6mische wissenschaftliche Abhandlungen<\/li>\n\n\n\n<li>historische Texte<\/li>\n<\/ul>\n\n\n\n<p>Dass wir heute Autoren wie Cicero, Vergil oder Aristoteles kennen, verdanken wir zu einem gro\u00dfen Teil dieser stillen Arbeit.<\/p>\n\n\n\n<p>Ein ber\u00fchmtes Beispiel war die <strong>Abtei Monte Cassino<\/strong>, gegr\u00fcndet vom heiligen Benedikt.<\/p>\n\n\n\n<p>Ihre Bibliothek sammelte Werke aus Medizin, Wissenschaft und Literatur aus vielen Zivilisationen, die von den M\u00f6nchen \u00fcbersetzt und abgeschrieben wurden, um sie an zuk\u00fcnftige Generationen weiterzugeben.<\/p>\n\n\n\n<p>W\u00e4hrend Europa brannte, bewahrten die Kl\u00f6ster <strong>das Ged\u00e4chtnis der antiken Welt<\/strong>.<\/p>\n\n\n\n<hr class=\"wp-block-separator has-alpha-channel-opacity\"\/>\n\n\n\n<h1 class=\"wp-block-heading\">4. Die M\u00f6nche, die Europa evangelisierten<\/h1>\n\n\n\n<p>Doch Kl\u00f6ster kopierten nicht nur B\u00fccher.<\/p>\n\n\n\n<p>Sie evangelisierten auch.<\/p>\n\n\n\n<p>Aus Irland und Gro\u00dfbritannien entstand eine au\u00dfergew\u00f6hnliche Missionsbewegung, die als <strong>hiberno-schottische Mission<\/strong> bekannt wurde.<\/p>\n\n\n\n<p>Irische M\u00f6nche reisten durch ganz Europa, gr\u00fcndeten Kl\u00f6ster und brachten das Evangelium zu germanischen und keltischen V\u00f6lkern.<\/p>\n\n\n\n<p>Diese Kl\u00f6ster wurden:<\/p>\n\n\n\n<ul class=\"wp-block-list\">\n<li>Zentren der Evangelisierung<\/li>\n\n\n\n<li>Bildungsst\u00e4tten<\/li>\n\n\n\n<li>Krankenh\u00e4user<\/li>\n\n\n\n<li>Zufluchtsorte f\u00fcr Reisende<\/li>\n<\/ul>\n\n\n\n<p>Man k\u00f6nnte sagen, dass <strong>Kl\u00f6ster die ersten Universit\u00e4ten, Krankenh\u00e4user und sozialen Zentren Europas waren<\/strong>.<\/p>\n\n\n\n<hr class=\"wp-block-separator has-alpha-channel-opacity\"\/>\n\n\n\n<h1 class=\"wp-block-heading\">5. Kl\u00f6ster verwandelten das allt\u00e4gliche Leben<\/h1>\n\n\n\n<p>Der Einfluss der Kl\u00f6ster ging weit \u00fcber die Religion hinaus.<\/p>\n\n\n\n<p>Sie beeinflussten auch:<\/p>\n\n\n\n<h3 class=\"wp-block-heading\">Landwirtschaft<\/h3>\n\n\n\n<p>M\u00f6nche erschlossen brachliegendes Land, f\u00fchrten neue landwirtschaftliche Techniken ein und organisierten die l\u00e4ndliche Arbeit.<\/p>\n\n\n\n<h3 class=\"wp-block-heading\">Technologie<\/h3>\n\n\n\n<p>Viele Fortschritte bei M\u00fchlen, Bew\u00e4sserungssystemen und landwirtschaftlicher Produktion entstanden in kl\u00f6sterlichen Umgebungen.<\/p>\n\n\n\n<h3 class=\"wp-block-heading\">Medizin<\/h3>\n\n\n\n<p>In Kl\u00f6stern wurden medizinische Abhandlungen kopiert und Kranke gepflegt.<\/p>\n\n\n\n<h3 class=\"wp-block-heading\">Lokale Wirtschaft<\/h3>\n\n\n\n<p>Kl\u00f6ster schufen Netzwerke der Gastfreundschaft und des Handels.<\/p>\n\n\n\n<p>Aus diesem Grund beschreiben einige Historiker mittelalterliche Kl\u00f6ster als <strong>\u201eMikrokosmen der Christenheit\u201c<\/strong>, kleine Modelle einer christlichen Gesellschaft.<\/p>\n\n\n\n<hr class=\"wp-block-separator has-alpha-channel-opacity\"\/>\n\n\n\n<h1 class=\"wp-block-heading\">6. Die theologische Vision hinter den Kl\u00f6stern<\/h1>\n\n\n\n<p>Aus theologischer Sicht war das M\u00f6nchtum nicht einfach eine soziale Organisation.<\/p>\n\n\n\n<p>Es war eine <strong>radikale Antwort auf das Evangelium<\/strong>.<\/p>\n\n\n\n<p>Jesus hatte gesagt:<\/p>\n\n\n\n<blockquote class=\"wp-block-quote is-layout-flow wp-block-quote-is-layout-flow\">\n<p>\u201eSucht zuerst das Reich Gottes und seine Gerechtigkeit.\u201c<br>(Matth\u00e4us 6,33)<\/p>\n<\/blockquote>\n\n\n\n<p>Die M\u00f6nche nahmen dieses Gebot w\u00f6rtlich.<\/p>\n\n\n\n<p>Ihr Leben war ausgerichtet auf:<\/p>\n\n\n\n<ul class=\"wp-block-list\">\n<li>st\u00e4ndiges Gebet<\/li>\n\n\n\n<li>Bekehrung des Herzens<\/li>\n\n\n\n<li>Gemeinschaftsleben<\/li>\n\n\n\n<li>Gehorsam gegen\u00fcber Gott<\/li>\n<\/ul>\n\n\n\n<p>Die monastische Theologie sah das Kloster als <strong>Vorgeschmack des Himmels<\/strong>.<\/p>\n\n\n\n<p>Einen Ort, an dem das Leben vollst\u00e4ndig auf Gott ausgerichtet ist.<\/p>\n\n\n\n<hr class=\"wp-block-separator has-alpha-channel-opacity\"\/>\n\n\n\n<h1 class=\"wp-block-heading\">7. Das Kloster als Schule der Heiligkeit<\/h1>\n\n\n\n<p>Kl\u00f6ster waren auch <strong>Schulen der Tugend<\/strong>.<\/p>\n\n\n\n<p>In der Regel des heiligen Benedikt wurden grundlegende Tugenden gepflegt:<\/p>\n\n\n\n<ul class=\"wp-block-list\">\n<li>Demut<\/li>\n\n\n\n<li>Gehorsam<\/li>\n\n\n\n<li>Stille<\/li>\n\n\n\n<li>Gastfreundschaft<\/li>\n\n\n\n<li>innere Disziplin<\/li>\n<\/ul>\n\n\n\n<p>Diese Tugenden waren nicht nur f\u00fcr M\u00f6nche bestimmt.<\/p>\n\n\n\n<p>Mit der Zeit wurden sie zu Idealen, die die christliche europ\u00e4ische Kultur pr\u00e4gten.<\/p>\n\n\n\n<p>Sogar heute sind viele Prinzipien moderner F\u00fchrung von der monastischen Organisation inspiriert.<\/p>\n\n\n\n<hr class=\"wp-block-separator has-alpha-channel-opacity\"\/>\n\n\n\n<h1 class=\"wp-block-heading\">8. Warum kann man sagen, dass Kl\u00f6ster Europa gerettet haben?<\/h1>\n\n\n\n<p>Historiker und Theologen sind sich einig, dass Kl\u00f6ster eine entscheidende Rolle beim Wiederaufbau Europas nach dem Zusammenbruch Roms gespielt haben.<\/p>\n\n\n\n<p>Sie taten dies auf verschiedene Weise:<\/p>\n\n\n\n<h3 class=\"wp-block-heading\">1. Sie bewahrten das antike Wissen<\/h3>\n\n\n\n<p>Durch das Abschreiben von Manuskripten \u00fcber Jahrhunderte.<\/p>\n\n\n\n<h3 class=\"wp-block-heading\">2. Sie evangelisierten den Kontinent<\/h3>\n\n\n\n<p>Durch missionarische Netzwerke.<\/p>\n\n\n\n<h3 class=\"wp-block-heading\">3. Sie stabilisierten die Gesellschaft<\/h3>\n\n\n\n<p>Durch die Schaffung organisierter Gemeinschaften.<\/p>\n\n\n\n<h3 class=\"wp-block-heading\">4. Sie entwickelten die l\u00e4ndliche Wirtschaft<\/h3>\n\n\n\n<p>Durch Landwirtschaft und Technologie.<\/p>\n\n\n\n<h3 class=\"wp-block-heading\">5. Sie hielten den christlichen Glauben lebendig<\/h3>\n\n\n\n<p>Als geistliches Herz Europas.<\/p>\n\n\n\n<p>Aus diesem Grund sprechen einige Historiker von <strong>\u201eden monastischen Jahrhunderten\u201c<\/strong>, in denen das kl\u00f6sterliche Leben die europ\u00e4ische Gesellschaft tief gepr\u00e4gt hat.<\/p>\n\n\n\n<hr class=\"wp-block-separator has-alpha-channel-opacity\"\/>\n\n\n\n<h1 class=\"wp-block-heading\">9. Die geistliche Lektion f\u00fcr unsere Zeit<\/h1>\n\n\n\n<p>Auch heute leben wir in einer Zeit kultureller Krisen.<\/p>\n\n\n\n<p>Viele Menschen haben das Gef\u00fchl, dass der Glaube schw\u00e4cher wird, dass die Kultur ihre Wurzeln verliert und dass die Gesellschaft eine Zeit der Unsicherheit durchl\u00e4uft.<\/p>\n\n\n\n<p>In mancher Hinsicht \u00e4hnelt unsere Zeit dem 5. Jahrhundert.<\/p>\n\n\n\n<p>Und was taten die Christen damals?<\/p>\n\n\n\n<p>Sie versuchten nicht, die Welt zu beherrschen.<\/p>\n\n\n\n<p><strong>Sie bauten treue Gemeinschaften auf.<\/strong><\/p>\n\n\n\n<p>Christliche Familien.<br>Kl\u00f6ster.<br>Lebendige Pfarreien.<\/p>\n\n\n\n<p>Aus diesen kleinen Zentren des Glaubens entstand eine neue Zivilisation.<\/p>\n\n\n\n<hr class=\"wp-block-separator has-alpha-channel-opacity\"\/>\n\n\n\n<h1 class=\"wp-block-heading\">10. Wie man heute den monastischen Geist leben kann<\/h1>\n\n\n\n<p>Auch wenn wir keine M\u00f6nche sind, k\u00f6nnen wir die monastische Weisheit in unserem Alltag anwenden.<\/p>\n\n\n\n<h3 class=\"wp-block-heading\">1. Die Stille wiederentdecken<\/h3>\n\n\n\n<p>Wir leben umgeben von digitalem L\u00e4rm.<\/p>\n\n\n\n<p>Die M\u00f6nche erinnern uns daran, dass <strong>Stille notwendig ist, um Gott zu h\u00f6ren<\/strong>.<\/p>\n\n\n\n<h3 class=\"wp-block-heading\">2. Einen Rhythmus des Gebets etablieren<\/h3>\n\n\n\n<p>M\u00f6nche beteten mehrmals am Tag.<\/p>\n\n\n\n<p>Wir k\u00f6nnen beginnen mit:<\/p>\n\n\n\n<ul class=\"wp-block-list\">\n<li>einem Gebet am Morgen<\/li>\n\n\n\n<li>einer kurzen geistlichen Pause am Mittag<\/li>\n\n\n\n<li>einer Gewissenserforschung am Abend<\/li>\n<\/ul>\n\n\n\n<h3 class=\"wp-block-heading\">3. Die Arbeit heiligen<\/h3>\n\n\n\n<p>F\u00fcr M\u00f6nche war Arbeit nicht nur wirtschaftlich.<\/p>\n\n\n\n<p>Sie war Gebet.<\/p>\n\n\n\n<p><strong>\u201eOra et labora\u201c.<\/strong><\/p>\n\n\n\n<h3 class=\"wp-block-heading\">4. Kleine christliche Gemeinschaften schaffen<\/h3>\n\n\n\n<p>Familie, Freunde, Pfarrei.<\/p>\n\n\n\n<p>Der Glaube wird viel besser getragen, wenn er in Gemeinschaft gelebt wird.<\/p>\n\n\n\n<hr class=\"wp-block-separator has-alpha-channel-opacity\"\/>\n\n\n\n<h1 class=\"wp-block-heading\">11. Das innere Kloster<\/h1>\n\n\n\n<p>Die gro\u00dfen Heiligen lehrten etwas Tiefes:<\/p>\n\n\n\n<p>Jeder Christ ist berufen, <strong>ein inneres Kloster<\/strong> zu bauen.<\/p>\n\n\n\n<p>Einen Ort im Herzen, an dem Gott wohnt.<\/p>\n\n\n\n<p>Der heilige Paulus dr\u00fcckte es so aus:<\/p>\n\n\n\n<blockquote class=\"wp-block-quote is-layout-flow wp-block-quote-is-layout-flow\">\n<p>\u201eWisst ihr nicht, dass ihr Gottes Tempel seid?\u201c<br>(1 Korinther 3,16)<\/p>\n<\/blockquote>\n\n\n\n<p>Wenn wir Gebet, Stille und N\u00e4chstenliebe pflegen, beginnt dieses innere Kloster zu wachsen.<\/p>\n\n\n\n<p>Und von dort aus kann die Welt verwandelt werden.<\/p>\n\n\n\n<hr class=\"wp-block-separator has-alpha-channel-opacity\"\/>\n\n\n\n<h1 class=\"wp-block-heading\">Schlussfolgerung: die stille Revolution der M\u00f6nche<\/h1>\n\n\n\n<p>Die Geschichte der Kl\u00f6ster erinnert uns an etwas \u00dcberraschendes:<\/p>\n\n\n\n<p>Die gro\u00dfen Ver\u00e4nderungen der Geschichte entstehen nicht immer aus Macht.<\/p>\n\n\n\n<p>Manchmal entstehen sie aus der Stille.<\/p>\n\n\n\n<p>Aus M\u00e4nnern, die beten.<br>Aus Gemeinschaften, die dem\u00fctig arbeiten.<br>Aus Menschen, die Gott treu suchen.<\/p>\n\n\n\n<p>Die M\u00f6nche hatten nicht die Absicht, die Zivilisation zu retten.<\/p>\n\n\n\n<p>Sie wollten nur <strong>Christus treu sein<\/strong>.<\/p>\n\n\n\n<p>Und genau deshalb ver\u00e4nderten sie schlie\u00dflich die Welt.<\/p>\n\n\n\n<p>Vielleicht bittet Gott heute etwas \u00c4hnliches von uns.<\/p>\n\n\n\n<p>Nicht die Kultur zu erobern.<\/p>\n\n\n\n<p>Sondern <strong>den Glauben tief zu leben<\/strong>.<\/p>\n\n\n\n<p>Denn wenn eine kleine Gruppe von Christen wirklich das Evangelium lebt \u2026<\/p>\n\n\n\n<p>kann sich der gesamte Lauf der Geschichte ver\u00e4ndern.<\/p>\n","protected":false},"excerpt":{"rendered":"<p>Eine Geschichte von Glauben, Kultur und Hoffnung f\u00fcr unsere Zeit Wenn wir heute durch Europa gehen \u2013 von einer kleinen Dorfkirche bis zu einer gro\u00dfen Kathedrale \u2013 denken wir selten daran, dass ein gro\u00dfer Teil unserer Zivilisation dank Gemeinschaften von M\u00e4nnern und Frauen \u00fcberlebt hat, die sich f\u00fcr Stille, Gebet und dem\u00fctige Arbeit entschieden haben. &hellip;<\/p>\n","protected":false},"author":3,"featured_media":5242,"comment_status":"closed","ping_status":"closed","sticky":false,"template":"","format":"standard","meta":{"_seopress_robots_primary_cat":"","_seopress_titles_title":"","_seopress_titles_desc":"","_seopress_robots_index":"","footnotes":""},"categories":[48,38],"tags":[1891],"class_list":["post-5241","post","type-post","status-publish","format-standard","has-post-thumbnail","","category-geschichte-der-kirche","category-geschichte-und-tradition","tag-kloester"],"_links":{"self":[{"href":"https:\/\/catholicus.eu\/de\/wp-json\/wp\/v2\/posts\/5241","targetHints":{"allow":["GET"]}}],"collection":[{"href":"https:\/\/catholicus.eu\/de\/wp-json\/wp\/v2\/posts"}],"about":[{"href":"https:\/\/catholicus.eu\/de\/wp-json\/wp\/v2\/types\/post"}],"author":[{"embeddable":true,"href":"https:\/\/catholicus.eu\/de\/wp-json\/wp\/v2\/users\/3"}],"replies":[{"embeddable":true,"href":"https:\/\/catholicus.eu\/de\/wp-json\/wp\/v2\/comments?post=5241"}],"version-history":[{"count":1,"href":"https:\/\/catholicus.eu\/de\/wp-json\/wp\/v2\/posts\/5241\/revisions"}],"predecessor-version":[{"id":5243,"href":"https:\/\/catholicus.eu\/de\/wp-json\/wp\/v2\/posts\/5241\/revisions\/5243"}],"wp:featuredmedia":[{"embeddable":true,"href":"https:\/\/catholicus.eu\/de\/wp-json\/wp\/v2\/media\/5242"}],"wp:attachment":[{"href":"https:\/\/catholicus.eu\/de\/wp-json\/wp\/v2\/media?parent=5241"}],"wp:term":[{"taxonomy":"category","embeddable":true,"href":"https:\/\/catholicus.eu\/de\/wp-json\/wp\/v2\/categories?post=5241"},{"taxonomy":"post_tag","embeddable":true,"href":"https:\/\/catholicus.eu\/de\/wp-json\/wp\/v2\/tags?post=5241"}],"curies":[{"name":"wp","href":"https:\/\/api.w.org\/{rel}","templated":true}]}}