{"id":5238,"date":"2026-03-12T22:20:22","date_gmt":"2026-03-12T21:20:22","guid":{"rendered":"https:\/\/catholicus.eu\/de\/?p=5238"},"modified":"2026-03-12T22:20:22","modified_gmt":"2026-03-12T21:20:22","slug":"der-fall-des-roemischen-reiches-und-die-geburt-des-mittelalterlichen-papsttums","status":"publish","type":"post","link":"https:\/\/catholicus.eu\/de\/der-fall-des-roemischen-reiches-und-die-geburt-des-mittelalterlichen-papsttums\/","title":{"rendered":"Der Fall des R\u00f6mischen Reiches und die Geburt des mittelalterlichen Papsttums"},"content":{"rendered":"\n<h2 class=\"wp-block-heading\">Wie die Kirche die europ\u00e4ische Kultur rettete<\/h2>\n\n\n\n<p>\u00dcber Jahrhunderte hinweg war das R\u00f6mische Reich das Zentrum der bekannten Welt. Seine Stra\u00dfen verbanden Kontinente, sein Rechtssystem organisierte ganze Gesellschaften, und seine Sprache \u2013 das Latein \u2013 wurde zum Tr\u00e4ger von Kultur, Philosophie und Verwaltung.<\/p>\n\n\n\n<p>Doch jedes menschliche Reich hat ein Ende.<\/p>\n\n\n\n<p>Zwischen dem 4. und 5. Jahrhundert begann die r\u00f6mische Welt zusammenzubrechen. Invasionen, politische Krisen, moralischer Verfall und wirtschaftliches Chaos beschleunigten den Untergang einer Zivilisation, die ewig zu bestehen schien.<\/p>\n\n\n\n<p>Und dennoch geschah etwas Erstaunliches.<\/p>\n\n\n\n<p>W\u00e4hrend die politischen Strukturen des Reiches zerfielen, <strong>blieb die Kirche stehen<\/strong>.<\/p>\n\n\n\n<p>Mehr noch: Sie \u00fcberlebte nicht nur, sondern <strong>wurde zur S\u00e4ule, die die europ\u00e4ische Kultur bewahrte<\/strong>.<\/p>\n\n\n\n<p>Mitten im Chaos trat eine Gestalt hervor, die die Geschichte pr\u00e4gen sollte: der Papst, der Nachfolger des Petrus, der allm\u00e4hlich zum geistlichen, moralischen und kulturellen Bezugspunkt Europas wurde.<\/p>\n\n\n\n<p>Dieser historische Moment war nicht nur ein politischer \u00dcbergang.<br>Er war <strong>ein von der Vorsehung bestimmter Moment in der Heilsgeschichte<\/strong>.<\/p>\n\n\n\n<hr class=\"wp-block-separator has-alpha-channel-opacity\"\/>\n\n\n\n<h1 class=\"wp-block-heading\">1. Die Welt vor dem Fall: Rom und das entstehende Christentum<\/h1>\n\n\n\n<p>Um zu verstehen, was geschah, m\u00fcssen wir uns den Kontext vorstellen.<\/p>\n\n\n\n<p>Im 1. Jahrhundert, als die Kirche entstand, beherrschte das R\u00f6mische Reich:<\/p>\n\n\n\n<ul class=\"wp-block-list\">\n<li>Europa<\/li>\n\n\n\n<li>Nordafrika<\/li>\n\n\n\n<li>den Nahen Osten<\/li>\n<\/ul>\n\n\n\n<p>Die r\u00f6mischen St\u00e4dte waren durch <strong>80.000 Kilometer Stra\u00dfen<\/strong> und ein zentralisiertes Verwaltungssystem miteinander verbunden.<\/p>\n\n\n\n<p>Paradoxerweise war <strong>das Reich, das die Christen verfolgte, zugleich das Instrument, das die Ausbreitung des Evangeliums erm\u00f6glichte<\/strong>.<\/p>\n\n\n\n<p>Die Apostel reisten auf r\u00f6mischen Stra\u00dfen.<br>Die Briefe der ersten Christen zirkulierten durch das kaiserliche Postsystem.<\/p>\n\n\n\n<p>Der heilige Paulus selbst war <strong>r\u00f6mischer B\u00fcrger<\/strong>, was ihm erlaubte, sich auf den Kaiser zu berufen.<\/p>\n\n\n\n<p>Doch Rom hatte ein tiefes Problem.<\/p>\n\n\n\n<p>Seine Krise war nicht nur politisch oder milit\u00e4risch.<br>Es war <strong>eine geistliche Krise<\/strong>.<\/p>\n\n\n\n<hr class=\"wp-block-separator has-alpha-channel-opacity\"\/>\n\n\n\n<h1 class=\"wp-block-heading\">2. Der moralische Niedergang Roms<\/h1>\n\n\n\n<p>Viele Historiker sind sich einig, dass der Niedergang Roms lange vor seinem politischen Zusammenbruch begann.<\/p>\n\n\n\n<p>Die r\u00f6mische Gesellschaft war in eine Phase eingetreten von:<\/p>\n\n\n\n<ul class=\"wp-block-list\">\n<li>politischer Korruption<\/li>\n\n\n\n<li>moralischem Verfall<\/li>\n\n\n\n<li>Machtkult<\/li>\n\n\n\n<li>religi\u00f6sem Relativismus<\/li>\n<\/ul>\n\n\n\n<p>Der r\u00f6mische Historiker <strong>Sallust<\/strong> hatte dies bereits Jahrhunderte zuvor angeprangert:<\/p>\n\n\n\n<blockquote class=\"wp-block-quote is-layout-flow wp-block-quote-is-layout-flow\">\n<p>\u201eAls die Liebe zum Vaterland und zur Tugend verschwand, drangen Gier und Ehrgeiz \u00fcberall ein.\u201c<\/p>\n<\/blockquote>\n\n\n\n<p>Die r\u00f6mische Kultur verlor ihren Sinn.<\/p>\n\n\n\n<p>In diesem Kontext bot das Christentum etwas Revolution\u00e4res:<\/p>\n\n\n\n<ul class=\"wp-block-list\">\n<li>die W\u00fcrde jedes Menschen<\/li>\n\n\n\n<li>Gleichheit vor Gott<\/li>\n\n\n\n<li>objektive Moral<\/li>\n\n\n\n<li>ewige Hoffnung<\/li>\n<\/ul>\n\n\n\n<p>Deshalb verbreitete sich das Evangelium mit solcher Kraft.<\/p>\n\n\n\n<hr class=\"wp-block-separator has-alpha-channel-opacity\"\/>\n\n\n\n<h1 class=\"wp-block-heading\">3. Der Fall des Westr\u00f6mischen Reiches<\/h1>\n\n\n\n<p>Der endg\u00fcltige Schlag kam im Jahr 476.<\/p>\n\n\n\n<p>In diesem Jahr setzte der germanische Anf\u00fchrer <strong>Odoacer<\/strong> den letzten westr\u00f6mischen Kaiser ab, <strong>Romulus Augustulus<\/strong>.<\/p>\n\n\n\n<p>Rom herrschte nicht l\u00e4nger \u00fcber Europa.<\/p>\n\n\n\n<p>Die Landkarte zerfiel in germanische K\u00f6nigreiche:<\/p>\n\n\n\n<ul class=\"wp-block-list\">\n<li>Westgoten<\/li>\n\n\n\n<li>Ostgoten<\/li>\n\n\n\n<li>Langobarden<\/li>\n\n\n\n<li>Franken<\/li>\n<\/ul>\n\n\n\n<p>Die r\u00f6mischen Institutionen brachen zusammen:<\/p>\n\n\n\n<ul class=\"wp-block-list\">\n<li>das Heer verschwand<\/li>\n\n\n\n<li>die Verwaltung zerfiel<\/li>\n\n\n\n<li>der Handel ging stark zur\u00fcck<\/li>\n<\/ul>\n\n\n\n<p>Europa trat in eine Zeit der Unsicherheit ein, die sp\u00e4ter <strong>Fr\u00fches Mittelalter<\/strong> genannt wurde.<\/p>\n\n\n\n<p>Doch mitten im Chaos funktionierte eine Institution weiterhin.<\/p>\n\n\n\n<p>Die Kirche.<\/p>\n\n\n\n<hr class=\"wp-block-separator has-alpha-channel-opacity\"\/>\n\n\n\n<h1 class=\"wp-block-heading\">4. Der Papst als Figur der Stabilit\u00e4t<\/h1>\n\n\n\n<p>W\u00e4hrend Kaiser und K\u00f6nige st\u00fcrzten, blieb der Bischof von Rom bestehen.<\/p>\n\n\n\n<p>Die P\u00e4pste begannen, Aufgaben zu \u00fcbernehmen, die zuvor dem Reich geh\u00f6rt hatten:<\/p>\n\n\n\n<ul class=\"wp-block-list\">\n<li>politische Vermittlung<\/li>\n\n\n\n<li>Hilfe f\u00fcr die Armen<\/li>\n\n\n\n<li>Verteidigung der Stadt<\/li>\n\n\n\n<li>soziale Organisation<\/li>\n<\/ul>\n\n\n\n<p>Eines der ber\u00fchmtesten Beispiele war <strong>Leo I<\/strong>.<\/p>\n\n\n\n<p>Im Jahr 452 traf er <strong>Attila<\/strong>, der mit seinem Heer auf Rom vorr\u00fcckte.<\/p>\n\n\n\n<p>Die \u00dcberlieferung berichtet, dass der Papst ihn davon \u00fcberzeugte, die Stadt nicht anzugreifen.<\/p>\n\n\n\n<p>\u00dcber die historischen Details hinaus ist entscheidend, was dieses Ereignis symbolisiert:<\/p>\n\n\n\n<p><strong>Als die politische Macht verschwand, blieb die moralische F\u00fchrung der Kirche bestehen.<\/strong><\/p>\n\n\n\n<hr class=\"wp-block-separator has-alpha-channel-opacity\"\/>\n\n\n\n<h1 class=\"wp-block-heading\">5. Die Geburt des mittelalterlichen Papsttums<\/h1>\n\n\n\n<p>In den folgenden Jahrhunderten \u00fcbernahm der Papst allm\u00e4hlich eine immer umfassendere Rolle.<\/p>\n\n\n\n<p>Nicht als Kaiser, sondern als <strong>geistlicher Vater Europas<\/strong>.<\/p>\n\n\n\n<p>Das Papsttum wurde:<\/p>\n\n\n\n<ul class=\"wp-block-list\">\n<li>ein moralischer Schiedsrichter zwischen K\u00f6nigen<\/li>\n\n\n\n<li>ein Verteidiger der Armen<\/li>\n\n\n\n<li>ein H\u00fcter der klassischen Kultur<\/li>\n<\/ul>\n\n\n\n<p>Eine Schl\u00fcsselgestalt in dieser Entwicklung war <strong>Gregory I<\/strong>.<\/p>\n\n\n\n<p>W\u00e4hrend seines Pontifikats (590\u2013604):<\/p>\n\n\n\n<ul class=\"wp-block-list\">\n<li>organisierte er Hilfe f\u00fcr die Armen<\/li>\n\n\n\n<li>reformierte die Liturgie<\/li>\n\n\n\n<li>f\u00f6rderte die Evangelisierung Europas<\/li>\n<\/ul>\n\n\n\n<p>Er war es auch, der Missionare nach England sandte.<\/p>\n\n\n\n<p>Unter ihnen war <strong>Augustine of Canterbury<\/strong>.<\/p>\n\n\n\n<p>So begann die Christianisierung der germanischen V\u00f6lker.<\/p>\n\n\n\n<hr class=\"wp-block-separator has-alpha-channel-opacity\"\/>\n\n\n\n<h1 class=\"wp-block-heading\">6. Die Kl\u00f6ster: H\u00fcter der Kultur<\/h1>\n\n\n\n<p>W\u00e4hrend Europa unter Kriegen und Krisen litt, wurden die Kl\u00f6ster zu <strong>Zufluchtsorten der Kultur<\/strong>.<\/p>\n\n\n\n<p>Der gro\u00dfe Protagonist dieser geistlichen Revolution war <strong>Benedict of Nursia<\/strong>.<\/p>\n\n\n\n<p>Er begr\u00fcndete das westliche M\u00f6nchtum mit seiner ber\u00fchmten Regel:<\/p>\n\n\n\n<p><strong>\u201eOra et labora\u201c \u2013 bete und arbeite.<\/strong><\/p>\n\n\n\n<p>Die Benediktinerm\u00f6nche taten etwas, das die Geschichte ver\u00e4nderte:<\/p>\n\n\n\n<p>Sie kopierten B\u00fccher.<\/p>\n\n\n\n<p>In den kl\u00f6sterlichen Skriptorien kopierten sie:<\/p>\n\n\n\n<ul class=\"wp-block-list\">\n<li>die Bibel<\/li>\n\n\n\n<li>die Schriften der Kirchenv\u00e4ter<\/li>\n\n\n\n<li>klassische philosophische Werke<\/li>\n\n\n\n<li>lateinische Literatur<\/li>\n<\/ul>\n\n\n\n<p>Ohne die Kl\u00f6ster w\u00e4re ein gro\u00dfer Teil des antiken Wissens verloren gegangen.<\/p>\n\n\n\n<p>Europa <strong>wurde kulturell durch die M\u00f6nche neu geboren<\/strong>.<\/p>\n\n\n\n<hr class=\"wp-block-separator has-alpha-channel-opacity\"\/>\n\n\n\n<h1 class=\"wp-block-heading\">7. Die theologische Sicht: Gott lenkt die Geschichte<\/h1>\n\n\n\n<p>Aus christlicher Sicht sind diese Ereignisse nicht nur politische Geschichte.<\/p>\n\n\n\n<p>Sie sind Teil der <strong>g\u00f6ttlichen Vorsehung<\/strong>.<\/p>\n\n\n\n<p>Gott lie\u00df den Fall eines Reiches zu, um einer neuen Zivilisation Raum zu geben: <strong>der Christenheit<\/strong>.<\/p>\n\n\n\n<p>Wie die Schrift sagt:<\/p>\n\n\n\n<blockquote class=\"wp-block-quote is-layout-flow wp-block-quote-is-layout-flow\">\n<p>\u201eEr \u00e4ndert Zeiten und Fristen;<br>er setzt K\u00f6nige ab und setzt K\u00f6nige ein.\u201c<br>(Daniel 2,21)<\/p>\n<\/blockquote>\n\n\n\n<p>Die Kirche verstand, dass ihre Mission nicht von menschlichen Reichen abh\u00e4ngt.<\/p>\n\n\n\n<p>Ihre Mission ist ewig.<\/p>\n\n\n\n<p>Christus versprach:<\/p>\n\n\n\n<blockquote class=\"wp-block-quote is-layout-flow wp-block-quote-is-layout-flow\">\n<p>\u201eDie Pforten der H\u00f6lle werden sie nicht \u00fcberw\u00e4ltigen.\u201c<br>(Matth\u00e4us 16,18)<\/p>\n<\/blockquote>\n\n\n\n<p>Und die Geschichte best\u00e4tigte es.<\/p>\n\n\n\n<hr class=\"wp-block-separator has-alpha-channel-opacity\"\/>\n\n\n\n<h1 class=\"wp-block-heading\">8. Europa wird christlich geboren<\/h1>\n\n\n\n<p>In den folgenden Jahrhunderten evangelisierte die Kirche die germanischen V\u00f6lker.<\/p>\n\n\n\n<p>Barbarische K\u00f6nige bekehrten sich zum Christentum.<\/p>\n\n\n\n<p>Einer der entscheidenden Momente war die Taufe von <strong>Clovis I<\/strong>, K\u00f6nig der Franken, im Jahr 496.<\/p>\n\n\n\n<p>Dieses Ereignis markierte den Beginn der Verbindung zwischen dem christlichen Glauben und dem Aufbau Europas.<\/p>\n\n\n\n<p>Aus dieser Wurzel entstanden:<\/p>\n\n\n\n<ul class=\"wp-block-list\">\n<li>Universit\u00e4ten<\/li>\n\n\n\n<li>Krankenh\u00e4user<\/li>\n\n\n\n<li>Kathedralen<\/li>\n\n\n\n<li>christliche Kunst<\/li>\n\n\n\n<li>das Naturrecht<\/li>\n<\/ul>\n\n\n\n<p>Europa war nicht nur ein geografischer Kontinent.<\/p>\n\n\n\n<p>Es war <strong>eine christliche Zivilisation<\/strong>.<\/p>\n\n\n\n<hr class=\"wp-block-separator has-alpha-channel-opacity\"\/>\n\n\n\n<h1 class=\"wp-block-heading\">9. Die Lehre f\u00fcr unsere Zeit<\/h1>\n\n\n\n<p>Heute sprechen viele von einer \u201eZivilisationskrise\u201c.<\/p>\n\n\n\n<p>Einige Historiker vergleichen unsere Zeit sogar mit den letzten Jahrhunderten Roms.<\/p>\n\n\n\n<p>Wir beobachten \u00e4hnliche Ph\u00e4nomene:<\/p>\n\n\n\n<ul class=\"wp-block-list\">\n<li>moralischer Relativismus<\/li>\n\n\n\n<li>demografische Krise<\/li>\n\n\n\n<li>kultureller Niedergang<\/li>\n\n\n\n<li>Verlust der Identit\u00e4t<\/li>\n<\/ul>\n\n\n\n<p>Die Geschichte vom Fall Roms lehrt uns etwas Tiefes:<\/p>\n\n\n\n<p><strong>Wenn eine Zivilisation ihre Seele verliert, beginnt sie zu zerfallen.<\/strong><\/p>\n\n\n\n<p>Doch sie lehrt uns auch etwas Hoffnungsvolles.<\/p>\n\n\n\n<p>Gott kann etwas Neues hervorbringen.<\/p>\n\n\n\n<p>Die Kirche \u00fcberlebte das R\u00f6mische Reich.<\/p>\n\n\n\n<p>Sie wird auch jede moderne Krise \u00fcberleben.<\/p>\n\n\n\n<hr class=\"wp-block-separator has-alpha-channel-opacity\"\/>\n\n\n\n<h1 class=\"wp-block-heading\">10. Geistliche Anwendungen f\u00fcr das t\u00e4gliche Leben<\/h1>\n\n\n\n<p>Geschichte ist nicht nur eine Erz\u00e4hlung \u00fcber die Vergangenheit.<\/p>\n\n\n\n<p>Sie ist auch <strong>eine Anleitung f\u00fcr unser christliches Leben<\/strong>.<\/p>\n\n\n\n<p>Hier sind einige konkrete Lehren.<\/p>\n\n\n\n<h3 class=\"wp-block-heading\">1. Der Glaube muss die Kultur tragen<\/h3>\n\n\n\n<p>Christen sind nicht dazu berufen, ihren Glauben nur privat zu leben.<\/p>\n\n\n\n<p>Wir sind berufen, <strong>die Gesellschaft zu verwandeln<\/strong>.<\/p>\n\n\n\n<p>Wie Jesus sagt:<\/p>\n\n\n\n<blockquote class=\"wp-block-quote is-layout-flow wp-block-quote-is-layout-flow\">\n<p>\u201eIhr seid das Licht der Welt.\u201c<br>(Matth\u00e4us 5,14)<\/p>\n<\/blockquote>\n\n\n\n<hr class=\"wp-block-separator has-alpha-channel-opacity\"\/>\n\n\n\n<h3 class=\"wp-block-heading\">2. Heiligkeit ver\u00e4ndert die Geschichte<\/h3>\n\n\n\n<p>Europa wurde nicht durch Armeen gerettet.<\/p>\n\n\n\n<p>Es wurde durch Heilige verwandelt:<\/p>\n\n\n\n<ul class=\"wp-block-list\">\n<li>M\u00f6nche<\/li>\n\n\n\n<li>Missionare<\/li>\n\n\n\n<li>Bisch\u00f6fe<\/li>\n\n\n\n<li>P\u00e4pste<\/li>\n<\/ul>\n\n\n\n<p>Die Geschichte zeigt, dass <strong>ein Heiliger die Welt ver\u00e4ndern kann<\/strong>.<\/p>\n\n\n\n<hr class=\"wp-block-separator has-alpha-channel-opacity\"\/>\n\n\n\n<h3 class=\"wp-block-heading\">3. Kultur beginnt im Zuhause<\/h3>\n\n\n\n<p>Die Kl\u00f6ster bewahrten die Kultur, indem sie B\u00fccher kopierten.<\/p>\n\n\n\n<p>Heute k\u00f6nnte das \u00c4quivalent sein:<\/p>\n\n\n\n<ul class=\"wp-block-list\">\n<li>den Glauben an die Kinder weiterzugeben<\/li>\n\n\n\n<li>als Familie die Bibel zu lesen<\/li>\n\n\n\n<li>christliche Werte zu vermitteln<\/li>\n<\/ul>\n\n\n\n<p>Jede christliche Familie kann zu <strong>einem kleinen h\u00e4uslichen Kloster<\/strong> werden.<\/p>\n\n\n\n<hr class=\"wp-block-separator has-alpha-channel-opacity\"\/>\n\n\n\n<h1 class=\"wp-block-heading\">11. Eine Botschaft der Hoffnung<\/h1>\n\n\n\n<p>Der Fall des R\u00f6mischen Reiches schien das Ende der Zivilisation zu sein.<\/p>\n\n\n\n<p>Doch in Wirklichkeit war er <strong>die Geburt eines neuen christlichen Europas<\/strong>.<\/p>\n\n\n\n<p>Die Geschichte zeigt eine tiefe Wahrheit:<\/p>\n\n\n\n<p>Gott schreibt gerade auf krummen Linien.<\/p>\n\n\n\n<p>In Zeiten gr\u00f6\u00dfter Dunkelheit erweckt der Herr Heilige, F\u00fchrer und Gemeinschaften, die die Welt wieder aufbauen.<\/p>\n\n\n\n<p>Vielleicht erleben wir heute einen \u00e4hnlichen Moment.<\/p>\n\n\n\n<p>Und vielleicht ist die Frage nicht nur historisch.<\/p>\n\n\n\n<p>Die Frage ist pers\u00f6nlich:<\/p>\n\n\n\n<p><strong>Werden wir Teil des Niedergangs sein\u2026 oder Teil des christlichen Wiederaufbaus der Kultur?<\/strong><\/p>\n\n\n\n<p>Denn letztlich wurde die Geschichte Europas nicht in kaiserlichen Pal\u00e4sten gerettet.<\/p>\n\n\n\n<p>Sie wurde gerettet in:<\/p>\n\n\n\n<ul class=\"wp-block-list\">\n<li>kleinen Kirchen<\/li>\n\n\n\n<li>bescheidenen Kl\u00f6stern<\/li>\n\n\n\n<li>bekehrten Herzen<\/li>\n<\/ul>\n\n\n\n<p>Und das gilt auch heute noch.<\/p>\n\n\n\n<p>Wie <strong>Augustine of Hippo<\/strong> schrieb:<\/p>\n\n\n\n<blockquote class=\"wp-block-quote is-layout-flow wp-block-quote-is-layout-flow\">\n<p>\u201eZwei Lieben haben zwei St\u00e4dte gegr\u00fcndet:<br>die Liebe zu Gott bis zur Verachtung seiner selbst,<br>und die Liebe zu sich selbst bis zur Verachtung Gottes.\u201c<\/p>\n<\/blockquote>\n\n\n\n<p>Die Geschichte Europas war letztlich <strong>die Geschichte dieses geistlichen Kampfes<\/strong>.<\/p>\n\n\n\n<p>Und dieser Kampf geht weiter\u2026 in jedem von uns.<\/p>\n","protected":false},"excerpt":{"rendered":"<p>Wie die Kirche die europ\u00e4ische Kultur rettete \u00dcber Jahrhunderte hinweg war das R\u00f6mische Reich das Zentrum der bekannten Welt. Seine Stra\u00dfen verbanden Kontinente, sein Rechtssystem organisierte ganze Gesellschaften, und seine Sprache \u2013 das Latein \u2013 wurde zum Tr\u00e4ger von Kultur, Philosophie und Verwaltung. Doch jedes menschliche Reich hat ein Ende. Zwischen dem 4. und 5. &hellip;<\/p>\n","protected":false},"author":3,"featured_media":5239,"comment_status":"closed","ping_status":"closed","sticky":false,"template":"","format":"standard","meta":{"_seopress_robots_primary_cat":"","_seopress_titles_title":"","_seopress_titles_desc":"","_seopress_robots_index":"","footnotes":""},"categories":[48,38],"tags":[1890],"class_list":["post-5238","post","type-post","status-publish","format-standard","has-post-thumbnail","","category-geschichte-der-kirche","category-geschichte-und-tradition","tag-fall-des-roemischen-reiches"],"_links":{"self":[{"href":"https:\/\/catholicus.eu\/de\/wp-json\/wp\/v2\/posts\/5238","targetHints":{"allow":["GET"]}}],"collection":[{"href":"https:\/\/catholicus.eu\/de\/wp-json\/wp\/v2\/posts"}],"about":[{"href":"https:\/\/catholicus.eu\/de\/wp-json\/wp\/v2\/types\/post"}],"author":[{"embeddable":true,"href":"https:\/\/catholicus.eu\/de\/wp-json\/wp\/v2\/users\/3"}],"replies":[{"embeddable":true,"href":"https:\/\/catholicus.eu\/de\/wp-json\/wp\/v2\/comments?post=5238"}],"version-history":[{"count":1,"href":"https:\/\/catholicus.eu\/de\/wp-json\/wp\/v2\/posts\/5238\/revisions"}],"predecessor-version":[{"id":5240,"href":"https:\/\/catholicus.eu\/de\/wp-json\/wp\/v2\/posts\/5238\/revisions\/5240"}],"wp:featuredmedia":[{"embeddable":true,"href":"https:\/\/catholicus.eu\/de\/wp-json\/wp\/v2\/media\/5239"}],"wp:attachment":[{"href":"https:\/\/catholicus.eu\/de\/wp-json\/wp\/v2\/media?parent=5238"}],"wp:term":[{"taxonomy":"category","embeddable":true,"href":"https:\/\/catholicus.eu\/de\/wp-json\/wp\/v2\/categories?post=5238"},{"taxonomy":"post_tag","embeddable":true,"href":"https:\/\/catholicus.eu\/de\/wp-json\/wp\/v2\/tags?post=5238"}],"curies":[{"name":"wp","href":"https:\/\/api.w.org\/{rel}","templated":true}]}}