{"id":5235,"date":"2026-03-12T21:59:25","date_gmt":"2026-03-12T20:59:25","guid":{"rendered":"https:\/\/catholicus.eu\/de\/?p=5235"},"modified":"2026-03-12T21:59:25","modified_gmt":"2026-03-12T20:59:25","slug":"1622-der-tag-an-dem-fuenf-giganten-der-heiligkeit-gemeinsam-auf-die-altaere-erhoben-wurden","status":"publish","type":"post","link":"https:\/\/catholicus.eu\/de\/1622-der-tag-an-dem-fuenf-giganten-der-heiligkeit-gemeinsam-auf-die-altaere-erhoben-wurden\/","title":{"rendered":"1622: Der Tag, an dem f\u00fcnf Giganten der Heiligkeit gemeinsam auf die Alt\u00e4re erhoben wurden"},"content":{"rendered":"\n<p>Am <strong>12. M\u00e4rz 1622<\/strong> geschah etwas, das die christliche Welt noch nie zuvor gesehen hatte. Bei einer feierlichen Zeremonie in Rom wurden f\u00fcnf au\u00dfergew\u00f6hnliche M\u00e4nner und Frauen <strong>gleichzeitig<\/strong> heiliggesprochen. An diesem Tag fand <strong>die erste gro\u00dfe kollektive Heiligsprechung in der Geschichte der Kirche<\/strong> statt.<\/p>\n\n\n\n<p>Die neuen Heiligen waren sehr unterschiedlich: ein Bauer aus Madrid, eine mystische Reformerin, ein Gr\u00fcnder eines Ordens, ein Missionar, der halb die Welt bereiste, und ein Priester, der das geistliche Leben Roms revolutionierte. Doch sie alle teilten das Wesentliche: <strong>ein Leben, das vollst\u00e4ndig Gott geweiht war<\/strong>.<\/p>\n\n\n\n<p>Die Protagonisten dieses historischen Moments waren:<\/p>\n\n\n\n<ul class=\"wp-block-list\">\n<li><strong>Heiliger Isidor der Bauer (San Isidro Labrador)<\/strong><\/li>\n\n\n\n<li><strong>Heilige Teresa von Jesus<\/strong><\/li>\n\n\n\n<li><strong>Heiliger Ignatius von Loyola<\/strong><\/li>\n\n\n\n<li><strong>Heiliger Franz Xaver<\/strong><\/li>\n\n\n\n<li><strong>Heiliger Philipp Neri<\/strong><\/li>\n<\/ul>\n\n\n\n<p>Diese gemeinsame Heiligsprechung war nicht nur ein liturgischer Akt. Sie war <strong>eine theologische, pastorale und geistliche Botschaft f\u00fcr die gesamte Kirche<\/strong>. Vier Jahrhunderte sp\u00e4ter hat sie f\u00fcr Christen bis heute gro\u00dfe Bedeutung.<\/p>\n\n\n\n<p>Dieser Artikel soll helfen zu verstehen, <strong>was an diesem Tag wirklich geschah, warum es so wichtig war und was es uns lehrt, um den Glauben im 21. Jahrhundert zu leben<\/strong>.<\/p>\n\n\n\n<hr class=\"wp-block-separator has-alpha-channel-opacity\"\/>\n\n\n\n<h1 class=\"wp-block-heading\">Ein beispielloses Ereignis in der Geschichte der Kirche<\/h1>\n\n\n\n<h2 class=\"wp-block-heading\">Historischer Kontext: Eine Kirche in Erneuerung<\/h2>\n\n\n\n<p>Zu Beginn des 17. Jahrhunderts befand sich die katholische Kirche in einem entscheidenden Moment. Nach den Wunden der protestantischen Reformation hatte das <strong>Konzil von Trient (1545\u20131563)<\/strong> eine tiefgreifende geistliche, dogmatische und pastorale Erneuerung eingeleitet.<\/p>\n\n\n\n<p>Es wurden <strong>lebendige Modelle der Heiligkeit<\/strong> ben\u00f6tigt, konkrete Beispiele, die der Welt zeigten, dass das Evangelium weiterhin Leben verwandelt.<\/p>\n\n\n\n<p>Die Heiligsprechung von 1622 reagierte genau auf dieses Bed\u00fcrfnis.<\/p>\n\n\n\n<p>Papst <strong>Gregor XV.<\/strong> beschloss, f\u00fcnf Personen zu den Alt\u00e4ren zu erheben, die <strong>verschiedene Wege der Heiligkeit<\/strong> repr\u00e4sentierten:<\/p>\n\n\n\n<ul class=\"wp-block-list\">\n<li>Familienleben und t\u00e4gliche Arbeit<\/li>\n\n\n\n<li>das mystische Leben<\/li>\n\n\n\n<li>Kirchenreform<\/li>\n\n\n\n<li>missionarische Evangelisation<\/li>\n\n\n\n<li>st\u00e4dtische Seelsorge<\/li>\n<\/ul>\n\n\n\n<p>In gewisser Weise war dies <strong>ein vollst\u00e4ndiges Portr\u00e4t der lebendigen Kirche<\/strong>.<\/p>\n\n\n\n<hr class=\"wp-block-separator has-alpha-channel-opacity\"\/>\n\n\n\n<h1 class=\"wp-block-heading\">F\u00fcnf unterschiedliche Wege zur Heiligkeit<\/h1>\n\n\n\n<h2 class=\"wp-block-heading\">Heiliger Isidor der Bauer: Heiligkeit im Alltag<\/h2>\n\n\n\n<p>Heiliger Isidor lebte <strong>im 12. Jahrhundert in Madrid<\/strong> und war ein einfacher Landwirt. Er gr\u00fcndete keine Orden und schrieb keine spirituellen B\u00fccher. Sein Leben schien einfach: Arbeit, Familie und Gebet.<\/p>\n\n\n\n<p>Doch hinter dieser Schlichtheit verbarg sich ein tiefes inneres Leben.<\/p>\n\n\n\n<p>Der \u00dcberlieferung zufolge pfl\u00fcgten <strong>Engel seine Felder<\/strong>, w\u00e4hrend er betete. \u00dcber die symbolische Bedeutung der Erz\u00e4hlung hinaus ist die Botschaft klar: <strong>Gott wirkt im Leben dessen, der ihn in den Mittelpunkt stellt<\/strong>.<\/p>\n\n\n\n<p>Heiliger Isidor erinnert uns daran, dass Heiligkeit <strong>nicht nur f\u00fcr Kl\u00f6ster oder gro\u00dfe Theologen reserviert ist<\/strong>.<\/p>\n\n\n\n<p>Sie findet sich auch:<\/p>\n\n\n\n<ul class=\"wp-block-list\">\n<li>in ehrlicher Arbeit<\/li>\n\n\n\n<li>im Familienleben<\/li>\n\n\n\n<li>in t\u00e4glicher Treue<\/li>\n<\/ul>\n\n\n\n<p>Es ist die Heiligkeit des Gew\u00f6hnlichen.<\/p>\n\n\n\n<hr class=\"wp-block-separator has-alpha-channel-opacity\"\/>\n\n\n\n<h2 class=\"wp-block-heading\">Heilige Teresa von Jesus: Das Abenteuer der Seele<\/h2>\n\n\n\n<p>Wenn Heiliger Isidor die Heiligkeit des Landlebens verk\u00f6rpert, steht <strong>Heilige Teresa von Jesus<\/strong> f\u00fcr die Heiligkeit <strong>des inneren Lebens der Seele<\/strong>.<\/p>\n\n\n\n<p>Geboren 1515 in \u00c1vila, war Teresa eine Frau von au\u00dfergew\u00f6hnlicher Intelligenz und eine Mystikerin von beeindruckender Tiefe. Sie reformierte den Karmelitenorden und hinterlie\u00df spirituelle Schriften, die bis heute weltweite Referenz sind.<\/p>\n\n\n\n<p>F\u00fcr Teresa ist das geistliche Leben wie <strong>ein inneres Schloss<\/strong>, in dem die Seele Gott begegnet.<\/p>\n\n\n\n<p>Ihre grundlegende Lehre ist einfach und revolution\u00e4r: <strong>Gott wohnt in uns<\/strong>.<\/p>\n\n\n\n<p>Ihr bekanntes Gebet fasst ihre Spiritualit\u00e4t zusammen:<\/p>\n\n\n\n<p>\u201eNichts soll dich beunruhigen,<br>nichts soll dich erschrecken.<br>Alles vergeht, Gott bleibt unver\u00e4ndert.<br>Geduld erreicht alles.<br>Wer Gott hat, dem fehlt nichts.\u201c<\/p>\n\n\n\n<p>Heilige Teresa lehrt dem modernen Gl\u00e4ubigen etwas Wesentliches: <strong>Glaube ist nicht nur religi\u00f6se Praxis; er ist eine lebendige Beziehung zu Gott<\/strong>.<\/p>\n\n\n\n<hr class=\"wp-block-separator has-alpha-channel-opacity\"\/>\n\n\n\n<h2 class=\"wp-block-heading\">Heiliger Ignatius von Loyola: Intelligenz im Dienst Gottes<\/h2>\n\n\n\n<p>Heiliger Ignatius war das Gegenteil dessen, was man gew\u00f6hnlich unter einem Heiligen versteht.<\/p>\n\n\n\n<p>Er war <strong>Soldat, ehrgeizig, stolz und gl\u00fchend nach Ruhm<\/strong>. Doch eine Verwundung im Kampf ver\u00e4nderte sein Leben f\u00fcr immer.<\/p>\n\n\n\n<p>W\u00e4hrend seiner Genesung las er die Lebensgeschichten von Heiligen\u2026 und etwas begann sich in ihm zu verwandeln.<\/p>\n\n\n\n<p>Aus dieser Bekehrung entstanden:<\/p>\n\n\n\n<ul class=\"wp-block-list\">\n<li>die <strong>Geistlichen \u00dcbungen<\/strong><\/li>\n\n\n\n<li>die <strong>Gesellschaft Jesu (Jesuiten)<\/strong><\/li>\n\n\n\n<li>eine neue Art, den Willen Gottes zu erkennen<\/li>\n<\/ul>\n\n\n\n<p>Ignatius lehrte etwas tief Aktuelles: <strong>Glaube erfordert auch Unterscheidung, Intelligenz und Entscheidung<\/strong>.<\/p>\n\n\n\n<p>Es geht nicht nur darum, Gott zu f\u00fchlen, sondern <strong>ihn aktiv in allem zu suchen<\/strong>.<\/p>\n\n\n\n<hr class=\"wp-block-separator has-alpha-channel-opacity\"\/>\n\n\n\n<h2 class=\"wp-block-heading\">Heiliger Franz Xaver: Der Heilige, der das Evangelium bis an die Enden der Welt brachte<\/h2>\n\n\n\n<p>Wenn Ignatius der Stratege war, dann war <strong>Franz Xaver der gro\u00dfe Abenteurer des Evangeliums<\/strong>.<\/p>\n\n\n\n<p>In nur zehn Jahren reiste er durch:<\/p>\n\n\n\n<ul class=\"wp-block-list\">\n<li>Indien<\/li>\n\n\n\n<li>Indonesien<\/li>\n\n\n\n<li>Japan<\/li>\n<\/ul>\n\n\n\n<p>Er taufte Tausende von Menschen und er\u00f6ffnete Missionswege, die die Geschichte des Christentums ver\u00e4ndern sollten.<\/p>\n\n\n\n<p>Er starb 1552 vor den Toren Chinas, tr\u00e4umend davon, das Evangelium noch weiter zu verbreiten.<\/p>\n\n\n\n<p>Sein Leben spiegelt den Missionsauftrag Christi wider:<\/p>\n\n\n\n<blockquote class=\"wp-block-quote is-layout-flow wp-block-quote-is-layout-flow\">\n<p><strong>\u201eGeht hinaus in alle Welt und predigt das Evangelium allen Gesch\u00f6pfen.\u201c<\/strong><br><em>(Markus 16,15)<\/em><\/p>\n<\/blockquote>\n\n\n\n<p>Franz Xaver erinnert die Kirche daran, dass <strong>Glaube nicht nur f\u00fcr einen selbst bewahrt werden kann<\/strong>. Er ist dazu bestimmt, verk\u00fcndet zu werden.<\/p>\n\n\n\n<hr class=\"wp-block-separator has-alpha-channel-opacity\"\/>\n\n\n\n<h2 class=\"wp-block-heading\">Heiliger Philipp Neri: Die Freude des Evangeliums<\/h2>\n\n\n\n<p>Heiliger Philipp Neri wurde als <strong>\u201eder Heilige der Freude\u201c<\/strong> bekannt.<\/p>\n\n\n\n<p>Er lebte im 16. Jahrhundert in Rom und verwandelte die Stadt durch eine zutiefst menschliche Art der Evangelisation:<\/p>\n\n\n\n<ul class=\"wp-block-list\">\n<li>N\u00e4he<\/li>\n\n\n\n<li>Humor<\/li>\n\n\n\n<li>Freundschaft<\/li>\n\n\n\n<li>Musik<\/li>\n\n\n\n<li>schlichtes Gebet<\/li>\n<\/ul>\n\n\n\n<p>Er gr\u00fcndete das <strong>Oratorium<\/strong>, einen Ort, an dem Christen in Gemeinschaft geistlich wachsen konnten.<\/p>\n\n\n\n<p>Philipp verstand etwas, das bis heute wesentlich ist: <strong>Heiligkeit ist weder Traurigkeit noch Strenge<\/strong>.<\/p>\n\n\n\n<p>Authentischer Glaube erzeugt <strong>tiefe Freude<\/strong>.<\/p>\n\n\n\n<hr class=\"wp-block-separator has-alpha-channel-opacity\"\/>\n\n\n\n<h1 class=\"wp-block-heading\">Die theologische Bedeutung dieser kollektiven Heiligsprechung<\/h1>\n\n\n\n<p>Die Kirche kanonisiert Heilige nicht nur, um ihr Andenken zu ehren.<\/p>\n\n\n\n<p>Sie werden kanonisiert, um <strong>als universelle Modelle christlichen Lebens vorgeschlagen zu werden<\/strong>.<\/p>\n\n\n\n<p>Die Heiligsprechung von 1622 vermittelt mehrere tiefe theologische Lehren.<\/p>\n\n\n\n<h2 class=\"wp-block-heading\">1. Heiligkeit hat viele Wege<\/h2>\n\n\n\n<p>Die f\u00fcnf Heiligen repr\u00e4sentieren unterschiedliche Lebenszust\u00e4nde:<\/p>\n\n\n\n<ul class=\"wp-block-list\">\n<li>Laie (Heiliger Isidor)<\/li>\n\n\n\n<li>kontemplative Ordensfrau (Heilige Teresa)<\/li>\n\n\n\n<li>Gr\u00fcnder und Reformator (Heiliger Ignatius)<\/li>\n\n\n\n<li>Missionar (Heiliger Franz Xaver)<\/li>\n\n\n\n<li>st\u00e4dtischer Seelsorger (Heiliger Philipp Neri)<\/li>\n<\/ul>\n\n\n\n<p>Die Botschaft ist klar: <strong>Es gibt keinen einzigen Weg, heilig zu werden<\/strong>.<\/p>\n\n\n\n<hr class=\"wp-block-separator has-alpha-channel-opacity\"\/>\n\n\n\n<h2 class=\"wp-block-heading\">2. Heiligkeit ist f\u00fcr alle m\u00f6glich<\/h2>\n\n\n\n<p>Das Zweite Vatikanische Konzil dr\u00fcckte dies Jahrhunderte sp\u00e4ter deutlich aus:<\/p>\n\n\n\n<p><strong>Alle Christen sind zur Heiligkeit berufen.<\/strong><\/p>\n\n\n\n<p>Es ist kein Ziel, das nur einigen Auserw\u00e4hlten vorbehalten ist.<\/p>\n\n\n\n<p>Es ist eine <strong>universelle Berufung<\/strong>.<\/p>\n\n\n\n<p>Wie die Schrift sagt:<\/p>\n\n\n\n<blockquote class=\"wp-block-quote is-layout-flow wp-block-quote-is-layout-flow\">\n<p><strong>\u201eSeid heilig, denn ich bin heilig.\u201c<\/strong><br><em>(1 Petrus 1,16)<\/em><\/p>\n<\/blockquote>\n\n\n\n<hr class=\"wp-block-separator has-alpha-channel-opacity\"\/>\n\n\n\n<h2 class=\"wp-block-heading\">3. Heiligkeit verwandelt die Welt<\/h2>\n\n\n\n<p>Jeder dieser Heiligen ver\u00e4nderte die Geschichte:<\/p>\n\n\n\n<ul class=\"wp-block-list\">\n<li>Teresa reformierte das kontemplative Leben<\/li>\n\n\n\n<li>Ignatius transformierte Bildung und Mission<\/li>\n\n\n\n<li>Xaver \u00f6ffnete Asien f\u00fcr das Christentum<\/li>\n\n\n\n<li>Philipp erneuerte Rom<\/li>\n\n\n\n<li>Isidor zeigte die Heiligkeit der Arbeit<\/li>\n<\/ul>\n\n\n\n<p>Heiligkeit <strong>ist keine Flucht aus der Welt<\/strong>, sondern ihre Transformation.<\/p>\n\n\n\n<hr class=\"wp-block-separator has-alpha-channel-opacity\"\/>\n\n\n\n<h1 class=\"wp-block-heading\">Was k\u00f6nnen Christen heute lernen?<\/h1>\n\n\n\n<p>Vier Jahrhunderte sp\u00e4ter sprechen diese Heiligen immer noch mit \u00fcberraschender Aktualit\u00e4t.<\/p>\n\n\n\n<h2 class=\"wp-block-heading\">1. Den Alltag heiligen<\/h2>\n\n\n\n<p>Wie Heiliger Isidor:<\/p>\n\n\n\n<ul class=\"wp-block-list\">\n<li>ehrlich arbeiten<\/li>\n\n\n\n<li>dem\u00fctig leben<\/li>\n\n\n\n<li>Gott in den Alltag einbeziehen<\/li>\n<\/ul>\n\n\n\n<hr class=\"wp-block-separator has-alpha-channel-opacity\"\/>\n\n\n\n<h2 class=\"wp-block-heading\">2. Das innere Leben pflegen<\/h2>\n\n\n\n<p>Wie Heilige Teresa:<\/p>\n\n\n\n<ul class=\"wp-block-list\">\n<li>Zeit f\u00fcr Gebet widmen<\/li>\n\n\n\n<li>innere Stille suchen<\/li>\n\n\n\n<li>erkennen, dass Gott in der Seele wohnt<\/li>\n<\/ul>\n\n\n\n<hr class=\"wp-block-separator has-alpha-channel-opacity\"\/>\n\n\n\n<h2 class=\"wp-block-heading\">3. Unterscheiden und entscheiden<\/h2>\n\n\n\n<p>Wie Heiliger Ignatius:<\/p>\n\n\n\n<ul class=\"wp-block-list\">\n<li>Entscheidungen pr\u00fcfen<\/li>\n\n\n\n<li>den Willen Gottes suchen<\/li>\n\n\n\n<li>zielgerichtet leben<\/li>\n<\/ul>\n\n\n\n<hr class=\"wp-block-separator has-alpha-channel-opacity\"\/>\n\n\n\n<h2 class=\"wp-block-heading\">4. Missionarisch in der Umgebung wirken<\/h2>\n\n\n\n<p>Wie Heiliger Franz Xaver:<\/p>\n\n\n\n<ul class=\"wp-block-list\">\n<li>den Glauben teilen<\/li>\n\n\n\n<li>mutig leben<\/li>\n\n\n\n<li>das Evangelium nicht verbergen<\/li>\n<\/ul>\n\n\n\n<hr class=\"wp-block-separator has-alpha-channel-opacity\"\/>\n\n\n\n<h2 class=\"wp-block-heading\">5. Den Glauben mit Freude leben<\/h2>\n\n\n\n<p>Wie Heiliger Philipp Neri:<\/p>\n\n\n\n<ul class=\"wp-block-list\">\n<li>Freundschaft pflegen<\/li>\n\n\n\n<li>Glauben mit Humor und N\u00e4he leben<\/li>\n\n\n\n<li>Hoffnung vermitteln<\/li>\n<\/ul>\n\n\n\n<hr class=\"wp-block-separator has-alpha-channel-opacity\"\/>\n\n\n\n<h1 class=\"wp-block-heading\">Die gro\u00dfe Lektion von 1622<\/h1>\n\n\n\n<p>Diese kollektive Heiligsprechung war weit mehr als ein feierlicher Akt in Rom.<\/p>\n\n\n\n<p>Sie war <strong>eine universelle Verk\u00fcndigung der m\u00f6glichen Heiligkeit<\/strong>.<\/p>\n\n\n\n<p>F\u00fcnf unterschiedliche Leben.<br>F\u00fcnf verschiedene Wege.<br>Ein einziges Ziel: <strong>die Vereinigung mit Gott<\/strong>.<\/p>\n\n\n\n<p>Die Geschichte dieser Heiligen erinnert uns an etwas Wesentliches: Heiligkeit ist keine unerreichbare Perfektion, sondern <strong>Liebe, die radikal gelebt wird<\/strong>.<\/p>\n\n\n\n<p>Und vielleicht ist die wichtigste Frage, die der <strong>12. M\u00e4rz 1622<\/strong> hinterl\u00e4sst, nicht historisch.<\/p>\n\n\n\n<p>Sie ist pers\u00f6nlich.<\/p>\n\n\n\n<p><strong>Welchen Platz hat Gott heute in unserem Leben?<\/strong><\/p>\n\n\n\n<p>Denn, wie Heilige Teresa lehrte, beginnt das wahre geistliche Abenteuer, wenn der Mensch den Mut hat, sein eigenes Herz zu betreten\u2026 und entdeckt, dass <strong>Gott bereits dort auf ihn wartete<\/strong>.<\/p>\n","protected":false},"excerpt":{"rendered":"<p>Am 12. M\u00e4rz 1622 geschah etwas, das die christliche Welt noch nie zuvor gesehen hatte. Bei einer feierlichen Zeremonie in Rom wurden f\u00fcnf au\u00dfergew\u00f6hnliche M\u00e4nner und Frauen gleichzeitig heiliggesprochen. An diesem Tag fand die erste gro\u00dfe kollektive Heiligsprechung in der Geschichte der Kirche statt. Die neuen Heiligen waren sehr unterschiedlich: ein Bauer aus Madrid, eine &hellip;<\/p>\n","protected":false},"author":3,"featured_media":5236,"comment_status":"closed","ping_status":"closed","sticky":false,"template":"","format":"standard","meta":{"_seopress_robots_primary_cat":"","_seopress_titles_title":"","_seopress_titles_desc":"","_seopress_robots_index":"","footnotes":""},"categories":[48,38],"tags":[1889],"class_list":["post-5235","post","type-post","status-publish","format-standard","has-post-thumbnail","","category-geschichte-der-kirche","category-geschichte-und-tradition","tag-kollektive-heiligsprechung"],"_links":{"self":[{"href":"https:\/\/catholicus.eu\/de\/wp-json\/wp\/v2\/posts\/5235","targetHints":{"allow":["GET"]}}],"collection":[{"href":"https:\/\/catholicus.eu\/de\/wp-json\/wp\/v2\/posts"}],"about":[{"href":"https:\/\/catholicus.eu\/de\/wp-json\/wp\/v2\/types\/post"}],"author":[{"embeddable":true,"href":"https:\/\/catholicus.eu\/de\/wp-json\/wp\/v2\/users\/3"}],"replies":[{"embeddable":true,"href":"https:\/\/catholicus.eu\/de\/wp-json\/wp\/v2\/comments?post=5235"}],"version-history":[{"count":1,"href":"https:\/\/catholicus.eu\/de\/wp-json\/wp\/v2\/posts\/5235\/revisions"}],"predecessor-version":[{"id":5237,"href":"https:\/\/catholicus.eu\/de\/wp-json\/wp\/v2\/posts\/5235\/revisions\/5237"}],"wp:featuredmedia":[{"embeddable":true,"href":"https:\/\/catholicus.eu\/de\/wp-json\/wp\/v2\/media\/5236"}],"wp:attachment":[{"href":"https:\/\/catholicus.eu\/de\/wp-json\/wp\/v2\/media?parent=5235"}],"wp:term":[{"taxonomy":"category","embeddable":true,"href":"https:\/\/catholicus.eu\/de\/wp-json\/wp\/v2\/categories?post=5235"},{"taxonomy":"post_tag","embeddable":true,"href":"https:\/\/catholicus.eu\/de\/wp-json\/wp\/v2\/tags?post=5235"}],"curies":[{"name":"wp","href":"https:\/\/api.w.org\/{rel}","templated":true}]}}