{"id":5186,"date":"2026-03-10T12:05:45","date_gmt":"2026-03-10T11:05:45","guid":{"rendered":"https:\/\/catholicus.eu\/de\/?p=5186"},"modified":"2026-03-10T12:05:46","modified_gmt":"2026-03-10T11:05:46","slug":"die-sieben-schmerzen-und-freuden-des-heiligen-josef-eine-vergessene-andacht-die-jeder-katholik-wiederentdecken-sollte","status":"publish","type":"post","link":"https:\/\/catholicus.eu\/de\/die-sieben-schmerzen-und-freuden-des-heiligen-josef-eine-vergessene-andacht-die-jeder-katholik-wiederentdecken-sollte\/","title":{"rendered":"Die Sieben Schmerzen und Freuden des Heiligen Josef: Eine vergessene Andacht, die jeder Katholik wiederentdecken sollte"},"content":{"rendered":"\n<p>In einer Zeit, in der viele Katholiken <strong>nach konkreten Wegen suchen, den Glauben mitten im L\u00e4rm der Welt zu leben<\/strong>, bewahrt die Kirche in ihrer Tradition einen erstaunlichen geistlichen Schatz, der heute nur wenig bekannt ist: <strong>die Andacht zu den Sieben Schmerzen und Freuden des Heiligen Josef<\/strong>.<\/p>\n\n\n\n<p>W\u00e4hrend die christliche Spiritualit\u00e4t die <strong>Sieben Schmerzen der Jungfrau Maria<\/strong> weit verbreitet hat, ist die Betrachtung <strong>der Leiden und Freuden des Pflegevaters Christi<\/strong> oft in den Hintergrund geraten. Doch \u00fcber Jahrhunderte hinweg wurde diese Andacht sehr gesch\u00e4tzt, besonders von Heiligen, Mystikern und Ordensgemeinschaften.<\/p>\n\n\n\n<p>Sie heute wiederzuentdecken kann uns helfen, <strong>das verborgene Leben von Nazareth besser zu verstehen<\/strong>, die Gestalt des Heiligen Josef zu vertiefen und etwas zu lernen, das unsere Zeit dringend braucht: <strong>wie man den Glauben inmitten von Unsicherheit, Stille und famili\u00e4rer Verantwortung lebt<\/strong>.<\/p>\n\n\n\n<p>Der heilige Josef hat niemals Predigten gehalten, keine apostolischen Briefe geschrieben und keine \u00f6ffentlichen Wunder gewirkt.<br>Und doch <strong>war sein ganzes Leben ein fortw\u00e4hrender Akt des Glaubens, des Gehorsams und der Liebe<\/strong>.<\/p>\n\n\n\n<hr class=\"wp-block-separator has-alpha-channel-opacity\"\/>\n\n\n\n<h1 class=\"wp-block-heading\">1. Was ist die Andacht der Sieben Schmerzen und Freuden?<\/h1>\n\n\n\n<p>Diese Andacht besteht darin, <strong>sieben Momente des Leidens und sieben Momente der Freude im Leben des Heiligen Josef zu betrachten<\/strong>, die gew\u00f6hnlich miteinander verbunden sind.<\/p>\n\n\n\n<p>Jeder Schmerz wird von einer Freude begleitet.<br>Jede Pr\u00fcfung wird von einer Gnade erleuchtet.<\/p>\n\n\n\n<p>Dieses geistliche Muster spiegelt eine zutiefst christliche Wahrheit wider:<\/p>\n\n\n\n<blockquote class=\"wp-block-quote is-layout-flow wp-block-quote-is-layout-flow\">\n<p><strong>Gott l\u00e4sst niemals ein Kreuz zu, ohne zugleich eine Gnade vorzubereiten.<\/strong><\/p>\n<\/blockquote>\n\n\n\n<p>Die Andacht wird gew\u00f6hnlich praktiziert, <strong>indem man jedes Geheimnis betrachtet und ein Vaterunser und ein Gegr\u00fc\u00dfet seist du Maria betet<\/strong>, obwohl es auch eine l\u00e4ngere Form des Gebets gibt.<\/p>\n\n\n\n<p>Traditionell wurde sie <strong>am Mittwoch<\/strong> (dem Tag, der dem heiligen Josef gewidmet ist) oder w\u00e4hrend <strong>des Monats M\u00e4rz<\/strong>, der ihm gewidmet ist, gebetet.<\/p>\n\n\n\n<hr class=\"wp-block-separator has-alpha-channel-opacity\"\/>\n\n\n\n<h1 class=\"wp-block-heading\">2. Historischer Ursprung der Andacht<\/h1>\n\n\n\n<p>Die Tradition der Sieben Schmerzen und Freuden verbreitete sich besonders <strong>im 16. und 17. Jahrhundert<\/strong>.<\/p>\n\n\n\n<p>Ihre Ausbreitung ist mit einer bekannten geistlichen \u00dcberlieferung verbunden:<br>der <strong>mystischen Erfahrung zweier Franziskanerbr\u00fcder, die einen Schiffbruch \u00fcberlebten<\/strong>.<\/p>\n\n\n\n<p>Der \u00dcberlieferung zufolge wurden diese Ordensleute durch die F\u00fcrsprache des heiligen Josef gerettet. Aus Dankbarkeit verbreiteten sie eine Gebetsform, die der heilige Josef selbst inspiriert haben soll: <strong>seine Schmerzen und Freuden zu betrachten<\/strong>.<\/p>\n\n\n\n<p>Von diesem Moment an verbreitete sich die Andacht schnell in ganz Europa, besonders unter:<\/p>\n\n\n\n<ul class=\"wp-block-list\">\n<li>Franziskanern<\/li>\n\n\n\n<li>Karmeliten<\/li>\n\n\n\n<li>kontemplativen Ordensgemeinschaften<\/li>\n<\/ul>\n\n\n\n<p>Mit der Zeit <strong>empfahlen viele Heilige diese Andacht<\/strong>, darunter:<\/p>\n\n\n\n<ul class=\"wp-block-list\">\n<li>die heilige Teresa von \u00c1vila<\/li>\n\n\n\n<li>der heilige Alfons Maria von Liguori<\/li>\n\n\n\n<li>der heilige Bernhardin von Siena<\/li>\n<\/ul>\n\n\n\n<p>Die Kirche hat diese Praxis immer als <strong>eine zutiefst evangelische geistliche Schule<\/strong> betrachtet.<\/p>\n\n\n\n<hr class=\"wp-block-separator has-alpha-channel-opacity\"\/>\n\n\n\n<h1 class=\"wp-block-heading\">3. Die Theologie der Schmerzen und Freuden<\/h1>\n\n\n\n<p>Auf den ersten Blick mag es wie eine weitere fromme Andacht erscheinen.<\/p>\n\n\n\n<p>In Wirklichkeit enth\u00e4lt sie jedoch <strong>eine sehr tiefe theologische Lehre<\/strong>.<\/p>\n\n\n\n<p>Der heilige Josef nimmt auf einzigartige Weise am Geheimnis der Erl\u00f6sung teil, weil er von Gott auserw\u00e4hlt wurde, <strong>die beiden gr\u00f6\u00dften Sch\u00e4tze des Himmels auf Erden zu bewahren<\/strong>:<\/p>\n\n\n\n<ul class=\"wp-block-list\">\n<li>Jesus Christus<\/li>\n\n\n\n<li>die Jungfrau Maria<\/li>\n<\/ul>\n\n\n\n<p>Seine Berufung war au\u00dfergew\u00f6hnlich, aber zugleich <strong>von inneren Pr\u00fcfungen gepr\u00e4gt<\/strong>.<\/p>\n\n\n\n<p>Die geistliche Theologie lehrt, dass <strong>gro\u00dfe Gaben Gottes oft von gro\u00dfen L\u00e4uterungen begleitet werden<\/strong>.<\/p>\n\n\n\n<p>Der heilige Josef erlebte:<\/p>\n\n\n\n<ul class=\"wp-block-list\">\n<li>Unsicherheit<\/li>\n\n\n\n<li>Gefahr<\/li>\n\n\n\n<li>Verfolgung<\/li>\n\n\n\n<li>Armut<\/li>\n\n\n\n<li>eine enorme Verantwortung<\/li>\n<\/ul>\n\n\n\n<p>Doch er erlebte auch <strong>geistliche Freuden, die kein anderer Mensch je erfahren hat<\/strong>.<\/p>\n\n\n\n<p>Zum Beispiel:<\/p>\n\n\n\n<ul class=\"wp-block-list\">\n<li>das Angesicht des menschgewordenen Wortes zu betrachten<\/li>\n\n\n\n<li>den Sohn Gottes zu erziehen<\/li>\n\n\n\n<li>mit der Jungfrau Maria zu leben<\/li>\n<\/ul>\n\n\n\n<p>In seinem Leben erf\u00fcllt sich vollkommen, was die Schrift sagt:<\/p>\n\n\n\n<blockquote class=\"wp-block-quote is-layout-flow wp-block-quote-is-layout-flow\">\n<p>\u201eWen der Herr liebt, den z\u00fcchtigt er.\u201c (Hebr\u00e4er 12,6)<\/p>\n<\/blockquote>\n\n\n\n<hr class=\"wp-block-separator has-alpha-channel-opacity\"\/>\n\n\n\n<h1 class=\"wp-block-heading\">4. Die Sieben Schmerzen und Freuden des Heiligen Josef<\/h1>\n\n\n\n<p>Betrachten wir nun jeden einzelnen.<\/p>\n\n\n\n<hr class=\"wp-block-separator has-alpha-channel-opacity\"\/>\n\n\n\n<h1 class=\"wp-block-heading\">1. Der Schmerz des Zweifels \u2014 die Freude der Offenbarung<\/h1>\n\n\n\n<h3 class=\"wp-block-heading\">Schmerz<\/h3>\n\n\n\n<p>Der heilige Josef entdeckt, dass Maria schwanger ist, bevor sie zusammenleben.<\/p>\n\n\n\n<p>Das Evangelium berichtet von seiner inneren Not:<\/p>\n\n\n\n<blockquote class=\"wp-block-quote is-layout-flow wp-block-quote-is-layout-flow\">\n<p>\u201eJosef, ihr Mann, der gerecht war und sie nicht blo\u00dfstellen wollte, beschloss, sich in aller Stille von ihr zu trennen.\u201c (Matth\u00e4us 1,19)<\/p>\n<\/blockquote>\n\n\n\n<p>Stellen wir uns seinen inneren Kampf vor:<\/p>\n\n\n\n<ul class=\"wp-block-list\">\n<li>er liebt Maria zutiefst<\/li>\n\n\n\n<li>er versteht nicht, was geschieht<\/li>\n\n\n\n<li>er m\u00f6chte gerecht handeln<\/li>\n<\/ul>\n\n\n\n<p>Es ist <strong>einer der dramatischsten Momente des Evangeliums<\/strong>.<\/p>\n\n\n\n<h3 class=\"wp-block-heading\">Freude<\/h3>\n\n\n\n<p>Ein Engel erscheint ihm im Traum:<\/p>\n\n\n\n<blockquote class=\"wp-block-quote is-layout-flow wp-block-quote-is-layout-flow\">\n<p>\u201eF\u00fcrchte dich nicht, Maria als deine Frau zu dir zu nehmen; denn das Kind, das sie erwartet, ist vom Heiligen Geist.\u201c (Matth\u00e4us 1,20)<\/p>\n<\/blockquote>\n\n\n\n<p>Die Angst verwandelt sich in Freude.<\/p>\n\n\n\n<p>Josef erkennt, dass <strong>sein Leben Teil des Heilsplans Gottes ist<\/strong>.<\/p>\n\n\n\n<h3 class=\"wp-block-heading\">Geistliche Lehre<\/h3>\n\n\n\n<p>Gott erlaubt oft <strong>Momente der Dunkelheit, bevor er seinen Willen offenbart<\/strong>.<\/p>\n\n\n\n<p>Der heilige Josef lehrt uns, <strong>nicht impulsiv zu handeln, wenn wir nicht verstehen, was Gott tut<\/strong>.<\/p>\n\n\n\n<hr class=\"wp-block-separator has-alpha-channel-opacity\"\/>\n\n\n\n<h1 class=\"wp-block-heading\">2. Der Schmerz der Geburt in Armut \u2014 die Freude des Erl\u00f6sers<\/h1>\n\n\n\n<h3 class=\"wp-block-heading\">Schmerz<\/h3>\n\n\n\n<p>Josef kommt mit der schwangeren Maria nach Bethlehem und findet keine Unterkunft.<\/p>\n\n\n\n<p>Der Messias wird <strong>in einem Stall geboren<\/strong>.<\/p>\n\n\n\n<p>F\u00fcr einen verantwortungsvollen Vater muss das sehr schmerzhaft gewesen sein.<\/p>\n\n\n\n<h3 class=\"wp-block-heading\">Freude<\/h3>\n\n\n\n<p>Doch Josef betrachtet etwas, das kein Mensch zuvor gesehen hatte:<\/p>\n\n\n\n<p><strong>Gott, der ein Kind geworden ist.<\/strong><\/p>\n\n\n\n<p>Die Hirten kommen, die Engel singen.<\/p>\n\n\n\n<p>Armut wird zur Herrlichkeit.<\/p>\n\n\n\n<h3 class=\"wp-block-heading\">Geistliche Lehre<\/h3>\n\n\n\n<p>Die wahre christliche Freude <strong>h\u00e4ngt nicht vom materiellen Komfort ab<\/strong>.<\/p>\n\n\n\n<p>Gott kann <strong>seine gr\u00f6\u00dften Wunder in der Armut vollbringen<\/strong>.<\/p>\n\n\n\n<hr class=\"wp-block-separator has-alpha-channel-opacity\"\/>\n\n\n\n<h1 class=\"wp-block-heading\">3. Der Schmerz der Beschneidung \u2014 die Freude \u00fcber den Namen Jesu<\/h1>\n\n\n\n<h3 class=\"wp-block-heading\">Schmerz<\/h3>\n\n\n\n<p>Der heilige Josef muss das Kind zur Beschneidung bringen, dem Zeichen des Bundes und zugleich <strong>dem ersten Vergie\u00dfen des Blutes Christi<\/strong>.<\/p>\n\n\n\n<h3 class=\"wp-block-heading\">Freude<\/h3>\n\n\n\n<p>In diesem Moment wird der rettende Name offenbart:<\/p>\n\n\n\n<p><strong>Jesus<\/strong>, was bedeutet <em>\u201eGott rettet\u201c<\/em>.<\/p>\n\n\n\n<p>Josef hat das Privileg, <strong>diesen Namen zum ersten Mal auf Erden auszusprechen<\/strong>.<\/p>\n\n\n\n<h3 class=\"wp-block-heading\">Geistliche Lehre<\/h3>\n\n\n\n<p>Das Heil beginnt mit Opfer.<\/p>\n\n\n\n<p>Selbst das g\u00f6ttliche Kind <strong>tritt in die menschliche Geschichte ein, indem es unser Leiden teilt<\/strong>.<\/p>\n\n\n\n<hr class=\"wp-block-separator has-alpha-channel-opacity\"\/>\n\n\n\n<h1 class=\"wp-block-heading\">4. Der Schmerz der Prophezeiung Simeons \u2014 die Freude \u00fcber das Licht f\u00fcr die V\u00f6lker<\/h1>\n\n\n\n<h3 class=\"wp-block-heading\">Schmerz<\/h3>\n\n\n\n<p>Simeon k\u00fcndigt an, dass das Kind <strong>ein Zeichen des Widerspruchs<\/strong> sein wird.<\/p>\n\n\n\n<p>Und er sagt zu Maria:<\/p>\n\n\n\n<blockquote class=\"wp-block-quote is-layout-flow wp-block-quote-is-layout-flow\">\n<p>\u201eDir selbst aber wird ein Schwert durch die Seele dringen.\u201c (Lukas 2,35)<\/p>\n<\/blockquote>\n\n\n\n<p>Josef erkennt, dass die Zukunft des Kindes vom Leiden gepr\u00e4gt sein wird.<\/p>\n\n\n\n<h3 class=\"wp-block-heading\">Freude<\/h3>\n\n\n\n<p>Doch Simeon verk\u00fcndet auch, dass Jesus sein wird:<\/p>\n\n\n\n<blockquote class=\"wp-block-quote is-layout-flow wp-block-quote-is-layout-flow\">\n<p>\u201eEin Licht, das die Heiden erleuchtet.\u201c (Lukas 2,32)<\/p>\n<\/blockquote>\n\n\n\n<p>Josef versteht, dass sein Pflegekind <strong>das Heil f\u00fcr die ganze Welt bringen wird<\/strong>.<\/p>\n\n\n\n<hr class=\"wp-block-separator has-alpha-channel-opacity\"\/>\n\n\n\n<h1 class=\"wp-block-heading\">5. Der Schmerz der Flucht nach \u00c4gypten \u2014 die Freude, das Kind zu retten<\/h1>\n\n\n\n<h3 class=\"wp-block-heading\">Schmerz<\/h3>\n\n\n\n<p>Herodes will das Kind t\u00f6ten.<\/p>\n\n\n\n<p>Josef muss in der Nacht fliehen und alles zur\u00fccklassen.<\/p>\n\n\n\n<p>Er wird <strong>ein Fl\u00fcchtling in einem fremden Land<\/strong>.<\/p>\n\n\n\n<h3 class=\"wp-block-heading\">Freude<\/h3>\n\n\n\n<p>Durch seinen Gehorsam wird der Erl\u00f6ser gesch\u00fctzt.<\/p>\n\n\n\n<p>Josef wird <strong>ein unmittelbares Werkzeug des g\u00f6ttlichen Plans<\/strong>.<\/p>\n\n\n\n<h3 class=\"wp-block-heading\">Geistliche Lehre<\/h3>\n\n\n\n<p>Gott vertraut gro\u00dfe Aufgaben oft scheinbar einfachen Menschen an.<\/p>\n\n\n\n<p>Dem\u00fctiger Gehorsam kann <strong>den Lauf der Weltgeschichte ver\u00e4ndern<\/strong>.<\/p>\n\n\n\n<hr class=\"wp-block-separator has-alpha-channel-opacity\"\/>\n\n\n\n<h1 class=\"wp-block-heading\">6. Der Schmerz der ungewissen R\u00fcckkehr \u2014 die Freude \u00fcber die R\u00fcckkehr nach Nazareth<\/h1>\n\n\n\n<h3 class=\"wp-block-heading\">Schmerz<\/h3>\n\n\n\n<p>Nach \u00c4gypten wei\u00df Josef nicht, wo er sich niederlassen soll.<\/p>\n\n\n\n<p>Die Gefahr besteht weiterhin.<\/p>\n\n\n\n<h3 class=\"wp-block-heading\">Freude<\/h3>\n\n\n\n<p>Schlie\u00dflich l\u00e4sst er sich in Nazareth nieder.<\/p>\n\n\n\n<p>Dort beginnt <strong>das verborgene Leben Jesu<\/strong>, erf\u00fcllt von Frieden.<\/p>\n\n\n\n<hr class=\"wp-block-separator has-alpha-channel-opacity\"\/>\n\n\n\n<h1 class=\"wp-block-heading\">7. Der Schmerz, Jesus im Tempel zu verlieren \u2014 die Freude, ihn wiederzufinden<\/h1>\n\n\n\n<h3 class=\"wp-block-heading\">Schmerz<\/h3>\n\n\n\n<p>Drei Tage lang verlieren Josef und Maria Jesus.<\/p>\n\n\n\n<p>Es ist einer der menschlichsten Schmerzen des Evangeliums.<\/p>\n\n\n\n<h3 class=\"wp-block-heading\">Freude<\/h3>\n\n\n\n<p>Sie finden ihn im Tempel, wo er lehrt.<\/p>\n\n\n\n<p>Jesus offenbart seine g\u00f6ttliche Sendung.<\/p>\n\n\n\n<h3 class=\"wp-block-heading\">Geistliche Lehre<\/h3>\n\n\n\n<p>Selbst die heiligsten Seelen k\u00f6nnen <strong>Momente der scheinbaren Abwesenheit Gottes erleben<\/strong>.<\/p>\n\n\n\n<p>Doch der Herr l\u00e4sst sich immer wieder finden.<\/p>\n\n\n\n<hr class=\"wp-block-separator has-alpha-channel-opacity\"\/>\n\n\n\n<h1 class=\"wp-block-heading\">5. Die Aktualit\u00e4t dieser Andacht<\/h1>\n\n\n\n<p>Diese Andacht mag alt erscheinen.<\/p>\n\n\n\n<p>Doch in Wirklichkeit <strong>spricht sie direkt zu den Herausforderungen unserer Zeit<\/strong>.<\/p>\n\n\n\n<p>Der heilige Josef ist ein au\u00dfergew\u00f6hnliches Vorbild f\u00fcr unsere Zeit, weil er verk\u00f6rpert:<\/p>\n\n\n\n<ul class=\"wp-block-list\">\n<li>den verantwortungsvollen Vater<\/li>\n\n\n\n<li>den stillen Arbeiter<\/li>\n\n\n\n<li>den treuen Gl\u00e4ubigen inmitten von Unsicherheit<\/li>\n<\/ul>\n\n\n\n<p>In einer Kultur, die <strong>die Vaterschaft oft verspottet oder famili\u00e4re Verantwortung abwertet<\/strong>, wird die Gestalt des heiligen Josef erneut prophetisch.<\/p>\n\n\n\n<p>Die Schmerzen und Freuden lehren etwas Grundlegendes:<\/p>\n\n\n\n<p><strong>Heiligkeit wird im gew\u00f6hnlichen Leben gelebt<\/strong>.<\/p>\n\n\n\n<p>Nicht in spektakul\u00e4ren Gesten, sondern in:<\/p>\n\n\n\n<ul class=\"wp-block-list\">\n<li>der Sorge um die Familie<\/li>\n\n\n\n<li>ehrlicher Arbeit<\/li>\n\n\n\n<li>dem Gehorsam gegen\u00fcber Gott im Alltag<\/li>\n<\/ul>\n\n\n\n<hr class=\"wp-block-separator has-alpha-channel-opacity\"\/>\n\n\n\n<h1 class=\"wp-block-heading\">6. Wie man diese Andacht heute praktizieren kann<\/h1>\n\n\n\n<p>Diese Andacht wiederzuentdecken ist sehr einfach.<\/p>\n\n\n\n<p>Hier einige praktische Wege:<\/p>\n\n\n\n<h3 class=\"wp-block-heading\">1. Sie am Mittwoch beten<\/h3>\n\n\n\n<p>Der Mittwoch ist traditionell dem heiligen Josef gewidmet.<\/p>\n\n\n\n<p>Man kann <strong>jede Woche einen Schmerz und eine Freude betrachten<\/strong>.<\/p>\n\n\n\n<hr class=\"wp-block-separator has-alpha-channel-opacity\"\/>\n\n\n\n<h3 class=\"wp-block-heading\">2. Sie in der Familie praktizieren<\/h3>\n\n\n\n<p>Diese Andacht eignet sich hervorragend zum Gebet mit Kindern.<\/p>\n\n\n\n<p>Sie hilft ihnen zu lernen:<\/p>\n\n\n\n<ul class=\"wp-block-list\">\n<li>das Leben Jesu<\/li>\n\n\n\n<li>die Bedeutung der Vaterschaft<\/li>\n\n\n\n<li>das Vertrauen in Gott<\/li>\n<\/ul>\n\n\n\n<hr class=\"wp-block-separator has-alpha-channel-opacity\"\/>\n\n\n\n<h3 class=\"wp-block-heading\">3. Sie in Zeiten der Krise beten<\/h3>\n\n\n\n<p>Der heilige Josef wird besonders angerufen als:<\/p>\n\n\n\n<ul class=\"wp-block-list\">\n<li>Besch\u00fctzer der Familien<\/li>\n\n\n\n<li>Patron der Arbeiter<\/li>\n\n\n\n<li>Helfer in schwierigen Momenten<\/li>\n<\/ul>\n\n\n\n<hr class=\"wp-block-separator has-alpha-channel-opacity\"\/>\n\n\n\n<h3 class=\"wp-block-heading\">4. Die Spiritualit\u00e4t von Nazareth leben<\/h3>\n\n\n\n<p>Die Schmerzen und Freuden lehren uns eine sehr konkrete Spiritualit\u00e4t:<\/p>\n\n\n\n<ul class=\"wp-block-list\">\n<li>Pr\u00fcfungen annehmen<\/li>\n\n\n\n<li>Gott vertrauen<\/li>\n\n\n\n<li>Freude in den einfachen Dingen finden<\/li>\n<\/ul>\n\n\n\n<hr class=\"wp-block-separator has-alpha-channel-opacity\"\/>\n\n\n\n<h1 class=\"wp-block-heading\">7. Der heilige Josef, Lehrer f\u00fcr eine verwundete Kirche<\/h1>\n\n\n\n<p>Heute f\u00fchlen viele Katholiken Unsicherheit wegen:<\/p>\n\n\n\n<ul class=\"wp-block-list\">\n<li>kultureller Krisen<\/li>\n\n\n\n<li>Spannungen innerhalb der Kirche<\/li>\n\n\n\n<li>schneller gesellschaftlicher Ver\u00e4nderungen<\/li>\n<\/ul>\n\n\n\n<p>Der heilige Josef zeigt uns den Weg.<\/p>\n\n\n\n<p>Er lebte in einer ebenfalls turbulenten Welt:<\/p>\n\n\n\n<ul class=\"wp-block-list\">\n<li>unter r\u00f6mischer Herrschaft<\/li>\n\n\n\n<li>mit politischer Verfolgung<\/li>\n\n\n\n<li>in Armut<\/li>\n<\/ul>\n\n\n\n<p>Und dennoch <strong>blieb er treu<\/strong>.<\/p>\n\n\n\n<p>Seine Heiligkeit war nicht spektakul\u00e4r.<\/p>\n\n\n\n<p>Sie war <strong>still, stark und best\u00e4ndig<\/strong>.<\/p>\n\n\n\n<hr class=\"wp-block-separator has-alpha-channel-opacity\"\/>\n\n\n\n<h1 class=\"wp-block-heading\">Schlussfolgerung: Eine Andacht, die es neu zu entdecken gilt<\/h1>\n\n\n\n<p>Die Sieben Schmerzen und Freuden des heiligen Josef sind weit mehr als eine alte Fr\u00f6mmigkeitspraxis.<\/p>\n\n\n\n<p>Sie sind <strong>eine Schule des christlichen Lebens<\/strong>.<\/p>\n\n\n\n<p>Sie lehren uns, dass:<\/p>\n\n\n\n<ul class=\"wp-block-list\">\n<li>der Glaube in der Unsicherheit gelebt wird<\/li>\n\n\n\n<li>Leiden zur Gnade werden kann<\/li>\n\n\n\n<li>Gehorsam den Weg zu Gottes Wundern \u00f6ffnet<\/li>\n<\/ul>\n\n\n\n<p>In einer lauten Welt l\u00e4dt uns der heilige Josef ein, <strong>Stille, Vertrauen und t\u00e4gliche Treue<\/strong> wiederzuentdecken.<\/p>\n\n\n\n<p>Vielleicht hat die Kirche ihn deshalb immer als <strong>den Heiligen unserer Zeit<\/strong> betrachtet.<\/p>\n\n\n\n<p>Denn heute mehr denn je brauchen wir M\u00e4nner und Frauen, die so leben wie er:<\/p>\n\n\n\n<p><strong>ohne nach Anerkennung zu suchen, aber vollkommen dem Plan Gottes hingegeben.<\/strong><\/p>\n\n\n\n<p>Und vielleicht w\u00fcrden wir, wenn viele Christen diese Andacht wiederentdeckten, erneut das Geheimnis von Nazareth lernen:<\/p>\n\n\n\n<p>dass die gr\u00f6\u00dften Werke Gottes <strong>im Schweigen treuer Herzen geboren werden<\/strong>.<\/p>\n","protected":false},"excerpt":{"rendered":"<p>In einer Zeit, in der viele Katholiken nach konkreten Wegen suchen, den Glauben mitten im L\u00e4rm der Welt zu leben, bewahrt die Kirche in ihrer Tradition einen erstaunlichen geistlichen Schatz, der heute nur wenig bekannt ist: die Andacht zu den Sieben Schmerzen und Freuden des Heiligen Josef. W\u00e4hrend die christliche Spiritualit\u00e4t die Sieben Schmerzen der &hellip;<\/p>\n","protected":false},"author":3,"featured_media":5187,"comment_status":"closed","ping_status":"closed","sticky":false,"template":"","format":"standard","meta":{"_seopress_robots_primary_cat":"","_seopress_titles_title":"","_seopress_titles_desc":"","_seopress_robots_index":"","footnotes":""},"categories":[58,40],"tags":[1875],"class_list":["post-5186","post","type-post","status-publish","format-standard","has-post-thumbnail","","category-gebet-und-geistliches-leben","category-gebet-und-spiritualitaet","tag-sieben-schmerzen-und-freuden-des-heiligen-josef"],"_links":{"self":[{"href":"https:\/\/catholicus.eu\/de\/wp-json\/wp\/v2\/posts\/5186","targetHints":{"allow":["GET"]}}],"collection":[{"href":"https:\/\/catholicus.eu\/de\/wp-json\/wp\/v2\/posts"}],"about":[{"href":"https:\/\/catholicus.eu\/de\/wp-json\/wp\/v2\/types\/post"}],"author":[{"embeddable":true,"href":"https:\/\/catholicus.eu\/de\/wp-json\/wp\/v2\/users\/3"}],"replies":[{"embeddable":true,"href":"https:\/\/catholicus.eu\/de\/wp-json\/wp\/v2\/comments?post=5186"}],"version-history":[{"count":1,"href":"https:\/\/catholicus.eu\/de\/wp-json\/wp\/v2\/posts\/5186\/revisions"}],"predecessor-version":[{"id":5188,"href":"https:\/\/catholicus.eu\/de\/wp-json\/wp\/v2\/posts\/5186\/revisions\/5188"}],"wp:featuredmedia":[{"embeddable":true,"href":"https:\/\/catholicus.eu\/de\/wp-json\/wp\/v2\/media\/5187"}],"wp:attachment":[{"href":"https:\/\/catholicus.eu\/de\/wp-json\/wp\/v2\/media?parent=5186"}],"wp:term":[{"taxonomy":"category","embeddable":true,"href":"https:\/\/catholicus.eu\/de\/wp-json\/wp\/v2\/categories?post=5186"},{"taxonomy":"post_tag","embeddable":true,"href":"https:\/\/catholicus.eu\/de\/wp-json\/wp\/v2\/tags?post=5186"}],"curies":[{"name":"wp","href":"https:\/\/api.w.org\/{rel}","templated":true}]}}