{"id":5171,"date":"2026-03-09T08:45:13","date_gmt":"2026-03-09T07:45:13","guid":{"rendered":"https:\/\/catholicus.eu\/de\/?p=5171"},"modified":"2026-03-09T08:45:13","modified_gmt":"2026-03-09T07:45:13","slug":"die-wirklichen-namen-der-apostel-was-fast-niemand-darueber-weiss-wie-die-juenger-christi-tatsaechlich-hiessen","status":"publish","type":"post","link":"https:\/\/catholicus.eu\/de\/die-wirklichen-namen-der-apostel-was-fast-niemand-darueber-weiss-wie-die-juenger-christi-tatsaechlich-hiessen\/","title":{"rendered":"Die wirklichen Namen der Apostel: Was fast niemand dar\u00fcber wei\u00df, wie die J\u00fcnger Christi tats\u00e4chlich hie\u00dfen"},"content":{"rendered":"\n<p>Wenn wir an die Apostel denken, stellen wir sie uns gew\u00f6hnlich mit den Namen vor, die wir unser ganzes Leben lang geh\u00f6rt haben: Petrus, Johannes, Jakobus, Matth\u00e4us, Thomas\u2026 vertraute Namen, die Teil der christlichen Tradition sind.<\/p>\n\n\n\n<p>Doch es gibt ein faszinierendes Detail, das viele Christen nicht kennen: <strong>Mehrere dieser Namen waren nicht genau ihre urspr\u00fcnglichen Namen<\/strong>. Einige sind \u00dcbersetzungen, andere sind Spitznamen, und wieder andere wurden im Laufe der Zeit durch den \u00dcbergang zwischen Sprachen wie Hebr\u00e4isch, Aram\u00e4isch, Griechisch und Latein ver\u00e4ndert.<\/p>\n\n\n\n<p>Die <strong>wirklichen Namen der Apostel<\/strong> zu verstehen, ist nicht nur eine historische Kuriosit\u00e4t. In der biblischen Denkweise <strong>offenbart ein Name Identit\u00e4t, Sendung und Berufung<\/strong>. Deshalb erlaubt uns das Studium dieser Namen, tiefer zu verstehen, <strong>wer die M\u00e4nner wirklich waren, die Jesus ausgew\u00e4hlt hat, um die Welt zu ver\u00e4ndern<\/strong>.<\/p>\n\n\n\n<p>Denn Christus hat keine perfekten Helden ausgew\u00e4hlt.<br>Er hat echte Menschen ausgew\u00e4hlt.<br>Mit echten Namen.<br>Mit echten Geschichten.<\/p>\n\n\n\n<p>Und das sagt auch etwas \u00fcber uns aus.<\/p>\n\n\n\n<hr class=\"wp-block-separator has-alpha-channel-opacity\"\/>\n\n\n\n<h1 class=\"wp-block-heading\">Die biblische Bedeutung des Namens: Identit\u00e4t und Sendung<\/h1>\n\n\n\n<p>In der biblischen Kultur war ein Name nicht nur ein Erkennungszeichen. Er war <strong>eine geistliche Offenbarung<\/strong>.<\/p>\n\n\n\n<p>In der Heiligen Schrift bedeutet die \u00c4nderung eines Namens <strong>eine \u00c4nderung der Sendung<\/strong>.<\/p>\n\n\n\n<p>Gott \u00e4nderte den Namen Abram zu Abraham, den Namen Jakob zu Israel\u2026 und auch Christus \u00e4nderte den Namen eines seiner Apostel.<\/p>\n\n\n\n<p>Das Evangelium sagt:<\/p>\n\n\n\n<blockquote class=\"wp-block-quote is-layout-flow wp-block-quote-is-layout-flow\">\n<p>\u201eDu bist Petrus, und auf diesen Felsen werde ich meine Kirche bauen.\u201c<br>\u2014 Matth\u00e4us 16,18<\/p>\n<\/blockquote>\n\n\n\n<p>Hier sehen wir etwas Grundlegendes: <strong>Jesus ruft Menschen nicht nur, Er definiert auch neu, wer sie sind<\/strong>.<\/p>\n\n\n\n<p>Darum hilft uns das Verst\u00e4ndnis der Namen der Apostel zu erkennen, <strong>wie Gott gew\u00f6hnliche Leben in au\u00dfergew\u00f6hnliche Werkzeuge verwandelt<\/strong>.<\/p>\n\n\n\n<hr class=\"wp-block-separator has-alpha-channel-opacity\"\/>\n\n\n\n<h1 class=\"wp-block-heading\">Die Sprache der Apostel: Hebr\u00e4isch, Aram\u00e4isch und Griechisch<\/h1>\n\n\n\n<p>Bevor wir jeden einzelnen Namen betrachten, m\u00fcssen wir ein wichtiges historisches Detail verstehen.<\/p>\n\n\n\n<p>Die Apostel lebten in einer Welt, in der drei Hauptsprachen nebeneinander existierten:<\/p>\n\n\n\n<ul class=\"wp-block-list\">\n<li><strong>Aram\u00e4isch<\/strong> \u2192 die Alltagssprache der Juden in Pal\u00e4stina<\/li>\n\n\n\n<li><strong>Hebr\u00e4isch<\/strong> \u2192 die religi\u00f6se und biblische Sprache<\/li>\n\n\n\n<li><strong>Griechisch<\/strong> \u2192 die internationale Sprache des \u00f6stlichen R\u00f6mischen Reiches<\/li>\n<\/ul>\n\n\n\n<p>Als die Evangelien auf Griechisch geschrieben wurden, wurden viele Namen <strong>phonetisch angepasst<\/strong>.<\/p>\n\n\n\n<p>Deshalb stimmen die Namen, die wir heute kennen, <strong>nicht immer genau mit den urspr\u00fcnglichen \u00fcberein<\/strong>.<\/p>\n\n\n\n<hr class=\"wp-block-separator has-alpha-channel-opacity\"\/>\n\n\n\n<h1 class=\"wp-block-heading\">Die wirklichen Namen der zw\u00f6lf Apostel<\/h1>\n\n\n\n<h2 class=\"wp-block-heading\">Simon \u2014 genannt Petrus<\/h2>\n\n\n\n<p>Der urspr\u00fcngliche Name von Simon war <strong>Shim\u00f3n (\u05e9\u05de\u05e2\u05d5\u05df)<\/strong>.<br>Bedeutung: <em>Gott hat geh\u00f6rt<\/em>.<\/p>\n\n\n\n<p>Jesus gab ihm einen Beinamen:<\/p>\n\n\n\n<p><strong>Kepha (\u05db\u05d9\u05e4\u05d0)<\/strong> auf Aram\u00e4isch \u2192 \u201eFels\u201c oder \u201eStein\u201c.<\/p>\n\n\n\n<p>Dieser Name wurde im Griechischen zu <strong>Petros<\/strong>, woraus <strong>Petrus<\/strong> wurde.<\/p>\n\n\n\n<p>Sein vollst\u00e4ndiger Name w\u00e4re also etwa:<\/p>\n\n\n\n<p><strong>Shim\u00f3n Kepha<\/strong><br>Simon der Fels.<\/p>\n\n\n\n<p>Christus w\u00e4hlte ihn als sichtbares Fundament der Kirche.<\/p>\n\n\n\n<hr class=\"wp-block-separator has-alpha-channel-opacity\"\/>\n\n\n\n<h2 class=\"wp-block-heading\">Andreas<\/h2>\n\n\n\n<p>Interessanterweise ist sein Name nicht hebr\u00e4isch.<\/p>\n\n\n\n<p><strong>Andreas<\/strong> ist griechisch und bedeutet:<\/p>\n\n\n\n<p><strong>\u201em\u00e4nnlich\u201c<\/strong> oder <strong>\u201etapferer Mann\u201c<\/strong>.<\/p>\n\n\n\n<p>Das zeigt, dass einige j\u00fcdische Familien bereits griechische Namen verwendeten \u2013 ein Zeichen f\u00fcr das multikulturelle Umfeld Galil\u00e4as.<\/p>\n\n\n\n<p>Andreas war au\u00dferdem <strong>der erste J\u00fcnger, der von Jesus berufen wurde<\/strong>.<\/p>\n\n\n\n<hr class=\"wp-block-separator has-alpha-channel-opacity\"\/>\n\n\n\n<h2 class=\"wp-block-heading\">Jakobus der \u00c4ltere<\/h2>\n\n\n\n<p>Sein urspr\u00fcnglicher Name war <strong>Ya&#8217;akov (\u05d9\u05e2\u05e7\u05d1)<\/strong>.<\/p>\n\n\n\n<p>Es ist derselbe Name wie der des Patriarchen Jakob.<\/p>\n\n\n\n<p>Mit der Zeit entwickelte er sich so:<\/p>\n\n\n\n<p>Ya&#8217;akov \u2192 Iacobus \u2192 Iago \u2192 <strong>Jakobus<\/strong><\/p>\n\n\n\n<p>Seine Bedeutung wird traditionell interpretiert als:<\/p>\n\n\n\n<p><strong>\u201eder von Gott Gesch\u00fctzte\u201c<\/strong> oder <strong>\u201e\u00dcberlister\u201c<\/strong>, gem\u00e4\u00df der hebr\u00e4ischen Tradition.<\/p>\n\n\n\n<p>Er war einer der drei J\u00fcnger, die Christus am n\u00e4chsten standen.<\/p>\n\n\n\n<hr class=\"wp-block-separator has-alpha-channel-opacity\"\/>\n\n\n\n<h2 class=\"wp-block-heading\">Johannes<\/h2>\n\n\n\n<p>Sein urspr\u00fcnglicher Name war <strong>Yohanan (\u05d9\u05d5\u05d7\u05e0\u05df)<\/strong>.<\/p>\n\n\n\n<p>Er bedeutet:<\/p>\n\n\n\n<p><strong>\u201eGott hat Barmherzigkeit erwiesen\u201c<\/strong>.<\/p>\n\n\n\n<p>Johannes ist der geliebte J\u00fcnger, der Zeuge des Kreuzes und der Verfasser des vierten Evangeliums.<\/p>\n\n\n\n<p>Sein Name enth\u00e4lt bereits eine Botschaft:<\/p>\n\n\n\n<p><strong>die Barmherzigkeit Gottes, die sich in Christus offenbart<\/strong>.<\/p>\n\n\n\n<hr class=\"wp-block-separator has-alpha-channel-opacity\"\/>\n\n\n\n<h2 class=\"wp-block-heading\">Philippus<\/h2>\n\n\n\n<p>Sein Name ist griechisch: <strong>Philippos<\/strong>.<\/p>\n\n\n\n<p>Bedeutung:<\/p>\n\n\n\n<p><strong>\u201ePferdeliebhaber\u201c<\/strong>.<\/p>\n\n\n\n<p>Es war ein h\u00e4ufiger Name in der hellenistischen Welt.<\/p>\n\n\n\n<p>Philippus erscheint mehrmals im Evangelium als <strong>der J\u00fcnger, der andere einl\u00e4dt, Christus zu begegnen<\/strong>.<\/p>\n\n\n\n<hr class=\"wp-block-separator has-alpha-channel-opacity\"\/>\n\n\n\n<h2 class=\"wp-block-heading\">Bartholom\u00e4us<\/h2>\n\n\n\n<p>Sein wirklicher Name war wahrscheinlich <strong>Nathanael<\/strong>.<\/p>\n\n\n\n<p>Bartholom\u00e4us ist in Wirklichkeit kein Vorname.<\/p>\n\n\n\n<p>Es ist <strong>ein Familienname<\/strong>.<\/p>\n\n\n\n<p><strong>Bar-Tolmai<\/strong> bedeutet:<\/p>\n\n\n\n<p><strong>\u201eSohn des Tolmai\u201c<\/strong>.<\/p>\n\n\n\n<p>Deshalb glauben viele Forscher, dass es sich um<\/p>\n\n\n\n<p><strong>Nathanael bar Tolmai<\/strong> handelte.<\/p>\n\n\n\n<p>Es ist derselbe J\u00fcnger, \u00fcber den Jesus sagte:<\/p>\n\n\n\n<blockquote class=\"wp-block-quote is-layout-flow wp-block-quote-is-layout-flow\">\n<p>\u201eSiehe, ein wahrer Israelit, in dem keine Falschheit ist.\u201c<br>\u2014 Johannes 1,47<\/p>\n<\/blockquote>\n\n\n\n<hr class=\"wp-block-separator has-alpha-channel-opacity\"\/>\n\n\n\n<h2 class=\"wp-block-heading\">Thomas<\/h2>\n\n\n\n<p>Sein aram\u00e4ischer Name war <strong>Ta&#8217;oma<\/strong>.<\/p>\n\n\n\n<p>Er bedeutet:<\/p>\n\n\n\n<p><strong>\u201eZwilling\u201c<\/strong>.<\/p>\n\n\n\n<p>Das Evangelium \u00fcbersetzt ihn sogar:<\/p>\n\n\n\n<p>\u201eThomas, genannt Didymus\u201c (was auf Griechisch ebenfalls Zwilling bedeutet).<\/p>\n\n\n\n<p>Thomas steht f\u00fcr alle Gl\u00e4ubigen, die <strong>mit Zweifeln ringen, aber aufrichtig die Wahrheit suchen<\/strong>.<\/p>\n\n\n\n<hr class=\"wp-block-separator has-alpha-channel-opacity\"\/>\n\n\n\n<h2 class=\"wp-block-heading\">Matth\u00e4us<\/h2>\n\n\n\n<p>Sein urspr\u00fcnglicher Name war <strong>Mattityahu<\/strong>.<\/p>\n\n\n\n<p>Bedeutung:<\/p>\n\n\n\n<p><strong>\u201eGeschenk Gottes\u201c<\/strong>.<\/p>\n\n\n\n<p>Bevor er Apostel wurde, war er <strong>Z\u00f6llner<\/strong>, ein sehr verachteter Beruf.<\/p>\n\n\n\n<p>Sein Name erinnert uns daran, dass <strong>die Gnade jedes Leben verwandeln kann<\/strong>.<\/p>\n\n\n\n<hr class=\"wp-block-separator has-alpha-channel-opacity\"\/>\n\n\n\n<h2 class=\"wp-block-heading\">Jakobus der J\u00fcngere<\/h2>\n\n\n\n<p>Er wurde ebenfalls genannt:<\/p>\n\n\n\n<p><strong>Ya&#8217;akov<\/strong>.<\/p>\n\n\n\n<p>Er wird \u201eder J\u00fcngere\u201c genannt, um ihn von Jakobus dem \u00c4lteren zu unterscheiden.<\/p>\n\n\n\n<p>Einige Kirchenv\u00e4ter identifizieren ihn mit <strong>Jakobus, dem Verwandten des Herrn<\/strong>, dem Leiter der Kirche von Jerusalem.<\/p>\n\n\n\n<hr class=\"wp-block-separator has-alpha-channel-opacity\"\/>\n\n\n\n<h2 class=\"wp-block-heading\">Judas Thadd\u00e4us<\/h2>\n\n\n\n<p>Sein urspr\u00fcnglicher Name war <strong>Yehuda<\/strong>.<\/p>\n\n\n\n<p>Er bedeutet:<\/p>\n\n\n\n<p><strong>\u201eLob Gottes\u201c<\/strong>.<\/p>\n\n\n\n<p>\u201eThadd\u00e4us\u201c war wahrscheinlich ein Beiname mit der Bedeutung:<\/p>\n\n\n\n<p><strong>\u201emutig\u201c<\/strong> oder <strong>\u201egro\u00dfherzig\u201c<\/strong>.<\/p>\n\n\n\n<p>Heute ist er weithin bekannt als <strong>der Patron der aussichtslosen oder verzweifelten Anliegen<\/strong>.<\/p>\n\n\n\n<hr class=\"wp-block-separator has-alpha-channel-opacity\"\/>\n\n\n\n<h2 class=\"wp-block-heading\">Simon der Zelot<\/h2>\n\n\n\n<p>Sein urspr\u00fcnglicher Name war:<\/p>\n\n\n\n<p><strong>Shim\u00f3n<\/strong>.<\/p>\n\n\n\n<p>\u201eZelot\u201c deutet darauf hin, dass er zum <strong>Zelotenbewegung<\/strong> geh\u00f6rte oder mit ihr sympathisierte, die Israel von der r\u00f6mischen Herrschaft befreien wollte.<\/p>\n\n\n\n<p>Es ist bemerkenswert, dass Jesus in seiner Gruppe <strong>Menschen mit sehr unterschiedlichen ideologischen Hintergr\u00fcnden<\/strong> versammelte.<\/p>\n\n\n\n<hr class=\"wp-block-separator has-alpha-channel-opacity\"\/>\n\n\n\n<h2 class=\"wp-block-heading\">Judas Iskariot<\/h2>\n\n\n\n<p>Sein urspr\u00fcnglicher Name war wahrscheinlich:<\/p>\n\n\n\n<p><strong>Yehuda Ish-Qeriot<\/strong>.<\/p>\n\n\n\n<p>Er bedeutet wahrscheinlich:<\/p>\n\n\n\n<p><strong>\u201eJudas, Mann aus Qeriot\u201c<\/strong>, einer Stadt in Jud\u00e4a.<\/p>\n\n\n\n<p>Er ist der Apostel, der Jesus f\u00fcr <strong>drei\u00dfig Silberst\u00fccke<\/strong> verriet.<\/p>\n\n\n\n<p>Doch seine Geschichte erinnert uns auch an etwas Tiefes:<\/p>\n\n\n\n<p><strong>Die N\u00e4he zu Christus garantiert keine Treue, wenn sich das Herz nicht bekehrt.<\/strong><\/p>\n\n\n\n<hr class=\"wp-block-separator has-alpha-channel-opacity\"\/>\n\n\n\n<h1 class=\"wp-block-heading\">Warum \u00e4nderte Jesus einige Namen?<\/h1>\n\n\n\n<p>Jesus \u00e4nderte Namen aus einem geistlichen Grund.<\/p>\n\n\n\n<p>In der Bibel bedeutet die \u00c4nderung eines Namens <strong>die Verwandlung der Identit\u00e4t<\/strong>.<\/p>\n\n\n\n<p>Petrus ging von einem<\/p>\n\n\n\n<p><strong>impulsiven Fischer<\/strong><br>zu einem <strong>Felsen der Kirche<\/strong> \u00fcber.<\/p>\n\n\n\n<p>Dasselbe geschieht geistlich mit jedem Christen.<\/p>\n\n\n\n<p>Die Taufe gibt uns <strong>einen neuen Namen vor Gott<\/strong>.<\/p>\n\n\n\n<hr class=\"wp-block-separator has-alpha-channel-opacity\"\/>\n\n\n\n<h1 class=\"wp-block-heading\">Was die Namen der Apostel uns heute lehren<\/h1>\n\n\n\n<p>Diese Namen sind nicht nur Geschichte.<\/p>\n\n\n\n<p>Sie sind <strong>geistliche Lektionen f\u00fcr unsere Zeit<\/strong>.<\/p>\n\n\n\n<hr class=\"wp-block-separator has-alpha-channel-opacity\"\/>\n\n\n\n<h2 class=\"wp-block-heading\">1. Gott ruft echte Menschen<\/h2>\n\n\n\n<p>Die Apostel waren nicht perfekt.<\/p>\n\n\n\n<ul class=\"wp-block-list\">\n<li>einer zweifelte<\/li>\n\n\n\n<li>ein anderer verleugnete<\/li>\n\n\n\n<li>einer verriet<\/li>\n\n\n\n<li>viele flohen<\/li>\n<\/ul>\n\n\n\n<p>Und doch arbeitet Gott <strong>mit dem, was wir sind<\/strong>.<\/p>\n\n\n\n<hr class=\"wp-block-separator has-alpha-channel-opacity\"\/>\n\n\n\n<h2 class=\"wp-block-heading\">2. Heiligkeit beginnt mit einem Ruf<\/h2>\n\n\n\n<p>Jesus sagte:<\/p>\n\n\n\n<blockquote class=\"wp-block-quote is-layout-flow wp-block-quote-is-layout-flow\">\n<p>\u201eNicht ihr habt mich erw\u00e4hlt, sondern ich habe euch erw\u00e4hlt.\u201c<br>\u2014 Johannes 15,16<\/p>\n<\/blockquote>\n\n\n\n<p>Der Glaube beginnt nicht mit unserer Anstrengung.<\/p>\n\n\n\n<p>Er beginnt mit <strong>der Initiative Gottes<\/strong>.<\/p>\n\n\n\n<hr class=\"wp-block-separator has-alpha-channel-opacity\"\/>\n\n\n\n<h2 class=\"wp-block-heading\">3. Christus verwandelt unsere Identit\u00e4t<\/h2>\n\n\n\n<p>Simon wurde Petrus.<\/p>\n\n\n\n<p>Matth\u00e4us wurde vom Z\u00f6llner zum Evangelisten.<\/p>\n\n\n\n<p>Thomas ging vom Zweifel zur Verk\u00fcndigung \u00fcber:<\/p>\n\n\n\n<blockquote class=\"wp-block-quote is-layout-flow wp-block-quote-is-layout-flow\">\n<p>\u201eMein Herr und mein Gott!\u201c<br>\u2014 Johannes 20,28<\/p>\n<\/blockquote>\n\n\n\n<p>Dasselbe kann Gott auch mit uns tun.<\/p>\n\n\n\n<hr class=\"wp-block-separator has-alpha-channel-opacity\"\/>\n\n\n\n<h1 class=\"wp-block-heading\">Praktische Anwendungen f\u00fcr das geistliche Leben<\/h1>\n\n\n\n<p>Wie k\u00f6nnen wir all das heute anwenden?<\/p>\n\n\n\n<hr class=\"wp-block-separator has-alpha-channel-opacity\"\/>\n\n\n\n<h2 class=\"wp-block-heading\">1. Entdecke deinen geistlichen Namen<\/h2>\n\n\n\n<p>Das bedeutet nicht, deinen Namen w\u00f6rtlich zu \u00e4ndern.<\/p>\n\n\n\n<p>Es bedeutet, sich zu fragen:<\/p>\n\n\n\n<p><strong>Welche Sendung hat Gott mir gegeben?<\/strong><\/p>\n\n\n\n<hr class=\"wp-block-separator has-alpha-channel-opacity\"\/>\n\n\n\n<h2 class=\"wp-block-heading\">2. Akzeptiere, dass Gott unvollkommene Menschen ruft<\/h2>\n\n\n\n<p>Heiligkeit beginnt nicht mit Perfektion.<\/p>\n\n\n\n<p>Sie beginnt mit <strong>Verf\u00fcgbarkeit<\/strong>.<\/p>\n\n\n\n<hr class=\"wp-block-separator has-alpha-channel-opacity\"\/>\n\n\n\n<h2 class=\"wp-block-heading\">3. Lebe deine Berufung mit Mut<\/h2>\n\n\n\n<p>Die Apostel ver\u00e4nderten die Welt, weil sie <strong>Ja<\/strong> sagten.<\/p>\n\n\n\n<p>Trotz Angst.<\/p>\n\n\n\n<p>Trotz Verfolgung.<\/p>\n\n\n\n<p>Trotz Zweifel.<\/p>\n\n\n\n<hr class=\"wp-block-separator has-alpha-channel-opacity\"\/>\n\n\n\n<h1 class=\"wp-block-heading\">Eine letzte Reflexion<\/h1>\n\n\n\n<p>Die Namen der Apostel erinnern uns an etwas zutiefst Christliches:<\/p>\n\n\n\n<p>Gott schreibt seine Geschichte <strong>mit konkreten Menschen<\/strong>.<\/p>\n\n\n\n<p>Nicht mit mythischen Helden.<\/p>\n\n\n\n<p>Mit Fischern.<br>Mit Z\u00f6llnern.<br>Mit zerbrechlichen Menschen.<\/p>\n\n\n\n<p>Und doch hat das Evangelium uns erreicht.<\/p>\n\n\n\n<p>Darum lautet die eigentliche Frage nicht nur, wie die Apostel hie\u00dfen.<\/p>\n\n\n\n<p>Die wirkliche Frage ist:<\/p>\n\n\n\n<p><strong>Welchen Namen wird Gott dir geben, wenn du auf seinen Ruf antwortest?<\/strong><\/p>\n\n\n\n<p>Denn derselbe Christus, der <strong>Shim\u00f3n, Yohanan, Ya&#8217;akov und Mattityahu<\/strong> gerufen hat\u2026<\/p>\n\n\n\n<p><strong>ruft auch heute noch.<\/strong><\/p>\n\n\n\n<p>Und vielleicht, ohne dass du es bemerkst,<\/p>\n\n\n\n<p><strong>spricht er auch deinen Namen aus.<\/strong><\/p>\n","protected":false},"excerpt":{"rendered":"<p>Wenn wir an die Apostel denken, stellen wir sie uns gew\u00f6hnlich mit den Namen vor, die wir unser ganzes Leben lang geh\u00f6rt haben: Petrus, Johannes, Jakobus, Matth\u00e4us, Thomas\u2026 vertraute Namen, die Teil der christlichen Tradition sind. Doch es gibt ein faszinierendes Detail, das viele Christen nicht kennen: Mehrere dieser Namen waren nicht genau ihre urspr\u00fcnglichen &hellip;<\/p>\n","protected":false},"author":3,"featured_media":5172,"comment_status":"closed","ping_status":"closed","sticky":false,"template":"","format":"standard","meta":{"_seopress_robots_primary_cat":"","_seopress_titles_title":"","_seopress_titles_desc":"","_seopress_robots_index":"","footnotes":""},"categories":[45,37],"tags":[425],"class_list":["post-5171","post","type-post","status-publish","format-standard","has-post-thumbnail","","category-heilige-schrift","category-lehre-und-glaube","tag-apostel"],"_links":{"self":[{"href":"https:\/\/catholicus.eu\/de\/wp-json\/wp\/v2\/posts\/5171","targetHints":{"allow":["GET"]}}],"collection":[{"href":"https:\/\/catholicus.eu\/de\/wp-json\/wp\/v2\/posts"}],"about":[{"href":"https:\/\/catholicus.eu\/de\/wp-json\/wp\/v2\/types\/post"}],"author":[{"embeddable":true,"href":"https:\/\/catholicus.eu\/de\/wp-json\/wp\/v2\/users\/3"}],"replies":[{"embeddable":true,"href":"https:\/\/catholicus.eu\/de\/wp-json\/wp\/v2\/comments?post=5171"}],"version-history":[{"count":1,"href":"https:\/\/catholicus.eu\/de\/wp-json\/wp\/v2\/posts\/5171\/revisions"}],"predecessor-version":[{"id":5173,"href":"https:\/\/catholicus.eu\/de\/wp-json\/wp\/v2\/posts\/5171\/revisions\/5173"}],"wp:featuredmedia":[{"embeddable":true,"href":"https:\/\/catholicus.eu\/de\/wp-json\/wp\/v2\/media\/5172"}],"wp:attachment":[{"href":"https:\/\/catholicus.eu\/de\/wp-json\/wp\/v2\/media?parent=5171"}],"wp:term":[{"taxonomy":"category","embeddable":true,"href":"https:\/\/catholicus.eu\/de\/wp-json\/wp\/v2\/categories?post=5171"},{"taxonomy":"post_tag","embeddable":true,"href":"https:\/\/catholicus.eu\/de\/wp-json\/wp\/v2\/tags?post=5171"}],"curies":[{"name":"wp","href":"https:\/\/api.w.org\/{rel}","templated":true}]}}