{"id":5154,"date":"2026-03-08T14:45:31","date_gmt":"2026-03-08T13:45:31","guid":{"rendered":"https:\/\/catholicus.eu\/de\/?p=5154"},"modified":"2026-03-08T14:45:31","modified_gmt":"2026-03-08T13:45:31","slug":"wenn-alles-verloren-scheint-der-schrei-der-seele-den-gott-hoert-das-buch-der-klagelieder-und-das-geheimnis-des-menschlichen-leidens","status":"publish","type":"post","link":"https:\/\/catholicus.eu\/de\/wenn-alles-verloren-scheint-der-schrei-der-seele-den-gott-hoert-das-buch-der-klagelieder-und-das-geheimnis-des-menschlichen-leidens\/","title":{"rendered":"\u201eWenn alles verloren scheint: Der Schrei der Seele, den Gott h\u00f6rt\u201c \u2014 Das Buch der Klagelieder und das Geheimnis des menschlichen Leidens"},"content":{"rendered":"\n<p>Es gibt B\u00fccher der Bibel, die tr\u00f6sten, andere, die lehren, und einige, die das Herz ersch\u00fcttern. Das <strong>Buch der Klagelieder<\/strong> geh\u00f6rt zu dieser letzten Kategorie.<\/p>\n\n\n\n<p>Es ist ein kurzes Buch, aber zutiefst bewegend. In ihm h\u00f6ren wir <strong>das Weinen eines verw\u00fcsteten Volkes<\/strong>, die Stimme einer zerst\u00f6rten Stadt, den Schmerz einer Nation, die alles verloren hat \u2026 und zugleich die geheimnisvolle Geburt der Hoffnung mitten in den Ruinen.<\/p>\n\n\n\n<p>Die Klagelieder sprechen \u00fcber menschliches Leid auf eine erstaunlich aktuelle Weise. In einer Welt, die von Kriegen, famili\u00e4ren Krisen, wirtschaftlicher Unsicherheit, Krankheiten und pers\u00f6nlichen Verlusten gepr\u00e4gt ist, wird dieses biblische Buch zu <strong>einer geistlichen Schule, in der man lernt, mit Glauben zu leiden<\/strong>.<\/p>\n\n\n\n<p>Denn die Bibel ignoriert den Schmerz nicht.<br>Sie geht durch ihn hindurch.<\/p>\n\n\n\n<p>Und das Buch der Klagelieder lehrt uns <strong>wie man vor Gott weint, ohne die Hoffnung zu verlieren<\/strong>.<\/p>\n\n\n\n<hr class=\"wp-block-separator has-alpha-channel-opacity\"\/>\n\n\n\n<h1 class=\"wp-block-heading\">1. Der historische Ursprung: als Jerusalem fiel<\/h1>\n\n\n\n<p>Um dieses Buch zu verstehen, m\u00fcssen wir in das Jahr <strong>587 v. Chr.<\/strong> zur\u00fcckgehen.<\/p>\n\n\n\n<p>In diesem Jahr geschah eines der tragischsten Ereignisse der biblischen Geschichte: <strong>die Zerst\u00f6rung Jerusalems durch das Babylonische Reich<\/strong> unter K\u00f6nig Nebukadnezar.<\/p>\n\n\n\n<p>Die heilige Stadt wurde verw\u00fcstet.<\/p>\n\n\n\n<p>Der <strong>Tempel Salomos<\/strong>, das geistliche Zentrum des Volkes Israel, wurde verbrannt.<br>Die Mauern wurden niedergerissen.<br>Tausende Menschen starben oder wurden ins Exil deportiert.<\/p>\n\n\n\n<p>Die religi\u00f6se Welt Israels <strong>schien zusammengebrochen zu sein<\/strong>.<\/p>\n\n\n\n<p>F\u00fcr das j\u00fcdische Volk war dies fast unvorstellbar:<\/p>\n\n\n\n<ul class=\"wp-block-list\">\n<li>Der Tempel war die Wohnst\u00e4tte Gottes.<\/li>\n\n\n\n<li>Jerusalem war die erw\u00e4hlte Stadt.<\/li>\n\n\n\n<li>Das Volk glaubte, durch den g\u00f6ttlichen Bund gesch\u00fctzt zu sein.<\/li>\n<\/ul>\n\n\n\n<p>Und doch wurde alles zerst\u00f6rt.<\/p>\n\n\n\n<p>In diesem Kontext entstand das <strong>Buch der Klagelieder<\/strong>, eine Sammlung zutiefst schmerzlicher Gedichte, die die Trauer des Volkes zum Ausdruck bringen.<\/p>\n\n\n\n<p>Die j\u00fcdische Tradition schrieb seine Verfasserschaft dem Propheten <strong>Jeremia<\/strong> zu, der als <strong>\u201eder weinende Prophet\u201c<\/strong> bekannt ist und jahrelang davor gewarnt hatte, dass die Untreue des Volkes in eine Katastrophe f\u00fchren w\u00fcrde.<\/p>\n\n\n\n<p>Obwohl die moderne Forschung \u00fcber die genaue Autorschaft diskutiert, ist sicher, dass das Buch <strong>die prophetische Sensibilit\u00e4t Jeremias<\/strong> und sein tiefes Mitgef\u00fchl f\u00fcr Jerusalem widerspiegelt.<\/p>\n\n\n\n<hr class=\"wp-block-separator has-alpha-channel-opacity\"\/>\n\n\n\n<h1 class=\"wp-block-heading\">2. Ein poetisches Buch, einzigartig in der ganzen Bibel<\/h1>\n\n\n\n<p>Die Klagelieder sind kein historischer Bericht, sondern <strong>f\u00fcnf Trauergedichte<\/strong>.<\/p>\n\n\n\n<p>Ihre Struktur ist au\u00dfergew\u00f6hnlich.<\/p>\n\n\n\n<p>Vier der f\u00fcnf Kapitel sind nach einem <strong>alphabetischen Akrostichon<\/strong> aufgebaut: Jeder Vers beginnt mit einem aufeinanderfolgenden Buchstaben des hebr\u00e4ischen Alphabets.<\/p>\n\n\n\n<p>Dies hatte eine tiefe symbolische Bedeutung:<\/p>\n\n\n\n<p>Der Schmerz des Volkes wird <strong>von A bis Z<\/strong> ausgedr\u00fcckt, sozusagen.<\/p>\n\n\n\n<p>Nichts bleibt au\u00dferhalb der Klage.<\/p>\n\n\n\n<p>Es ist eine literarische Weise zu sagen:<\/p>\n\n\n\n<p><strong>\u201eDas Leiden erf\u00fcllt alles.\u201c<\/strong><\/p>\n\n\n\n<p>Au\u00dferdem vermittelt diese literarische Ordnung mitten im Chaos eine geistliche Botschaft:<br>selbst wenn alles zerst\u00f6rt zu sein scheint, <strong>h\u00e4lt Gott weiterhin die Ordnung der Welt aufrecht<\/strong>.<\/p>\n\n\n\n<hr class=\"wp-block-separator has-alpha-channel-opacity\"\/>\n\n\n\n<h1 class=\"wp-block-heading\">3. Das gro\u00dfe Thema des Buches: der Schmerz der S\u00fcnde<\/h1>\n\n\n\n<p>Aus theologischer Sicht behandelt das Buch eine grundlegende Frage:<\/p>\n\n\n\n<p><strong>Warum leidet das Volk Gottes?<\/strong><\/p>\n\n\n\n<p>Die Klagelieder geben eine zutiefst biblische Antwort:<br>Das Leiden Jerusalems ist eine Folge der <strong>kollektiven S\u00fcnde<\/strong>.<\/p>\n\n\n\n<p>Israel war immer wieder gefallen in:<\/p>\n\n\n\n<ul class=\"wp-block-list\">\n<li>G\u00f6tzendienst<\/li>\n\n\n\n<li>soziale Ungerechtigkeit<\/li>\n\n\n\n<li>moralische Korruption<\/li>\n\n\n\n<li>das Verlassen des Bundes mit Gott<\/li>\n<\/ul>\n\n\n\n<p>Die Propheten hatten jahrhundertelang davor gewarnt.<\/p>\n\n\n\n<p>Die Zerst\u00f6rung Jerusalems wird nicht als blo\u00dfer historischer Zufall dargestellt, sondern als <strong>ein p\u00e4dagogisches Gericht Gottes<\/strong>.<\/p>\n\n\n\n<p>Doch hier ist etwas Wichtiges:<\/p>\n\n\n\n<p>Das Buch <strong>ist keine kalte Anklage<\/strong>, sondern <strong>ein Schrei voller Liebe<\/strong>.<\/p>\n\n\n\n<p>Es ist kein moralischer Traktat.<\/p>\n\n\n\n<p>Es ist das Herz eines Volkes, das seine S\u00fcnde und seine Trag\u00f6die erkennt.<\/p>\n\n\n\n<hr class=\"wp-block-separator has-alpha-channel-opacity\"\/>\n\n\n\n<h1 class=\"wp-block-heading\">4. Eine der sch\u00f6nsten Stellen der ganzen Bibel<\/h1>\n\n\n\n<p>Mitten im Schmerz erscheint einer der strahlendsten Texte der Heiligen Schrift.<\/p>\n\n\n\n<blockquote class=\"wp-block-quote is-layout-flow wp-block-quote-is-layout-flow\">\n<p>\u201eDie Gnaden des Herrn sind nicht zu Ende,<br>sein Erbarmen h\u00f6rt nicht auf;<br>sie sind jeden Morgen neu;<br>gro\u00df ist deine Treue.\u201c<br>(Klagelieder 3,22\u201323)<\/p>\n<\/blockquote>\n\n\n\n<p>Dieser Vers ist das Herz des Buches.<\/p>\n\n\n\n<p>Alles scheint zerst\u00f6rt:<\/p>\n\n\n\n<ul class=\"wp-block-list\">\n<li>die Stadt<\/li>\n\n\n\n<li>der Tempel<\/li>\n\n\n\n<li>das Volk<\/li>\n\n\n\n<li>die Hoffnung<\/li>\n<\/ul>\n\n\n\n<p>Und doch erhebt sich diese au\u00dfergew\u00f6hnliche Aussage:<\/p>\n\n\n\n<p><strong>Gott bleibt treu.<\/strong><\/p>\n\n\n\n<p>Das Leiden hat nicht das letzte Wort.<\/p>\n\n\n\n<hr class=\"wp-block-separator has-alpha-channel-opacity\"\/>\n\n\n\n<h1 class=\"wp-block-heading\">5. Jerusalem als Bild der menschlichen Seele<\/h1>\n\n\n\n<p>Die Kirchenv\u00e4ter gaben diesem Buch eine zutiefst geistliche Deutung.<\/p>\n\n\n\n<p>F\u00fcr sie war Jerusalem nicht nur eine Stadt.<\/p>\n\n\n\n<p>Es war auch <strong>ein Symbol der menschlichen Seele<\/strong>.<\/p>\n\n\n\n<p>Wenn sich die Seele von Gott entfernt:<\/p>\n\n\n\n<ul class=\"wp-block-list\">\n<li>st\u00fcrzen die geistlichen Mauern ein<\/li>\n\n\n\n<li>Feinde dringen ein<\/li>\n\n\n\n<li>der innere Tempel wird entweiht<\/li>\n<\/ul>\n\n\n\n<p>Die Klagelieder beschreiben gewisserma\u00dfen <strong>die innere Verw\u00fcstung, die durch die S\u00fcnde entsteht<\/strong>.<\/p>\n\n\n\n<p>Aber sie zeigen auch den Weg der R\u00fcckkehr:<\/p>\n\n\n\n<ul class=\"wp-block-list\">\n<li>die S\u00fcnde erkennen<\/li>\n\n\n\n<li>sie beweinen<\/li>\n\n\n\n<li>auf die Barmherzigkeit Gottes vertrauen<\/li>\n<\/ul>\n\n\n\n<p>In diesem Sinne ist das Buch zutiefst <strong>bu\u00dffertig<\/strong>.<\/p>\n\n\n\n<hr class=\"wp-block-separator has-alpha-channel-opacity\"\/>\n\n\n\n<h1 class=\"wp-block-heading\">6. Die Klagelieder und die christliche Spiritualit\u00e4t<\/h1>\n\n\n\n<p>Seit den ersten Jahrhunderten verwendet die Kirche dieses Buch in liturgischen Momenten gro\u00dfer geistlicher Intensit\u00e4t.<\/p>\n\n\n\n<p>Besonders w\u00e4hrend der <strong>Karwoche<\/strong>.<\/p>\n\n\n\n<p>In der traditionellen Liturgie werden die Texte der Klagelieder im <strong>Tenebrae-Offizium<\/strong> am Gr\u00fcndonnerstag, Karfreitag und Karsamstag gesungen.<\/p>\n\n\n\n<p>Warum?<\/p>\n\n\n\n<p>Weil die Zerst\u00f6rung Jerusalems <strong>zu einem Bild der Passion Christi<\/strong> wird.<\/p>\n\n\n\n<p>Jesus selbst weinte \u00fcber die Stadt und sagte:<\/p>\n\n\n\n<blockquote class=\"wp-block-quote is-layout-flow wp-block-quote-is-layout-flow\">\n<p>\u201eJerusalem, Jerusalem \u2026 wie oft wollte ich deine Kinder sammeln!\u201c (Mt 23,37)<\/p>\n<\/blockquote>\n\n\n\n<p>Am Kreuz erf\u00e4hrt Christus Verlassenheit, Zerst\u00f6rung und Verzweiflung.<\/p>\n\n\n\n<p>Doch aus diesem Leiden wird die Erl\u00f6sung geboren.<\/p>\n\n\n\n<p>Deshalb werden die Klagelieder in der Kirche nicht nur als Geschichte gelesen, sondern auch als <strong>Prophezeiung des \u00f6sterlichen Geheimnisses<\/strong>.<\/p>\n\n\n\n<hr class=\"wp-block-separator has-alpha-channel-opacity\"\/>\n\n\n\n<h1 class=\"wp-block-heading\">7. Der geistliche Wert des Weinens<\/h1>\n\n\n\n<p>Einer der erstaunlichsten Aspekte dieses Buches ist, dass es <strong>lehrt, vor Gott zu weinen<\/strong>.<\/p>\n\n\n\n<p>In der modernen Kultur wird Schmerz oft vermieden:<\/p>\n\n\n\n<ul class=\"wp-block-list\">\n<li>man lenkt sich ab<\/li>\n\n\n\n<li>man bet\u00e4ubt ihn<\/li>\n\n\n\n<li>man leugnet ihn<\/li>\n<\/ul>\n\n\n\n<p>Die Bibel tut das Gegenteil.<\/p>\n\n\n\n<p>Die Klagelieder lehren uns, dass <strong>Schmerz zu Gebet werden kann<\/strong>.<\/p>\n\n\n\n<p>Nicht alles im geistlichen Leben besteht aus Liedern der Freude.<\/p>\n\n\n\n<p>Es gibt auch:<\/p>\n\n\n\n<ul class=\"wp-block-list\">\n<li>N\u00e4chte der Seele<\/li>\n\n\n\n<li>Verluste<\/li>\n\n\n\n<li>Krisen<\/li>\n\n\n\n<li>unbegreifliches Leiden<\/li>\n<\/ul>\n\n\n\n<p>Der Gl\u00e4ubige muss das nicht vor Gott verbergen.<\/p>\n\n\n\n<p>Er kann es genauso vor ihn bringen, wie es ist.<\/p>\n\n\n\n<hr class=\"wp-block-separator has-alpha-channel-opacity\"\/>\n\n\n\n<h1 class=\"wp-block-heading\">8. Anwendungen f\u00fcr das geistliche Leben heute<\/h1>\n\n\n\n<p>Dieses Buch hat eine \u00fcberraschende Aktualit\u00e4t.<\/p>\n\n\n\n<p>Wir leben in Zeiten tiefer Krisen:<\/p>\n\n\n\n<ul class=\"wp-block-list\">\n<li>eine Krise des Glaubens<\/li>\n\n\n\n<li>eine kulturelle Krise<\/li>\n\n\n\n<li>eine Familienkrise<\/li>\n\n\n\n<li>Krisen sogar innerhalb der Kirche<\/li>\n<\/ul>\n\n\n\n<p>Viele Christen erleben etwas \u00c4hnliches wie Israel damals:<br><strong>das Gef\u00fchl, dass alles zusammenbricht<\/strong>.<\/p>\n\n\n\n<p>Die Klagelieder geben uns mehrere praktische Lehren.<\/p>\n\n\n\n<h3 class=\"wp-block-heading\">1. Die Realit\u00e4t anerkennen<\/h3>\n\n\n\n<p>Das Buch verschleiert den Schmerz nicht.<\/p>\n\n\n\n<p>Authentischer Glaube besteht nicht darin, Leiden zu leugnen.<\/p>\n\n\n\n<p>Er besteht darin, <strong>es mit Gott zu leben<\/strong>.<\/p>\n\n\n\n<hr class=\"wp-block-separator has-alpha-channel-opacity\"\/>\n\n\n\n<h3 class=\"wp-block-heading\">2. Demut lernen<\/h3>\n\n\n\n<p>Israel erkennt seine Fehler.<\/p>\n\n\n\n<p>Bekehrung beginnt, wenn wir aufh\u00f6ren, allen anderen die Schuld zu geben, und <strong>auf unser eigenes Herz schauen<\/strong>.<\/p>\n\n\n\n<hr class=\"wp-block-separator has-alpha-channel-opacity\"\/>\n\n\n\n<h3 class=\"wp-block-heading\">3. Die Barmherzigkeit Gottes entdecken<\/h3>\n\n\n\n<p>Die zentrale Botschaft des Buches ist, dass <strong>Gott sein Volk niemals endg\u00fcltig verl\u00e4sst<\/strong>.<\/p>\n\n\n\n<p>Selbst nach dem Fall Jerusalems geht die Heilsgeschichte weiter.<\/p>\n\n\n\n<hr class=\"wp-block-separator has-alpha-channel-opacity\"\/>\n\n\n\n<h3 class=\"wp-block-heading\">4. Hoffnung mitten in der Dunkelheit<\/h3>\n\n\n\n<p>Die Klagelieder lehren uns eine sehr reife Hoffnung:<\/p>\n\n\n\n<p>keine naive Hoffnung,<br>sondern <strong>eine Hoffnung, die mitten im Schmerz geboren wird<\/strong>.<\/p>\n\n\n\n<hr class=\"wp-block-separator has-alpha-channel-opacity\"\/>\n\n\n\n<h1 class=\"wp-block-heading\">9. Ein Gebet f\u00fcr schwierige Zeiten<\/h1>\n\n\n\n<p>Dieses Buch kann zu einem kraftvollen Leitfaden f\u00fcr das Gebet werden, wenn wir schwierige Zeiten durchleben:<\/p>\n\n\n\n<ul class=\"wp-block-list\">\n<li>Krankheit<\/li>\n\n\n\n<li>Verlust<\/li>\n\n\n\n<li>geistliche Krisen<\/li>\n\n\n\n<li>schmerzhafte famili\u00e4re Situationen<\/li>\n<\/ul>\n\n\n\n<p>Wir k\u00f6nnen mit Worten beten, die von seinem Geist inspiriert sind:<\/p>\n\n\n\n<blockquote class=\"wp-block-quote is-layout-flow wp-block-quote-is-layout-flow\">\n<p>Herr, wenn alles zusammenzubrechen scheint,<br>wenn meine Seele sich verlassen f\u00fchlt,<br>erinnere mich daran, dass deine Barmherzigkeit niemals endet.<br>Dass jeder Morgen ein neuer Anfang in deiner Liebe ist.<\/p>\n<\/blockquote>\n\n\n\n<hr class=\"wp-block-separator has-alpha-channel-opacity\"\/>\n\n\n\n<h1 class=\"wp-block-heading\">10. Die letzte Botschaft: Das Leiden ist nicht das Ende der Geschichte<\/h1>\n\n\n\n<p>Das Buch der Klagelieder endet ohne eine sofortige L\u00f6sung.<\/p>\n\n\n\n<p>Es gibt noch keinen Wiederaufbau.<\/p>\n\n\n\n<p>Es gibt noch keinen sichtbaren Sieg.<\/p>\n\n\n\n<p>Aber es gibt etwas Tieferes:<\/p>\n\n\n\n<p><strong>das Vertrauen auf Gott.<\/strong><\/p>\n\n\n\n<p>Und das reicht aus, um neu zu beginnen.<\/p>\n\n\n\n<p>Jahre nach diesen Gedichten w\u00fcrde das Volk aus dem Exil zur\u00fcckkehren.<\/p>\n\n\n\n<p>Jerusalem w\u00fcrde wieder aufgebaut werden.<\/p>\n\n\n\n<p>Der Tempel w\u00fcrde erneut errichtet werden.<\/p>\n\n\n\n<p>Und Jahrhunderte sp\u00e4ter w\u00fcrde in derselben verw\u00fcsteten Stadt die endg\u00fcltige Hoffnung der Welt erscheinen: <strong>Jesus Christus<\/strong>.<\/p>\n\n\n\n<hr class=\"wp-block-separator has-alpha-channel-opacity\"\/>\n\n\n\n<h1 class=\"wp-block-heading\">Schlussfolgerung: lernen, mit Hoffnung zu weinen<\/h1>\n\n\n\n<p>Das Buch der Klagelieder lehrt uns etwas, das die moderne Welt vergessen hat:<\/p>\n\n\n\n<p><strong>Auch das Leiden kann ein Weg zu Gott werden.<\/strong><\/p>\n\n\n\n<p>Nicht weil Schmerz an sich gut w\u00e4re, sondern weil <strong>Gott sogar Ruinen in einen Ort der Begegnung mit ihm verwandeln kann<\/strong>.<\/p>\n\n\n\n<p>Deshalb k\u00f6nnen wir uns, wenn wir durch dunkle Zeiten gehen, an diese Worte erinnern, die durch die Jahrhunderte hindurch weiterklingen:<\/p>\n\n\n\n<blockquote class=\"wp-block-quote is-layout-flow wp-block-quote-is-layout-flow\">\n<p>\u201eGut ist es, still zu warten<br>auf die Rettung des Herrn.\u201c<br>(Klagelieder 3,26)<\/p>\n<\/blockquote>\n\n\n\n<p>Und dann verstehen wir, dass selbst mitten in den Tr\u00e4nen<br><strong>die Geschichte Gottes mit uns niemals zu Ende ist<\/strong>.<\/p>\n","protected":false},"excerpt":{"rendered":"<p>Es gibt B\u00fccher der Bibel, die tr\u00f6sten, andere, die lehren, und einige, die das Herz ersch\u00fcttern. Das Buch der Klagelieder geh\u00f6rt zu dieser letzten Kategorie. Es ist ein kurzes Buch, aber zutiefst bewegend. In ihm h\u00f6ren wir das Weinen eines verw\u00fcsteten Volkes, die Stimme einer zerst\u00f6rten Stadt, den Schmerz einer Nation, die alles verloren hat &hellip;<\/p>\n","protected":false},"author":3,"featured_media":5155,"comment_status":"closed","ping_status":"closed","sticky":false,"template":"","format":"standard","meta":{"_seopress_robots_primary_cat":"","_seopress_titles_title":"","_seopress_titles_desc":"","_seopress_robots_index":"","footnotes":""},"categories":[45,37],"tags":[1870],"class_list":["post-5154","post","type-post","status-publish","format-standard","has-post-thumbnail","","category-heilige-schrift","category-lehre-und-glaube","tag-klagelieder"],"_links":{"self":[{"href":"https:\/\/catholicus.eu\/de\/wp-json\/wp\/v2\/posts\/5154","targetHints":{"allow":["GET"]}}],"collection":[{"href":"https:\/\/catholicus.eu\/de\/wp-json\/wp\/v2\/posts"}],"about":[{"href":"https:\/\/catholicus.eu\/de\/wp-json\/wp\/v2\/types\/post"}],"author":[{"embeddable":true,"href":"https:\/\/catholicus.eu\/de\/wp-json\/wp\/v2\/users\/3"}],"replies":[{"embeddable":true,"href":"https:\/\/catholicus.eu\/de\/wp-json\/wp\/v2\/comments?post=5154"}],"version-history":[{"count":1,"href":"https:\/\/catholicus.eu\/de\/wp-json\/wp\/v2\/posts\/5154\/revisions"}],"predecessor-version":[{"id":5156,"href":"https:\/\/catholicus.eu\/de\/wp-json\/wp\/v2\/posts\/5154\/revisions\/5156"}],"wp:featuredmedia":[{"embeddable":true,"href":"https:\/\/catholicus.eu\/de\/wp-json\/wp\/v2\/media\/5155"}],"wp:attachment":[{"href":"https:\/\/catholicus.eu\/de\/wp-json\/wp\/v2\/media?parent=5154"}],"wp:term":[{"taxonomy":"category","embeddable":true,"href":"https:\/\/catholicus.eu\/de\/wp-json\/wp\/v2\/categories?post=5154"},{"taxonomy":"post_tag","embeddable":true,"href":"https:\/\/catholicus.eu\/de\/wp-json\/wp\/v2\/tags?post=5154"}],"curies":[{"name":"wp","href":"https:\/\/api.w.org\/{rel}","templated":true}]}}