{"id":5151,"date":"2026-03-08T09:57:30","date_gmt":"2026-03-08T08:57:30","guid":{"rendered":"https:\/\/catholicus.eu\/de\/?p=5151"},"modified":"2026-03-08T09:57:30","modified_gmt":"2026-03-08T08:57:30","slug":"wenn-religion-zur-maske-wird-pharisaeer-sadduzaeer-und-das-drama-des-geistlichen-irrtums","status":"publish","type":"post","link":"https:\/\/catholicus.eu\/de\/wenn-religion-zur-maske-wird-pharisaeer-sadduzaeer-und-das-drama-des-geistlichen-irrtums\/","title":{"rendered":"Wenn Religion zur Maske wird: Pharis\u00e4er, Sadduz\u00e4er und das Drama des geistlichen Irrtums"},"content":{"rendered":"\n<p>In den Evangelien finden wir einige der st\u00e4rksten Worte, die Jesus Christus jemals ausgesprochen hat. Sie richteten sich nicht an Heiden oder an Menschen, die weit von der Religion entfernt waren. Auch nicht an \u00f6ffentliche S\u00fcnder. Sie wurden an zutiefst religi\u00f6se M\u00e4nner gerichtet: <strong>die Pharis\u00e4er und die Sadduz\u00e4er<\/strong>.<\/p>\n\n\n\n<p>Diese Tatsache sollte uns tief ersch\u00fcttern.<\/p>\n\n\n\n<p>Denn die gr\u00f6\u00dfte geistliche Gefahr liegt nicht immer au\u00dferhalb der Religion, sondern <strong>in ihrem Inneren<\/strong>, wenn das Herz sich von der Wahrheit entfernt. Religi\u00f6ser Irrtum kann viele Formen annehmen: Heuchelei, Legalismus, doktrin\u00e4rer Relativismus oder Macht ohne Glauben.<\/p>\n\n\n\n<p>Zu verstehen, wer die Pharis\u00e4er und Sadduz\u00e4er waren, ist nicht nur eine historische Frage. Es ist vor allem <strong>eine geistliche Lektion f\u00fcr unsere Zeit<\/strong>. Ihre Haltungen sind auch heute noch vorhanden, sogar innerhalb des religi\u00f6sen Lebens.<\/p>\n\n\n\n<p>In diesem Artikel werden wir drei grundlegende Fragen aus theologischer Perspektive vertiefen:<\/p>\n\n\n\n<ul class=\"wp-block-list\">\n<li>Wer waren die Pharis\u00e4er und die Sadduz\u00e4er?<\/li>\n\n\n\n<li>Wie standen sie zum Irrtum?<\/li>\n\n\n\n<li>Welche geistlichen Lehren k\u00f6nnen wir heute f\u00fcr unser christliches Leben daraus ziehen?<\/li>\n<\/ul>\n\n\n\n<hr class=\"wp-block-separator has-alpha-channel-opacity\"\/>\n\n\n\n<h1 class=\"wp-block-heading\">1. Der religi\u00f6se Kontext Israels zur Zeit Jesu<\/h1>\n\n\n\n<p>Um die Pharis\u00e4er und die Sadduz\u00e4er zu verstehen, m\u00fcssen wir uns in das <strong>Israel des ersten Jahrhunderts<\/strong> versetzen. Das j\u00fcdische Volk lebte unter r\u00f6mischer Herrschaft, doch sein religi\u00f6ses Leben war tief gepr\u00e4gt vom <strong>Gesetz des Mose<\/strong>.<\/p>\n\n\n\n<p>Das geistliche Zentrum war der <strong>Tempel in Jerusalem<\/strong>, und um ihn herum entstanden verschiedene religi\u00f6se Str\u00f6mungen, die das Gesetz auf unterschiedliche Weise auslegten.<\/p>\n\n\n\n<p>Unter ihnen ragten zwei besonders hervor:<\/p>\n\n\n\n<ul class=\"wp-block-list\">\n<li><strong>Die Pharis\u00e4er<\/strong><\/li>\n\n\n\n<li><strong>Die Sadduz\u00e4er<\/strong><\/li>\n<\/ul>\n\n\n\n<p>Beide kannten die Heilige Schrift. Beide betrachteten sich als H\u00fcter der Tradition Israels. Beide hatten gro\u00dfen Einfluss auf das Volk.<\/p>\n\n\n\n<p>Doch ihre Irrt\u00fcmer waren unterschiedlich.<\/p>\n\n\n\n<p>Und ebenso unterschiedlich war ihre M\u00f6glichkeit zur Umkehr.<\/p>\n\n\n\n<hr class=\"wp-block-separator has-alpha-channel-opacity\"\/>\n\n\n\n<h1 class=\"wp-block-heading\">2. Die Pharis\u00e4er: Wenn Wahrheit zu Stolz wird<\/h1>\n\n\n\n<p>Die Pharis\u00e4er waren eine sehr einflussreiche religi\u00f6se Bewegung im Volk. Ihr Name stammt wahrscheinlich vom hebr\u00e4ischen Begriff <strong>\u201eperushim\u201c<\/strong>, der <em>Abgesonderte<\/em> bedeutet.<\/p>\n\n\n\n<p>Ihr Ideal war klar: <strong>das Gesetz Gottes mit gr\u00f6\u00dfter Treue zu leben<\/strong>.<\/p>\n\n\n\n<p>Sie glaubten an:<\/p>\n\n\n\n<ul class=\"wp-block-list\">\n<li>die Auferstehung der Toten<\/li>\n\n\n\n<li>Engel<\/li>\n\n\n\n<li>die g\u00f6ttliche Vorsehung<\/li>\n\n\n\n<li>die Autorit\u00e4t der Schrift<\/li>\n<\/ul>\n\n\n\n<p>In vielen lehrm\u00e4\u00dfigen Punkten <strong>standen sie der Wahrheit n\u00e4her als die Sadduz\u00e4er<\/strong>.<\/p>\n\n\n\n<p>Und doch kritisiert Jesus sie mit erstaunlicher Sch\u00e4rfe.<\/p>\n\n\n\n<p>Warum?<\/p>\n\n\n\n<p>Weil ihr Problem nicht in erster Linie die Lehre selbst war, sondern <strong>die Haltung des Herzens<\/strong>.<\/p>\n\n\n\n<p>Jesus prangert ihre religi\u00f6se Heuchelei an:<\/p>\n\n\n\n<blockquote class=\"wp-block-quote is-layout-flow wp-block-quote-is-layout-flow\">\n<p>\u201eDieses Volk ehrt mich mit den Lippen, aber ihr Herz ist weit von mir entfernt.\u201c<br>(Matth\u00e4us 15,8)<\/p>\n<\/blockquote>\n\n\n\n<p>Der Irrtum des Pharis\u00e4ers besteht darin, <strong>die Wahrheit zu predigen, sie aber nicht zu leben<\/strong>.<\/p>\n\n\n\n<p>Jesus sagt es klar:<\/p>\n\n\n\n<blockquote class=\"wp-block-quote is-layout-flow wp-block-quote-is-layout-flow\">\n<p>\u201eDarum haltet alles und tut alles, was sie euch sagen; aber handelt nicht nach ihren Werken. Denn sie reden, tun es aber nicht.\u201c<br>(Matth\u00e4us 23,3)<\/p>\n<\/blockquote>\n\n\n\n<p>Dies ist eine der tiefsten geistlichen Diagnosen im Evangelium.<\/p>\n\n\n\n<p>Der Pharis\u00e4er:<\/p>\n\n\n\n<ul class=\"wp-block-list\">\n<li>kennt das Gesetz<\/li>\n\n\n\n<li>lehrt es<\/li>\n\n\n\n<li>fordert es von anderen<\/li>\n<\/ul>\n\n\n\n<p>doch <strong>sein Herz ist nicht bekehrt<\/strong>.<\/p>\n\n\n\n<p>Seine Religion wird zu einer Struktur \u00e4u\u00dferer Erf\u00fcllung.<\/p>\n\n\n\n<p>Jesus beschreibt diese Haltung mit einem sehr harten Bild:<\/p>\n\n\n\n<blockquote class=\"wp-block-quote is-layout-flow wp-block-quote-is-layout-flow\">\n<p>\u201eWeh euch, ihr Schriftgelehrten und Pharis\u00e4er, ihr Heuchler! Denn ihr seid wie \u00fcbert\u00fcnchte Gr\u00e4ber, die von au\u00dfen sch\u00f6n erscheinen, innen aber voller Totengebeine sind.\u201c<br>(Matth\u00e4us 23,27)<\/p>\n<\/blockquote>\n\n\n\n<p>Der Pharis\u00e4ismus ist nicht nur ein historisches Ph\u00e4nomen.<\/p>\n\n\n\n<p>Er ist <strong>eine dauerhafte Versuchung des religi\u00f6sen Herzens<\/strong>.<\/p>\n\n\n\n<hr class=\"wp-block-separator has-alpha-channel-opacity\"\/>\n\n\n\n<h1 class=\"wp-block-heading\">3. Der gro\u00dfe Unterschied: Der Pharis\u00e4er kann sich noch bekehren<\/h1>\n\n\n\n<p>Trotz der Kritik Jesu besitzen die Pharis\u00e4er noch etwas Wichtiges: <strong>sie glauben weiterhin an die grundlegenden Wahrheiten des Glaubens<\/strong>.<\/p>\n\n\n\n<p>Ihr Irrtum ist moralischer und geistlicher Natur, aber nicht immer lehrm\u00e4\u00dfig.<\/p>\n\n\n\n<p>Darum bekehren sich einige Pharis\u00e4er tats\u00e4chlich.<\/p>\n\n\n\n<p>Klare Beispiele sind:<\/p>\n\n\n\n<h3 class=\"wp-block-heading\">Nikodemus<\/h3>\n\n\n\n<p>Nikodemus ist ein Pharis\u00e4er und Mitglied des Hohen Rates. Er kommt nachts zu Jesus, um zu verstehen.<\/p>\n\n\n\n<p>Sein geistlicher Weg ist schrittweise.<\/p>\n\n\n\n<p>Zuerst stellt er Fragen.<br>Dann verteidigt er Jesus vor dem Hohen Rat.<br>Schlie\u00dflich beteiligt er sich an seiner Bestattung.<\/p>\n\n\n\n<p>Es ist ein Weg der Umkehr.<\/p>\n\n\n\n<hr class=\"wp-block-separator has-alpha-channel-opacity\"\/>\n\n\n\n<h3 class=\"wp-block-heading\">Der heilige Paulus<\/h3>\n\n\n\n<p>Vielleicht das au\u00dfergew\u00f6hnlichste Beispiel.<\/p>\n\n\n\n<p>Paulus selbst erkl\u00e4rt:<\/p>\n\n\n\n<blockquote class=\"wp-block-quote is-layout-flow wp-block-quote-is-layout-flow\">\n<p>\u201eIch bin ein Pharis\u00e4er, ein Sohn von Pharis\u00e4ern.\u201c<br>(Apostelgeschichte 23,6)<\/p>\n<\/blockquote>\n\n\n\n<p>Er war ein zutiefst religi\u00f6ser Mann, voller Eifer f\u00fcr das Gesetz.<\/p>\n\n\n\n<p>Sein Irrtum war nicht Gleichg\u00fcltigkeit, sondern <strong>\u00fcberm\u00e4\u00dfiger Eifer ohne Licht<\/strong>.<\/p>\n\n\n\n<p>Als Christus sich ihm offenbart, wird sein Herz v\u00f6llig verwandelt.<\/p>\n\n\n\n<p>Das zeigt eine tiefe Wahrheit:<\/p>\n\n\n\n<p><strong>Wer die Wahrheit liebt, kann Christus finden, auch wenn er sich irrt.<\/strong><\/p>\n\n\n\n<p>Der Pharis\u00e4er predigt die Wahrheit, auch wenn er sie nicht immer lebt.<\/p>\n\n\n\n<p>Und deshalb <strong>kann er sie erkennen, wenn sie ihm vollst\u00e4ndig offenbart wird<\/strong>.<\/p>\n\n\n\n<hr class=\"wp-block-separator has-alpha-channel-opacity\"\/>\n\n\n\n<h1 class=\"wp-block-heading\">4. Die Sadduz\u00e4er: Religi\u00f6se Macht ohne Glauben<\/h1>\n\n\n\n<p>Die Sadduz\u00e4er stellen eine andere Art von Irrtum dar.<\/p>\n\n\n\n<p>W\u00e4hrend die Pharis\u00e4er das religi\u00f6se Leben des Volkes pr\u00e4gten, waren die Sadduz\u00e4er mit <strong>der priesterlichen Aristokratie<\/strong> und der Kontrolle des Tempels verbunden.<\/p>\n\n\n\n<p>Ihr Irrtum war auf lehrm\u00e4\u00dfiger Ebene tiefer.<\/p>\n\n\n\n<p>Sie leugneten wesentliche Elemente des j\u00fcdischen Glaubens:<\/p>\n\n\n\n<ul class=\"wp-block-list\">\n<li>sie glaubten nicht an die Auferstehung<\/li>\n\n\n\n<li>sie leugneten die Existenz von Engeln<\/li>\n\n\n\n<li>sie lehnten viele Auslegungstraditionen des Gesetzes ab<\/li>\n<\/ul>\n\n\n\n<p>Die Schrift sagt es deutlich:<\/p>\n\n\n\n<blockquote class=\"wp-block-quote is-layout-flow wp-block-quote-is-layout-flow\">\n<p>\u201eDie Sadduz\u00e4er sagen, es gebe keine Auferstehung.\u201c<br>(Matth\u00e4us 22,23)<\/p>\n<\/blockquote>\n\n\n\n<p>Das war ein gro\u00dfes Problem, weil die Hoffnung auf die Auferstehung zu einer der zentralen Wahrheiten des sp\u00e4teren Judentums wurde.<\/p>\n\n\n\n<p>In gewisser Weise verk\u00f6rperten die Sadduz\u00e4er <strong>eine rationalistische Religion, die sich an die Macht angepasst hatte<\/strong>.<\/p>\n\n\n\n<p>Ihr Hauptinteresse war nicht die geistliche Wahrheit, sondern <strong>die Bewahrung ihrer sozialen und politischen Stellung<\/strong>.<\/p>\n\n\n\n<p>Darum arbeiteten sie h\u00e4ufig mit den r\u00f6mischen Beh\u00f6rden zusammen.<\/p>\n\n\n\n<hr class=\"wp-block-separator has-alpha-channel-opacity\"\/>\n\n\n\n<h1 class=\"wp-block-heading\">5. Wenn der Irrtum institutionalisiert wird<\/h1>\n\n\n\n<p>Hier erscheint ein entscheidender Unterschied.<\/p>\n\n\n\n<p>Der Pharis\u00e4er verf\u00e4llt meist <strong>in religi\u00f6se Heuchelei<\/strong>.<\/p>\n\n\n\n<p>Der Sadduz\u00e4er verf\u00e4llt <strong>in lehrm\u00e4\u00dfige Leere<\/strong>.<\/p>\n\n\n\n<p>Der eine predigt mehr, als er lebt.<\/p>\n\n\n\n<p>Der andere <strong>praktiziert den lehrm\u00e4\u00dfigen Irrtum<\/strong>.<\/p>\n\n\n\n<p>Darum diskutiert Jesus mit den Sadduz\u00e4ern direkt \u00fcber die Wahrheit der Auferstehung:<\/p>\n\n\n\n<blockquote class=\"wp-block-quote is-layout-flow wp-block-quote-is-layout-flow\">\n<p>\u201eIhr irrt euch, weil ihr weder die Schriften kennt noch die Kraft Gottes.\u201c<br>(Matth\u00e4us 22,29)<\/p>\n<\/blockquote>\n\n\n\n<p>Der Sadduz\u00e4er lebt den Glauben nicht nur schlecht.<\/p>\n\n\n\n<p><strong>Er leugnet wesentliche Teile davon.<\/strong><\/p>\n\n\n\n<p>Darum ist seine Bekehrung in den Evangelien viel seltener.<\/p>\n\n\n\n<p>W\u00e4hrend sich einige Pharis\u00e4er Christus n\u00e4hern, finden wir <strong>fast keine Sadduz\u00e4er, die sich bekehren<\/strong>.<\/p>\n\n\n\n<p>Das ist kein Zufall.<\/p>\n\n\n\n<p>Das Problem des Sadduz\u00e4ers ist radikaler: <strong>er hat den Sinn f\u00fcr das \u00dcbernat\u00fcrliche verloren<\/strong>.<\/p>\n\n\n\n<hr class=\"wp-block-separator has-alpha-channel-opacity\"\/>\n\n\n\n<h1 class=\"wp-block-heading\">6. Den Irrtum predigen oder den Irrtum praktizieren<\/h1>\n\n\n\n<p>Man kann es so zusammenfassen:<\/p>\n\n\n\n<h3 class=\"wp-block-heading\">Der Pharis\u00e4er<\/h3>\n\n\n\n<ul class=\"wp-block-list\">\n<li>kennt die Wahrheit<\/li>\n\n\n\n<li>lehrt sie<\/li>\n\n\n\n<li>verlangt ihre Einhaltung<\/li>\n<\/ul>\n\n\n\n<p>Doch <strong>er lebt sie nicht immer mit innerer Aufrichtigkeit<\/strong>.<\/p>\n\n\n\n<p>Er predigt die Wahrheit, f\u00e4llt aber in Heuchelei.<\/p>\n\n\n\n<p>Sein Problem ist <strong>geistlicher Stolz<\/strong>.<\/p>\n\n\n\n<hr class=\"wp-block-separator has-alpha-channel-opacity\"\/>\n\n\n\n<h3 class=\"wp-block-heading\">Der Sadduz\u00e4er<\/h3>\n\n\n\n<ul class=\"wp-block-list\">\n<li>relativiert die Wahrheit<\/li>\n\n\n\n<li>w\u00e4hlt aus, was er glauben will<\/li>\n\n\n\n<li>passt die Religion an die Macht an<\/li>\n<\/ul>\n\n\n\n<p>Er scheitert nicht nur moralisch.<\/p>\n\n\n\n<p><strong>Er f\u00fchrt lehrm\u00e4\u00dfigen Irrtum ein.<\/strong><\/p>\n\n\n\n<p>Und wenn Irrtum zur Lehre wird, ist der geistliche Schaden viel gr\u00f6\u00dfer.<\/p>\n\n\n\n<hr class=\"wp-block-separator has-alpha-channel-opacity\"\/>\n\n\n\n<h1 class=\"wp-block-heading\">7. Die Warnung Jesu f\u00fcr alle Zeiten<\/h1>\n\n\n\n<p>Jesus warnt seine J\u00fcnger:<\/p>\n\n\n\n<blockquote class=\"wp-block-quote is-layout-flow wp-block-quote-is-layout-flow\">\n<p>\u201eH\u00fctet euch vor dem Sauerteig der Pharis\u00e4er und der Sadduz\u00e4er.\u201c<br>(Matth\u00e4us 16,6)<\/p>\n<\/blockquote>\n\n\n\n<p>Sauerteig ist etwas Kleines, das schlie\u00dflich den ganzen Teig durchs\u00e4uert.<\/p>\n\n\n\n<p>Das bedeutet, dass <strong>diese Irrt\u00fcmer in jeder Zeit vorhanden sind<\/strong>.<\/p>\n\n\n\n<p>Der Sauerteig des Pharis\u00e4ers erscheint, wenn:<\/p>\n\n\n\n<ul class=\"wp-block-list\">\n<li>Religion zu einer \u00e4u\u00dferen Erscheinung wird<\/li>\n\n\n\n<li>andere hart verurteilt werden<\/li>\n\n\n\n<li>der Glaube als moralische \u00dcberlegenheit gelebt wird<\/li>\n<\/ul>\n\n\n\n<p>Der Sauerteig des Sadduz\u00e4ers erscheint, wenn:<\/p>\n\n\n\n<ul class=\"wp-block-list\">\n<li>unbequeme Wahrheiten geleugnet werden<\/li>\n\n\n\n<li>der Glaube an die herrschende Mentalit\u00e4t angepasst wird<\/li>\n\n\n\n<li>das Christentum seiner \u00fcbernat\u00fcrlichen Dimension beraubt wird<\/li>\n<\/ul>\n\n\n\n<p>Beide Haltungen zerst\u00f6ren die Echtheit des Glaubens.<\/p>\n\n\n\n<hr class=\"wp-block-separator has-alpha-channel-opacity\"\/>\n\n\n\n<h1 class=\"wp-block-heading\">8. Eine geistliche Lektion f\u00fcr unsere Zeit<\/h1>\n\n\n\n<p>Die gro\u00dfe Frage ist nicht nur historisch.<\/p>\n\n\n\n<p>Sie ist pers\u00f6nlich.<\/p>\n\n\n\n<p>Denn jeder von uns kann in eine dieser beiden Versuchungen fallen.<\/p>\n\n\n\n<p>Wir k\u00f6nnen <strong>Pharis\u00e4er<\/strong> werden, wenn:<\/p>\n\n\n\n<ul class=\"wp-block-list\">\n<li>wir den Glauben ohne Liebe verteidigen<\/li>\n\n\n\n<li>wir Rituale ohne innere Umkehr praktizieren<\/li>\n\n\n\n<li>wir die Religion benutzen, um uns moralisch \u00fcberlegen zu f\u00fchlen<\/li>\n<\/ul>\n\n\n\n<p>Oder wir k\u00f6nnen <strong>Sadduz\u00e4er<\/strong> werden, wenn:<\/p>\n\n\n\n<ul class=\"wp-block-list\">\n<li>wir den Glauben auf soziale Ethik reduzieren<\/li>\n\n\n\n<li>wir vermeiden, \u00fcber die S\u00fcnde zu sprechen<\/li>\n\n\n\n<li>wir das \u00dcbernat\u00fcrliche leugnen<\/li>\n<\/ul>\n\n\n\n<p>Christus l\u00e4dt uns zu einem anderen Weg ein:<\/p>\n\n\n\n<p><strong>die Wahrheit in Demut zu leben.<\/strong><\/p>\n\n\n\n<hr class=\"wp-block-separator has-alpha-channel-opacity\"\/>\n\n\n\n<h1 class=\"wp-block-heading\">9. Der wahre J\u00fcnger: Wahrheit und Umkehr<\/h1>\n\n\n\n<p>Der authentische Christ ist weder Pharis\u00e4er noch Sadduz\u00e4er.<\/p>\n\n\n\n<p>Er predigt keine Wahrheit, die er selbst nicht leben will.<\/p>\n\n\n\n<p>Er verw\u00e4ssert die Wahrheit auch nicht, um sich anzupassen.<\/p>\n\n\n\n<p>Der J\u00fcnger Christi bem\u00fcht sich jeden Tag:<\/p>\n\n\n\n<ul class=\"wp-block-list\">\n<li>die Wahrheit zu erkennen<\/li>\n\n\n\n<li>sie zu leben<\/li>\n\n\n\n<li>sich von ihr verwandeln zu lassen<\/li>\n<\/ul>\n\n\n\n<p>Der heilige Augustinus dr\u00fcckte es mit einem leuchtenden Satz aus:<\/p>\n\n\n\n<p><strong>\u201eDie Wahrheit besitzt man nicht \u2013 man dient ihr.\u201c<\/strong><\/p>\n\n\n\n<hr class=\"wp-block-separator has-alpha-channel-opacity\"\/>\n\n\n\n<h1 class=\"wp-block-heading\">10. Ein Aufruf zur geistlichen Wachsamkeit<\/h1>\n\n\n\n<p>Das Evangelium l\u00e4dt uns ein, in unser Inneres zu schauen.<\/p>\n\n\n\n<p>Denn die gr\u00f6\u00dfte geistliche Gefahr ist nicht die sichtbare S\u00fcnde, sondern <strong>die innere Verzerrung des Glaubens<\/strong>.<\/p>\n\n\n\n<p>Die Pharis\u00e4er lehren uns, dass <strong>Religion ohne Umkehr zu Heuchelei wird<\/strong>.<\/p>\n\n\n\n<p>Die Sadduz\u00e4er lehren uns, dass <strong>Religion ohne Wahrheit leer wird<\/strong>.<\/p>\n\n\n\n<p>Christus ruft uns zu etwas viel Tieferem:<\/p>\n\n\n\n<p>zu einem dem\u00fctigen, lebendigen, konsequenten Glauben voller Liebe.<\/p>\n\n\n\n<p>Ein Glaube, der sich nicht auf Worte beschr\u00e4nkt.<\/p>\n\n\n\n<p>Ein Glaube, der das Herz verwandelt.<\/p>\n\n\n\n<p>Denn letztlich sucht Gott weder religi\u00f6se Erscheinung noch eine angepasste Religion.<\/p>\n\n\n\n<p>Er sucht <strong>bekehrte Herzen<\/strong>.<\/p>\n\n\n\n<p>Und diese Umkehr beginnt immer mit einer pers\u00f6nlichen Entscheidung:<\/p>\n\n\n\n<p><strong>die Wahrheit Christi unser ganzes Leben erleuchten zu lassen<\/strong>.<\/p>\n","protected":false},"excerpt":{"rendered":"<p>In den Evangelien finden wir einige der st\u00e4rksten Worte, die Jesus Christus jemals ausgesprochen hat. Sie richteten sich nicht an Heiden oder an Menschen, die weit von der Religion entfernt waren. Auch nicht an \u00f6ffentliche S\u00fcnder. Sie wurden an zutiefst religi\u00f6se M\u00e4nner gerichtet: die Pharis\u00e4er und die Sadduz\u00e4er. Diese Tatsache sollte uns tief ersch\u00fcttern. Denn &hellip;<\/p>\n","protected":false},"author":3,"featured_media":5152,"comment_status":"closed","ping_status":"closed","sticky":false,"template":"","format":"standard","meta":{"_seopress_robots_primary_cat":"","_seopress_titles_title":"","_seopress_titles_desc":"","_seopress_robots_index":"","footnotes":""},"categories":[45,37],"tags":[1868,1869],"class_list":["post-5151","post","type-post","status-publish","format-standard","has-post-thumbnail","","category-heilige-schrift","category-lehre-und-glaube","tag-pharisaeer","tag-sadduzaeer"],"_links":{"self":[{"href":"https:\/\/catholicus.eu\/de\/wp-json\/wp\/v2\/posts\/5151","targetHints":{"allow":["GET"]}}],"collection":[{"href":"https:\/\/catholicus.eu\/de\/wp-json\/wp\/v2\/posts"}],"about":[{"href":"https:\/\/catholicus.eu\/de\/wp-json\/wp\/v2\/types\/post"}],"author":[{"embeddable":true,"href":"https:\/\/catholicus.eu\/de\/wp-json\/wp\/v2\/users\/3"}],"replies":[{"embeddable":true,"href":"https:\/\/catholicus.eu\/de\/wp-json\/wp\/v2\/comments?post=5151"}],"version-history":[{"count":1,"href":"https:\/\/catholicus.eu\/de\/wp-json\/wp\/v2\/posts\/5151\/revisions"}],"predecessor-version":[{"id":5153,"href":"https:\/\/catholicus.eu\/de\/wp-json\/wp\/v2\/posts\/5151\/revisions\/5153"}],"wp:featuredmedia":[{"embeddable":true,"href":"https:\/\/catholicus.eu\/de\/wp-json\/wp\/v2\/media\/5152"}],"wp:attachment":[{"href":"https:\/\/catholicus.eu\/de\/wp-json\/wp\/v2\/media?parent=5151"}],"wp:term":[{"taxonomy":"category","embeddable":true,"href":"https:\/\/catholicus.eu\/de\/wp-json\/wp\/v2\/categories?post=5151"},{"taxonomy":"post_tag","embeddable":true,"href":"https:\/\/catholicus.eu\/de\/wp-json\/wp\/v2\/tags?post=5151"}],"curies":[{"name":"wp","href":"https:\/\/api.w.org\/{rel}","templated":true}]}}