{"id":5138,"date":"2026-03-06T21:53:16","date_gmt":"2026-03-06T20:53:16","guid":{"rendered":"https:\/\/catholicus.eu\/de\/?p=5138"},"modified":"2026-03-06T21:53:16","modified_gmt":"2026-03-06T20:53:16","slug":"seht-das-lamm-gottes-der-satz-der-die-ganze-heilsgeschichte-zusammenfasst","status":"publish","type":"post","link":"https:\/\/catholicus.eu\/de\/seht-das-lamm-gottes-der-satz-der-die-ganze-heilsgeschichte-zusammenfasst\/","title":{"rendered":"\u201eSeht das Lamm Gottes\u2026\u201c: Der Satz, der die ganze Heilsgeschichte zusammenfasst"},"content":{"rendered":"\n<p>Jedes Mal, wenn wir an der Heiligen Messe teilnehmen, kommt ein feierlicher und zutiefst geheimnisvoller Moment. Der Priester erhebt die konsekrierte Hostie und spricht Worte, die seit zweitausend Jahren erklingen:<\/p>\n\n\n\n<blockquote class=\"wp-block-quote is-layout-flow wp-block-quote-is-layout-flow\">\n<p><strong>\u201eSeht das Lamm Gottes, das hinwegnimmt die S\u00fcnden der Welt. Selig, die zum Hochzeitsmahl des Lammes geladen sind.\u201c<\/strong><\/p>\n<\/blockquote>\n\n\n\n<p>Es sind kurze Worte. Doch in ihnen liegt die gesamte Heilsgeschichte: von den Opfern der L\u00e4mmer im Alten Testament bis zum vollkommenen Opfer Christi am Kreuz, das auf dem Altar gegenw\u00e4rtig wird.<\/p>\n\n\n\n<p>Viele Katholiken h\u00f6ren diesen Satz jeden Sonntag\u2026 aber nur wenige halten inne, um \u00fcber die immense Tiefe nachzudenken, die er enth\u00e4lt.<\/p>\n\n\n\n<p>Wer ist dieses <strong>Lamm<\/strong>?<br>Warum spricht man davon, <strong>die S\u00fcnde der Welt wegzunehmen<\/strong>?<br>Und warum wiederholt die Kirche diese Worte unmittelbar vor der Heiligen Kommunion?<\/p>\n\n\n\n<p>Das zu verstehen erhellt nicht nur die Messe.<br>Es erhellt das ganze christliche Leben.<\/p>\n\n\n\n<hr class=\"wp-block-separator has-alpha-channel-opacity\"\/>\n\n\n\n<h1 class=\"wp-block-heading\">1. Ein Satz, der nicht in der Messe entstanden ist: der Ruf Johannes des T\u00e4ufers<\/h1>\n\n\n\n<p>Der Ausdruck <strong>\u201eLamm Gottes\u201c<\/strong> erschien nicht zuerst in der Liturgie, sondern im Evangelium.<\/p>\n\n\n\n<p>Der Erste, der diese Worte aussprach, war <strong>Johannes der T\u00e4ufer<\/strong>, als er Jesus zum Jordan kommen sah.<\/p>\n\n\n\n<p>Das Evangelium berichtet:<\/p>\n\n\n\n<blockquote class=\"wp-block-quote is-layout-flow wp-block-quote-is-layout-flow\">\n<p>\u201eAm n\u00e4chsten Tag sah er Jesus auf sich zukommen und sagte:<br><strong>\u201aSeht, das Lamm Gottes, das die S\u00fcnde der Welt hinwegnimmt!\u2018<\/strong>\u201c<br>(Johannes 1,29)<\/p>\n<\/blockquote>\n\n\n\n<p>Johannes sagt hier nicht einfach etwas Poetisches.<br>Er offenbart <strong>die tiefe Identit\u00e4t Christi<\/strong>.<\/p>\n\n\n\n<p>Die Juden, die ihn h\u00f6rten, verstanden die Anspielung sofort: <strong>das Lamm war das Opfer\u00adtier schlechthin<\/strong>.<\/p>\n\n\n\n<p>Im Tempel von Jerusalem wurden st\u00e4ndig L\u00e4mmer geopfert:<\/p>\n\n\n\n<ul class=\"wp-block-list\">\n<li>f\u00fcr die S\u00fcnde<\/li>\n\n\n\n<li>zur S\u00fchne<\/li>\n\n\n\n<li>bei religi\u00f6sen Festen<\/li>\n\n\n\n<li>besonders beim Paschafest<\/li>\n<\/ul>\n\n\n\n<p>Wenn Johannes also Jesus <strong>das Lamm Gottes<\/strong> nennt, macht er eine radikale Aussage:<\/p>\n\n\n\n<p><strong>Jesus ist das endg\u00fcltige Opfer, das die S\u00fcnde der Welt hinwegnehmen wird.<\/strong><\/p>\n\n\n\n<hr class=\"wp-block-separator has-alpha-channel-opacity\"\/>\n\n\n\n<h1 class=\"wp-block-heading\">2. Der Ursprung des Symbols: die L\u00e4mmer des Alten Testaments<\/h1>\n\n\n\n<p>Um diesen Satz vollst\u00e4ndig zu verstehen, m\u00fcssen wir viele Jahrhunderte zur\u00fcckgehen.<\/p>\n\n\n\n<p>Die Symbolik des Lammes erscheint immer wieder in der Geschichte Israels.<\/p>\n\n\n\n<h2 class=\"wp-block-heading\">Das Lamm Abrahams<\/h2>\n\n\n\n<p>Im Buch Genesis bittet Gott Abraham, seinen Sohn Isaak als Opfer darzubringen. Im letzten Moment h\u00e4lt Gott das Opfer auf, und ein Widder erscheint, der an Isaaks Stelle geopfert wird.<\/p>\n\n\n\n<p>Isaak hatte gefragt:<\/p>\n\n\n\n<blockquote class=\"wp-block-quote is-layout-flow wp-block-quote-is-layout-flow\">\n<p>\u201eVater\u2026 hier ist das Feuer und das Holz, aber <strong>wo ist das Lamm f\u00fcr das Opfer?<\/strong>\u201c<br>(Genesis 22,7)<\/p>\n<\/blockquote>\n\n\n\n<p>Abrahams Antwort ist prophetisch:<\/p>\n\n\n\n<blockquote class=\"wp-block-quote is-layout-flow wp-block-quote-is-layout-flow\">\n<p><strong>\u201eGott selbst wird das Lamm f\u00fcr das Opfer bereitstellen.\u201c<\/strong><\/p>\n<\/blockquote>\n\n\n\n<p>Die Kirchenv\u00e4ter sahen in dieser Szene ein Bild Christi.<br>Das wahre Lamm w\u00fcrde von Gott selbst bereitgestellt werden.<\/p>\n\n\n\n<hr class=\"wp-block-separator has-alpha-channel-opacity\"\/>\n\n\n\n<h2 class=\"wp-block-heading\">Das Paschalamm<\/h2>\n\n\n\n<p>Doch das Symbol erreicht seine volle Bedeutung im Buch Exodus.<\/p>\n\n\n\n<p>Als das Volk Israel in \u00c4gypten versklavt war, befahl Gott ihnen, ein fehlerloses Lamm zu opfern und mit seinem Blut die T\u00fcrpfosten ihrer H\u00e4user zu kennzeichnen.<\/p>\n\n\n\n<blockquote class=\"wp-block-quote is-layout-flow wp-block-quote-is-layout-flow\">\n<p>\u201eDas Blut soll f\u00fcr euch ein Zeichen sein an den H\u00e4usern, in denen ihr seid; wenn ich das Blut sehe, werde ich an euch vor\u00fcbergehen.\u201c<br>(Exodus 12,13)<\/p>\n<\/blockquote>\n\n\n\n<p>In dieser Nacht fand die Befreiung Israels statt.<\/p>\n\n\n\n<p>Das Paschalamm hatte drei wesentliche Eigenschaften:<\/p>\n\n\n\n<ul class=\"wp-block-list\">\n<li>es musste <strong>ohne Makel<\/strong> sein<\/li>\n\n\n\n<li>sein <strong>Blut rettete<\/strong><\/li>\n\n\n\n<li>es musste <strong>in einem rituellen Mahl gegessen werden<\/strong><\/li>\n<\/ul>\n\n\n\n<p>Dieses Detail ist entscheidend.<\/p>\n\n\n\n<p>Das Opfer endete nicht am Altar: <strong>das Lamm musste gegessen werden<\/strong>.<\/p>\n\n\n\n<p>Jahrhunderte sp\u00e4ter w\u00fcrde Christus das Paschafest feiern\u2026 und diesem Mahl eine v\u00f6llig neue Bedeutung geben.<\/p>\n\n\n\n<hr class=\"wp-block-separator has-alpha-channel-opacity\"\/>\n\n\n\n<h1 class=\"wp-block-heading\">3. Christus: das wahre Lamm Gottes<\/h1>\n\n\n\n<p>Das ganze Alte Testament weist auf Christus hin.<\/p>\n\n\n\n<p>Als <strong>Jesus Christus<\/strong> am Kreuz stirbt, betonen die Evangelien bemerkenswerte Details, die ihn mit dem Paschalamm verbinden:<\/p>\n\n\n\n<ul class=\"wp-block-list\">\n<li>er stirbt am Vorabend des Paschafestes<\/li>\n\n\n\n<li>keiner seiner Knochen wird gebrochen<\/li>\n\n\n\n<li>sein Blut wird zur Rettung vergossen<\/li>\n<\/ul>\n\n\n\n<p>Der heilige Paulus sagt es klar:<\/p>\n\n\n\n<blockquote class=\"wp-block-quote is-layout-flow wp-block-quote-is-layout-flow\">\n<p><strong>\u201eChristus, unser Paschalamm, ist geopfert worden.\u201c<\/strong><br>(1 Korinther 5,7)<\/p>\n<\/blockquote>\n\n\n\n<p>Christus ist nicht nur ein moralischer Lehrer.<\/p>\n\n\n\n<p>Christus ist <strong>das Opferlamm, das zur Erl\u00f6sung der Welt dargebracht wurde<\/strong>.<\/p>\n\n\n\n<p>Darum lehrt die katholische Theologie, dass das Kreuz ist:<\/p>\n\n\n\n<ul class=\"wp-block-list\">\n<li>Opfer<\/li>\n\n\n\n<li>S\u00fchne<\/li>\n\n\n\n<li>Erl\u00f6sung<\/li>\n\n\n\n<li>Vers\u00f6hnung<\/li>\n<\/ul>\n\n\n\n<p>Und dieses Opfer bleibt nicht in der Vergangenheit.<\/p>\n\n\n\n<p>Es wird in der Eucharistie gegenw\u00e4rtig.<\/p>\n\n\n\n<hr class=\"wp-block-separator has-alpha-channel-opacity\"\/>\n\n\n\n<h1 class=\"wp-block-heading\">4. Das Lamm in der Heiligen Messe<\/h1>\n\n\n\n<p>Vor der Kommunion erhebt der Priester die konsekrierte Hostie und wiederholt die Worte Johannes des T\u00e4ufers.<\/p>\n\n\n\n<p>Das ist kein symbolischer Satz.<\/p>\n\n\n\n<p>Es ist ein <strong>Glaubensbekenntnis<\/strong>.<\/p>\n\n\n\n<p>Die Kirche verk\u00fcndet, dass Christus in der Eucharistie wirklich gegenw\u00e4rtig ist:<\/p>\n\n\n\n<ul class=\"wp-block-list\">\n<li>wahrer Gott<\/li>\n\n\n\n<li>wahrer Mensch<\/li>\n\n\n\n<li>Leib, Blut, Seele und Gottheit<\/li>\n<\/ul>\n\n\n\n<p>Die Hostie ist kein Symbol.<\/p>\n\n\n\n<p>Sie ist <strong>das geschlachtete und verherrlichte Lamm<\/strong>.<\/p>\n\n\n\n<p>Darum l\u00e4dt der Priester die Gl\u00e4ubigen zur Kommunion ein mit den Worten:<\/p>\n\n\n\n<blockquote class=\"wp-block-quote is-layout-flow wp-block-quote-is-layout-flow\">\n<p>\u201eSelig, die zum Hochzeitsmahl des Lammes geladen sind.\u201c<\/p>\n<\/blockquote>\n\n\n\n<p>Dies ist eine direkte Anspielung auf <strong>das himmlische Mahl<\/strong>.<\/p>\n\n\n\n<hr class=\"wp-block-separator has-alpha-channel-opacity\"\/>\n\n\n\n<h1 class=\"wp-block-heading\">5. Das verherrlichte Lamm der Offenbarung<\/h1>\n\n\n\n<p>Die Bibel endet mit einer beeindruckenden Vision.<\/p>\n\n\n\n<p>Im Buch der Offenbarung erscheint die Gestalt des Lammes immer wieder.<\/p>\n\n\n\n<p>Der heilige Johannes schaut den Himmel und beschreibt, was er sieht:<\/p>\n\n\n\n<blockquote class=\"wp-block-quote is-layout-flow wp-block-quote-is-layout-flow\">\n<p>\u201eIch sah ein Lamm stehen, wie geschlachtet.\u201c<br>(Offenbarung 5,6)<\/p>\n<\/blockquote>\n\n\n\n<p>Dieses Detail ist tief theologischer Natur.<\/p>\n\n\n\n<p>Das Lamm ist <strong>geschlachtet<\/strong> (geopfert), aber <strong>steht<\/strong> (auferstanden).<\/p>\n\n\n\n<p>Es ist Christus:<\/p>\n\n\n\n<ul class=\"wp-block-list\">\n<li>gestorben<\/li>\n\n\n\n<li>auferstanden<\/li>\n\n\n\n<li>verherrlicht<\/li>\n<\/ul>\n\n\n\n<p>Und der ganze Himmel betet ihn an:<\/p>\n\n\n\n<blockquote class=\"wp-block-quote is-layout-flow wp-block-quote-is-layout-flow\">\n<p>\u201eW\u00fcrdig ist das Lamm, das geschlachtet wurde, Macht zu empfangen und Reichtum und Weisheit und St\u00e4rke und Ehre und Herrlichkeit und Lobpreis.\u201c<br>(Offenbarung 5,12)<\/p>\n<\/blockquote>\n\n\n\n<p>Die Liturgie der Messe ist ein Vorgeschmack auf diese himmlische Liturgie.<\/p>\n\n\n\n<p>Jedes Mal, wenn wir an der Eucharistie teilnehmen, <strong>vereinen wir uns mit der ewigen Anbetung des Lammes<\/strong>.<\/p>\n\n\n\n<hr class=\"wp-block-separator has-alpha-channel-opacity\"\/>\n\n\n\n<h1 class=\"wp-block-heading\">6. \u201eDas die S\u00fcnde der Welt hinwegnimmt\u201c: das Herz des Evangeliums<\/h1>\n\n\n\n<p>Die Sendung des Lammes ist klar: <strong>die S\u00fcnde wegzunehmen<\/strong>.<\/p>\n\n\n\n<p>Die S\u00fcnde ist die gro\u00dfe Trag\u00f6die der Menschheit.<\/p>\n\n\n\n<p>Sie ist nicht nur ein moralischer Fehler.<br>Sie ist ein Bruch mit Gott.<\/p>\n\n\n\n<p>Die S\u00fcnde:<\/p>\n\n\n\n<ul class=\"wp-block-list\">\n<li>zerst\u00f6rt die Seele<\/li>\n\n\n\n<li>bricht die Gemeinschaft mit Gott<\/li>\n\n\n\n<li>verletzt andere<\/li>\n\n\n\n<li>bringt den Tod in die Welt<\/li>\n<\/ul>\n\n\n\n<p>Christus kam gerade, um diese Macht zu zerst\u00f6ren.<\/p>\n\n\n\n<p>Wie der heilige Johannes schreibt:<\/p>\n\n\n\n<blockquote class=\"wp-block-quote is-layout-flow wp-block-quote-is-layout-flow\">\n<p>\u201eDas Blut Jesu, seines Sohnes, <strong>reinigt uns von aller S\u00fcnde<\/strong>.\u201c<br>(1 Johannes 1,7)<\/p>\n<\/blockquote>\n\n\n\n<p>Doch hier gibt es eine wichtige Nuance.<\/p>\n\n\n\n<p>Christus <strong>hat die Erl\u00f6sung f\u00fcr alle gewonnen<\/strong>, aber jeder Mensch muss sie <strong>frei annehmen<\/strong>.<\/p>\n\n\n\n<p>Darum gibt es die Sakramente, besonders:<\/p>\n\n\n\n<ul class=\"wp-block-list\">\n<li>die <strong>Taufe<\/strong><\/li>\n\n\n\n<li>die <strong>Beichte<\/strong><\/li>\n\n\n\n<li>die <strong>Eucharistie<\/strong><\/li>\n<\/ul>\n\n\n\n<hr class=\"wp-block-separator has-alpha-channel-opacity\"\/>\n\n\n\n<h1 class=\"wp-block-heading\">7. Die Antwort des Gl\u00e4ubigen: \u201eHerr, ich bin nicht w\u00fcrdig\u2026\u201c<\/h1>\n\n\n\n<p>Nachdem die Verk\u00fcndigung des Lammes geh\u00f6rt wurde, antworten die Gl\u00e4ubigen mit Demut:<\/p>\n\n\n\n<blockquote class=\"wp-block-quote is-layout-flow wp-block-quote-is-layout-flow\">\n<p><strong>\u201eHerr, ich bin nicht w\u00fcrdig, dass du eingehst unter mein Dach; aber sprich nur ein Wort, so wird meine Seele gesund.\u201c<\/strong><\/p>\n<\/blockquote>\n\n\n\n<p>Diese Worte stammen aus dem Evangelium.<\/p>\n\n\n\n<p>Sie wurden vom r\u00f6mischen Hauptmann vor Jesus gesprochen.<\/p>\n\n\n\n<p>Sein Glaube beeindruckte den Herrn zutiefst.<\/p>\n\n\n\n<p>Die Kirche wiederholt sie vor der Kommunion, weil sie an eine grundlegende Wahrheit erinnern:<\/p>\n\n\n\n<p><strong>Niemand verdient die Eucharistie.<\/strong><\/p>\n\n\n\n<p>Sie ist ein unermessliches Geschenk der g\u00f6ttlichen Barmherzigkeit.<\/p>\n\n\n\n<p>Darum hat die katholische Tradition immer darauf bestanden, die Kommunion zu empfangen:<\/p>\n\n\n\n<ul class=\"wp-block-list\">\n<li>im Stand der Gnade<\/li>\n\n\n\n<li>mit geistlicher Vorbereitung<\/li>\n\n\n\n<li>mit tiefer Ehrfurcht<\/li>\n<\/ul>\n\n\n\n<hr class=\"wp-block-separator has-alpha-channel-opacity\"\/>\n\n\n\n<h1 class=\"wp-block-heading\">8. Was bedeutet das f\u00fcr unser t\u00e4gliches Leben?<\/h1>\n\n\n\n<p>Dieser Satz aus der Messe ist nicht nur liturgisch.<br>Er ist ein Programm f\u00fcr das christliche Leben.<\/p>\n\n\n\n<p>Die Betrachtung des Lammes Gottes lehrt uns drei grundlegende Haltungen.<\/p>\n\n\n\n<h3 class=\"wp-block-heading\">1. In der Umkehr leben<\/h3>\n\n\n\n<p>Christus nimmt die S\u00fcnde hinweg\u2026 aber wir m\u00fcssen ihn handeln lassen.<\/p>\n\n\n\n<p>Das bedeutet:<\/p>\n\n\n\n<ul class=\"wp-block-list\">\n<li>Gewissenserforschung<\/li>\n\n\n\n<li>h\u00e4ufige Beichte<\/li>\n\n\n\n<li>geistlichen Kampf<\/li>\n<\/ul>\n\n\n\n<p>Das christliche Leben ist kein spiritueller Komfort.<\/p>\n\n\n\n<p>Es ist <strong>st\u00e4ndige Umkehr<\/strong>.<\/p>\n\n\n\n<hr class=\"wp-block-separator has-alpha-channel-opacity\"\/>\n\n\n\n<h3 class=\"wp-block-heading\">2. In Dankbarkeit leben<\/h3>\n\n\n\n<p>Jede Kommunion ist ein Wunder.<\/p>\n\n\n\n<p>Der gleiche Christus, der am Kreuz gestorben ist, kommt in unser Herz.<\/p>\n\n\n\n<p>Das sollte unsere Art, die Messe zu leben, ver\u00e4ndern.<\/p>\n\n\n\n<p>Wir gehen nicht zu einer gesellschaftlichen Veranstaltung.<br>Wir gehen zu <strong>einer Begegnung mit dem Lamm Gottes<\/strong>.<\/p>\n\n\n\n<hr class=\"wp-block-separator has-alpha-channel-opacity\"\/>\n\n\n\n<h3 class=\"wp-block-heading\">3. Wie L\u00e4mmer mitten in der Welt leben<\/h3>\n\n\n\n<p>Jesus ist nicht nur das Lamm.<\/p>\n\n\n\n<p>Er l\u00e4dt uns auch ein, seine Sanftmut nachzuahmen.<\/p>\n\n\n\n<p>In einer Welt, die gepr\u00e4gt ist von:<\/p>\n\n\n\n<ul class=\"wp-block-list\">\n<li>Gewalt<\/li>\n\n\n\n<li>Stolz<\/li>\n\n\n\n<li>Egoismus<\/li>\n<\/ul>\n\n\n\n<p>sind Christen berufen, zu leben mit:<\/p>\n\n\n\n<ul class=\"wp-block-list\">\n<li>Demut<\/li>\n\n\n\n<li>Opferbereitschaft<\/li>\n\n\n\n<li>Liebe<\/li>\n<\/ul>\n\n\n\n<hr class=\"wp-block-separator has-alpha-channel-opacity\"\/>\n\n\n\n<h1 class=\"wp-block-heading\">9. Das Lamm, das die Welt verwandelt<\/h1>\n\n\n\n<p>Die Menschheitsgeschichte scheint oft von Gewalt, Macht und St\u00e4rke beherrscht zu werden.<\/p>\n\n\n\n<p>Doch das Christentum verk\u00fcndet etwas Erstaunliches:<\/p>\n\n\n\n<p><strong>Die Welt wurde durch ein Lamm gerettet.<\/strong><\/p>\n\n\n\n<p>Nicht durch ein Heer.<br>Nicht durch ein Imperium.<br>Nicht durch eine Ideologie.<\/p>\n\n\n\n<p>Sondern durch einen Menschen, der aus Liebe das Opfer annahm.<\/p>\n\n\n\n<p>Jedes Mal, wenn wir in der Messe h\u00f6ren:<\/p>\n\n\n\n<p><strong>\u201eSeht das Lamm Gottes\u2026\u201c<\/strong><\/p>\n\n\n\n<p>werden wir an die tiefste Wahrheit des Glaubens erinnert:<\/p>\n\n\n\n<p>Die Rettung der Welt kam nicht durch Macht\u2026<\/p>\n\n\n\n<p>sie kam durch <strong>das Opfer Christi<\/strong>.<\/p>\n\n\n\n<hr class=\"wp-block-separator has-alpha-channel-opacity\"\/>\n\n\n\n<h1 class=\"wp-block-heading\">10. Eine pers\u00f6nliche Einladung<\/h1>\n\n\n\n<p>Wenn du das n\u00e4chste Mal diese Worte in der Messe h\u00f6rst, versuche einen Moment innezuhalten.<\/p>\n\n\n\n<p>Richte deinen Blick auf den Altar.<\/p>\n\n\n\n<p>Betrachte das Lamm.<\/p>\n\n\n\n<p>Und erinnere dich:<\/p>\n\n\n\n<ul class=\"wp-block-list\">\n<li>dieses Lamm ist f\u00fcr dich gestorben<\/li>\n\n\n\n<li>dieses Lamm hat die S\u00fcnde besiegt<\/li>\n\n\n\n<li>dieses Lamm m\u00f6chte in deinem Herzen wohnen<\/li>\n<\/ul>\n\n\n\n<p>Denn letztlich l\u00e4sst sich das ganze christliche Leben in einer einzigen Haltung zusammenfassen:<\/p>\n\n\n\n<p><strong>das Lamm Gottes erkennen und ihm folgen.<\/strong><\/p>\n\n\n\n<p>Wie die Schrift sagt:<\/p>\n\n\n\n<blockquote class=\"wp-block-quote is-layout-flow wp-block-quote-is-layout-flow\">\n<p>\u201eDiese sind es, die dem Lamm folgen, wohin es auch geht.\u201c<br>(Offenbarung 14,4)<\/p>\n<\/blockquote>\n\n\n\n<p>Und das ist im tiefsten Sinn der wahre Weg zur Heiligkeit.<\/p>\n","protected":false},"excerpt":{"rendered":"<p>Jedes Mal, wenn wir an der Heiligen Messe teilnehmen, kommt ein feierlicher und zutiefst geheimnisvoller Moment. Der Priester erhebt die konsekrierte Hostie und spricht Worte, die seit zweitausend Jahren erklingen: \u201eSeht das Lamm Gottes, das hinwegnimmt die S\u00fcnden der Welt. Selig, die zum Hochzeitsmahl des Lammes geladen sind.\u201c Es sind kurze Worte. Doch in ihnen &hellip;<\/p>\n","protected":false},"author":3,"featured_media":5139,"comment_status":"closed","ping_status":"closed","sticky":false,"template":"","format":"standard","meta":{"_seopress_robots_primary_cat":"","_seopress_titles_title":"","_seopress_titles_desc":"","_seopress_robots_index":"","footnotes":""},"categories":[59,40],"tags":[1331],"class_list":["post-5138","post","type-post","status-publish","format-standard","has-post-thumbnail","","category-eucharistie-und-anbetung","category-gebet-und-spiritualitaet","tag-lamm-gottes"],"_links":{"self":[{"href":"https:\/\/catholicus.eu\/de\/wp-json\/wp\/v2\/posts\/5138","targetHints":{"allow":["GET"]}}],"collection":[{"href":"https:\/\/catholicus.eu\/de\/wp-json\/wp\/v2\/posts"}],"about":[{"href":"https:\/\/catholicus.eu\/de\/wp-json\/wp\/v2\/types\/post"}],"author":[{"embeddable":true,"href":"https:\/\/catholicus.eu\/de\/wp-json\/wp\/v2\/users\/3"}],"replies":[{"embeddable":true,"href":"https:\/\/catholicus.eu\/de\/wp-json\/wp\/v2\/comments?post=5138"}],"version-history":[{"count":1,"href":"https:\/\/catholicus.eu\/de\/wp-json\/wp\/v2\/posts\/5138\/revisions"}],"predecessor-version":[{"id":5140,"href":"https:\/\/catholicus.eu\/de\/wp-json\/wp\/v2\/posts\/5138\/revisions\/5140"}],"wp:featuredmedia":[{"embeddable":true,"href":"https:\/\/catholicus.eu\/de\/wp-json\/wp\/v2\/media\/5139"}],"wp:attachment":[{"href":"https:\/\/catholicus.eu\/de\/wp-json\/wp\/v2\/media?parent=5138"}],"wp:term":[{"taxonomy":"category","embeddable":true,"href":"https:\/\/catholicus.eu\/de\/wp-json\/wp\/v2\/categories?post=5138"},{"taxonomy":"post_tag","embeddable":true,"href":"https:\/\/catholicus.eu\/de\/wp-json\/wp\/v2\/tags?post=5138"}],"curies":[{"name":"wp","href":"https:\/\/api.w.org\/{rel}","templated":true}]}}