{"id":5120,"date":"2026-03-05T15:29:48","date_gmt":"2026-03-05T14:29:48","guid":{"rendered":"https:\/\/catholicus.eu\/de\/?p=5120"},"modified":"2026-03-05T15:29:48","modified_gmt":"2026-03-05T14:29:48","slug":"mors-turpissima-der-schmaehlichste-tod-der-die-welt-gerettet-hat","status":"publish","type":"post","link":"https:\/\/catholicus.eu\/de\/mors-turpissima-der-schmaehlichste-tod-der-die-welt-gerettet-hat\/","title":{"rendered":"\u201eMors Turpissima\u201c: Der schm\u00e4hlichste Tod \u2026 der die Welt gerettet hat"},"content":{"rendered":"\n<p>Es gibt lateinische Ausdr\u00fccke, die wie ein Blitz durch die Jahrhunderte schlagen. <em>Mors turpissima<\/em> ist einer von ihnen. W\u00f6rtlich bedeutet er \u201eder schm\u00e4hlichste Tod\u201c, \u201eder infamste Tod\u201c, \u201eder entehrendste Tod\u201c.<\/p>\n\n\n\n<p>Und doch steht gerade diese <em>mors turpissima<\/em> im Herzen des Christentums \u2013 als Mittelpunkt unserer Hoffnung.<\/p>\n\n\n\n<p>Wie kann der schm\u00e4hlichste Tod zur herrlichsten Tat der Geschichte werden? Wie kann ein Werkzeug totaler Erniedrigung zum Thron der Barmherzigkeit werden? Was hat dieser alte Ausdruck mit deinem Leben, deiner Arbeit, deinen K\u00e4mpfen, deinen Niederlagen und deinem Heil zu tun?<\/p>\n\n\n\n<p>Heute wollen wir in dieses Geheimnis eintreten \u2013 mit theologischer Tiefe, historischer Genauigkeit und einer konkreten pastoralen Perspektive f\u00fcr das 21. Jahrhundert.<\/p>\n\n\n\n<hr class=\"wp-block-separator has-alpha-channel-opacity\"\/>\n\n\n\n<h2 class=\"wp-block-heading\">1. Was bedeutet \u201eMors Turpissima\u201c?<\/h2>\n\n\n\n<p>In der r\u00f6mischen Welt galt die Kreuzigung als die entw\u00fcrdigendste Form des Todes. Sie war nicht einfach eine Hinrichtung: Sie war die \u00f6ffentliche Vernichtung der Ehre.<\/p>\n\n\n\n<p>Das Kreuz war vorbehalten f\u00fcr:<\/p>\n\n\n\n<ul class=\"wp-block-list\">\n<li>Aufst\u00e4ndische Sklaven<\/li>\n\n\n\n<li>Verachtete Verbrecher<\/li>\n\n\n\n<li>Aufr\u00fchrer gegen das Imperium<\/li>\n<\/ul>\n\n\n\n<p>Der r\u00f6mische B\u00fcrger war grunds\u00e4tzlich vor einer solchen Strafe gesch\u00fctzt. Sie war so infam, dass man in vornehmen Kreisen nicht einmal dar\u00fcber sprach. Es war der Tod der \u00e4u\u00dfersten Verachtung.<\/p>\n\n\n\n<p>Deshalb verk\u00fcndeten die ersten Christen etwas Skandal\u00f6ses, als sie predigten, dass der Sohn Gottes gekreuzigt gestorben sei. Kein heroischer Tod im Kampf. Kein philosophischer Tod wie der des Sokrates. Kein mystischer Tod.<\/p>\n\n\n\n<p>Sondern die <em>mors turpissima<\/em>.<\/p>\n\n\n\n<hr class=\"wp-block-separator has-alpha-channel-opacity\"\/>\n\n\n\n<h2 class=\"wp-block-heading\">2. Das Kreuz: \u00c4rgernis und Torheit<\/h2>\n\n\n\n<p>Der heilige Paulus bringt es mit brutaler Klarheit auf den Punkt:<\/p>\n\n\n\n<blockquote class=\"wp-block-quote is-layout-flow wp-block-quote-is-layout-flow\">\n<p>\u201eWir aber verk\u00fcndigen Christus als den Gekreuzigten: f\u00fcr Juden ein \u00c4rgernis, f\u00fcr Heiden eine Torheit\u201c (1 Kor 1,23).<\/p>\n<\/blockquote>\n\n\n\n<p>F\u00fcr den Juden war der Gekreuzigte verflucht:<\/p>\n\n\n\n<blockquote class=\"wp-block-quote is-layout-flow wp-block-quote-is-layout-flow\">\n<p>\u201eVerflucht ist jeder, der am Holz h\u00e4ngt\u201c (Gal 3,13).<\/p>\n<\/blockquote>\n\n\n\n<p>F\u00fcr den Heiden war es absurd, einen hingerichteten Verbrecher anzubeten.<\/p>\n\n\n\n<p>Und doch liegt genau hier der Kern des traditionellen Christentums: Gott rettet uns nicht aus der Bequemlichkeit der Macht, sondern aus der totalen Erniedrigung heraus.<\/p>\n\n\n\n<hr class=\"wp-block-separator has-alpha-channel-opacity\"\/>\n\n\n\n<h2 class=\"wp-block-heading\">3. Der \u00e4u\u00dferste Abstieg: Eine Theologie der Erniedrigung<\/h2>\n\n\n\n<p>Die katholische Tradition hat im Leiden Christi immer den tiefsten Punkt der g\u00f6ttlichen Selbstent\u00e4u\u00dferung gesehen.<\/p>\n\n\n\n<p>Der heilige Paulus beschreibt es so:<\/p>\n\n\n\n<blockquote class=\"wp-block-quote is-layout-flow wp-block-quote-is-layout-flow\">\n<p>\u201eEr ent\u00e4u\u00dferte sich selbst, nahm Knechtsgestalt an \u2026 und erniedrigte sich und wurde gehorsam bis zum Tod, bis zum Tod am Kreuz\u201c (Phil 2,7\u20138).<\/p>\n<\/blockquote>\n\n\n\n<p>Es war nicht nur Sterben.<\/p>\n\n\n\n<p>Es war Sterben:<\/p>\n\n\n\n<ul class=\"wp-block-list\">\n<li>Nackt<\/li>\n\n\n\n<li>Verlassen<\/li>\n\n\n\n<li>Verraten<\/li>\n\n\n\n<li>Verspottet<\/li>\n\n\n\n<li>Als Gottesl\u00e4sterer angesehen<\/li>\n\n\n\n<li>Als Verbrecher verurteilt<\/li>\n<\/ul>\n\n\n\n<p>Die <em>mors turpissima<\/em> war kein historischer Zufall. Sie war der Heilsplan.<\/p>\n\n\n\n<p>Gott wollte uns retten, indem er das Schlimmste annahm, was die S\u00fcnde hervorbringt: Scham, Erniedrigung, Zur\u00fcckweisung, Verlassenheit.<\/p>\n\n\n\n<hr class=\"wp-block-separator has-alpha-channel-opacity\"\/>\n\n\n\n<h2 class=\"wp-block-heading\">4. Die g\u00f6ttliche Logik: Das Niedrigste wird zum H\u00f6chsten<\/h2>\n\n\n\n<p>Hier liegt der tiefe theologische Schl\u00fcssel:<\/p>\n\n\n\n<p>Was die Welt als sch\u00e4ndlich betrachtet, verwandelt Gott in Herrlichkeit.<\/p>\n\n\n\n<p>Das Kreuz \u2013 ein Folterinstrument \u2013 wird:<\/p>\n\n\n\n<ul class=\"wp-block-list\">\n<li>Zum Baum des Lebens<\/li>\n\n\n\n<li>Zum Thron des K\u00f6nigs<\/li>\n\n\n\n<li>Zum Altar des ewigen Opfers<\/li>\n\n\n\n<li>Zum Tor des Himmels<\/li>\n<\/ul>\n\n\n\n<p>In der traditionellen Liturgie des Karfreitags singt die Kirche:<\/p>\n\n\n\n<blockquote class=\"wp-block-quote is-layout-flow wp-block-quote-is-layout-flow\">\n<p>\u201eEcce lignum Crucis, in quo salus mundi pependit.\u201c<br>\u201eSeht das Holz des Kreuzes, an dem das Heil der Welt gehangen.\u201c<\/p>\n<\/blockquote>\n\n\n\n<p>Die <em>mors turpissima<\/em> wird zur h\u00f6chsten Offenbarung der Liebe.<\/p>\n\n\n\n<hr class=\"wp-block-separator has-alpha-channel-opacity\"\/>\n\n\n\n<h2 class=\"wp-block-heading\">5. Erl\u00f6ste Scham<\/h2>\n\n\n\n<p>Wir leben in einer Kultur, die von Image, Erfolg und sozialer Anerkennung besessen ist. Scheitern wird versteckt. Schw\u00e4che wird kaschiert. Fehler werden \u201egecancelt\u201c.<\/p>\n\n\n\n<p>Doch das traditionelle Christentum lehrt etwas Radikales:<\/p>\n\n\n\n<p>Gott beseitigt die Scham nicht, indem er vor ihr flieht.<br>Er geht durch sie hindurch.<br>Er erl\u00f6st sie.<br>Er verwandelt sie.<\/p>\n\n\n\n<p>Christus nimmt unsere:<\/p>\n\n\n\n<ul class=\"wp-block-list\">\n<li>Moralische Scham<\/li>\n\n\n\n<li>Geistliche Niederlage<\/li>\n\n\n\n<li>Schuld<\/li>\n\n\n\n<li>Unehre<\/li>\n<\/ul>\n\n\n\n<p>auf sich und tr\u00e4gt sie bis zum \u00c4u\u00dfersten.<\/p>\n\n\n\n<p>Darum ist das Kreuz nicht nur ein Symbol des Schmerzes. Es ist der Ort, an dem unsere Armseligkeiten Erl\u00f6sung finden.<\/p>\n\n\n\n<hr class=\"wp-block-separator has-alpha-channel-opacity\"\/>\n\n\n\n<h2 class=\"wp-block-heading\">6. Geistliche Anwendung: Dein Kreuz ist nicht nutzlos<\/h2>\n\n\n\n<p>Hier wird die Theologie pastoral.<\/p>\n\n\n\n<p>Wie oft empfindest du, dass dein Leben \u201eMomente der mors turpissima\u201c kennt?<\/p>\n\n\n\n<ul class=\"wp-block-list\">\n<li>Ein berufliches Scheitern.<\/li>\n\n\n\n<li>Eine \u00f6ffentliche Dem\u00fctigung.<\/li>\n\n\n\n<li>Eine S\u00fcnde, die dich mit Scham erf\u00fcllt.<\/li>\n\n\n\n<li>Ein Fall, der dich aus der Bahn wirft.<\/li>\n\n\n\n<li>Eine Zur\u00fcckweisung, die dich verwundet.<\/li>\n<\/ul>\n\n\n\n<p>Nach der Logik der Welt disqualifiziert dich das.<\/p>\n\n\n\n<p>Nach der Logik des Kreuzes kann es ein Ort der Gnade werden.<\/p>\n\n\n\n<p>Wenn du deine Dem\u00fctigungen mit dem Kreuz Christi vereinst, sind sie nicht mehr unfruchtbar. Sie werden Teilhabe an seinem Erl\u00f6sungswerk.<\/p>\n\n\n\n<hr class=\"wp-block-separator has-alpha-channel-opacity\"\/>\n\n\n\n<h2 class=\"wp-block-heading\">7. Die Spiritualit\u00e4t der Erniedrigung<\/h2>\n\n\n\n<p>Die Heiligen haben das tief verstanden.<\/p>\n\n\n\n<p>Sie suchten die Dem\u00fctigung nicht aus krankhafter Lust, aber wenn sie kam, nahmen sie sie an \u2013 im Wissen, dass sie ein Weg der Reinigung des Ego und der Vereinigung mit Christus war.<\/p>\n\n\n\n<p>Die asketische Tradition lehrt:<\/p>\n\n\n\n<ul class=\"wp-block-list\">\n<li>Angenommene Dem\u00fctigung zerst\u00f6rt den Stolz.<\/li>\n\n\n\n<li>Aus Liebe ertragenes Verachtetwerden reinigt das Herz.<\/li>\n\n\n\n<li>Das im Glauben umarmte Kreuz bringt Heiligkeit hervor.<\/li>\n<\/ul>\n\n\n\n<p>In einer Welt, die das Ego verg\u00f6tzt, ist das Kreuz eine geistliche Revolution.<\/p>\n\n\n\n<hr class=\"wp-block-separator has-alpha-channel-opacity\"\/>\n\n\n\n<h2 class=\"wp-block-heading\">8. Mors Turpissima und die heutige Kultur<\/h2>\n\n\n\n<p>Heute gibt es im Westen keine \u00f6ffentlichen Kreuzigungen mehr. Aber es gibt andere Formen des \u201eschm\u00e4hlichen Todes\u201c:<\/p>\n\n\n\n<ul class=\"wp-block-list\">\n<li>Soziale \u00c4chtung<\/li>\n\n\n\n<li>Digitaler Pranger<\/li>\n\n\n\n<li>\u00d6ffentliche Verleumdung<\/li>\n\n\n\n<li>Ideologische Verachtung<\/li>\n\n\n\n<li>Ausgrenzung wegen Treue zum Glauben<\/li>\n<\/ul>\n\n\n\n<p>Der traditionellen katholischen Moral treu zu bleiben, kann Ansehen kosten. Es kann Freundschaften kosten. Es kann Chancen kosten.<\/p>\n\n\n\n<p>Hier stellt sich die entscheidende Frage:<\/p>\n\n\n\n<p>Bevorzugst du den Applaus der Welt oder die Gemeinschaft mit dem Gekreuzigten?<\/p>\n\n\n\n<hr class=\"wp-block-separator has-alpha-channel-opacity\"\/>\n\n\n\n<h2 class=\"wp-block-heading\">9. Ein praktischer Leitfaden, um die Theologie des Kreuzes zu leben<\/h2>\n\n\n\n<p>Ich schlage dir einige konkrete Schritte vor:<\/p>\n\n\n\n<h3 class=\"wp-block-heading\">1\ufe0f\u20e3 Betrachte t\u00e4glich das Kreuz<\/h3>\n\n\n\n<p>Nicht als Dekoration, sondern als Schule.<\/p>\n\n\n\n<h3 class=\"wp-block-heading\">2\ufe0f\u20e3 Nimm kleine Dem\u00fctigungen ohne Dramatisierung an<\/h3>\n\n\n\n<p>Verteidige dich nicht immer sofort. Opfere sie auf.<\/p>\n\n\n\n<h3 class=\"wp-block-heading\">3\ufe0f\u20e3 Beichte deine S\u00fcnden<\/h3>\n\n\n\n<p>Bekannte Scham verliert ihre Macht. Die Gnade tritt ein, wo der Stolz kapituliert.<\/p>\n\n\n\n<h3 class=\"wp-block-heading\">4\ufe0f\u20e3 Vereine deine Leiden mit der Messe<\/h3>\n\n\n\n<p>In jeder Eucharistie wird das Opfer von Golgotha sakramental gegenw\u00e4rtig.<\/p>\n\n\n\n<h3 class=\"wp-block-heading\">5\ufe0f\u20e3 Fliehe nicht vor dem t\u00e4glichen Opfer<\/h3>\n\n\n\n<p>Liebe, wenn es kostet. Diene, wenn du keine Lust hast. Vergib, wenn es weh tut.<\/p>\n\n\n\n<p>Dort wird das Kreuz gelebt.<\/p>\n\n\n\n<hr class=\"wp-block-separator has-alpha-channel-opacity\"\/>\n\n\n\n<h2 class=\"wp-block-heading\">10. Die entscheidende Wende: Von der Mors Turpissima zur Herrlichkeit<\/h2>\n\n\n\n<p>Die Geschichte endet nicht am Karfreitag.<\/p>\n\n\n\n<p>Das Kreuz f\u00fchrt zur Auferstehung.<\/p>\n\n\n\n<p>Die <em>mors turpissima<\/em> hat nicht das letzte Wort.<\/p>\n\n\n\n<p>Christus ist nicht nur schm\u00e4hlich gestorben.<br>Er ist herrlich auferstanden.<\/p>\n\n\n\n<p>Und hier liegt die christliche Verhei\u00dfung:<\/p>\n\n\n\n<p>Wenn du an seinem Kreuz teilhast, wirst du auch an seiner Herrlichkeit teilhaben.<\/p>\n\n\n\n<hr class=\"wp-block-separator has-alpha-channel-opacity\"\/>\n\n\n\n<h2 class=\"wp-block-heading\">Schluss: F\u00fcrchte deine eigene \u201eMors Turpissima\u201c nicht<\/h2>\n\n\n\n<p>Vielleicht durchlebst du gerade eine Zeit des Scheiterns, der Dunkelheit oder der Dem\u00fctigung.<\/p>\n\n\n\n<p>Erinnere dich daran:<\/p>\n\n\n\n<p>Wo die Welt Schande sieht,<br>bereitet Gott vielleicht Auferstehung vor.<\/p>\n\n\n\n<p>Das Kreuz ist nicht das Ende. Es ist der \u00dcbergang.<\/p>\n\n\n\n<p>Der infamste Tod der Geschichte wurde zur gr\u00f6\u00dften Liebestat, die je vollbracht wurde.<\/p>\n\n\n\n<p>Und das ver\u00e4ndert alles.<\/p>\n\n\n\n<p>Denn wenn Gott die <em>mors turpissima<\/em> in universales Heil verwandeln konnte, kann er auch dein Kreuz in einen Weg zur Heiligkeit verwandeln.<\/p>\n\n\n\n<p>Fliehe nicht vor dem Gekreuzigten.<br>Bleibe bei ihm.<\/p>\n\n\n\n<p>Dort beginnt der wahre Sieg.<\/p>\n","protected":false},"excerpt":{"rendered":"<p>Es gibt lateinische Ausdr\u00fccke, die wie ein Blitz durch die Jahrhunderte schlagen. Mors turpissima ist einer von ihnen. W\u00f6rtlich bedeutet er \u201eder schm\u00e4hlichste Tod\u201c, \u201eder infamste Tod\u201c, \u201eder entehrendste Tod\u201c. Und doch steht gerade diese mors turpissima im Herzen des Christentums \u2013 als Mittelpunkt unserer Hoffnung. Wie kann der schm\u00e4hlichste Tod zur herrlichsten Tat der &hellip;<\/p>\n","protected":false},"author":3,"featured_media":5121,"comment_status":"closed","ping_status":"closed","sticky":false,"template":"","format":"standard","meta":{"_seopress_robots_primary_cat":"","_seopress_titles_title":"","_seopress_titles_desc":"","_seopress_robots_index":"","footnotes":""},"categories":[43,37],"tags":[1860],"class_list":["post-5120","post","type-post","status-publish","format-standard","has-post-thumbnail","","category-katechismus-der-katholischen-kirche","category-lehre-und-glaube","tag-mors-turpissima"],"_links":{"self":[{"href":"https:\/\/catholicus.eu\/de\/wp-json\/wp\/v2\/posts\/5120","targetHints":{"allow":["GET"]}}],"collection":[{"href":"https:\/\/catholicus.eu\/de\/wp-json\/wp\/v2\/posts"}],"about":[{"href":"https:\/\/catholicus.eu\/de\/wp-json\/wp\/v2\/types\/post"}],"author":[{"embeddable":true,"href":"https:\/\/catholicus.eu\/de\/wp-json\/wp\/v2\/users\/3"}],"replies":[{"embeddable":true,"href":"https:\/\/catholicus.eu\/de\/wp-json\/wp\/v2\/comments?post=5120"}],"version-history":[{"count":1,"href":"https:\/\/catholicus.eu\/de\/wp-json\/wp\/v2\/posts\/5120\/revisions"}],"predecessor-version":[{"id":5122,"href":"https:\/\/catholicus.eu\/de\/wp-json\/wp\/v2\/posts\/5120\/revisions\/5122"}],"wp:featuredmedia":[{"embeddable":true,"href":"https:\/\/catholicus.eu\/de\/wp-json\/wp\/v2\/media\/5121"}],"wp:attachment":[{"href":"https:\/\/catholicus.eu\/de\/wp-json\/wp\/v2\/media?parent=5120"}],"wp:term":[{"taxonomy":"category","embeddable":true,"href":"https:\/\/catholicus.eu\/de\/wp-json\/wp\/v2\/categories?post=5120"},{"taxonomy":"post_tag","embeddable":true,"href":"https:\/\/catholicus.eu\/de\/wp-json\/wp\/v2\/tags?post=5120"}],"curies":[{"name":"wp","href":"https:\/\/api.w.org\/{rel}","templated":true}]}}