{"id":5108,"date":"2026-03-02T17:39:48","date_gmt":"2026-03-02T16:39:48","guid":{"rendered":"https:\/\/catholicus.eu\/de\/?p=5108"},"modified":"2026-03-02T17:39:49","modified_gmt":"2026-03-02T16:39:49","slug":"sprueche-das-handbuch-der-weisheit-das-dein-leben-und-deine-seele-retten-kann","status":"publish","type":"post","link":"https:\/\/catholicus.eu\/de\/sprueche-das-handbuch-der-weisheit-das-dein-leben-und-deine-seele-retten-kann\/","title":{"rendered":"Spr\u00fcche: Das Handbuch der Weisheit, das dein Leben (und deine Seele) retten kann"},"content":{"rendered":"\n<p>Wir leben im Zeitalter der Information \u2026 aber nicht unbedingt im Zeitalter der Weisheit. Noch nie hatten wir so viele Daten, so viele Meinungen, so viele \u201eExperten\u201c, und doch waren moralische Verwirrung, emotionale Zerbrechlichkeit und geistliche Orientierungslosigkeit nie so offensichtlich wie heute.<\/p>\n\n\n\n<p>Mitten in diesem ohrenbet\u00e4ubenden L\u00e4rm gibt es ein altes, kurzes, direktes und erstaunlich aktuelles Buch, das uns seit fast dreitausend Jahren zuzuruften scheint: <strong>\u201eHier ist der Weg. Geh ihn.\u201c<\/strong><\/p>\n\n\n\n<p>Dieses Buch ist das <strong>Buch der Spr\u00fcche<\/strong>.<\/p>\n\n\n\n<p>Heute wollen wir uns ihm mit theologischer Tiefe und pastoraler Perspektive n\u00e4hern. Nicht wie jemand, der ein altes Dokument studiert, sondern wie jemand, der eine Landkarte \u00f6ffnet, um sich nicht zu verirren.<\/p>\n\n\n\n<hr class=\"wp-block-separator has-alpha-channel-opacity\"\/>\n\n\n\n<h2 class=\"wp-block-heading\">1. Was ist das Buch der Spr\u00fcche?<\/h2>\n\n\n\n<p>Das Buch der Spr\u00fcche geh\u00f6rt zur Weisheitsliteratur des Alten Testaments, zusammen mit Hiob und dem Prediger (Kohelet). Es wird traditionell zum gro\u00dfen Teil K\u00f6nig <strong>Salomo<\/strong>, dem Sohn Davids, zugeschrieben, der daf\u00fcr bekannt ist, dass er Gott nicht um Reichtum oder Macht bat, sondern um Weisheit (vgl. 1 K\u00f6n 3,9).<\/p>\n\n\n\n<p>Das Buch selbst beginnt mit den Worten:<\/p>\n\n\n\n<blockquote class=\"wp-block-quote is-layout-flow wp-block-quote-is-layout-flow\">\n<p>\u201eSpr\u00fcche Salomos, des Sohnes Davids, des K\u00f6nigs von Israel,<br>um Weisheit und Zucht zu erkennen,<br>um verst\u00e4ndige Worte zu verstehen \u2026\u201c (Spr 1,1\u20132)<\/p>\n<\/blockquote>\n\n\n\n<p>Wir haben es nicht mit einer Sammlung h\u00fcbscher Zitate f\u00fcr soziale Medien zu tun. Wir stehen vor einer Schule der Weisheit, inspiriert vom Heiligen Geist.<\/p>\n\n\n\n<hr class=\"wp-block-separator has-alpha-channel-opacity\"\/>\n\n\n\n<h2 class=\"wp-block-heading\">2. \u201eDie Furcht des Herrn ist der Anfang der Erkenntnis\u201c<\/h2>\n\n\n\n<p>M\u00fcssten wir das ganze Buch in einem einzigen Satz zusammenfassen, w\u00e4re es dieser:<\/p>\n\n\n\n<blockquote class=\"wp-block-quote is-layout-flow wp-block-quote-is-layout-flow\">\n<p>\u201eDie Furcht des Herrn ist der Anfang der Erkenntnis\u201c (Spr 1,7).<\/p>\n<\/blockquote>\n\n\n\n<p>Aus theologischer Sicht ist dieser Vers entscheidend.<\/p>\n\n\n\n<h3 class=\"wp-block-heading\">Was bedeutet \u201eFurcht des Herrn\u201c?<\/h3>\n\n\n\n<p>Es ist keine knechtische Angst. Es ist kein psychologischer Schrecken. Es ist Ehrfurcht, Anerkennung, Anbetung. Es bedeutet zu wissen, wer Gott ist \u2026 und wer ich bin.<\/p>\n\n\n\n<p>In einer Welt, die st\u00e4ndig wiederholt: \u201eDu bist das Zentrum\u201c, sagt uns das Buch der Spr\u00fcche: <strong>Gott ist das Zentrum.<\/strong><\/p>\n\n\n\n<p>Weisheit beginnt nicht mit Selbstwertgef\u00fchl, sondern mit Anbetung.<br>Sie beginnt nicht mit \u201eIch f\u00fchle\u201c, sondern mit \u201eGott sagt\u201c.<\/p>\n\n\n\n<p>Theologisch ist das grundlegend: Biblische Weisheit ist nicht blo\u00df menschliche Intelligenz; sie ist eine Tugend, die aus der Beziehung zu Gott hervorgeht.<\/p>\n\n\n\n<hr class=\"wp-block-separator has-alpha-channel-opacity\"\/>\n\n\n\n<h2 class=\"wp-block-heading\">3. Die Weisheit als Person: eine Vorbereitung auf Christus<\/h2>\n\n\n\n<p>Einer der tiefsten Aspekte des Buches der Spr\u00fcche ist die Personifizierung der Weisheit.<\/p>\n\n\n\n<p>In Kapitel 8 lesen wir:<\/p>\n\n\n\n<blockquote class=\"wp-block-quote is-layout-flow wp-block-quote-is-layout-flow\">\n<p>\u201eDer Herr hat mich geschaffen am Anfang seines Weges,<br>vor seinen Werken in der Urzeit \u2026\u201c (Spr 8,22)<\/p>\n<\/blockquote>\n\n\n\n<p>Die Weisheit spricht, als w\u00e4re sie jemand Wirkliches, vor der Sch\u00f6pfung vorhanden, an Gottes Seite.<\/p>\n\n\n\n<p>Die christliche Tradition hat in diesen Texten eine Vorausdeutung des ewigen Wortes, des Logos, gesehen, der sich in <strong>Jesus Christus<\/strong> verk\u00f6rpern w\u00fcrde.<\/p>\n\n\n\n<p>Was in den Spr\u00fcchen personifizierte Weisheit ist, wird im Neuen Testament Christus selbst:<\/p>\n\n\n\n<blockquote class=\"wp-block-quote is-layout-flow wp-block-quote-is-layout-flow\">\n<p>\u201eChristus, Gottes Kraft und Gottes Weisheit\u201c (1 Kor 1,24).<\/p>\n<\/blockquote>\n\n\n\n<p>Aus christologischer Sicht sind die Spr\u00fcche nicht nur ein Buch moralischer Ratschl\u00e4ge, sondern eine verh\u00fcllte Ank\u00fcndigung Christi, der fleischgewordenen Weisheit.<\/p>\n\n\n\n<hr class=\"wp-block-separator has-alpha-channel-opacity\"\/>\n\n\n\n<h2 class=\"wp-block-heading\">4. Die P\u00e4dagogik des Vaters: ein bleibender pastoraler Leitfaden<\/h2>\n\n\n\n<p>Ein gro\u00dfer Teil des Buches nimmt die Form einer Unterweisung eines Vaters an seinen Sohn an:<\/p>\n\n\n\n<blockquote class=\"wp-block-quote is-layout-flow wp-block-quote-is-layout-flow\">\n<p>\u201eH\u00f6re, mein Sohn, auf die Zucht deines Vaters<br>und verwirf nicht die Weisung deiner Mutter\u201c (Spr 1,8).<\/p>\n<\/blockquote>\n\n\n\n<p>Dieser Ton ist kein Zufall. Weisheit wird in Beziehung weitergegeben. Es geht nicht nur um Information, sondern um Formung.<\/p>\n\n\n\n<p>In einer Zeit, in der die Vaterfigur kulturell geschw\u00e4cht ist, erinnert uns das Buch der Spr\u00fcche an etwas Wesentliches: Moralische Erziehung ist eine heilige Aufgabe.<\/p>\n\n\n\n<h3 class=\"wp-block-heading\">Aktuelle pastorale Anwendung:<\/h3>\n\n\n\n<ul class=\"wp-block-list\">\n<li>V\u00e4ter: Eure Aufgabe besteht nicht nur darin, zu ern\u00e4hren und zu kleiden; sie besteht darin, die Seele zu formen.<\/li>\n\n\n\n<li>Priester und Katecheten: Ihr seid geistliche V\u00e4ter.<\/li>\n\n\n\n<li>Jeder Christ: tr\u00e4gt Verantwortung, Weisheit an die n\u00e4chste Generation weiterzugeben.<\/li>\n<\/ul>\n\n\n\n<p>Weisheit wird nicht improvisiert; sie wird ererbt und gepflegt.<\/p>\n\n\n\n<hr class=\"wp-block-separator has-alpha-channel-opacity\"\/>\n\n\n\n<h2 class=\"wp-block-heading\">5. Spr\u00fcche und das Alltagsleben: Gott ist auch im Konkreten<\/h2>\n\n\n\n<p>Eine der gro\u00dfen St\u00e4rken des Buches der Spr\u00fcche ist, dass es Theologie auf den Boden des Alltags bringt.<\/p>\n\n\n\n<p>Es spricht \u00fcber:<\/p>\n\n\n\n<ul class=\"wp-block-list\">\n<li>Den Gebrauch der Zunge.<\/li>\n\n\n\n<li>Faulheit.<\/li>\n\n\n\n<li>Gerechtigkeit im Gesch\u00e4ftsleben.<\/li>\n\n\n\n<li>Eheliche Treue.<\/li>\n\n\n\n<li>Freundschaft.<\/li>\n\n\n\n<li>Disziplin.<\/li>\n\n\n\n<li>Umgang mit Besitz.<\/li>\n\n\n\n<li>Selbstbeherrschung.<\/li>\n<\/ul>\n\n\n\n<p>Nichts Menschliches ist ihm gleichg\u00fcltig.<\/p>\n\n\n\n<h3 class=\"wp-block-heading\">Die Zunge: Werkzeug des Lebens oder des Todes<\/h3>\n\n\n\n<blockquote class=\"wp-block-quote is-layout-flow wp-block-quote-is-layout-flow\">\n<p>\u201eTod und Leben stehen in der Gewalt der Zunge\u201c (Spr 18,21).<\/p>\n<\/blockquote>\n\n\n\n<p>Im Zeitalter sozialer Medien, impulsiver Kommentare und st\u00e4ndiger Urteile ist dieser Vers von ersch\u00fctternder Aktualit\u00e4t.<\/p>\n\n\n\n<p>Baue ich auf oder zerst\u00f6re ich mit meinen Worten?<br>Verbreite ich Wahrheit oder Klatsch?<br>Bin ich Werkzeug des Friedens oder der Spaltung?<\/p>\n\n\n\n<p>Pastoral gesehen ist dieser Punkt entscheidend: Viele Seelen werden nicht durch spektakul\u00e4re sichtbare S\u00fcnden verwundet, sondern durch st\u00e4ndige Worte der Kritik, Ironie oder Verachtung.<\/p>\n\n\n\n<hr class=\"wp-block-separator has-alpha-channel-opacity\"\/>\n\n\n\n<h2 class=\"wp-block-heading\">6. Der Kampf gegen die Torheit: das gro\u00dfe geistliche Drama<\/h2>\n\n\n\n<p>Das Buch der Spr\u00fcche stellt st\u00e4ndig zwei Figuren gegen\u00fcber:<\/p>\n\n\n\n<ul class=\"wp-block-list\">\n<li>Den Weisen.<\/li>\n\n\n\n<li>Den Toren.<\/li>\n<\/ul>\n\n\n\n<p>Der Tor ist nicht der Unwissende. Er ist derjenige, der Zurechtweisung ablehnt.<\/p>\n\n\n\n<blockquote class=\"wp-block-quote is-layout-flow wp-block-quote-is-layout-flow\">\n<p>\u201eDie Toren verachten Weisheit und Zucht\u201c (Spr 1,7).<\/p>\n<\/blockquote>\n\n\n\n<p>Theologisch betrachtet ist Torheit eine Form geistlichen Hochmuts. Sie bedeutet, das Herz vor der Wahrheit zu verschlie\u00dfen.<\/p>\n\n\n\n<p>In unserem kulturellen Kontext, in dem alles relativiert wird und niemand korrigiert werden m\u00f6chte, ist diese Botschaft radikal.<\/p>\n\n\n\n<p>Der Weise:<\/p>\n\n\n\n<ul class=\"wp-block-list\">\n<li>H\u00f6rt zu.<\/li>\n\n\n\n<li>Lernt.<\/li>\n\n\n\n<li>L\u00e4sst sich korrigieren.<\/li>\n\n\n\n<li>Akzeptiert Grenzen.<\/li>\n<\/ul>\n\n\n\n<p>Der Tor:<\/p>\n\n\n\n<ul class=\"wp-block-list\">\n<li>Rechtfertigt sich.<\/li>\n\n\n\n<li>Spielt das Opfer.<\/li>\n\n\n\n<li>Beschuldigt andere.<\/li>\n\n\n\n<li>Lehnt jede Autorit\u00e4t ab.<\/li>\n<\/ul>\n\n\n\n<p>Die Spr\u00fcche laden uns zur Selbstpr\u00fcfung ein:<br>Bin ich belehrbar?<\/p>\n\n\n\n<hr class=\"wp-block-separator has-alpha-channel-opacity\"\/>\n\n\n\n<h2 class=\"wp-block-heading\">7. Die weise Frau und die t\u00f6richte Frau: eine Katechese \u00fcber Berufung<\/h2>\n\n\n\n<p>Das Buch endet mit dem ber\u00fchmten Lob der t\u00fcchtigen Frau (Spr 31,10\u201331):<\/p>\n\n\n\n<blockquote class=\"wp-block-quote is-layout-flow wp-block-quote-is-layout-flow\">\n<p>\u201eEine t\u00fcchtige Frau, wer findet sie? Sie ist weit mehr wert als Perlen.\u201c<\/p>\n<\/blockquote>\n\n\n\n<p>Dieser Text ist kein oberfl\u00e4chliches romantisches Gedicht. Er ist eine Theologie der weiblichen Berufung: flei\u00dfig, klug, gro\u00dfz\u00fcgig, gottesf\u00fcrchtig.<\/p>\n\n\n\n<p>Im Gegensatz dazu warnt er auch vor der t\u00f6richten Frau, die verf\u00fchrt und zerst\u00f6rt.<\/p>\n\n\n\n<p>Es handelt sich nicht um eine misogyne Karikatur, wie manche behaupten, sondern um eine moralische Katechese \u00fcber Treue und Verantwortung.<\/p>\n\n\n\n<p>Aktuelle Anwendung:<\/p>\n\n\n\n<ul class=\"wp-block-list\">\n<li>Die W\u00fcrde der Frau durch Tugend wiederentdecken, nicht durch Ideologie.<\/li>\n\n\n\n<li>Verstehen, dass Weisheit das Zuhause in ein Heiligtum verwandelt.<\/li>\n<\/ul>\n\n\n\n<hr class=\"wp-block-separator has-alpha-channel-opacity\"\/>\n\n\n\n<h2 class=\"wp-block-heading\">8. Die soziale Dimension der Weisheit<\/h2>\n\n\n\n<p>Die Spr\u00fcche bestehen auf Gerechtigkeit:<\/p>\n\n\n\n<blockquote class=\"wp-block-quote is-layout-flow wp-block-quote-is-layout-flow\">\n<p>\u201eWer den Armen bedr\u00fcckt, verh\u00f6hnt seinen Sch\u00f6pfer\u201c (Spr 14,31).<\/p>\n<\/blockquote>\n\n\n\n<p>Hier finden wir eine tiefe Sozialtheologie. Weisheit ist nicht individualistisch. Sie hat gemeinschaftliche Konsequenzen.<\/p>\n\n\n\n<ul class=\"wp-block-list\">\n<li>Ehrlichkeit in der Arbeit.<\/li>\n\n\n\n<li>Gerechtigkeit im Handel.<\/li>\n\n\n\n<li>Mitgef\u00fchl f\u00fcr Bed\u00fcrftige.<\/li>\n\n\n\n<li>Integrit\u00e4t in der F\u00fchrung.<\/li>\n<\/ul>\n\n\n\n<p>In deinem Gesch\u00e4ft, in deinem B\u00fcro, in deiner Familie \u2026 dort entscheidet sich die Weisheit.<\/p>\n\n\n\n<p>Heiligkeit ist nicht abstrakt. Sie ist konkrete Ethik.<\/p>\n\n\n\n<hr class=\"wp-block-separator has-alpha-channel-opacity\"\/>\n\n\n\n<h2 class=\"wp-block-heading\">9. Die Spr\u00fcche als geistlicher Leitfaden heute<\/h2>\n\n\n\n<p>Wie k\u00f6nnen wir dieses Buch im Alltag anwenden?<\/p>\n\n\n\n<h3 class=\"wp-block-heading\">1\ufe0f\u20e3 Ein Kapitel pro Tag lesen<\/h3>\n\n\n\n<p>Es hat 31 Kapitel. Eines f\u00fcr jeden Tag des Monats.<\/p>\n\n\n\n<h3 class=\"wp-block-heading\">2\ufe0f\u20e3 Einen Vers unterstreichen und dar\u00fcber meditieren<\/h3>\n\n\n\n<p>Nicht schnell lesen. Kauen und bedenken.<\/p>\n\n\n\n<h3 class=\"wp-block-heading\">3\ufe0f\u20e3 T\u00e4gliche Gewissenserforschung im Licht der Spr\u00fcche<\/h3>\n\n\n\n<p>Sich fragen:<\/p>\n\n\n\n<ul class=\"wp-block-list\">\n<li>War ich heute klug und besonnen?<\/li>\n\n\n\n<li>Habe ich mit Weisheit gesprochen?<\/li>\n\n\n\n<li>Habe ich gerecht gehandelt?<\/li>\n<\/ul>\n\n\n\n<h3 class=\"wp-block-heading\">4\ufe0f\u20e3 Um Weisheit als Gnade bitten<\/h3>\n\n\n\n<p>Es geht nicht nur um menschliche Anstrengung. Weisheit ist eine Gabe des Heiligen Geistes.<\/p>\n\n\n\n<hr class=\"wp-block-separator has-alpha-channel-opacity\"\/>\n\n\n\n<h2 class=\"wp-block-heading\">10. Die Spr\u00fcche und Heiligkeit in Zeiten der Verwirrung<\/h2>\n\n\n\n<p>Heute leiden wir unter:<\/p>\n\n\n\n<ul class=\"wp-block-list\">\n<li>Identit\u00e4tskrise.<\/li>\n\n\n\n<li>Moralischem Relativismus.<\/li>\n\n\n\n<li>Emotionaler Zerbrechlichkeit.<\/li>\n\n\n\n<li>Autorit\u00e4tsverlust.<\/li>\n\n\n\n<li>Geistlicher Oberfl\u00e4chlichkeit.<\/li>\n<\/ul>\n\n\n\n<p>Die Spr\u00fcche sind ein Gegenmittel.<\/p>\n\n\n\n<p>Sie erinnern uns daran:<\/p>\n\n\n\n<ul class=\"wp-block-list\">\n<li>Wahrheit existiert.<\/li>\n\n\n\n<li>Das Gute ist objektiv.<\/li>\n\n\n\n<li>Disziplin ist notwendig.<\/li>\n\n\n\n<li>Tugend ist m\u00f6glich.<\/li>\n\n\n\n<li>Gott lenkt die Geschichte.<\/li>\n<\/ul>\n\n\n\n<p>Und vor allem erinnern sie uns daran, dass das Leben Konsequenzen hat.<\/p>\n\n\n\n<hr class=\"wp-block-separator has-alpha-channel-opacity\"\/>\n\n\n\n<h2 class=\"wp-block-heading\">Schluss: Die Weisheit ruft dich<\/h2>\n\n\n\n<p>In Kapitel 9 ruft die Weisheit auf den Stra\u00dfen:<\/p>\n\n\n\n<blockquote class=\"wp-block-quote is-layout-flow wp-block-quote-is-layout-flow\">\n<p>\u201eKommt, esst von meinem Brot und trinkt von dem Wein, den ich gemischt habe.\u201c<\/p>\n<\/blockquote>\n\n\n\n<p>Das ist nicht nur Literatur. Es ist eine Einladung.<\/p>\n\n\n\n<p>In christlicher Lesart findet diese Einladung ihre Erf\u00fcllung in Christus, der ewigen Weisheit, der uns das Brot des Lebens schenkt.<\/p>\n\n\n\n<p>Die Spr\u00fcche sind kein altes Buch f\u00fcr staubige Regale. Sie sind ein Handbuch f\u00fcr geistliches \u00dcberleben im 21. Jahrhundert.<\/p>\n\n\n\n<p>Sie versprechen keinen weltlichen Erfolg.<br>Sie garantieren keinen Applaus.<br>Aber sie bieten etwas weit Gr\u00f6\u00dferes:<\/p>\n\n\n\n<p>Ein Leben, geordnet nach Gott.<br>Ein reines Gewissen.<br>Ein kluges Herz.<br>Und einen Weg, der zur Ewigkeit f\u00fchrt.<\/p>\n\n\n\n<p>Denn am Ende ist wahre Weisheit nicht, viel zu wissen.<\/p>\n\n\n\n<p>Sondern gut zu leben.<\/p>\n\n\n\n<p>Und gut zu leben \u2026 hei\u00dft, in Gott zu leben.<\/p>\n","protected":false},"excerpt":{"rendered":"<p>Wir leben im Zeitalter der Information \u2026 aber nicht unbedingt im Zeitalter der Weisheit. Noch nie hatten wir so viele Daten, so viele Meinungen, so viele \u201eExperten\u201c, und doch waren moralische Verwirrung, emotionale Zerbrechlichkeit und geistliche Orientierungslosigkeit nie so offensichtlich wie heute. Mitten in diesem ohrenbet\u00e4ubenden L\u00e4rm gibt es ein altes, kurzes, direktes und erstaunlich &hellip;<\/p>\n","protected":false},"author":3,"featured_media":5109,"comment_status":"closed","ping_status":"closed","sticky":false,"template":"","format":"standard","meta":{"_seopress_robots_primary_cat":"","_seopress_titles_title":"","_seopress_titles_desc":"","_seopress_robots_index":"","footnotes":""},"categories":[45,37],"tags":[1858],"class_list":["post-5108","post","type-post","status-publish","format-standard","has-post-thumbnail","","category-heilige-schrift","category-lehre-und-glaube","tag-sprueche"],"_links":{"self":[{"href":"https:\/\/catholicus.eu\/de\/wp-json\/wp\/v2\/posts\/5108","targetHints":{"allow":["GET"]}}],"collection":[{"href":"https:\/\/catholicus.eu\/de\/wp-json\/wp\/v2\/posts"}],"about":[{"href":"https:\/\/catholicus.eu\/de\/wp-json\/wp\/v2\/types\/post"}],"author":[{"embeddable":true,"href":"https:\/\/catholicus.eu\/de\/wp-json\/wp\/v2\/users\/3"}],"replies":[{"embeddable":true,"href":"https:\/\/catholicus.eu\/de\/wp-json\/wp\/v2\/comments?post=5108"}],"version-history":[{"count":1,"href":"https:\/\/catholicus.eu\/de\/wp-json\/wp\/v2\/posts\/5108\/revisions"}],"predecessor-version":[{"id":5110,"href":"https:\/\/catholicus.eu\/de\/wp-json\/wp\/v2\/posts\/5108\/revisions\/5110"}],"wp:featuredmedia":[{"embeddable":true,"href":"https:\/\/catholicus.eu\/de\/wp-json\/wp\/v2\/media\/5109"}],"wp:attachment":[{"href":"https:\/\/catholicus.eu\/de\/wp-json\/wp\/v2\/media?parent=5108"}],"wp:term":[{"taxonomy":"category","embeddable":true,"href":"https:\/\/catholicus.eu\/de\/wp-json\/wp\/v2\/categories?post=5108"},{"taxonomy":"post_tag","embeddable":true,"href":"https:\/\/catholicus.eu\/de\/wp-json\/wp\/v2\/tags?post=5108"}],"curies":[{"name":"wp","href":"https:\/\/api.w.org\/{rel}","templated":true}]}}