{"id":5105,"date":"2026-03-01T23:38:42","date_gmt":"2026-03-01T22:38:42","guid":{"rendered":"https:\/\/catholicus.eu\/de\/?p=5105"},"modified":"2026-03-01T23:38:42","modified_gmt":"2026-03-01T22:38:42","slug":"kohelet-der-schrei-der-die-leere-der-welt-entlarvt-und-dich-lehrt-fuer-die-ewigkeit-zu-leben","status":"publish","type":"post","link":"https:\/\/catholicus.eu\/de\/kohelet-der-schrei-der-die-leere-der-welt-entlarvt-und-dich-lehrt-fuer-die-ewigkeit-zu-leben\/","title":{"rendered":"Kohelet: Der Schrei, der die Leere der Welt entlarvt und dich lehrt, f\u00fcr die Ewigkeit zu leben"},"content":{"rendered":"\n<p>Wir leben im Zeitalter des st\u00e4ndigen L\u00e4rms, des sofortigen Erfolgs und der permanenten Selbstbest\u00e4tigung. Man hat uns versprochen, dass wir Erf\u00fcllung finden, wenn wir Ziele erreichen, Erfahrungen anh\u00e4ufen und uns immer wieder neu erfinden. Und doch hallt tief im menschlichen Herzen weiterhin eine unbequeme Frage nach:<\/p>\n\n\n\n<p><strong>Was, wenn all das nicht gen\u00fcgt?<\/strong><\/p>\n\n\n\n<p>Vor mehr als zweitausend Jahren stellte ein kurzes, verst\u00f6rendes und zugleich zutiefst aktuelles Buch eine radikale Diagnose der menschlichen Existenz. Dieses Buch ist das <strong>Kohelet<\/strong>, auch bekannt als <em>Der Prediger<\/em>.<\/p>\n\n\n\n<p>Weit davon entfernt, ein pessimistischer Text zu sein, ist es ein Werk von ersch\u00fctternder geistlicher Klarheit. Es ist das Buch, das auszusprechen wagt, was wir alle f\u00fchlen, aber nur wenige zugeben: Ohne Gott wird alles leer.<\/p>\n\n\n\n<p>Heute wollen wir es gr\u00fcndlich durchgehen: seine Geschichte, seine Theologie, seine pastorale Botschaft und vor allem, wie es zu einem konkreten Leitfaden f\u00fcr dein t\u00e4gliches Leben werden kann.<\/p>\n\n\n\n<hr class=\"wp-block-separator has-alpha-channel-opacity\"\/>\n\n\n\n<h2 class=\"wp-block-heading\">1. Wer schrieb Kohelet? Historischer und literarischer Kontext<\/h2>\n\n\n\n<p>Traditionell haben j\u00fcdische und christliche \u00dcberlieferung das Buch K\u00f6nig <strong>Salomo<\/strong>, dem Sohn von <strong>David<\/strong>, zugeschrieben, der f\u00fcr seine unvergleichliche Weisheit ber\u00fchmt war (vgl. 1 K\u00f6n 3,12). Der Autor stellt sich als \u201eSohn Davids, K\u00f6nig in Jerusalem\u201c (Koh 1,1) vor, was diese symbolische Identifikation st\u00fctzt.<\/p>\n\n\n\n<p>Viele zeitgen\u00f6ssische Gelehrte meinen, es sei m\u00f6glicherweise Jahrhunderte sp\u00e4ter, in der persischen oder hellenistischen Zeit, verfasst worden und habe die Gestalt Salomos als literarischen Rahmen gew\u00e4hlt. Aus traditionell-theologischer Sicht jedoch unterstreicht die salomonische Zuschreibung eine zentrale Botschaft:<\/p>\n\n\n\n<blockquote class=\"wp-block-quote is-layout-flow wp-block-quote-is-layout-flow\">\n<p>Der Mann, der alles besa\u00df \u2013 Reichtum, Vergn\u00fcgen, Weisheit, Macht \u2013 erkl\u00e4rt, dass nichts davon das menschliche Herz erf\u00fcllen kann.<\/p>\n<\/blockquote>\n\n\n\n<p>Kohelet geh\u00f6rt zu den Weisheitsb\u00fcchern des Alten Testaments, neben den Sprichw\u00f6rtern und dem Buch Hiob. Es ist weder Geschichtsschreibung noch Gesetz noch Prophezeiung im strengen Sinn. Es ist existentielle Reflexion. Es ist Philosophie unter g\u00f6ttlicher Inspiration.<\/p>\n\n\n\n<hr class=\"wp-block-separator has-alpha-channel-opacity\"\/>\n\n\n\n<h2 class=\"wp-block-heading\">2. \u201eWindhauch der Windhauche\u201c: Pessimismus oder geistlicher Realismus?<\/h2>\n\n\n\n<p>Der bekannteste Satz des Buches er\u00f6ffnet und pr\u00e4gt das gesamte Werk:<\/p>\n\n\n\n<blockquote class=\"wp-block-quote is-layout-flow wp-block-quote-is-layout-flow\">\n<p>\u201eWindhauch der Windhauche, spricht Kohelet, Windhauch der Windhauche! Alles ist Windhauch.\u201c (Koh 1,2)<\/p>\n<\/blockquote>\n\n\n\n<p>Das hebr\u00e4ische Wort <em>hebel<\/em> bedeutet w\u00f6rtlich \u201eDunst\u201c, \u201eAtem\u201c, \u201eRauch\u201c. Es bezeichnet weniger etwas \u201eS\u00fcndhaftes\u201c als vielmehr etwas Fl\u00fcchtiges, Unbest\u00e4ndiges, nicht Greifbares.<\/p>\n\n\n\n<p>Die Botschaft lautet nicht, dass die Sch\u00f6pfung b\u00f6se sei. Sondern dass sie verg\u00e4nglich ist.<\/p>\n\n\n\n<p>Nicht, dass Arbeit nutzlos sei. Sondern dass sie nicht absolut ist.<\/p>\n\n\n\n<p>Nicht, dass Freude an sich unerlaubt sei. Sondern dass sie nicht retten kann.<\/p>\n\n\n\n<p>Kohelet ist nicht nihilistisch. Es ist zutiefst theologisch. Es zwingt uns, zu unterscheiden zwischen:<\/p>\n\n\n\n<ul class=\"wp-block-list\">\n<li>Relativem und Absolutem<\/li>\n\n\n\n<li>Zeitlichem und Ewigem<\/li>\n\n\n\n<li>Geschaffenem und dem Sch\u00f6pfer<\/li>\n<\/ul>\n\n\n\n<p>Und genau hier beginnt seine geistliche Kraft.<\/p>\n\n\n\n<hr class=\"wp-block-separator has-alpha-channel-opacity\"\/>\n\n\n\n<h2 class=\"wp-block-heading\">3. Das Drama des modernen Menschen\u2026 stand bereits geschrieben<\/h2>\n\n\n\n<p>Wenn wir aufmerksam lesen, entdecken wir, dass Kohelet die heutige Welt erstaunlich genau beschreibt:<\/p>\n\n\n\n<h3 class=\"wp-block-heading\">\u2714 Die Besessenheit von Leistung<\/h3>\n\n\n\n<p>\u201eWelchen Gewinn hat der Mensch von all seiner M\u00fche, mit der er sich abm\u00fcht unter der Sonne?\u201c (Koh 1,3)<\/p>\n\n\n\n<p>Heute messen wir unseren Wert an Produktivit\u00e4t, Erfolg und Anerkennung. Doch Kohelet erinnert uns daran, dass all das mit dem Tod endet.<\/p>\n\n\n\n<h3 class=\"wp-block-heading\">\u2714 Die Anh\u00e4ufung von G\u00fctern<\/h3>\n\n\n\n<p>Der Prediger spricht von Pal\u00e4sten, G\u00e4rten, Sch\u00e4tzen, Dienern\u2026 und kommt zu dem Schluss, dass alles \u201eHaschen nach Wind\u201c ist (Koh 2,11).<\/p>\n\n\n\n<p>Ist das nicht genau das, was wir in einer Kultur des dauernden Konsums erleben?<\/p>\n\n\n\n<h3 class=\"wp-block-heading\">\u2714 Vergn\u00fcgen als Erl\u00f6sung<\/h3>\n\n\n\n<p>Er kostete Wein, Musik, Frauen, Unterhaltung\u2026 und bekennt dennoch, dass das Herz unbefriedigt bleibt.<\/p>\n\n\n\n<p>Die Botschaft ist brutal aktuell:<br>Nichts Geschaffenes kann den Platz Gottes einnehmen.<\/p>\n\n\n\n<hr class=\"wp-block-separator has-alpha-channel-opacity\"\/>\n\n\n\n<h2 class=\"wp-block-heading\">4. Die gro\u00dfe theologische Lehre: Gott ist das Zentrum<\/h2>\n\n\n\n<p>Auch wenn das Buch d\u00fcster erscheinen mag, gipfelt es in einer leuchtenden Aussage:<\/p>\n\n\n\n<blockquote class=\"wp-block-quote is-layout-flow wp-block-quote-is-layout-flow\">\n<p>\u201eF\u00fcrchte Gott und halte seine Gebote; denn das ist der ganze Mensch.\u201c (Koh 12,13)<\/p>\n<\/blockquote>\n\n\n\n<p>Hier liegt das theologische Herz Kohelets.<\/p>\n\n\n\n<p>Der Mensch wurde f\u00fcr Gott geschaffen. Wenn er seinen Sinn au\u00dferhalb von Ihm sucht, zerf\u00e4llt alles.<\/p>\n\n\n\n<p>Kohelet verachtet die Welt nicht; es weist ihr ihren rechten Platz zu.<\/p>\n\n\n\n<p>Es beseitigt die Freude nicht; es reinigt sie.<\/p>\n\n\n\n<p>Das Buch lehrt uns drei grundlegende Wahrheiten:<\/p>\n\n\n\n<h3 class=\"wp-block-heading\">1\ufe0f\u20e3 Das Leben ist ein Geschenk<\/h3>\n\n\n\n<p>Jeder Augenblick, jede Mahlzeit, jede Beziehung ist Gabe Gottes (vgl. Koh 3,13).<\/p>\n\n\n\n<h3 class=\"wp-block-heading\">2\ufe0f\u20e3 Der Tod ist ein Lehrmeister<\/h3>\n\n\n\n<p>Nicht um uns niederzudr\u00fccken, sondern um uns innerlich zu ordnen.<\/p>\n\n\n\n<h3 class=\"wp-block-heading\">3\ufe0f\u20e3 Das Gericht existiert<\/h3>\n\n\n\n<p>Gott wird jedes Werk vor Gericht bringen (Koh 12,14). Das verleiht moralische Verantwortung und ewigen Sinn.<\/p>\n\n\n\n<hr class=\"wp-block-separator has-alpha-channel-opacity\"\/>\n\n\n\n<h2 class=\"wp-block-heading\">5. \u201eAlles hat seine Zeit\u201c: Vorsehung und g\u00f6ttliche Ordnung<\/h2>\n\n\n\n<p>Einer der sch\u00f6nsten Abschnitte der ganzen Schrift ist Koh 3,1\u20138:<\/p>\n\n\n\n<blockquote class=\"wp-block-quote is-layout-flow wp-block-quote-is-layout-flow\">\n<p>\u201eAlles hat seine Zeit, und jedes Vorhaben unter dem Himmel hat seine Stunde:<br>eine Zeit zum Geb\u00e4ren und eine Zeit zum Sterben\u2026\u201c<\/p>\n<\/blockquote>\n\n\n\n<p>Dieser Text ist kein Fatalismus. Er ist eine Theologie der Vorsehung.<\/p>\n\n\n\n<p>Gott lenkt die Geschichte. Es gibt geistliche Jahreszeiten. Nicht alles h\u00e4ngt von unserer Kontrolle ab. In einer Kultur, die alles beherrschen will, l\u00e4dt Kohelet uns zum Vertrauen ein.<\/p>\n\n\n\n<hr class=\"wp-block-separator has-alpha-channel-opacity\"\/>\n\n\n\n<h2 class=\"wp-block-heading\">6. Praktische Anwendungen f\u00fcr dein t\u00e4gliches Leben<\/h2>\n\n\n\n<p>Hier wird das Buch pastoral und verwandelnd.<\/p>\n\n\n\n<h3 class=\"wp-block-heading\">\ud83d\udd39 1. Ordne deine Priorit\u00e4ten neu<\/h3>\n\n\n\n<p>Stelle dir ehrlich die Fragen:<\/p>\n\n\n\n<ul class=\"wp-block-list\">\n<li>Warum arbeite ich?<\/li>\n\n\n\n<li>Warum h\u00e4ufe ich an?<\/li>\n\n\n\n<li>Was suche ich wirklich?<\/li>\n<\/ul>\n\n\n\n<p>Kohelet zwingt dich, an die Wurzel zu gehen.<\/p>\n\n\n\n<h3 class=\"wp-block-heading\">\ud83d\udd39 2. Lebe mit Bewusstsein f\u00fcr die Ewigkeit<\/h3>\n\n\n\n<p>An den Tod zu denken ist nicht morbide; es ist christliche Weisheit. Die geistliche Tradition hat stets das <em>memento mori<\/em> empfohlen.<\/p>\n\n\n\n<p>Wenn du wei\u00dft, dass dein Leben hier nicht ewig ist, triffst du bessere Entscheidungen.<\/p>\n\n\n\n<h3 class=\"wp-block-heading\">\ud83d\udd39 3. Genie\u00dfe, ohne zu verg\u00f6tzen<\/h3>\n\n\n\n<p>Das Buch l\u00e4dt wiederholt dazu ein, Brot, Wein, Arbeit zu genie\u00dfen\u2026 aber als Gaben Gottes.<\/p>\n\n\n\n<p>Nicht als Absolute.<\/p>\n\n\n\n<p>Der Unterschied ist gewaltig.<\/p>\n\n\n\n<h3 class=\"wp-block-heading\">\ud83d\udd39 4. Lerne, Grenzen zu akzeptieren<\/h3>\n\n\n\n<p>Du wirst nicht alles verstehen. Nicht alles wird gel\u00f6st werden.<\/p>\n\n\n\n<p>Kohelet lehrt uns geistige und geistliche Demut.<\/p>\n\n\n\n<hr class=\"wp-block-separator has-alpha-channel-opacity\"\/>\n\n\n\n<h2 class=\"wp-block-heading\">7. Kohelet im Licht Christi gelesen<\/h2>\n\n\n\n<p>F\u00fcr den Christen findet Kohelet seine Erf\u00fcllung in <strong>Jesus Christus<\/strong>.<\/p>\n\n\n\n<p>Was Kohelet erahnt, offenbart Christus vollst\u00e4ndig:<\/p>\n\n\n\n<ul class=\"wp-block-list\">\n<li>Wenn alles Dunst ist, ist Christus der Fels.<\/li>\n\n\n\n<li>Wenn alles vergeht, ist Er ewig.<\/li>\n\n\n\n<li>Wenn die Welt nicht s\u00e4ttigt, ist Er das Brot des Lebens.<\/li>\n<\/ul>\n\n\n\n<p>Wo Kohelet die Leere aufzeigt, f\u00fcllt das Evangelium sie.<\/p>\n\n\n\n<p>Im Licht des katholischen Glaubens gelesen, f\u00fchrt dieses Buch daher nicht zur Verzweiflung, sondern zur Reinigung des Verlangens. Es entgiftet uns von der Welt, um uns f\u00fcr die Ewigkeit zu \u00f6ffnen.<\/p>\n\n\n\n<hr class=\"wp-block-separator has-alpha-channel-opacity\"\/>\n\n\n\n<h2 class=\"wp-block-heading\">8. Eine Spiritualit\u00e4t gegen die Oberfl\u00e4chlichkeit<\/h2>\n\n\n\n<p>In Zeiten st\u00e4ndiger Ablenkung ist Kohelet ein Heilmittel.<\/p>\n\n\n\n<p>Es lehrt uns:<\/p>\n\n\n\n<ul class=\"wp-block-list\">\n<li>Inneres Schweigen<\/li>\n\n\n\n<li>Geistlichen Realismus<\/li>\n\n\n\n<li>Losl\u00f6sung<\/li>\n\n\n\n<li>Gottesfurcht<\/li>\n<\/ul>\n\n\n\n<p>Es ist ein unbequemes Buch, weil es unsere Illusionen zerlegt. Aber es ist auch zutiefst befreiend.<\/p>\n\n\n\n<p>Wenn du akzeptierst, dass die Welt nicht dein letztes Ziel ist, h\u00f6rst du auf, von ihr zu verlangen, was sie dir nicht geben kann.<\/p>\n\n\n\n<p>Und dann kannst du beginnen, wirklich zu leben.<\/p>\n\n\n\n<hr class=\"wp-block-separator has-alpha-channel-opacity\"\/>\n\n\n\n<h2 class=\"wp-block-heading\">Schluss: Das Buch, das vor Selbstt\u00e4uschung rettet<\/h2>\n\n\n\n<p>Kohelet ist kein trauriges Buch. Es ist ein ehrliches Buch.<\/p>\n\n\n\n<p>Es ist die Stimme eines Menschen, der alle Wege gegangen ist, die die Welt anbietet, und mit einer klaren Schlussfolgerung zur\u00fcckkehrte: Ohne Gott verdampft alles.<\/p>\n\n\n\n<p>Mit Gott jedoch erh\u00e4lt selbst das Kleinste ewiges Gewicht.<\/p>\n\n\n\n<p>Heute, inmitten von Stress, Hypervernetzung und der rastlosen Suche nach Sinn, wird dieses biblische Buch zu einem unverzichtbaren geistlichen Leitfaden.<\/p>\n\n\n\n<p>Vielleicht ist die Frage nicht, ob Kohelet aktuell ist.<\/p>\n\n\n\n<p>Die Frage ist, ob wir bereit sind, auf das zu h\u00f6ren, was es sagt.<\/p>\n\n\n\n<p>Denn wenn wir es tun, werden wir entdecken, dass der wahre Sinn des Lebens nicht \u201eunter der Sonne\u201c zu finden ist\u2026<\/p>\n\n\n\n<p>sondern jenseits von ihr.<\/p>\n","protected":false},"excerpt":{"rendered":"<p>Wir leben im Zeitalter des st\u00e4ndigen L\u00e4rms, des sofortigen Erfolgs und der permanenten Selbstbest\u00e4tigung. Man hat uns versprochen, dass wir Erf\u00fcllung finden, wenn wir Ziele erreichen, Erfahrungen anh\u00e4ufen und uns immer wieder neu erfinden. Und doch hallt tief im menschlichen Herzen weiterhin eine unbequeme Frage nach: Was, wenn all das nicht gen\u00fcgt? Vor mehr als &hellip;<\/p>\n","protected":false},"author":3,"featured_media":5106,"comment_status":"closed","ping_status":"closed","sticky":false,"template":"","format":"standard","meta":{"_seopress_robots_primary_cat":"","_seopress_titles_title":"","_seopress_titles_desc":"","_seopress_robots_index":"","footnotes":""},"categories":[45,37],"tags":[1857],"class_list":["post-5105","post","type-post","status-publish","format-standard","has-post-thumbnail","","category-heilige-schrift","category-lehre-und-glaube","tag-kohelet"],"_links":{"self":[{"href":"https:\/\/catholicus.eu\/de\/wp-json\/wp\/v2\/posts\/5105","targetHints":{"allow":["GET"]}}],"collection":[{"href":"https:\/\/catholicus.eu\/de\/wp-json\/wp\/v2\/posts"}],"about":[{"href":"https:\/\/catholicus.eu\/de\/wp-json\/wp\/v2\/types\/post"}],"author":[{"embeddable":true,"href":"https:\/\/catholicus.eu\/de\/wp-json\/wp\/v2\/users\/3"}],"replies":[{"embeddable":true,"href":"https:\/\/catholicus.eu\/de\/wp-json\/wp\/v2\/comments?post=5105"}],"version-history":[{"count":1,"href":"https:\/\/catholicus.eu\/de\/wp-json\/wp\/v2\/posts\/5105\/revisions"}],"predecessor-version":[{"id":5107,"href":"https:\/\/catholicus.eu\/de\/wp-json\/wp\/v2\/posts\/5105\/revisions\/5107"}],"wp:featuredmedia":[{"embeddable":true,"href":"https:\/\/catholicus.eu\/de\/wp-json\/wp\/v2\/media\/5106"}],"wp:attachment":[{"href":"https:\/\/catholicus.eu\/de\/wp-json\/wp\/v2\/media?parent=5105"}],"wp:term":[{"taxonomy":"category","embeddable":true,"href":"https:\/\/catholicus.eu\/de\/wp-json\/wp\/v2\/categories?post=5105"},{"taxonomy":"post_tag","embeddable":true,"href":"https:\/\/catholicus.eu\/de\/wp-json\/wp\/v2\/tags?post=5105"}],"curies":[{"name":"wp","href":"https:\/\/api.w.org\/{rel}","templated":true}]}}