{"id":5071,"date":"2026-02-25T21:14:02","date_gmt":"2026-02-25T20:14:02","guid":{"rendered":"https:\/\/catholicus.eu\/de\/?p=5071"},"modified":"2026-02-25T21:14:03","modified_gmt":"2026-02-25T20:14:03","slug":"der-heilige-titus-brandsma-der-maertyrer-der-dem-nationalsozialismus-mit-der-kraft-des-karmel-trotzte","status":"publish","type":"post","link":"https:\/\/catholicus.eu\/de\/der-heilige-titus-brandsma-der-maertyrer-der-dem-nationalsozialismus-mit-der-kraft-des-karmel-trotzte\/","title":{"rendered":"Der heilige Titus Brandsma: Der M\u00e4rtyrer, der dem Nationalsozialismus mit der Kraft des Karmel trotzte"},"content":{"rendered":"\n<p>In einem Jahrhundert, das von totalit\u00e4ren Ideologien, Weltkriegen und einer tiefen geistlichen Krise gepr\u00e4gt war, hat Gott leuchtende Zeugen erweckt. Einer von ihnen war <strong>Heiliger Titus Brandsma<\/strong>, Karmelit, Journalist, Universit\u00e4tsprofessor und M\u00e4rtyrer des Nationalsozialismus. Sein Leben ist ein stiller Schrei, der die Zeiten durchdringt: Man kann dem B\u00f6sen ohne Hass widerstehen, man kann die Wahrheit ohne Gewalt verteidigen, man kann sterben und dabei vergeben.<\/p>\n\n\n\n<p>Heute, da die Wahrheit erneut manipuliert wird, die Religionsfreiheit infrage steht und viele Christen den Druck versp\u00fcren, ihren Glauben zu verschweigen, ist die Gestalt des heiligen Titus erstaunlich aktuell.<\/p>\n\n\n\n<p>Dieser Artikel ist nicht nur eine Biographie. Er ist eine Einladung. Ein geistlicher Leitfaden. Ein Aufruf zur Konsequenz.<\/p>\n\n\n\n<hr class=\"wp-block-separator has-alpha-channel-opacity\"\/>\n\n\n\n<h2 class=\"wp-block-heading\">1. Ein Sohn des Karmel in protestantischem Land<\/h2>\n\n\n\n<p>Titus Brandsma wurde 1881 in den Niederlanden in eine tief katholische Bauernfamilie hineingeboren, in einem \u00fcberwiegend protestantischen Umfeld. Von klein auf atmete er einen gelebten, konkreten, opferbereiten Glauben. Es war kein kultureller Glaube, sondern ein bewusster.<\/p>\n\n\n\n<p>Er trat in den Karmelitenorden ein und nahm den Namen Titus an. Der Karmel, Schule des Gebets und der Kontemplation, pr\u00e4gte seine Spiritualit\u00e4t f\u00fcr immer. Seine Liebe zu <strong>Heilige Teresa von \u00c1vila<\/strong> und <strong>Heiliger Johannes vom Kreuz<\/strong> war nicht blo\u00df akademisch. Er verstand, dass Mystik keine Weltflucht ist, sondern Tiefe; keine Flucht vor der Welt, sondern eine Wurzel, um sie zu verwandeln.<\/p>\n\n\n\n<p>Sp\u00e4ter wurde er Professor und Rektor an der Katholischen Universit\u00e4t Nijmegen. Ein brillanter Intellektueller, Historiker, Philosoph, Journalist. Doch vor allem: Priester.<\/p>\n\n\n\n<hr class=\"wp-block-separator has-alpha-channel-opacity\"\/>\n\n\n\n<h2 class=\"wp-block-heading\">2. Wenn Wahrheit einen Preis hat<\/h2>\n\n\n\n<p>In den 1930er Jahren breitete sich der Nationalsozialismus in Europa aus. 1940 wurden die Niederlande vom Deutschland **Adolf Hitler**s besetzt.<\/p>\n\n\n\n<p>Das Regime verlangte, dass katholische Zeitungen nationalsozialistische Propaganda ver\u00f6ffentlichten. Titus \u00fcbermittelte als kirchlicher Berater der katholischen Presse die klare Anweisung der Bisch\u00f6fe: <strong>nicht mit der L\u00fcge zusammenzuarbeiten<\/strong>.<\/p>\n\n\n\n<p>Er wusste, was er tat. Er kannte die Konsequenzen.<\/p>\n\n\n\n<p>1942 wurde er verhaftet. Verh\u00f6rt. Gedem\u00fctigt. In verschiedene Gef\u00e4ngnisse gebracht, bis er schlie\u00dflich im Konzentrationslager <strong>Dachau<\/strong> ankam.<\/p>\n\n\n\n<p>Dort, inmitten von K\u00e4lte, Hunger und Misshandlungen, h\u00f6rte er nicht auf, Priester zu sein. Er h\u00f6rte heimlich Beichte. Er ermutigte Mitgefangene. Er betete. Er tr\u00f6stete.<\/p>\n\n\n\n<p>Am 26. Juli 1942 wurde er durch eine t\u00f6dliche Injektion ermordet.<\/p>\n\n\n\n<p>Doch sein Tod war keine Niederlage. Er war Hingabe.<\/p>\n\n\n\n<hr class=\"wp-block-separator has-alpha-channel-opacity\"\/>\n\n\n\n<h2 class=\"wp-block-heading\">3. Die Theologie seines Martyriums: Wahrheit, Freiheit und Liebe<\/h2>\n\n\n\n<p>Das Martyrium des heiligen Titus war keine politische Reaktion. Es war eine theologische Konsequenz.<\/p>\n\n\n\n<h3 class=\"wp-block-heading\">a) Die Wahrheit ist nicht verhandelbar<\/h3>\n\n\n\n<p>Jesus sagt:<\/p>\n\n\n\n<blockquote class=\"wp-block-quote is-layout-flow wp-block-quote-is-layout-flow\">\n<p>\u201eDie Wahrheit wird euch frei machen\u201c (Joh 8,32).<\/p>\n<\/blockquote>\n\n\n\n<p>Der heilige Titus verstand, dass, wenn die Presse systematisch l\u00fcgt, die Seele eines Volkes verdorben wird. Die Wahrheit zu verteidigen war ein Akt der Liebe. Denn die L\u00fcge t\u00e4uscht nicht nur; sie versklavt.<\/p>\n\n\n\n<p>Heute, im Zeitalter der Post-Truth, der Fake News und der ideologischen Manipulation, fordert sein Zeugnis Journalisten, Kommunikatoren und auch jeden Christen heraus, der Inhalte ohne Unterscheidung weiterverbreitet.<\/p>\n\n\n\n<p>Die Wahrheit ist keine Meinung. Sie ist eine Person: Christus.<\/p>\n\n\n\n<h3 class=\"wp-block-heading\">b) Christliche Freiheit gegen\u00fcber dem Totalitarismus<\/h3>\n\n\n\n<p>Der Nationalsozialismus wollte nicht nur Gebiete beherrschen; er wollte Gewissen beherrschen. Das Christentum bekennt, dass das Gewissen Gott geh\u00f6rt.<\/p>\n\n\n\n<p>Der heilige Titus starb nicht f\u00fcr eine politische Ideologie, sondern f\u00fcr die innere Freiheit, die aus dem Evangelium entspringt.<\/p>\n\n\n\n<p>Der heilige Paulus dr\u00fcckt es so aus:<\/p>\n\n\n\n<blockquote class=\"wp-block-quote is-layout-flow wp-block-quote-is-layout-flow\">\n<p>\u201eZur Freiheit hat uns Christus befreit\u201c (Gal 5,1).<\/p>\n<\/blockquote>\n\n\n\n<p>Der moderne Totalitarismus tr\u00e4gt nicht immer Uniform. Manchmal zeigt er sich als politische Korrektheit, als kultureller Druck, als soziale Ausgrenzung. Doch das Prinzip ist dasselbe: die offenbarte Wahrheit zum Schweigen zu bringen.<\/p>\n\n\n\n<p>Der heilige Titus lehrt uns, dass ein Christ alles verlieren kann \u2026 au\u00dfer seiner inneren Freiheit.<\/p>\n\n\n\n<h3 class=\"wp-block-heading\">c) Heroische Liebe: Dem Henker vergeben<\/h3>\n\n\n\n<p>Eine der bewegendsten Episoden seines Lebens ereignete sich in Dachau. Die Krankenschwester, die ihm die t\u00f6dliche Injektion verabreichte, sagte sp\u00e4ter aus, Titus habe ihr seinen Rosenkranz geschenkt und gesagt:<\/p>\n\n\n\n<p>\u201eBeten Sie f\u00fcr mich.\u201c<\/p>\n\n\n\n<p>Sie war nicht katholisch. Jahre sp\u00e4ter trug ihr Zeugnis zu seinem Seligsprechungsprozess bei.<\/p>\n\n\n\n<p>Hier liegt das Herz des Christentums. Es ist kein Widerstand mit Hass. Es ist Widerstand mit Liebe.<\/p>\n\n\n\n<p>Jesus sagte:<\/p>\n\n\n\n<blockquote class=\"wp-block-quote is-layout-flow wp-block-quote-is-layout-flow\">\n<p>\u201eLiebt eure Feinde\u201c (Mt 5,44).<\/p>\n<\/blockquote>\n\n\n\n<p>Der heilige Titus hat es nicht nur gepredigt. Er hat es gelebt.<\/p>\n\n\n\n<hr class=\"wp-block-separator has-alpha-channel-opacity\"\/>\n\n\n\n<h2 class=\"wp-block-heading\">4. Der Karmel im Konzentrationslager<\/h2>\n\n\n\n<p>Am beeindruckendsten an seiner Gestalt ist, dass er nie aufh\u00f6rte, kontemplativ zu sein.<\/p>\n\n\n\n<p>Die karmelitische Spiritualit\u00e4t lehrt, dass die Seele mitten im Leiden in Vereinigung mit Gott leben kann. Wie <strong>Heilige Th\u00e9r\u00e8se von Lisieux<\/strong> verstand er, dass Heiligkeit sich im Kleinen, im Allt\u00e4glichen, im Verborgenen entscheidet.<\/p>\n\n\n\n<p>In Dachau schrieb er:<\/p>\n\n\n\n<p>\u201eIch f\u00fchle mich gl\u00fccklich und im Frieden.\u201c<\/p>\n\n\n\n<p>Wie ist das m\u00f6glich? Weil seine Identit\u00e4t nicht von \u00e4u\u00dferen Umst\u00e4nden abhing, sondern von seiner Vereinigung mit dem gekreuzigten Christus.<\/p>\n\n\n\n<p>Hier liegt eine entscheidende Lehre f\u00fcr unsere Zeit:<br>Der Christ, der kein inneres Leben pflegt, wird von jedem ideologischen Wind fortgerissen.<\/p>\n\n\n\n<hr class=\"wp-block-separator has-alpha-channel-opacity\"\/>\n\n\n\n<h2 class=\"wp-block-heading\">5. Aktuelle Bedeutung: Was sagt uns der heilige Titus Brandsma heute?<\/h2>\n\n\n\n<p>Wir leben in einer Zeit, in der:<\/p>\n\n\n\n<ul class=\"wp-block-list\">\n<li>der Glaube verspottet wird,<\/li>\n\n\n\n<li>Christen unter Druck gesetzt werden, ihre \u00dcberzeugungen zu verschweigen,<\/li>\n\n\n\n<li>die Wahrheit relativiert wird,<\/li>\n\n\n\n<li>Informationen manipuliert werden.<\/li>\n<\/ul>\n\n\n\n<p>Der heilige Titus bietet uns drei konkrete Wege:<\/p>\n\n\n\n<h3 class=\"wp-block-heading\">1. Solide Bildung<\/h3>\n\n\n\n<p>Er war ein ernsthafter Intellektueller. Er improvisierte nicht. Heute braucht der Katholik eine tiefe Glaubensunterweisung, um nicht verwirrt zu werden.<\/p>\n\n\n\n<p>Es gen\u00fcgt nicht, den Glauben zu \u201ef\u00fchlen\u201c. Man muss ihn kennen.<\/p>\n\n\n\n<h3 class=\"wp-block-heading\">2. \u00d6ffentliche Konsequenz<\/h3>\n\n\n\n<p>Er trennte Glauben und Leben nicht. Er sagte nicht: \u201eMeine Spiritualit\u00e4t ist privat.\u201c Er verstand, dass das Evangelium gesellschaftliche Konsequenzen hat.<\/p>\n\n\n\n<p>Sie, an Ihrem Arbeitsplatz, in Ihrem Unternehmen, in Ihrem Umfeld (besonders wenn Sie Verantwortung f\u00fcr andere tragen), k\u00f6nnen ein Klima der Wahrheit und der menschlichen W\u00fcrde schaffen.<\/p>\n\n\n\n<p>Heiligkeit wird auch im Management gelebt, in Gerechtigkeit am Arbeitsplatz, im Respekt, in gesch\u00e4ftlicher Ehrlichkeit.<\/p>\n\n\n\n<h3 class=\"wp-block-heading\">3. Tiefes inneres Leben<\/h3>\n\n\n\n<p>Ohne Gebet gibt es keinen Widerstand. Ohne die Sakramente gibt es keine Ausdauer.<\/p>\n\n\n\n<p>Der heilige Titus widerstand, weil er betete.<\/p>\n\n\n\n<hr class=\"wp-block-separator has-alpha-channel-opacity\"\/>\n\n\n\n<h2 class=\"wp-block-heading\">6. Ein pastoraler Leitfaden zur Anwendung seines Beispiels heute<\/h2>\n\n\n\n<p>Hier ein konkreter Vorschlag, inspiriert von seinem Leben:<\/p>\n\n\n\n<h3 class=\"wp-block-heading\">\ud83d\udd4a \u00dcben Sie Informations-Unterscheidung<\/h3>\n\n\n\n<p>Bevor Sie eine Nachricht weitergeben, fragen Sie sich:<\/p>\n\n\n\n<ul class=\"wp-block-list\">\n<li>Ist sie wahr?<\/li>\n\n\n\n<li>Baut sie auf?<\/li>\n\n\n\n<li>Achtet sie die menschliche W\u00fcrde?<\/li>\n<\/ul>\n\n\n\n<h3 class=\"wp-block-heading\">\ud83d\udcd6 Vertiefen Sie sich in die Lehre<\/h3>\n\n\n\n<p>Nehmen Sie sich w\u00f6chentlich Zeit, den Katechismus oder karmelitische geistliche Texte zu lesen.<\/p>\n\n\n\n<h3 class=\"wp-block-heading\">\ud83d\ude4f St\u00e4rken Sie Ihr Gebetsleben<\/h3>\n\n\n\n<p>F\u00fcnfzehn Minuten t\u00e4gliche Stille k\u00f6nnen Ihre innere Stabilit\u00e4t verwandeln.<\/p>\n\n\n\n<h3 class=\"wp-block-heading\">\u271d Lernen Sie christlich zu leiden<\/h3>\n\n\n\n<p>Nicht jede Opposition ist Verfolgung, aber jede Schwierigkeit kann Gott dargebracht werden.<\/p>\n\n\n\n<h3 class=\"wp-block-heading\">\u2764\ufe0f Vergeben Sie aktiv<\/h3>\n\n\n\n<p>Der Christ siegt nicht, indem er niederdr\u00fcckt. Er siegt, indem er liebt.<\/p>\n\n\n\n<hr class=\"wp-block-separator has-alpha-channel-opacity\"\/>\n\n\n\n<h2 class=\"wp-block-heading\">7. Heiligsprechung und Verm\u00e4chtnis<\/h2>\n\n\n\n<p>Der heilige Titus wurde 1985 von <strong>Papst Johannes Paul II.<\/strong> seliggesprochen und 2022 von <strong>Papst Franziskus<\/strong> heiliggesprochen.<\/p>\n\n\n\n<p>Seine Heiligsprechung ist kein politischer Akt. Sie ist eine prophetische Botschaft: Die Kirche erkennt als Vorbild denjenigen an, der die Wahrheit gegen\u00fcber dem modernen Totalitarismus verteidigt hat.<\/p>\n\n\n\n<p>Er war kein Aktivist. Er war ein engagierter Kontemplativer.<\/p>\n\n\n\n<hr class=\"wp-block-separator has-alpha-channel-opacity\"\/>\n\n\n\n<h1 class=\"wp-block-heading\">Schluss: Werden wir bequeme Christen oder mutige Zeugen sein?<\/h1>\n\n\n\n<p>Der heilige Titus Brandsma stellt uns eine unbequeme Frage:<\/p>\n\n\n\n<p>Schweigen wir, um Probleme zu vermeiden?<br>Verhandeln wir die Wahrheit, um unseren Komfort zu bewahren?<br>Trennen wir aus Angst Glauben und Leben?<\/p>\n\n\n\n<p>Die Welt braucht keine aggressiven Christen.<br>Sie braucht konsequente Christen.<br>Standhaft. Gelassen. Betend.<\/p>\n\n\n\n<p>Das Martyrium wird nicht immer blutig sein.<br>Manchmal wird es das der Reputation sein.<br>Des Spottes.<br>Der Ausgrenzung.<\/p>\n\n\n\n<p>Doch Christus sagt weiterhin:<\/p>\n\n\n\n<blockquote class=\"wp-block-quote is-layout-flow wp-block-quote-is-layout-flow\">\n<p>\u201eWenn das Weizenkorn nicht in die Erde f\u00e4llt und stirbt, bleibt es allein; wenn es aber stirbt, bringt es reiche Frucht\u201c (Joh 12,24).<\/p>\n<\/blockquote>\n\n\n\n<p>Der heilige Titus fiel in Dachau.<br>Und seine Frucht w\u00e4chst weiter.<\/p>\n\n\n\n<p>M\u00f6ge sein Beispiel uns helfen, einen tiefen, gebildeten und mutigen Glauben zu leben.<br>Einen Glauben, der nicht schreit, sich aber auch nicht versteckt.<br>Einen Glauben, der die Wahrheit mehr liebt als den Komfort.<\/p>\n\n\n\n<p>Denn am Ende rettet nur die Wahrheit.<br>Und nur die Liebe siegt.<\/p>\n","protected":false},"excerpt":{"rendered":"<p>In einem Jahrhundert, das von totalit\u00e4ren Ideologien, Weltkriegen und einer tiefen geistlichen Krise gepr\u00e4gt war, hat Gott leuchtende Zeugen erweckt. Einer von ihnen war Heiliger Titus Brandsma, Karmelit, Journalist, Universit\u00e4tsprofessor und M\u00e4rtyrer des Nationalsozialismus. Sein Leben ist ein stiller Schrei, der die Zeiten durchdringt: Man kann dem B\u00f6sen ohne Hass widerstehen, man kann die Wahrheit &hellip;<\/p>\n","protected":false},"author":3,"featured_media":5072,"comment_status":"closed","ping_status":"closed","sticky":false,"template":"","format":"standard","meta":{"_seopress_robots_primary_cat":"","_seopress_titles_title":"","_seopress_titles_desc":"","_seopress_robots_index":"","footnotes":""},"categories":[41,67],"tags":[1847],"class_list":["post-5071","post","type-post","status-publish","format-standard","has-post-thumbnail","","category-glaube-und-kultur","category-glaubenszeugnisse","tag-heilige-titus-brandsma"],"_links":{"self":[{"href":"https:\/\/catholicus.eu\/de\/wp-json\/wp\/v2\/posts\/5071","targetHints":{"allow":["GET"]}}],"collection":[{"href":"https:\/\/catholicus.eu\/de\/wp-json\/wp\/v2\/posts"}],"about":[{"href":"https:\/\/catholicus.eu\/de\/wp-json\/wp\/v2\/types\/post"}],"author":[{"embeddable":true,"href":"https:\/\/catholicus.eu\/de\/wp-json\/wp\/v2\/users\/3"}],"replies":[{"embeddable":true,"href":"https:\/\/catholicus.eu\/de\/wp-json\/wp\/v2\/comments?post=5071"}],"version-history":[{"count":1,"href":"https:\/\/catholicus.eu\/de\/wp-json\/wp\/v2\/posts\/5071\/revisions"}],"predecessor-version":[{"id":5073,"href":"https:\/\/catholicus.eu\/de\/wp-json\/wp\/v2\/posts\/5071\/revisions\/5073"}],"wp:featuredmedia":[{"embeddable":true,"href":"https:\/\/catholicus.eu\/de\/wp-json\/wp\/v2\/media\/5072"}],"wp:attachment":[{"href":"https:\/\/catholicus.eu\/de\/wp-json\/wp\/v2\/media?parent=5071"}],"wp:term":[{"taxonomy":"category","embeddable":true,"href":"https:\/\/catholicus.eu\/de\/wp-json\/wp\/v2\/categories?post=5071"},{"taxonomy":"post_tag","embeddable":true,"href":"https:\/\/catholicus.eu\/de\/wp-json\/wp\/v2\/tags?post=5071"}],"curies":[{"name":"wp","href":"https:\/\/api.w.org\/{rel}","templated":true}]}}