{"id":5062,"date":"2026-02-22T22:25:56","date_gmt":"2026-02-22T21:25:56","guid":{"rendered":"https:\/\/catholicus.eu\/de\/?p=5062"},"modified":"2026-02-22T22:26:00","modified_gmt":"2026-02-22T21:26:00","slug":"die-heilige-therese-von-lisieux-die-revolution-der-kleinheit-die-die-welt-veraenderte","status":"publish","type":"post","link":"https:\/\/catholicus.eu\/de\/die-heilige-therese-von-lisieux-die-revolution-der-kleinheit-die-die-welt-veraenderte\/","title":{"rendered":"Die heilige Th\u00e9r\u00e8se von Lisieux: Die Revolution der Kleinheit, die die Welt ver\u00e4nderte"},"content":{"rendered":"\n<p>In einer Zeit, die von Erfolg, Sichtbarkeit und Anerkennung besessen ist, erklingt das Leben der <strong>Heilige Th\u00e9r\u00e8se von Lisieux<\/strong> wie eine radikale und zutiefst aktuelle Herausforderung. Ohne vor Menschenmengen gepredigt zu haben, ohne Ordensgemeinschaften zu gr\u00fcnden, ohne zu Lebzeiten spektakul\u00e4re Wunder zu wirken, wurde diese junge franz\u00f6sische Karmelitin zur Kirchenlehrerin erhoben und geh\u00f6rt heute zu den einflussreichsten Heiligen der katholischen Kirche.<\/p>\n\n\n\n<p>Wie konnte eine Klausurnonne, die mit 24 Jahren in einem kleinen normannischen Kloster starb, zur Patronin der Missionen und zur universalen Lehrmeisterin der Spiritualit\u00e4t werden?<\/p>\n\n\n\n<p>Die Antwort liegt in ihrem \u201eKleinen Weg\u201c: einem Weg des Vertrauens, der Hingabe und der totalen Liebe zu Gott im Gew\u00f6hnlichen. Eine zutiefst theologische und pastorale Botschaft, die heute mehr denn je neu entdeckt werden muss.<\/p>\n\n\n\n<hr class=\"wp-block-separator has-alpha-channel-opacity\"\/>\n\n\n\n<h2 class=\"wp-block-heading\">I. Eine ausf\u00fchrliche Biographie: Ein kurzes Leben, ein gewaltiges Licht<\/h2>\n\n\n\n<h3 class=\"wp-block-heading\">1. Eine Kindheit gepr\u00e4gt von Gnade und Leid<\/h3>\n\n\n\n<p>Die heilige Th\u00e9r\u00e8se wurde am 2. Januar 1873 in Alen\u00e7on, Frankreich, als Marie-Fran\u00e7oise-Th\u00e9r\u00e8se Martin geboren. Ihre Eltern, <strong>Louis Martin<\/strong> und <strong>Z\u00e9lie Martin<\/strong>, heute heiliggesprochen, f\u00fchrten ein zutiefst christliches Familienleben, in dem der Glaube kein kulturelles Beiwerk, sondern das lebendige Zentrum des Alltags war.<\/p>\n\n\n\n<p>Th\u00e9r\u00e8se war das j\u00fcngste von neun Kindern; vier starben im S\u00e4uglingsalter. Von fr\u00fcher Kindheit an wuchs sie in einer Atmosph\u00e4re von Z\u00e4rtlichkeit, Gebet und Opferbereitschaft auf. Doch im Alter von vier Jahren erlitt sie eine entscheidende Verwundung: den Tod ihrer Mutter. Dieser Verlust pr\u00e4gte ihre seelische Empfindsamkeit tief.<\/p>\n\n\n\n<p>Nach dem Umzug der Familie nach Lisieux wurde Th\u00e9r\u00e8se von der liebevollen F\u00fcrsorge ihrer \u00e4lteren Schwestern umgeben, von denen mehrere ins Ordensleben eintraten.<\/p>\n\n\n\n<h3 class=\"wp-block-heading\">2. Eine fr\u00fche und k\u00fchne Berufung<\/h3>\n\n\n\n<p>Schon in jungen Jahren versp\u00fcrte Th\u00e9r\u00e8se den Ruf zum Karmel. Mit 15 Jahren \u2013 j\u00fcnger als erlaubt \u2013 bat sie um die Aufnahme in den Karmel von Lisieux. Als ihr Gesuch zun\u00e4chst abgelehnt wurde, tat sie etwas Au\u00dfergew\u00f6hnliches: W\u00e4hrend einer Pilgerreise nach Rom bat sie Papst <strong>Leo XIII<\/strong> pers\u00f6nlich um die Erlaubnis, ins Kloster eintreten zu d\u00fcrfen.<\/p>\n\n\n\n<p>Diese Geste war kein Akt der Rebellion, sondern Ausdruck einer brennenden und reifen Berufung. Schlie\u00dflich wurde sie 1888 in den Karmel aufgenommen.<\/p>\n\n\n\n<p>Dort lebte sie neun Jahre im Verborgenen \u2013 gepr\u00e4gt von Gebet, br\u00fcderlicher Gemeinschaft, kleinen t\u00e4glichen Dem\u00fctigungen, geistlicher Trockenheit und einem intensiven inneren Leben.<\/p>\n\n\n\n<h3 class=\"wp-block-heading\">3. Die Nacht des Glaubens und die totale Hingabe<\/h3>\n\n\n\n<p>1896 begann Th\u00e9r\u00e8se eine tiefe geistliche Pr\u00fcfung zu erleben: eine Nacht des Glaubens, die sie in innere Dunkelheit st\u00fcrzte. Sie sp\u00fcrte die Versuchung des Atheismus, die schmerzliche Erfahrung der scheinbaren Abwesenheit Gottes. Paradoxerweise vereinte sie diese Pr\u00fcfung tief mit den Zweifelnden.<\/p>\n\n\n\n<p>Anstatt von Angst \u00fcberw\u00e4ltigt zu werden, opferte sie ihr Leiden f\u00fcr die S\u00fcnder und f\u00fcr die Nichtglaubenden auf. Sie erkannte, dass ihre Sendung nicht darin bestand, gro\u00dfe Taten zu vollbringen, sondern in den kleinen Dingen intensiv zu lieben.<\/p>\n\n\n\n<p>Sie starb am 30. September 1897, von der Tuberkulose verzehrt, mit den letzten Worten: \u201eMein Gott, ich liebe Dich!\u201c<\/p>\n\n\n\n<hr class=\"wp-block-separator has-alpha-channel-opacity\"\/>\n\n\n\n<h2 class=\"wp-block-heading\">II. Das theologische Herz ihrer Botschaft: Der \u201eKleine Weg\u201c<\/h2>\n\n\n\n<p>Die Spiritualit\u00e4t der Th\u00e9r\u00e8se ist kein Sentimentalismus, sondern gelebte Theologie.<\/p>\n\n\n\n<p>Ihre Lehre ruht auf drei wesentlichen S\u00e4ulen:<\/p>\n\n\n\n<h3 class=\"wp-block-heading\">1. Geistliche Kindheit<\/h3>\n\n\n\n<p>Inspiriert vom Evangelium, besonders von den Worten Christi:<\/p>\n\n\n\n<blockquote class=\"wp-block-quote is-layout-flow wp-block-quote-is-layout-flow\">\n<p>\u201eWenn ihr nicht umkehrt und wie die Kinder werdet, werdet ihr nicht in das Himmelreich kommen\u201c (Mt 18,3).<\/p>\n<\/blockquote>\n\n\n\n<p>Th\u00e9r\u00e8se verstand, dass Heiligkeit nicht in sichtbaren heroischen Taten besteht, sondern im absoluten Vertrauen auf die g\u00f6ttliche Barmherzigkeit. Ein Kind beansprucht keine Verdienste; es \u00fcberl\u00e4sst sich.<\/p>\n\n\n\n<p>Theologisch dr\u00fcckt dies ein tiefes Verst\u00e4ndnis der Gnade aus. Das Heil ist nicht das Ergebnis selbstgen\u00fcgsamer menschlicher Anstrengung, sondern die liebende Initiative Gottes.<\/p>\n\n\n\n<h3 class=\"wp-block-heading\">2. Radikales Vertrauen in die Barmherzigkeit<\/h3>\n\n\n\n<p>In ihrem autobiographischen Werk <strong>Geschichte einer Seele<\/strong> schrieb Th\u00e9r\u00e8se:<\/p>\n\n\n\n<blockquote class=\"wp-block-quote is-layout-flow wp-block-quote-is-layout-flow\">\n<p>\u201eEs ist das Vertrauen und nichts als das Vertrauen, das uns zur Liebe f\u00fchren muss.\u201c<\/p>\n<\/blockquote>\n\n\n\n<p>Diese Aussage besitzt eine au\u00dfergew\u00f6hnliche lehrm\u00e4\u00dfige Tiefe. In gewisser Weise nimmt Th\u00e9r\u00e8se die sp\u00e4tere Betonung der Kirche auf die g\u00f6ttliche Barmherzigkeit vorweg. Ihre Theologie ist nicht voluntaristisch, sondern zutiefst christozentrisch.<\/p>\n\n\n\n<p>Sie verstand, dass Heiligkeit darin besteht, sich von Gott lieben zu lassen und mit Liebe zu antworten.<\/p>\n\n\n\n<h3 class=\"wp-block-heading\">3. Die Heiligung des Allt\u00e4glichen<\/h3>\n\n\n\n<p>In einer Welt, die das Au\u00dfergew\u00f6hnliche verg\u00f6ttert, entdeckte Th\u00e9r\u00e8se, dass jede kleine Handlung \u2013 ein L\u00e4cheln, wenn es schwerf\u00e4llt, geduldiges Zuh\u00f6ren, die treue Erf\u00fcllung der t\u00e4glichen Pflichten \u2013 zu einem Opfer werden kann.<\/p>\n\n\n\n<p>Dies ist tief verwurzelt in der Theologie vom Mystischen Leib Christi: Jede Tat im Stand der Gnade besitzt erl\u00f6senden Wert.<\/p>\n\n\n\n<p>Der heilige Paulus dr\u00fcckt es so aus:<\/p>\n\n\n\n<blockquote class=\"wp-block-quote is-layout-flow wp-block-quote-is-layout-flow\">\n<p>\u201eOb ihr also esst oder trinkt oder etwas anderes tut: Tut alles zur Verherrlichung Gottes\u201c (1 Kor 10,31).<\/p>\n<\/blockquote>\n\n\n\n<hr class=\"wp-block-separator has-alpha-channel-opacity\"\/>\n\n\n\n<h2 class=\"wp-block-heading\">III. Kirchenlehrerin: Die lehrm\u00e4\u00dfige Tiefe einer jungen Karmelitin<\/h2>\n\n\n\n<p>1997 erhob Papst <strong>Papst Johannes Paul II.<\/strong> sie zur Kirchenlehrerin. Warum?<\/p>\n\n\n\n<p>Weil ihre Lehre zentrale Fragen erhellt:<\/p>\n\n\n\n<ul class=\"wp-block-list\">\n<li>Das Verh\u00e4ltnis von Gnade und Freiheit.<\/li>\n\n\n\n<li>Die Theologie des Leidens.<\/li>\n\n\n\n<li>Die Universalit\u00e4t der Berufung zur Heiligkeit.<\/li>\n\n\n\n<li>Das kindliche Vertrauen als theologaler Weg.<\/li>\n<\/ul>\n\n\n\n<p>Th\u00e9r\u00e8se schrieb keine akademischen Abhandlungen, doch ihre Erfahrung bildet eine wahre existentielle Theologie. In ihr sind Kontemplation und Mission vereint.<\/p>\n\n\n\n<hr class=\"wp-block-separator has-alpha-channel-opacity\"\/>\n\n\n\n<h2 class=\"wp-block-heading\">IV. Die Aktualit\u00e4t ihrer Botschaft: Was sagt sie uns heute?<\/h2>\n\n\n\n<p>Wir leben in Zeiten, die gepr\u00e4gt sind von:<\/p>\n\n\n\n<ul class=\"wp-block-list\">\n<li>St\u00e4ndiger Angst.<\/li>\n\n\n\n<li>Sozialem Vergleich.<\/li>\n\n\n\n<li>Zwanghafter Suche nach Anerkennung.<\/li>\n\n\n\n<li>Glaubenskrise und S\u00e4kularisierung.<\/li>\n<\/ul>\n\n\n\n<p>Th\u00e9r\u00e8se antwortet mit einem revolution\u00e4ren Vorschlag:<\/p>\n\n\n\n<h3 class=\"wp-block-heading\">1. Gegen Perfektionismus: Hingabe<\/h3>\n\n\n\n<p>Du musst nicht vollkommen sein, damit Gott dich liebt. Gott liebt keine verbesserte Version von dir \u2013 er liebt dich jetzt.<\/p>\n\n\n\n<h3 class=\"wp-block-heading\">2. Gegen Verzweiflung: Vertrauen<\/h3>\n\n\n\n<p>In einer Kultur, die alles in Frage stellt, lehrt Th\u00e9r\u00e8se, auch dann zu vertrauen, wenn man nichts sp\u00fcrt.<\/p>\n\n\n\n<h3 class=\"wp-block-heading\">3. Gegen Individualismus: Sich f\u00fcr andere hingeben<\/h3>\n\n\n\n<p>Ihr Leben erinnert uns daran, dass niemand nur f\u00fcr sich selbst lebt. Leiden, das aus Liebe dargebracht wird, besitzt immense missionarische Kraft.<\/p>\n\n\n\n<hr class=\"wp-block-separator has-alpha-channel-opacity\"\/>\n\n\n\n<h2 class=\"wp-block-heading\">V. Praktische Anwendungen f\u00fcr den Alltag<\/h2>\n\n\n\n<p>Die Spiritualit\u00e4t der Th\u00e9r\u00e8se ist nicht nur kontemplativ, sondern zutiefst pastoral.<\/p>\n\n\n\n<h3 class=\"wp-block-heading\">1. Den \u201eKleinen Weg\u201c zu Hause leben<\/h3>\n\n\n\n<ul class=\"wp-block-list\">\n<li>Hausarbeiten bewusst aufopfern.<\/li>\n\n\n\n<li>L\u00e4cheln, wenn es schwerf\u00e4llt.<\/li>\n\n\n\n<li>Unn\u00f6tige Kritik vermeiden.<\/li>\n<\/ul>\n\n\n\n<h3 class=\"wp-block-heading\">2. Die Arbeit in einen Altar verwandeln<\/h3>\n\n\n\n<p>Jeder Arbeitstag kann zu einem Opfer werden, wenn er mit rechter Absicht gelebt wird.<\/p>\n\n\n\n<h3 class=\"wp-block-heading\">3. Vertrauen im Gebet leben<\/h3>\n\n\n\n<p>Das Gebet nicht nach Gef\u00fchlen messen, sondern nach Treue.<\/p>\n\n\n\n<h3 class=\"wp-block-heading\">4. Die eigenen Grenzen annehmen<\/h3>\n\n\n\n<p>Th\u00e9r\u00e8se strebte nicht danach, gro\u00df zu sein. Sie entdeckte, dass ihre Kleinheit der Raum war, in dem Gott handeln konnte.<\/p>\n\n\n\n<hr class=\"wp-block-separator has-alpha-channel-opacity\"\/>\n\n\n\n<h2 class=\"wp-block-heading\">VI. Eine zutiefst missionarische Spiritualit\u00e4t<\/h2>\n\n\n\n<p>Obwohl sie ihr Kloster nie verlie\u00df, wurde sie zur Patronin der Missionen erkl\u00e4rt. Das offenbart eine tiefe theologische Wahrheit: Mission entspringt der Liebe, nicht der Geographie.<\/p>\n\n\n\n<p>Apostolische Fruchtbarkeit h\u00e4ngt nicht von \u00e4u\u00dferer Aktivit\u00e4t ab, sondern von der Vereinigung mit Christus.<\/p>\n\n\n\n<hr class=\"wp-block-separator has-alpha-channel-opacity\"\/>\n\n\n\n<h2 class=\"wp-block-heading\">VII. Schluss: Eine erreichbare Heiligkeit<\/h2>\n\n\n\n<p>Die heilige Th\u00e9r\u00e8se von Lisieux zeigt uns, dass Heiligkeit kein Privileg geistlicher Helden ist, sondern eine universale Berufung.<\/p>\n\n\n\n<p>In Zeiten des L\u00e4rms schl\u00e4gt sie Stille vor.<br>In Zeiten der Angst: Vertrauen.<br>In Zeiten des Stolzes: Kleinheit.<\/p>\n\n\n\n<p>Ihre Botschaft ist klar: Es geht nicht darum, au\u00dfergew\u00f6hnliche Dinge zu tun, sondern gew\u00f6hnliche Dinge au\u00dfergew\u00f6hnlich gut zu tun.<\/p>\n\n\n\n<p>Wenn du dich heute klein, begrenzt oder unsichtbar f\u00fchlst, erinnere dich: Im Reich Gottes ist die Kleinheit der Boden, auf dem die Gnade erbl\u00fcht.<\/p>\n\n\n\n<p>Und wie sie mit prophetischer Einfachheit sagte:<\/p>\n\n\n\n<blockquote class=\"wp-block-quote is-layout-flow wp-block-quote-is-layout-flow\">\n<p>\u201eIch werde meinen Himmel damit verbringen, auf Erden Gutes zu tun.\u201c<\/p>\n<\/blockquote>\n\n\n\n<p>M\u00f6ge ihr \u201eKleiner Weg\u201c auch der deine werden. \ud83c\udf39<\/p>\n","protected":false},"excerpt":{"rendered":"<p>In einer Zeit, die von Erfolg, Sichtbarkeit und Anerkennung besessen ist, erklingt das Leben der Heilige Th\u00e9r\u00e8se von Lisieux wie eine radikale und zutiefst aktuelle Herausforderung. Ohne vor Menschenmengen gepredigt zu haben, ohne Ordensgemeinschaften zu gr\u00fcnden, ohne zu Lebzeiten spektakul\u00e4re Wunder zu wirken, wurde diese junge franz\u00f6sische Karmelitin zur Kirchenlehrerin erhoben und geh\u00f6rt heute zu &hellip;<\/p>\n","protected":false},"author":3,"featured_media":5063,"comment_status":"closed","ping_status":"closed","sticky":false,"template":"","format":"standard","meta":{"_seopress_robots_primary_cat":"","_seopress_titles_title":"","_seopress_titles_desc":"","_seopress_robots_index":"","footnotes":""},"categories":[40,61],"tags":[1845],"class_list":["post-5062","post","type-post","status-publish","format-standard","has-post-thumbnail","","category-gebet-und-spiritualitaet","category-heilige-und-heiligenkalender","tag-heilige-therese-von-lisieux"],"_links":{"self":[{"href":"https:\/\/catholicus.eu\/de\/wp-json\/wp\/v2\/posts\/5062","targetHints":{"allow":["GET"]}}],"collection":[{"href":"https:\/\/catholicus.eu\/de\/wp-json\/wp\/v2\/posts"}],"about":[{"href":"https:\/\/catholicus.eu\/de\/wp-json\/wp\/v2\/types\/post"}],"author":[{"embeddable":true,"href":"https:\/\/catholicus.eu\/de\/wp-json\/wp\/v2\/users\/3"}],"replies":[{"embeddable":true,"href":"https:\/\/catholicus.eu\/de\/wp-json\/wp\/v2\/comments?post=5062"}],"version-history":[{"count":1,"href":"https:\/\/catholicus.eu\/de\/wp-json\/wp\/v2\/posts\/5062\/revisions"}],"predecessor-version":[{"id":5064,"href":"https:\/\/catholicus.eu\/de\/wp-json\/wp\/v2\/posts\/5062\/revisions\/5064"}],"wp:featuredmedia":[{"embeddable":true,"href":"https:\/\/catholicus.eu\/de\/wp-json\/wp\/v2\/media\/5063"}],"wp:attachment":[{"href":"https:\/\/catholicus.eu\/de\/wp-json\/wp\/v2\/media?parent=5062"}],"wp:term":[{"taxonomy":"category","embeddable":true,"href":"https:\/\/catholicus.eu\/de\/wp-json\/wp\/v2\/categories?post=5062"},{"taxonomy":"post_tag","embeddable":true,"href":"https:\/\/catholicus.eu\/de\/wp-json\/wp\/v2\/tags?post=5062"}],"curies":[{"name":"wp","href":"https:\/\/api.w.org\/{rel}","templated":true}]}}