{"id":5025,"date":"2026-02-20T10:56:06","date_gmt":"2026-02-20T09:56:06","guid":{"rendered":"https:\/\/catholicus.eu\/de\/?p=5025"},"modified":"2026-02-20T10:56:07","modified_gmt":"2026-02-20T09:56:07","slug":"das-vergessene-woerterbuch-die-heiligen-worte-die-die-christliche-zivilisation-gepraegt-haben-und-die-heute-kaum-noch-jemand-versteht","status":"publish","type":"post","link":"https:\/\/catholicus.eu\/de\/das-vergessene-woerterbuch-die-heiligen-worte-die-die-christliche-zivilisation-gepraegt-haben-und-die-heute-kaum-noch-jemand-versteht\/","title":{"rendered":"Das Vergessene W\u00f6rterbuch: Die Heiligen Worte, die die Christliche Zivilisation Gepr\u00e4gt Haben (und die Heute Kaum Noch Jemand Versteht)"},"content":{"rendered":"\n<p>Wir leben in einer Zeit kurzer Botschaften, fl\u00fcchtiger Schlagzeilen und vereinfachter Sprache. Doch der katholische Glaube \u2014 besonders in seiner \u00e4ltesten Tradition \u2014 ist durchwoben von einem tiefen, symbolischen Vokabular, das mit Jahrhunderten der Weisheit erf\u00fcllt ist.<\/p>\n\n\n\n<p>Viele Gl\u00e4ubige besuchen die Messe, beten, lieben Gott \u2026 aber sie haben die Sprache vergessen (oder nie gelernt), die \u00fcber Jahrhunderte hinweg das christliche Gewissen geformt hat.<\/p>\n\n\n\n<p>Dieser Artikel ist eine Einladung, dieses <strong>\u201evergessene W\u00f6rterbuch\u201c<\/strong> wiederzuentdecken: Worte, die kein blo\u00dfer Fachjargon sind, sondern Tore zum Geheimnis. Sie zu kennen ist kein Elitismus; es bedeutet, tiefer in das geistliche Erbe der Kirche einzutreten.<\/p>\n\n\n\n<hr class=\"wp-block-separator has-alpha-channel-opacity\"\/>\n\n\n\n<h2 class=\"wp-block-heading\">\u2728 I. Heilige Gew\u00e4nder und Gegenst\u00e4nde: Die Sichtbare Sprache des Geheimnisses<\/h2>\n\n\n\n<p>Die traditionelle Liturgie ist reich an Symbolen. Jedes Gewand, jeder Gegenstand tr\u00e4gt eine geistliche Bedeutung.<\/p>\n\n\n\n<hr class=\"wp-block-separator has-alpha-channel-opacity\"\/>\n\n\n\n<h3 class=\"wp-block-heading\">\ud83e\uddf5 Manipel<\/h3>\n\n\n\n<p><strong>Was ist das?<\/strong><br>Ein schmales Stoffband, das der Priester w\u00e4hrend der traditionellen Messe \u00fcber dem linken Arm tr\u00e4gt.<\/p>\n\n\n\n<p><strong>Was bedeutet es?<\/strong><br>Es symbolisiert Tr\u00e4nen, M\u00fche und das Opfer des priesterlichen Dienstes. Es erinnert daran, dass der Priester kein \u201espiritueller Unterhalter\u201c ist, sondern einer, der das Gewicht des Opfers tr\u00e4gt.<\/p>\n\n\n\n<blockquote class=\"wp-block-quote is-layout-flow wp-block-quote-is-layout-flow\">\n<p>\u201eDie mit Tr\u00e4nen s\u00e4en, werden mit Jubel ernten\u201c (Psalm 126).<\/p>\n<\/blockquote>\n\n\n\n<hr class=\"wp-block-separator has-alpha-channel-opacity\"\/>\n\n\n\n<h3 class=\"wp-block-heading\">\ud83d\udc55 Rochett \/ Chorhemd (Surplice)<\/h3>\n\n\n\n<p><strong>Was ist das?<\/strong><br>Ein wei\u00dfes Gewand, das \u00fcber der Soutane getragen wird.<\/p>\n\n\n\n<p><strong>Geistliche Bedeutung:<\/strong><br>Die Taufreinheit. Das Wei\u00df ist keine Dekoration \u2014 es ist sichtbare Theologie.<\/p>\n\n\n\n<hr class=\"wp-block-separator has-alpha-channel-opacity\"\/>\n\n\n\n<h3 class=\"wp-block-heading\">\ud83c\udf97\ufe0f Stola<\/h3>\n\n\n\n<p>Ein langes Band, das der Priester \u00fcber den Schultern tr\u00e4gt.<\/p>\n\n\n\n<p><strong>Es symbolisiert:<\/strong><br>Die priesterliche Vollmacht und das \u201esanfte Joch\u201c Christi. Deshalb tr\u00e4gt er sie beim Beichten: Sie steht f\u00fcr die Vollmacht zur Lossprechung.<\/p>\n\n\n\n<hr class=\"wp-block-separator has-alpha-channel-opacity\"\/>\n\n\n\n<h3 class=\"wp-block-heading\">\ud83e\udde5 Kasel<\/h3>\n\n\n\n<p>Das \u00e4u\u00dfere Gewand, das der Priester w\u00e4hrend der Messe tr\u00e4gt.<\/p>\n\n\n\n<p><strong>Sie symbolisiert:<\/strong><br>Die Liebe, die alles bedeckt. Ohne Liebe wird der Dienst leer.<\/p>\n\n\n\n<hr class=\"wp-block-separator has-alpha-channel-opacity\"\/>\n\n\n\n<h3 class=\"wp-block-heading\">\ud83d\udd6f\ufe0f Ziborium<\/h3>\n\n\n\n<p>Ein heiliges Gef\u00e4\u00df, in dem die konsekrierten Hostien aufbewahrt werden.<\/p>\n\n\n\n<p><strong>Theologische Anmerkung:<\/strong><br>Es enth\u00e4lt wahrhaft den Leib Christi. Es ist kein Symbol \u2014 es ist reale Gegenwart.<\/p>\n\n\n\n<hr class=\"wp-block-separator has-alpha-channel-opacity\"\/>\n\n\n\n<h2 class=\"wp-block-heading\">\u26ea II. Liturgische Zeiten, die Kaum Noch Jemand Kennt<\/h2>\n\n\n\n<hr class=\"wp-block-separator has-alpha-channel-opacity\"\/>\n\n\n\n<h3 class=\"wp-block-heading\">\ud83d\udcc5 Septuagesima<\/h3>\n\n\n\n<p>Eine alte Zeitspanne, die ungef\u00e4hr 70 Tage vor Ostern begann.<\/p>\n\n\n\n<p><strong>Warum ist sie wichtig?<\/strong><br>Sie markierte eine allm\u00e4hliche bu\u00dffertige Vorbereitung. Obwohl sie aus dem modernen Kalender verschwunden ist, lebt sie in der traditionellen Liturgie weiter.<\/p>\n\n\n\n<p>Septuagesima bedeutet w\u00f6rtlich \u201eSiebzigste\u201c und erinnert an die 70 Jahre des Exils in Babylon \u2014 ein Symbol f\u00fcr das Exil der Seele fern von Gott.<\/p>\n\n\n\n<hr class=\"wp-block-separator has-alpha-channel-opacity\"\/>\n\n\n\n<h3 class=\"wp-block-heading\">\ud83c\udf3f Quinquagesima<\/h3>\n\n\n\n<p>Der Sonntag vor dem Beginn der Fastenzeit.<\/p>\n\n\n\n<p>Er erinnerte an die 50 Tage vor Ostern und bereitete den Geist auf die Bu\u00dfe vor.<\/p>\n\n\n\n<hr class=\"wp-block-separator has-alpha-channel-opacity\"\/>\n\n\n\n<h3 class=\"wp-block-heading\">\ud83d\udd4a\ufe0f Oktav<\/h3>\n\n\n\n<p>Ein Zeitraum von acht Tagen, in dem ein Hochfest verl\u00e4ngert wird.<\/p>\n\n\n\n<p>Ostern hatte eine feierliche Oktav: acht Tage, die wie ein einziger gefeiert wurden.<\/p>\n\n\n\n<p>Denn in Gott weitet sich die Zeit.<\/p>\n\n\n\n<hr class=\"wp-block-separator has-alpha-channel-opacity\"\/>\n\n\n\n<h2 class=\"wp-block-heading\">\ud83d\ude4f III. Theologische Begriffe, die den Katholischen Geist Formen<\/h2>\n\n\n\n<hr class=\"wp-block-separator has-alpha-channel-opacity\"\/>\n\n\n\n<h3 class=\"wp-block-heading\">\u271d\ufe0f Vollkommener Ablass<\/h3>\n\n\n\n<p><strong>Klare Definition:<\/strong><br>Der vollst\u00e4ndige Erlass der zeitlichen S\u00fcndenstrafen f\u00fcr bereits vergebene S\u00fcnden.<\/p>\n\n\n\n<p>Hier ist es wichtig, etwas Grundlegendes zu kl\u00e4ren:<\/p>\n\n\n\n<ul class=\"wp-block-list\">\n<li>Die S\u00fcnde hat Schuld (vergeben in der Beichte).<\/li>\n\n\n\n<li>Und sie hat Folgen (zeitliche Strafe).<\/li>\n<\/ul>\n\n\n\n<p>Der vollkommene Ablass tilgt diese Folge.<\/p>\n\n\n\n<p>Er bedeutet nicht, \u201eVergebung zu kaufen\u201c. Er ist die Anwendung der Verdienste Christi und der Heiligen auf eine reuige Seele.<\/p>\n\n\n\n<hr class=\"wp-block-separator has-alpha-channel-opacity\"\/>\n\n\n\n<h3 class=\"wp-block-heading\">\ud83d\udd25 Fegefeuer<\/h3>\n\n\n\n<p>Ein Zustand der Reinigung f\u00fcr Seelen, die in der Gnade sterben, aber noch L\u00e4uterung ben\u00f6tigen.<\/p>\n\n\n\n<p>Es ist keine zweite Chance. Es ist der letzte Akt der Barmherzigkeit.<\/p>\n\n\n\n<hr class=\"wp-block-separator has-alpha-channel-opacity\"\/>\n\n\n\n<h3 class=\"wp-block-heading\">\ud83d\uded0 Latria, Dulie und Hyperdulie<\/h3>\n\n\n\n<p>Drei Stufen der Verehrung:<\/p>\n\n\n\n<ul class=\"wp-block-list\">\n<li><strong>Latria:<\/strong> Anbetung, die allein Gott geb\u00fchrt.<\/li>\n\n\n\n<li><strong>Dulie:<\/strong> Verehrung der Heiligen.<\/li>\n\n\n\n<li><strong>Hyperdulie:<\/strong> besondere Verehrung der Jungfrau Maria.<\/li>\n<\/ul>\n\n\n\n<p>Dies widerlegt den Vorwurf des G\u00f6tzendienstes.<\/p>\n\n\n\n<hr class=\"wp-block-separator has-alpha-channel-opacity\"\/>\n\n\n\n<h3 class=\"wp-block-heading\">\ud83d\udd4a\ufe0f Heiligmachende Gnade<\/h3>\n\n\n\n<p>Das eigentliche Leben Gottes in der Seele.<\/p>\n\n\n\n<p>Ohne sie ist die Seele geistlich tot. Mit ihr nimmt sie an der g\u00f6ttlichen Natur teil.<\/p>\n\n\n\n<hr class=\"wp-block-separator has-alpha-channel-opacity\"\/>\n\n\n\n<h3 class=\"wp-block-heading\">\u2696\ufe0f Tods\u00fcnde<\/h3>\n\n\n\n<p>Sie erfordert drei Bedingungen:<\/p>\n\n\n\n<ol class=\"wp-block-list\">\n<li>Schwere Materie<\/li>\n\n\n\n<li>Volles Wissen<\/li>\n\n\n\n<li>Bewusste Zustimmung<\/li>\n<\/ol>\n\n\n\n<p>Sie zerbricht die Freundschaft mit Gott.<\/p>\n\n\n\n<hr class=\"wp-block-separator has-alpha-channel-opacity\"\/>\n\n\n\n<h3 class=\"wp-block-heading\">\ud83d\udcff Sakramentalie<\/h3>\n\n\n\n<p>Ein gesegneter Gegenstand, der die Seele darauf vorbereitet, Gnade zu empfangen.<\/p>\n\n\n\n<p>Beispiele: Weihwasser, Skapulier, Medaille.<\/p>\n\n\n\n<hr class=\"wp-block-separator has-alpha-channel-opacity\"\/>\n\n\n\n<h2 class=\"wp-block-heading\">\ud83d\udcdc IV. Worte der Traditionellen Messe, die Sie Kennen Sollten<\/h2>\n\n\n\n<hr class=\"wp-block-separator has-alpha-channel-opacity\"\/>\n\n\n\n<h3 class=\"wp-block-heading\">\ud83d\udd4a\ufe0f Introitus<\/h3>\n\n\n\n<p>Der Eingangsvers, der in das Geheimnis des Tages einf\u00fchrt.<\/p>\n\n\n\n<hr class=\"wp-block-separator has-alpha-channel-opacity\"\/>\n\n\n\n<h3 class=\"wp-block-heading\">\ud83d\udcd6 Graduale<\/h3>\n\n\n\n<p>Ein Psalm, der zwischen den Lesungen gesungen wird.<\/p>\n\n\n\n<hr class=\"wp-block-separator has-alpha-channel-opacity\"\/>\n\n\n\n<h3 class=\"wp-block-heading\">\ud83d\udd14 Kanon<\/h3>\n\n\n\n<p>Der zentrale und unver\u00e4nderliche Teil der Messe, in dem die Konsekration geschieht.<\/p>\n\n\n\n<p>In der traditionellen Messe wird der Kanon im Stillen gebetet. Diese Stille ist keine Leere \u2014 sie ist Anbetung.<\/p>\n\n\n\n<hr class=\"wp-block-separator has-alpha-channel-opacity\"\/>\n\n\n\n<h3 class=\"wp-block-heading\">\ud83c\udf5e Transsubstantiation<\/h3>\n\n\n\n<p>Die Verwandlung der Substanz von Brot und Wein in den Leib und das Blut Christi.<\/p>\n\n\n\n<p>Das Aussehen \u00e4ndert sich nicht; die Wirklichkeit schon.<\/p>\n\n\n\n<hr class=\"wp-block-separator has-alpha-channel-opacity\"\/>\n\n\n\n<h3 class=\"wp-block-heading\">\ud83d\ude47 Kniebeuge<\/h3>\n\n\n\n<p>Das Niederknien mit Ber\u00fchrung des Bodens durch das rechte Knie.<\/p>\n\n\n\n<p>Es ist ein Akt der Anbetung gegen\u00fcber dem Allerheiligsten.<\/p>\n\n\n\n<hr class=\"wp-block-separator has-alpha-channel-opacity\"\/>\n\n\n\n<h2 class=\"wp-block-heading\">\ud83d\udcd6 V. Tiefe Geistliche Begriffe<\/h2>\n\n\n\n<hr class=\"wp-block-separator has-alpha-channel-opacity\"\/>\n\n\n\n<h3 class=\"wp-block-heading\">\ud83d\udd6f\ufe0f Dunkle Nacht<\/h3>\n\n\n\n<p>Ein mystischer Ausdruck, verbunden mit dem heiligen Johannes vom Kreuz.<\/p>\n\n\n\n<p>Eine Zeit geistlicher Trockenheit, in der Gott die Seele reinigt.<\/p>\n\n\n\n<hr class=\"wp-block-separator has-alpha-channel-opacity\"\/>\n\n\n\n<h3 class=\"wp-block-heading\">\ud83c\udf39 S\u00fchne<\/h3>\n\n\n\n<p>Ein Akt, durch den Gebet und Opfer f\u00fcr eigene oder fremde S\u00fcnden dargebracht werden.<\/p>\n\n\n\n<hr class=\"wp-block-separator has-alpha-channel-opacity\"\/>\n\n\n\n<h3 class=\"wp-block-heading\">\ud83d\udee1\ufe0f Geistlicher Kampf<\/h3>\n\n\n\n<p>Das christliche Leben ist nicht bequem \u2014 es ist ein Kampf gegen die S\u00fcnde, die Welt und den Teufel.<\/p>\n\n\n\n<hr class=\"wp-block-separator has-alpha-channel-opacity\"\/>\n\n\n\n<h2 class=\"wp-block-heading\">\ud83d\udd70\ufe0f VI. Worte, die eine Zivilisation Gepr\u00e4gt Haben<\/h2>\n\n\n\n<hr class=\"wp-block-separator has-alpha-channel-opacity\"\/>\n\n\n\n<h3 class=\"wp-block-heading\">\ud83d\udc51 Christenheit<\/h3>\n\n\n\n<p>Eine Gesellschaft, die auf christlichen Prinzipien aufgebaut ist.<\/p>\n\n\n\n<p>Es ist keine politische Nostalgie; es ist eine kulturelle Vision.<\/p>\n\n\n\n<hr class=\"wp-block-separator has-alpha-channel-opacity\"\/>\n\n\n\n<h3 class=\"wp-block-heading\">\ud83d\udcff Andacht<\/h3>\n\n\n\n<p>Es ist kein Sentimentalismus. Es ist der feste Wille, Gott zu ehren.<\/p>\n\n\n\n<hr class=\"wp-block-separator has-alpha-channel-opacity\"\/>\n\n\n\n<h3 class=\"wp-block-heading\">\u2728 Opfer<\/h3>\n\n\n\n<p>In der Messe gibt es keine blo\u00dfe \u201eVersammlung\u201c. Es gibt das unblutige Opfer von Golgatha.<\/p>\n\n\n\n<hr class=\"wp-block-separator has-alpha-channel-opacity\"\/>\n\n\n\n<h2 class=\"wp-block-heading\">\ud83c\udf0d Warum Dieses W\u00f6rterbuch Heute Wiederentdecken?<\/h2>\n\n\n\n<p>Denn wenn die Sprache verarmt, verarmt auch das Denken.<\/p>\n\n\n\n<p>Und wenn das Denken schw\u00e4cher wird, wird der Glaube zerbrechlich.<\/p>\n\n\n\n<p>Die zeitgen\u00f6ssische Kultur bietet Worte wie \u201eEnergie\u201c, \u201eUniversum\u201c, \u201eSchwingungen\u201c.<br>Die Kirche bietet Worte wie \u201eGnade\u201c, \u201eErl\u00f6sung\u201c, \u201eOpfer\u201c, \u201eHerrlichkeit\u201c.<\/p>\n\n\n\n<p>Das eine ver\u00e4ndert den Wortschatz.<br>Das andere verwandelt die Seele.<\/p>\n\n\n\n<hr class=\"wp-block-separator has-alpha-channel-opacity\"\/>\n\n\n\n<h2 class=\"wp-block-heading\">\ud83d\udccc Schlussfolgerung: Die Sprache des Himmels Lernen<\/h2>\n\n\n\n<p>Dieses W\u00f6rterbuch ist keine intellektuelle \u00dcbung. Es ist eine Initiation.<\/p>\n\n\n\n<p>Wenn man versteht, was ein Manipel ist, sieht man den Priester anders.<br>Wenn man den vollkommenen Ablass versteht, sch\u00e4tzt man die Beichte mehr.<br>Wenn man die Septuagesima wiederentdeckt, wird das Kirchenjahr nicht l\u00e4nger zur Routine.<\/p>\n\n\n\n<p>Christentum bedeutet nicht nur zu glauben.<br>Es bedeutet, die Sprache Gottes zu lernen.<\/p>\n\n\n\n<p>Und wer diese Sprache lernt, ist kein Zuschauer mehr in der Messe.<\/p>\n\n\n\n<p>Er wird ein bewusster Erbe einer Tradition, die M\u00e4rtyrer, Heilige und ganze Zivilisationen getragen hat.<\/p>\n\n\n\n<p>M\u00f6ge dieses vergessene W\u00f6rterbuch nicht nur gelesen werden.<br>M\u00f6ge es gelebt werden.<\/p>\n\n\n\n<p>Denn heilige Worte wurden nicht geschaffen, um archiviert zu werden.<br>Sie wurden geschaffen, um zu retten.<\/p>\n","protected":false},"excerpt":{"rendered":"<p>Wir leben in einer Zeit kurzer Botschaften, fl\u00fcchtiger Schlagzeilen und vereinfachter Sprache. Doch der katholische Glaube \u2014 besonders in seiner \u00e4ltesten Tradition \u2014 ist durchwoben von einem tiefen, symbolischen Vokabular, das mit Jahrhunderten der Weisheit erf\u00fcllt ist. Viele Gl\u00e4ubige besuchen die Messe, beten, lieben Gott \u2026 aber sie haben die Sprache vergessen (oder nie gelernt), &hellip;<\/p>\n","protected":false},"author":3,"featured_media":5026,"comment_status":"closed","ping_status":"closed","sticky":false,"template":"","format":"standard","meta":{"_seopress_robots_primary_cat":"","_seopress_titles_title":"","_seopress_titles_desc":"","_seopress_robots_index":"","footnotes":""},"categories":[41,66],"tags":[],"class_list":["post-5025","post","type-post","status-publish","format-standard","has-post-thumbnail","","category-glaube-und-kultur","category-populaerkultur-und-katholizismus"],"_links":{"self":[{"href":"https:\/\/catholicus.eu\/de\/wp-json\/wp\/v2\/posts\/5025","targetHints":{"allow":["GET"]}}],"collection":[{"href":"https:\/\/catholicus.eu\/de\/wp-json\/wp\/v2\/posts"}],"about":[{"href":"https:\/\/catholicus.eu\/de\/wp-json\/wp\/v2\/types\/post"}],"author":[{"embeddable":true,"href":"https:\/\/catholicus.eu\/de\/wp-json\/wp\/v2\/users\/3"}],"replies":[{"embeddable":true,"href":"https:\/\/catholicus.eu\/de\/wp-json\/wp\/v2\/comments?post=5025"}],"version-history":[{"count":1,"href":"https:\/\/catholicus.eu\/de\/wp-json\/wp\/v2\/posts\/5025\/revisions"}],"predecessor-version":[{"id":5027,"href":"https:\/\/catholicus.eu\/de\/wp-json\/wp\/v2\/posts\/5025\/revisions\/5027"}],"wp:featuredmedia":[{"embeddable":true,"href":"https:\/\/catholicus.eu\/de\/wp-json\/wp\/v2\/media\/5026"}],"wp:attachment":[{"href":"https:\/\/catholicus.eu\/de\/wp-json\/wp\/v2\/media?parent=5025"}],"wp:term":[{"taxonomy":"category","embeddable":true,"href":"https:\/\/catholicus.eu\/de\/wp-json\/wp\/v2\/categories?post=5025"},{"taxonomy":"post_tag","embeddable":true,"href":"https:\/\/catholicus.eu\/de\/wp-json\/wp\/v2\/tags?post=5025"}],"curies":[{"name":"wp","href":"https:\/\/api.w.org\/{rel}","templated":true}]}}