{"id":4985,"date":"2026-02-17T11:51:29","date_gmt":"2026-02-17T10:51:29","guid":{"rendered":"https:\/\/catholicus.eu\/de\/?p=4985"},"modified":"2026-02-17T11:51:29","modified_gmt":"2026-02-17T10:51:29","slug":"verfolgte-kirche-heute-der-glaube-der-still-blutet-und-das-zeugnis-das-die-welt-rettet","status":"publish","type":"post","link":"https:\/\/catholicus.eu\/de\/verfolgte-kirche-heute-der-glaube-der-still-blutet-und-das-zeugnis-das-die-welt-rettet\/","title":{"rendered":"VERFOLGTE KIRCHE HEUTE: der Glaube, der still blutet, und das Zeugnis, das die Welt rettet"},"content":{"rendered":"\n<p>Wir leben in einem Zeitalter technologischen Fortschritts, der Globalisierung und st\u00e4ndiger Diskussionen \u00fcber Menschenrechte. Dennoch gibt es eine schmerzhafte Realit\u00e4t, die viele nicht kennen oder lieber ignorieren: <strong>Millionen von Christen werden noch heute wegen ihres Glaubens verfolgt<\/strong>.<\/p>\n\n\n\n<p>Dies ist keine alte Geschichte aus dem R\u00f6mischen Reich. Es ist nicht nur die Erinnerung an die ersten M\u00e4rtyrer. Es ist eine gegenw\u00e4rtige Realit\u00e4t.<\/p>\n\n\n\n<p>Dieser Artikel m\u00f6chte Ihnen helfen, zu verstehen \u2014 aus theologischer, historischer und pastoraler Perspektive \u2014 was die Verfolgung der Kirche heute bedeutet, wo sie stattfindet, wer sie aus\u00fcbt, was die katholische Theologie dar\u00fcber lehrt und wie Christen spirituell darauf reagieren sollten.<\/p>\n\n\n\n<hr class=\"wp-block-separator has-alpha-channel-opacity\"\/>\n\n\n\n<h1 class=\"wp-block-heading\">\u271d\ufe0f Die verfolgte Kirche: eine weltweite Realit\u00e4t heute<\/h1>\n\n\n\n<p>Die Zahlen sind ersch\u00fctternd.<\/p>\n\n\n\n<ul class=\"wp-block-list\">\n<li>Mehr als <strong>388 Millionen Christen leiden weltweit unter Verfolgung oder Diskriminierung<\/strong> aufgrund ihres Glaubens.<\/li>\n\n\n\n<li>Fast <strong>5.000 Christen wurden in einem einzigen Jahr aus religi\u00f6sen Gr\u00fcnden get\u00f6tet<\/strong>.<\/li>\n\n\n\n<li>Rund <strong>1 von 7 Christen weltweit wird verfolgt<\/strong>.<\/li>\n\n\n\n<li>Afrika und Asien weisen die h\u00f6chsten Feindseligkeitswerte auf.<\/li>\n<\/ul>\n\n\n\n<p>Diese Realit\u00e4t betrifft nicht nur Katholiken, sondern Christen aller Konfessionen, obwohl die katholische Kirche aufgrund ihrer universellen Pr\u00e4senz zu den am st\u00e4rksten betroffenen Gemeinschaften geh\u00f6rt.<\/p>\n\n\n\n<p>Verfolgung nimmt verschiedene Formen an:<\/p>\n\n\n\n<ul class=\"wp-block-list\">\n<li>T\u00f6tungen und Entf\u00fchrungen<\/li>\n\n\n\n<li>Zerst\u00f6rung von Kirchen<\/li>\n\n\n\n<li>rechtliche Diskriminierung<\/li>\n\n\n\n<li>Gef\u00e4ngnisstrafe f\u00fcr das Bekenntnis des Glaubens<\/li>\n\n\n\n<li>sozialer oder famili\u00e4rer Druck<\/li>\n\n\n\n<li>Verbot von Gottesdiensten<\/li>\n\n\n\n<li>staatliche \u00dcberwachung<\/li>\n<\/ul>\n\n\n\n<p>Sie ist nicht immer sichtbar. Oft geschieht sie still.<\/p>\n\n\n\n<hr class=\"wp-block-separator has-alpha-channel-opacity\"\/>\n\n\n\n<h1 class=\"wp-block-heading\">\ud83c\udf0d Wo werden Christen heute am meisten verfolgt?<\/h1>\n\n\n\n<h2 class=\"wp-block-heading\">\ud83d\udd34 Totalit\u00e4re Regime und staatliche Kontrolle<\/h2>\n\n\n\n<h3 class=\"wp-block-heading\">\ud83c\uddf0\ud83c\uddf5 Nordkorea (extremes Beispiel)<\/h3>\n\n\n\n<p>Es gilt als der gef\u00e4hrlichste Ort, um Christ zu sein.<\/p>\n\n\n\n<ul class=\"wp-block-list\">\n<li>Glaube wird mit Gef\u00e4ngnis oder Hinrichtung bestraft.<\/li>\n\n\n\n<li>Zehntausende Christen befinden sich in Arbeitslagern.<\/li>\n\n\n\n<li>Religion gilt als Verrat am Staat.<\/li>\n<\/ul>\n\n\n\n<p>Hier sehen wir das Ph\u00e4nomen des <strong>radikalen politischen Atheismus<\/strong>, bei dem der Staat versucht, Gott zu ersetzen.<\/p>\n\n\n\n<h3 class=\"wp-block-heading\">\ud83c\udde8\ud83c\uddf3 China<\/h3>\n\n\n\n<ul class=\"wp-block-list\">\n<li>\u00dcberwachte oder geschlossene Kirchen<\/li>\n\n\n\n<li>Staatliche Kontrolle des Gottesdienstes<\/li>\n\n\n\n<li>Verfolgung nicht registrierter Gemeinschaften<\/li>\n<\/ul>\n\n\n\n<h3 class=\"wp-block-heading\">\ud83c\uddea\ud83c\uddf7 Eritrea<\/h3>\n\n\n\n<ul class=\"wp-block-list\">\n<li>Massenhafte Inhaftierung von Gl\u00e4ubigen<\/li>\n\n\n\n<li>Haft ohne Gerichtsverfahren<\/li>\n<\/ul>\n\n\n\n<p>\ud83d\udc49 <strong>Ideologische Wurzel<\/strong>: Totalitarismus, absolute politische Kontrolle, Kult des Staates<\/p>\n\n\n\n<hr class=\"wp-block-separator has-alpha-channel-opacity\"\/>\n\n\n\n<h2 class=\"wp-block-heading\">\u262a\ufe0f Regionen mit islamistischem Extremismus oder religi\u00f6sem Druck<\/h2>\n\n\n\n<p>Viele L\u00e4nder, in denen der politische radikale Islam das \u00f6ffentliche Leben dominiert, erleben schwere Verfolgung.<\/p>\n\n\n\n<h3 class=\"wp-block-heading\">Subsahara-Afrika<\/h3>\n\n\n\n<p>Besonders gravierend.<\/p>\n\n\n\n<ul class=\"wp-block-list\">\n<li>\ud83c\uddf3\ud83c\uddec Nigeria \u2014 fast 70 % der weltweit registrierten Christenmorde finden hier statt.<\/li>\n\n\n\n<li>\ud83c\uddf2\ud83c\uddf1 Mali<\/li>\n\n\n\n<li>\ud83c\uddf8\ud83c\uddf4 Somalia<\/li>\n\n\n\n<li>\ud83c\uddf8\ud83c\udde9 Sudan<\/li>\n\n\n\n<li>\ud83c\uddf2\ud83c\uddff Mosambik<\/li>\n<\/ul>\n\n\n\n<p>Feindliche Gruppen umfassen:<\/p>\n\n\n\n<ul class=\"wp-block-list\">\n<li>Dschihadistengruppen<\/li>\n\n\n\n<li>bewaffnete Milizen<\/li>\n\n\n\n<li>radikalisierte St\u00e4mme<\/li>\n<\/ul>\n\n\n\n<h3 class=\"wp-block-heading\">Naher Osten<\/h3>\n\n\n\n<ul class=\"wp-block-list\">\n<li>\ud83c\udde6\ud83c\uddeb Afghanistan \u2014 eine Bekehrung zum Christentum kann den Tod bedeuten<\/li>\n\n\n\n<li>\ud83c\uddfe\ud83c\uddea Jemen \u2014 Glaube wird im Verborgenen gelebt<\/li>\n\n\n\n<li>\ud83c\uddee\ud83c\uddf7 Iran \u2014 Verhaftungen und \u00dcberwachung<\/li>\n\n\n\n<li>\ud83c\uddf8\ud83c\uddfe Syrien \u2014 stark reduzierte Gemeinschaften durch Krieg<\/li>\n<\/ul>\n\n\n\n<p>\ud83d\udc49 <strong>Ideologische Wurzel<\/strong>: religi\u00f6ser Extremismus, Apostasiegesetze, Stammesdruck<\/p>\n\n\n\n<hr class=\"wp-block-separator has-alpha-channel-opacity\"\/>\n\n\n\n<h2 class=\"wp-block-heading\">\ud83c\uddee\ud83c\uddf3 Religi\u00f6ser Nationalismus und soziale Gewalt<\/h2>\n\n\n\n<p>In einigen L\u00e4ndern kommt die Verfolgung nicht nur vom Staat, sondern von kulturellen Mehrheiten.<\/p>\n\n\n\n<h3 class=\"wp-block-heading\">Indien<\/h3>\n\n\n\n<ul class=\"wp-block-list\">\n<li>Angriffe durch hindu-nationalistische Gruppen<\/li>\n\n\n\n<li>sozialer Druck zur Aufgabe des Christentums<\/li>\n\n\n\n<li>Anti-Konversionsgesetze<\/li>\n<\/ul>\n\n\n\n<p>\ud83d\udc49 <strong>Ideologische Wurzel<\/strong>: religi\u00f6ser Nationalismus und kulturelle Identit\u00e4t<\/p>\n\n\n\n<hr class=\"wp-block-separator has-alpha-channel-opacity\"\/>\n\n\n\n<h2 class=\"wp-block-heading\">\ud83c\uddf5\ud83c\uddf0 Pakistan und Blasphemiegesetze<\/h2>\n\n\n\n<ul class=\"wp-block-list\">\n<li>h\u00e4ufige falsche Anschuldigungen<\/li>\n\n\n\n<li>Gef\u00e4ngnis oder Todesstrafe f\u00fcr angebliche religi\u00f6se Vergehen<\/li>\n<\/ul>\n\n\n\n<hr class=\"wp-block-separator has-alpha-channel-opacity\"\/>\n\n\n\n<h2 class=\"wp-block-heading\">\ud83c\uddf8\ud83c\udde6 Saudi-Arabien<\/h2>\n\n\n\n<ul class=\"wp-block-list\">\n<li>v\u00f6lliges Verbot \u00f6ffentlicher christlicher Gottesdienste<\/li>\n<\/ul>\n\n\n\n<hr class=\"wp-block-separator has-alpha-channel-opacity\"\/>\n\n\n\n<h2 class=\"wp-block-heading\">Lateinamerika und andere Kontexte<\/h2>\n\n\n\n<p>In einigen Regionen zeigt sich die Verfolgung anders:<\/p>\n\n\n\n<ul class=\"wp-block-list\">\n<li>staatlicher Druck (z.\u202fB. Nicaragua, Kuba)<\/li>\n\n\n\n<li>kriminelle Gewalt gegen religi\u00f6se F\u00fchrungspers\u00f6nlichkeiten<\/li>\n\n\n\n<li>kulturelle oder ideologische Feindseligkeit<\/li>\n<\/ul>\n\n\n\n<hr class=\"wp-block-separator has-alpha-channel-opacity\"\/>\n\n\n\n<h1 class=\"wp-block-heading\">\u26a0\ufe0f Wer verfolgt die Kirche heute?<\/h1>\n\n\n\n<p>Verfolgung hat keine einzelne Ursache. Es gibt verschiedene Akteure:<\/p>\n\n\n\n<h3 class=\"wp-block-heading\">1. Totalit\u00e4re Staaten<\/h3>\n\n\n\n<p>Sie wollen Gott durch politische Macht ersetzen.<\/p>\n\n\n\n<h3 class=\"wp-block-heading\">2. Religi\u00f6ser Extremismus<\/h3>\n\n\n\n<p>Sie betrachten das Christentum als Bedrohung der kulturellen Identit\u00e4t.<\/p>\n\n\n\n<h3 class=\"wp-block-heading\">3. Ideologische Nationalismen<\/h3>\n\n\n\n<p>Sie lehnen Religionen ab, die als \u201efremd\u201c gelten.<\/p>\n\n\n\n<h3 class=\"wp-block-heading\">4. Organisierte Kriminalit\u00e4t oder Milizen<\/h3>\n\n\n\n<p>Sie greifen verletzliche Gemeinschaften an.<\/p>\n\n\n\n<h3 class=\"wp-block-heading\">5. Radikaler S\u00e4kularismus<\/h3>\n\n\n\n<p>In einigen Kontexten versucht er, den Glauben aus dem \u00f6ffentlichen Raum zu verdr\u00e4ngen.<\/p>\n\n\n\n<p>Verfolgung hat viele Gesichter, aber eine gemeinsame Wurzel: <strong>die Ablehnung der Souver\u00e4nit\u00e4t Gottes \u00fcber das menschliche Leben<\/strong>.<\/p>\n\n\n\n<hr class=\"wp-block-separator has-alpha-channel-opacity\"\/>\n\n\n\n<h1 class=\"wp-block-heading\">\ud83d\udcd6 Biblische Grundlage: Christus hat die Verfolgung angek\u00fcndigt<\/h1>\n\n\n\n<p>Die Kirche ist \u00fcber diese Realit\u00e4t nicht \u00fcberrascht.<\/p>\n\n\n\n<p>Jesus selbst sagte:<\/p>\n\n\n\n<blockquote class=\"wp-block-quote is-layout-flow wp-block-quote-is-layout-flow\">\n<p>\u201eWenn euch die Welt hasst, so wisst, dass sie mich gehasst hat, bevor sie euch gehasst hat.\u201c (Joh 15,18)<\/p>\n<\/blockquote>\n\n\n\n<p>Er sagte auch:<\/p>\n\n\n\n<blockquote class=\"wp-block-quote is-layout-flow wp-block-quote-is-layout-flow\">\n<p>\u201eSelig sind, die um der Gerechtigkeit willen verfolgt werden; denn ihrer ist das Himmelreich.\u201c (Mt 5,10)<\/p>\n<\/blockquote>\n\n\n\n<p>Verfolgung ist kein historischer Zufall: <strong>sie ist Teil des Mysteriums der Kirche<\/strong>.<\/p>\n\n\n\n<hr class=\"wp-block-separator has-alpha-channel-opacity\"\/>\n\n\n\n<h1 class=\"wp-block-heading\">\ud83d\udd4a\ufe0f Theologie des Martyriums und des christlichen Leidens<\/h1>\n\n\n\n<h2 class=\"wp-block-heading\">Die Kirche als Leib Christi<\/h2>\n\n\n\n<p>Verfolgung setzt das Leiden Christi in der Geschichte fort.<\/p>\n\n\n\n<p>Die Kirche lehrt:<\/p>\n\n\n\n<ul class=\"wp-block-list\">\n<li>Christus leidet weiterhin in seinen Gliedern<\/li>\n\n\n\n<li>das Martyrium ist das h\u00f6chste Zeugnis des Glaubens<\/li>\n\n\n\n<li>das Blut der M\u00e4rtyrer fruchtet die Kirche<\/li>\n<\/ul>\n\n\n\n<p>Seit den ersten Jahrhunderten versteht das Christentum Leiden als Teilnahme am erl\u00f6senden Kreuz.<\/p>\n\n\n\n<hr class=\"wp-block-separator has-alpha-channel-opacity\"\/>\n\n\n\n<h2 class=\"wp-block-heading\">Die erl\u00f6sende Dimension des Leidens<\/h2>\n\n\n\n<p>Leiden, das mit Christus verbunden ist:<\/p>\n\n\n\n<ul class=\"wp-block-list\">\n<li>reinigt den Glauben<\/li>\n\n\n\n<li>st\u00e4rkt die Hoffnung<\/li>\n\n\n\n<li>evangelisiert die Welt<\/li>\n\n\n\n<li>offenbart die Wahrheit des Evangeliums<\/li>\n<\/ul>\n\n\n\n<p>Es geht nicht um die Suche nach Schmerz, sondern um Treue zur Liebe.<\/p>\n\n\n\n<hr class=\"wp-block-separator has-alpha-channel-opacity\"\/>\n\n\n\n<h2 class=\"wp-block-heading\">Das christliche Paradox<\/h2>\n\n\n\n<p>Die Geschichte zeigt ein konstantes Ph\u00e4nomen:<\/p>\n\n\n\n<p>\ud83d\udc49 Je mehr die Kirche verfolgt wird, desto mehr w\u00e4chst sie.<\/p>\n\n\n\n<p>Dies zeigte sich:<\/p>\n\n\n\n<ul class=\"wp-block-list\">\n<li>in Rom<\/li>\n\n\n\n<li>im Mittelalter<\/li>\n\n\n\n<li>in kommunistischen Regimen<\/li>\n\n\n\n<li>heute in Afrika und Asien<\/li>\n<\/ul>\n\n\n\n<hr class=\"wp-block-separator has-alpha-channel-opacity\"\/>\n\n\n\n<h1 class=\"wp-block-heading\">\u2764\ufe0f Pastorale Dimension: Was bedeutet das f\u00fcr uns?<\/h1>\n\n\n\n<p>Auch wenn viele Christen in freien L\u00e4ndern leben, fordert die verfolgte Kirche uns zutiefst heraus.<\/p>\n\n\n\n<h2 class=\"wp-block-heading\">1. Den Wert des Glaubens wiederentdecken<\/h2>\n\n\n\n<p>Wenn wir Gl\u00e4ubige sehen, die f\u00fcr Christus sterben:<\/p>\n\n\n\n<ul class=\"wp-block-list\">\n<li>hinterfragt es unsere Gleichg\u00fcltigkeit<\/li>\n\n\n\n<li>ruft zu Koh\u00e4renz auf<\/li>\n\n\n\n<li>weckt Dankbarkeit<\/li>\n<\/ul>\n\n\n\n<hr class=\"wp-block-separator has-alpha-channel-opacity\"\/>\n\n\n\n<h2 class=\"wp-block-heading\">2. F\u00fcr die verfolgte Kirche beten<\/h2>\n\n\n\n<p>Die christliche Tradition betont:<\/p>\n\n\n\n<ul class=\"wp-block-list\">\n<li>F\u00fcrbitte<\/li>\n\n\n\n<li>geistliche Gemeinschaft<\/li>\n\n\n\n<li>universelles Bewusstsein der Kirche<\/li>\n<\/ul>\n\n\n\n<hr class=\"wp-block-separator has-alpha-channel-opacity\"\/>\n\n\n\n<h2 class=\"wp-block-heading\">3. Religionsfreiheit verteidigen<\/h2>\n\n\n\n<p>Der christliche Glaube verteidigt die universelle Menschenw\u00fcrde.<\/p>\n\n\n\n<p>Der Gl\u00e4ubige soll:<\/p>\n\n\n\n<ul class=\"wp-block-list\">\n<li>Gerechtigkeit f\u00f6rdern<\/li>\n\n\n\n<li>religi\u00f6se Gewalt ablehnen<\/li>\n\n\n\n<li>grundlegende Rechte verteidigen<\/li>\n<\/ul>\n\n\n\n<hr class=\"wp-block-separator has-alpha-channel-opacity\"\/>\n\n\n\n<h2 class=\"wp-block-heading\">4. T\u00e4gliches Zeugnis leben<\/h2>\n\n\n\n<p>Nicht alle werden Blutm\u00e4rtyrer sein, aber wir k\u00f6nnen M\u00e4rtyrer durch Treue sein.<\/p>\n\n\n\n<p>Praktische Beispiele:<\/p>\n\n\n\n<ul class=\"wp-block-list\">\n<li>den Glauben \u00f6ffentlich ohne Angst leben<\/li>\n\n\n\n<li>die Wahrheit mit N\u00e4chstenliebe verteidigen<\/li>\n\n\n\n<li>im Angesicht von Spott oder kulturellem Druck standhaft bleiben<\/li>\n\n\n\n<li>die Familie im christlichen Glauben erziehen<\/li>\n<\/ul>\n\n\n\n<hr class=\"wp-block-separator has-alpha-channel-opacity\"\/>\n\n\n\n<h2 class=\"wp-block-heading\">5. Konkrete Solidarit\u00e4t<\/h2>\n\n\n\n<p>Die Kirche l\u00e4dt ein zu:<\/p>\n\n\n\n<ul class=\"wp-block-list\">\n<li>verfolgten Gemeinschaften helfen<\/li>\n\n\n\n<li>Missionen unterst\u00fctzen<\/li>\n\n\n\n<li>informieren und sensibilisieren<\/li>\n<\/ul>\n\n\n\n<hr class=\"wp-block-separator has-alpha-channel-opacity\"\/>\n\n\n\n<h1 class=\"wp-block-heading\">\u26ea Die verfolgte Kirche als prophetisches Zeichen f\u00fcr die Welt<\/h1>\n\n\n\n<p>Verfolgung offenbart eine tiefe Wahrheit:<\/p>\n\n\n\n<p>\ud83d\udc49 Das Christentum bleibt eine transformative Kraft.<\/p>\n\n\n\n<p>Wenn der Glaube keine geistliche Kraft h\u00e4tte, w\u00fcrde er keinen solchen Widerstand hervorrufen.<\/p>\n\n\n\n<p>Die verfolgte Kirche erinnert die Welt daran:<\/p>\n\n\n\n<ul class=\"wp-block-list\">\n<li>dass Gott existiert<\/li>\n\n\n\n<li>dass Wahrheit Treue verlangt<\/li>\n\n\n\n<li>dass Liebe st\u00e4rker ist als Angst<\/li>\n<\/ul>\n\n\n\n<hr class=\"wp-block-separator has-alpha-channel-opacity\"\/>\n\n\n\n<h1 class=\"wp-block-heading\">\ud83c\udf1f Christliche Hoffnung angesichts von Verfolgung<\/h1>\n\n\n\n<p>Der Christ antwortet nicht mit Hass oder Gewalt.<\/p>\n\n\n\n<p>Er antwortet mit:<\/p>\n\n\n\n<ul class=\"wp-block-list\">\n<li>Vergebung<\/li>\n\n\n\n<li>N\u00e4chstenliebe<\/li>\n\n\n\n<li>Treue<\/li>\n\n\n\n<li>eschatologischer Hoffnung<\/li>\n<\/ul>\n\n\n\n<p>Die Geschichte zeigt, dass Imperien vergehen, aber die Kirche bleibt bestehen.<\/p>\n\n\n\n<hr class=\"wp-block-separator has-alpha-channel-opacity\"\/>\n\n\n\n<h1 class=\"wp-block-heading\">\u2728 Fazit: Das Zeugnis, das unseren Glauben herausfordert<\/h1>\n\n\n\n<p>Die Kirche, die heute verfolgt wird, ist nicht nur ein geopolitisches Drama.<\/p>\n\n\n\n<p>Es ist ein <strong>geistliches Mysterium<\/strong>.<\/p>\n\n\n\n<p>Sie ist:<\/p>\n\n\n\n<ul class=\"wp-block-list\">\n<li>Teilnahme am Kreuz Christi<\/li>\n\n\n\n<li>Zeugnis der Wahrheit<\/li>\n\n\n\n<li>Aufruf zur Bekehrung der Welt<\/li>\n\n\n\n<li>Einladung, einen authentischen Glauben zu leben<\/li>\n<\/ul>\n\n\n\n<p>Die letzte Frage ist nicht nur: Wer verfolgt die Kirche?<\/p>\n\n\n\n<p>Die Frage lautet:<\/p>\n\n\n\n<p>\ud83d\udc49 <strong>Wie leben wir unseren Glauben angesichts des Beispiels jener, die ihn bis zum Tod hingeben?<\/strong><\/p>\n","protected":false},"excerpt":{"rendered":"<p>Wir leben in einem Zeitalter technologischen Fortschritts, der Globalisierung und st\u00e4ndiger Diskussionen \u00fcber Menschenrechte. Dennoch gibt es eine schmerzhafte Realit\u00e4t, die viele nicht kennen oder lieber ignorieren: Millionen von Christen werden noch heute wegen ihres Glaubens verfolgt. Dies ist keine alte Geschichte aus dem R\u00f6mischen Reich. Es ist nicht nur die Erinnerung an die ersten &hellip;<\/p>\n","protected":false},"author":3,"featured_media":4986,"comment_status":"closed","ping_status":"closed","sticky":false,"template":"","format":"standard","meta":{"_seopress_robots_primary_cat":"","_seopress_titles_title":"","_seopress_titles_desc":"","_seopress_robots_index":"","footnotes":""},"categories":[41,67],"tags":[1827],"class_list":["post-4985","post","type-post","status-publish","format-standard","has-post-thumbnail","","category-glaube-und-kultur","category-glaubenszeugnisse","tag-verfolgte-kirche"],"_links":{"self":[{"href":"https:\/\/catholicus.eu\/de\/wp-json\/wp\/v2\/posts\/4985","targetHints":{"allow":["GET"]}}],"collection":[{"href":"https:\/\/catholicus.eu\/de\/wp-json\/wp\/v2\/posts"}],"about":[{"href":"https:\/\/catholicus.eu\/de\/wp-json\/wp\/v2\/types\/post"}],"author":[{"embeddable":true,"href":"https:\/\/catholicus.eu\/de\/wp-json\/wp\/v2\/users\/3"}],"replies":[{"embeddable":true,"href":"https:\/\/catholicus.eu\/de\/wp-json\/wp\/v2\/comments?post=4985"}],"version-history":[{"count":1,"href":"https:\/\/catholicus.eu\/de\/wp-json\/wp\/v2\/posts\/4985\/revisions"}],"predecessor-version":[{"id":4987,"href":"https:\/\/catholicus.eu\/de\/wp-json\/wp\/v2\/posts\/4985\/revisions\/4987"}],"wp:featuredmedia":[{"embeddable":true,"href":"https:\/\/catholicus.eu\/de\/wp-json\/wp\/v2\/media\/4986"}],"wp:attachment":[{"href":"https:\/\/catholicus.eu\/de\/wp-json\/wp\/v2\/media?parent=4985"}],"wp:term":[{"taxonomy":"category","embeddable":true,"href":"https:\/\/catholicus.eu\/de\/wp-json\/wp\/v2\/categories?post=4985"},{"taxonomy":"post_tag","embeddable":true,"href":"https:\/\/catholicus.eu\/de\/wp-json\/wp\/v2\/tags?post=4985"}],"curies":[{"name":"wp","href":"https:\/\/api.w.org\/{rel}","templated":true}]}}