{"id":4970,"date":"2026-02-16T23:14:49","date_gmt":"2026-02-16T22:14:49","guid":{"rendered":"https:\/\/catholicus.eu\/de\/?p=4970"},"modified":"2026-02-16T23:14:50","modified_gmt":"2026-02-16T22:14:50","slug":"die-gegenreformation-als-die-kirche-innerlich-brannte-um-sich-zu-reinigen-und-seelen-zu-retten","status":"publish","type":"post","link":"https:\/\/catholicus.eu\/de\/die-gegenreformation-als-die-kirche-innerlich-brannte-um-sich-zu-reinigen-und-seelen-zu-retten\/","title":{"rendered":"Die Gegenreformation: Als die Kirche innerlich brannte, um sich zu reinigen und Seelen zu retten"},"content":{"rendered":"\n<p>Es gab einen Moment in der Geschichte, in dem die Kirche zu wanken schien. Europa zerriss sich selbst. Schlecht ausgebildete Priester, moralische Missst\u00e4nde, abwesende Bisch\u00f6fe, eine tiefe geistliche Krise \u2026 und mitten darin ein Bruch, der den Lauf der Christenheit ver\u00e4ndern sollte: die protestantische Reformation, eingeleitet durch Martin Luther im Jahr 1517.<\/p>\n\n\n\n<p>Viele glauben, die sogenannte <em>Gegenreformation<\/em> sei lediglich eine defensive Reaktion gewesen. Doch das greift zu kurz. Die Gegenreformation war vor allem eine Bewegung innerer Reinigung, einer tiefgreifenden Reform, einer geistlichen und lehrm\u00e4\u00dfigen Erneuerung. Sie war die Antwort der Kirche auf eine Wunde \u2013 ja \u2013, aber sie war zugleich ein erneuertes Pfingsten.<\/p>\n\n\n\n<p>Heute, im 21. Jahrhundert, da der Glaube erneut infrage gestellt, verw\u00e4ssert oder ignoriert wird, ist die Gegenreformation kein Thema der Vergangenheit. Sie ist eine dringende Lektion.<\/p>\n\n\n\n<hr class=\"wp-block-separator has-alpha-channel-opacity\"\/>\n\n\n\n<h2 class=\"wp-block-heading\">I. Der Kontext: Eine verwundete, aber nicht besiegte Kirche<\/h2>\n\n\n\n<p>Zu Beginn des 16. Jahrhunderts befand sich die Kirche in einer realen Krise. Es gab Missbr\u00e4uche wie falsch gepredigte Abl\u00e4sse, Korruption in bestimmten kirchlichen Kreisen und eine mangelhafte theologische Ausbildung eines Teils des Klerus.<\/p>\n\n\n\n<p>In diesem Kontext ver\u00f6ffentlichte Martin Luther seine 95 Thesen. Was als akademische Auseinandersetzung begann, entwickelte sich zu einer tiefgreifenden lehrm\u00e4\u00dfigen Spaltung: die Leugnung der Autorit\u00e4t des Papstes, die Zur\u00fcckweisung der Tradition, die Infragestellung der Sakramente, der Bruch mit der sichtbaren Einheit der Kirche.<\/p>\n\n\n\n<p>Die Antwort kam nicht sofort. Doch als sie kam, war sie kraftvoll und von der Vorsehung gef\u00fchrt.<\/p>\n\n\n\n<hr class=\"wp-block-separator has-alpha-channel-opacity\"\/>\n\n\n\n<h2 class=\"wp-block-heading\">II. Das Herz der Gegenreformation: Das Konzil, das die Geschichte ver\u00e4nderte<\/h2>\n\n\n\n<p>Das gro\u00dfe Instrument der Erneuerung war das Konzil von Trient (1545\u20131563).<\/p>\n\n\n\n<p>\u00dcber fast zwanzig Jahre hinweg, inmitten politischer und religi\u00f6ser Spannungen, kl\u00e4rten die Konzilsv\u00e4ter die katholische Lehre angesichts der protestantischen Irrt\u00fcmer und leiteten zugleich eine tiefgreifende disziplinarische Reform ein.<\/p>\n\n\n\n<h3 class=\"wp-block-heading\">1. Lehrm\u00e4\u00dfige Klarheit<\/h3>\n\n\n\n<p>Trient bekr\u00e4ftigte:<\/p>\n\n\n\n<ul class=\"wp-block-list\">\n<li>Die gemeinsame Autorit\u00e4t von Schrift und Tradition.<\/li>\n\n\n\n<li>Die Wirklichkeit der sieben Sakramente.<\/li>\n\n\n\n<li>Die wirkliche Gegenwart Christi in der Eucharistie.<\/li>\n\n\n\n<li>Die Notwendigkeit der Gnade zum Heil.<\/li>\n\n\n\n<li>Die freie Mitwirkung des Menschen mit dieser Gnade.<\/li>\n<\/ul>\n\n\n\n<p>Gegen\u00fcber der Lehre von der <em>sola fide<\/em> erinnerte die Kirche daran, dass der Glaube ohne Werke tot ist (vgl. Jakobus 2,26). Und angesichts des religi\u00f6sen Subjektivismus bekr\u00e4ftigte sie die sichtbare Autorit\u00e4t der von Christus auf Petrus gegr\u00fcndeten Kirche (vgl. Matth\u00e4us 16,18).<\/p>\n\n\n\n<p>\u201eIch aber habe f\u00fcr dich gebetet, dass dein Glaube nicht erlischt\u201c (Lukas 22,32).<br>Die Kirche verstand, dass sie diesen Glauben st\u00e4rken, nicht verw\u00e4ssern musste.<\/p>\n\n\n\n<h3 class=\"wp-block-heading\">2. Reform des Klerus<\/h3>\n\n\n\n<p>Seminare wurden verpflichtend eingef\u00fchrt, um eine angemessene Priesterausbildung zu gew\u00e4hrleisten. Die Residenzpflicht der Bisch\u00f6fe wurde durchgesetzt. Liturgische Missbr\u00e4uche wurden korrigiert. Ein koh\u00e4rentes moralisches Leben wurde gef\u00f6rdert.<\/p>\n\n\n\n<p>Es war nicht nur eine intellektuelle Antwort. Es war eine geistliche Reform.<\/p>\n\n\n\n<hr class=\"wp-block-separator has-alpha-channel-opacity\"\/>\n\n\n\n<h2 class=\"wp-block-heading\">III. Heilige, die die Welt in Brand setzten<\/h2>\n\n\n\n<p>Die Gegenreformation bestand nicht nur aus Dokumenten. Sie war gelebte Heiligkeit.<\/p>\n\n\n\n<p>Gott erweckte geistliche Giganten wie:<\/p>\n\n\n\n<ul class=\"wp-block-list\">\n<li>Den heiligen Ignatius von Loyola, Gr\u00fcnder der Gesellschaft Jesu, der Evangelisierung und Bildung revolutionierte.<\/li>\n\n\n\n<li>Die heilige Teresa von \u00c1vila, Reformerin des Karmel und Meisterin des Gebets.<\/li>\n\n\n\n<li>Den heiligen Karl Borrom\u00e4us, Vorbild eines reformierenden Bischofs.<\/li>\n\n\n\n<li>Den heiligen Franz von Sales, Apostel der Liebe und der Sanftmut.<\/li>\n<\/ul>\n\n\n\n<p>Sie verstanden etwas Wesentliches: Wahre Reform beginnt im Herzen.<\/p>\n\n\n\n<p>Es ging nicht darum, Debatten zu gewinnen, sondern Seelen zu retten.<\/p>\n\n\n\n<hr class=\"wp-block-separator has-alpha-channel-opacity\"\/>\n\n\n\n<h2 class=\"wp-block-heading\">IV. Die tiefe theologische Dimension: Gnade, Sakramente und Autorit\u00e4t<\/h2>\n\n\n\n<p>Aus theologischer Sicht verteidigte die Gegenreformation drei grundlegende Pfeiler:<\/p>\n\n\n\n<h3 class=\"wp-block-heading\">1. Die Gnade verwandelt wirklich<\/h3>\n\n\n\n<p>Wir werden nicht nur f\u00fcr gerecht erkl\u00e4rt; wir werden durch die Gnade gerecht gemacht. Die Heiligung ist keine juristische Fiktion, sondern eine wirkliche Verwandlung der Seele.<\/p>\n\n\n\n<p>Das hat enorme Bedeutung f\u00fcr unsere Zeit. In einer Kultur, die alles auf Gef\u00fchle oder Selbstbest\u00e4tigung reduziert, verk\u00fcndet die Kirche, dass Gott dich wirklich ver\u00e4ndern kann.<\/p>\n\n\n\n<h3 class=\"wp-block-heading\">2. Die Sakramente sind wirkliche Kan\u00e4le des Heils<\/h3>\n\n\n\n<p>In der Eucharistie gibt es kein leeres Symbol: Christus ist wahrhaft, wirklich und wesentlich gegenw\u00e4rtig. In der Beichte gibt es keine blo\u00dfe emotionale Therapie: es gibt eine wirkliche Lossprechung.<\/p>\n\n\n\n<p>Die Gegenreformation verteidigte den sakramentalen Realismus gegen einen subjektiven Spiritualismus.<\/p>\n\n\n\n<h3 class=\"wp-block-heading\">3. Die sichtbare Kirche ist von Christus gewollt<\/h3>\n\n\n\n<p>In einer Zeit, die eine \u201e\u00e0 la carte\u201c-Spiritualit\u00e4t sch\u00e4tzt, bekr\u00e4ftigte Trient, dass der Glaube weder privat noch individualistisch ist. Christus hat eine konkrete Kirche gegr\u00fcndet \u2013 mit Struktur, Autorit\u00e4t und Sakramenten.<\/p>\n\n\n\n<hr class=\"wp-block-separator has-alpha-channel-opacity\"\/>\n\n\n\n<h2 class=\"wp-block-heading\">V. Was sagt uns die Gegenreformation heute?<\/h2>\n\n\n\n<p>Wir erleben eine neue Krise: Relativismus, S\u00e4kularisierung, Verlust des S\u00fcndenbewusstseins, sakramentale Vernachl\u00e4ssigung.<\/p>\n\n\n\n<p>In vieler Hinsicht \u00e4hnelt unsere Zeit dem 16. Jahrhundert.<\/p>\n\n\n\n<p>Die Antwort darf nicht nur polemisch sein. Sie muss zutiefst geistlich sein.<\/p>\n\n\n\n<h3 class=\"wp-block-heading\">Praktische Anwendungen f\u00fcr dein Leben<\/h3>\n\n\n\n<ol class=\"wp-block-list\">\n<li><strong>Bilde deinen Glauben gr\u00fcndlich<\/strong><br>Religi\u00f6se Gef\u00fchle gen\u00fcgen nicht. Studiere den Katechismus. Lies die Heilige Schrift. Kenne die Tradition.<\/li>\n\n\n\n<li><strong>Lebe die Sakramente intensiv<\/strong><br>H\u00e4ufige Beichte. Ehrf\u00fcrchtige Kommunion. Die Messe in der Tiefe mitfeiern.<\/li>\n\n\n\n<li><strong>Reformiere dein eigenes Leben<\/strong><br>Bevor du die Welt kritisierst, reformiere deine Seele. Die Gegenreformation begann im Inneren.<\/li>\n\n\n\n<li><strong>Sei heilig in deinem Stand<\/strong><br>Vater, Mutter, Arbeiter, junger Mensch, Unternehmer \u2026 Heiligkeit ist nicht nur f\u00fcr wenige.<\/li>\n\n\n\n<li><strong>Verteidige die Wahrheit in Liebe<\/strong><br>Wie der heilige Franz von Sales lehrte, gewinnt man mehr Seelen mit einem Tropfen Honig als mit einem Fass Essig.<\/li>\n<\/ol>\n\n\n\n<hr class=\"wp-block-separator has-alpha-channel-opacity\"\/>\n\n\n\n<h2 class=\"wp-block-heading\">VI. Eine dringende pastorale Lektion<\/h2>\n\n\n\n<p>Aus pastoraler Sicht ist die gro\u00dfe Lehre klar: Wenn die Kirche Krisen durchlebt, erweckt Gott Heilige.<\/p>\n\n\n\n<p>Die L\u00f6sung war nie, die Lehre abzuschw\u00e4chen, sondern sie reiner zu leben.<\/p>\n\n\n\n<p>Die Gegenreformation zeigt, dass lehrm\u00e4\u00dfige Treue und geistliche Erneuerung keine Gegens\u00e4tze sind; sie sind untrennbar.<\/p>\n\n\n\n<p>Heute brauchen wir:<\/p>\n\n\n\n<ul class=\"wp-block-list\">\n<li>Heilige Priester.<\/li>\n\n\n\n<li>Gut ausgebildete Laien.<\/li>\n\n\n\n<li>Familien, die fest im Glauben stehen.<\/li>\n\n\n\n<li>Mutige junge Menschen.<\/li>\n<\/ul>\n\n\n\n<p>Christus hat verhei\u00dfen:<br>\u201eDie Pforten der H\u00f6lle werden sie nicht \u00fcberw\u00e4ltigen\u201c (Matth\u00e4us 16,18).<\/p>\n\n\n\n<p>Er sagte nicht, dass es keine Angriffe geben w\u00fcrde. Er sagte, dass sie nicht siegen werden.<\/p>\n\n\n\n<hr class=\"wp-block-separator has-alpha-channel-opacity\"\/>\n\n\n\n<h2 class=\"wp-block-heading\">VII. Die Gegenreformation beginnt mit dir<\/h2>\n\n\n\n<p>Wir sind nicht zur historischen Nostalgie berufen. Wir sind zur Umkehr berufen.<\/p>\n\n\n\n<p>Die wahre Gegenreformation des 21. Jahrhunderts wird nicht nur in Synoden oder Dokumenten stattfinden. Sie wird in deinem Beichtstuhl stattfinden. In deinem t\u00e4glichen Gebet. In deiner moralischen Konsequenz. In deiner Treue zur Wahrheit.<\/p>\n\n\n\n<p>Die Kirche erneuert sich nicht von au\u00dfen, sondern vom Altar und vom Herzen her.<\/p>\n\n\n\n<p>Die Geschichte lehrt uns, dass Krisen die Kirche nicht zerst\u00f6ren. Sie reinigen sie.<\/p>\n\n\n\n<p>Und vielleicht bereitet Gott heute, wie damals, einen neuen Fr\u00fchling der Heiligkeit vor.<\/p>\n\n\n\n<p>Die Frage ist nicht, ob es eine Erneuerung geben wird.<\/p>\n\n\n\n<p>Die Frage ist:<br><strong>Wirst du Teil davon sein?<\/strong><\/p>\n","protected":false},"excerpt":{"rendered":"<p>Es gab einen Moment in der Geschichte, in dem die Kirche zu wanken schien. Europa zerriss sich selbst. Schlecht ausgebildete Priester, moralische Missst\u00e4nde, abwesende Bisch\u00f6fe, eine tiefe geistliche Krise \u2026 und mitten darin ein Bruch, der den Lauf der Christenheit ver\u00e4ndern sollte: die protestantische Reformation, eingeleitet durch Martin Luther im Jahr 1517. Viele glauben, die &hellip;<\/p>\n","protected":false},"author":3,"featured_media":4971,"comment_status":"closed","ping_status":"closed","sticky":false,"template":"","format":"standard","meta":{"_seopress_robots_primary_cat":"","_seopress_titles_title":"","_seopress_titles_desc":"","_seopress_robots_index":"","footnotes":""},"categories":[48,38],"tags":[236],"class_list":["post-4970","post","type-post","status-publish","format-standard","has-post-thumbnail","","category-geschichte-der-kirche","category-geschichte-und-tradition","tag-gegenreformation"],"_links":{"self":[{"href":"https:\/\/catholicus.eu\/de\/wp-json\/wp\/v2\/posts\/4970","targetHints":{"allow":["GET"]}}],"collection":[{"href":"https:\/\/catholicus.eu\/de\/wp-json\/wp\/v2\/posts"}],"about":[{"href":"https:\/\/catholicus.eu\/de\/wp-json\/wp\/v2\/types\/post"}],"author":[{"embeddable":true,"href":"https:\/\/catholicus.eu\/de\/wp-json\/wp\/v2\/users\/3"}],"replies":[{"embeddable":true,"href":"https:\/\/catholicus.eu\/de\/wp-json\/wp\/v2\/comments?post=4970"}],"version-history":[{"count":1,"href":"https:\/\/catholicus.eu\/de\/wp-json\/wp\/v2\/posts\/4970\/revisions"}],"predecessor-version":[{"id":4972,"href":"https:\/\/catholicus.eu\/de\/wp-json\/wp\/v2\/posts\/4970\/revisions\/4972"}],"wp:featuredmedia":[{"embeddable":true,"href":"https:\/\/catholicus.eu\/de\/wp-json\/wp\/v2\/media\/4971"}],"wp:attachment":[{"href":"https:\/\/catholicus.eu\/de\/wp-json\/wp\/v2\/media?parent=4970"}],"wp:term":[{"taxonomy":"category","embeddable":true,"href":"https:\/\/catholicus.eu\/de\/wp-json\/wp\/v2\/categories?post=4970"},{"taxonomy":"post_tag","embeddable":true,"href":"https:\/\/catholicus.eu\/de\/wp-json\/wp\/v2\/tags?post=4970"}],"curies":[{"name":"wp","href":"https:\/\/api.w.org\/{rel}","templated":true}]}}