{"id":4967,"date":"2026-02-16T10:09:47","date_gmt":"2026-02-16T09:09:47","guid":{"rendered":"https:\/\/catholicus.eu\/de\/?p=4967"},"modified":"2026-02-16T10:09:47","modified_gmt":"2026-02-16T09:09:47","slug":"die-buecher-der-koenige-wenn-die-macht-gott-vergisst-und-gott-sein-volk-nicht-vergisst","status":"publish","type":"post","link":"https:\/\/catholicus.eu\/de\/die-buecher-der-koenige-wenn-die-macht-gott-vergisst-und-gott-sein-volk-nicht-vergisst\/","title":{"rendered":"Die B\u00fccher der K\u00f6nige: Wenn die Macht Gott vergisst und Gott sein Volk nicht vergisst"},"content":{"rendered":"\n<p>Wir leben in einer Zeit, die von Macht fasziniert ist: politische Macht, wirtschaftliche Macht, mediale Macht, technologische Macht. Und doch halten wir selten inne, um \u00fcber eine wesentliche Wahrheit nachzudenken: <strong>Macht ohne Gott wird zur Zerst\u00f6rung, aber Macht, die sich Gott unterordnet, wird zum Werkzeug des Heils<\/strong>.<\/p>\n\n\n\n<p>Die sogenannten <em>B\u00fccher der K\u00f6nige<\/em> \u2013 die in der hebr\u00e4ischen Tradition ein einheitliches Geschichtswerk bilden und in der christlichen Bibel als <strong>Erstes und Zweites Buch der K\u00f6nige<\/strong> bekannt sind \u2013 sind eine geistliche R\u00f6ntgenaufnahme menschlicher Macht. In ihnen finden wir nicht nur die politische Geschichte Israels und Judas; wir entdecken das ewige Drama des menschlichen Herzens vor Gott.<\/p>\n\n\n\n<p>Dieser Artikel m\u00f6chte Ihnen helfen, sie nicht nur als alte Geschichte zu verstehen, sondern als Spiegel Ihres eigenen Lebens.<\/p>\n\n\n\n<hr class=\"wp-block-separator has-alpha-channel-opacity\"\/>\n\n\n\n<h2 class=\"wp-block-heading\">1. Was sind die B\u00fccher der K\u00f6nige?<\/h2>\n\n\n\n<p>Die <strong>B\u00fccher der K\u00f6nige<\/strong> setzen die Erz\u00e4hlung fort, die in den B\u00fcchern Samuel begonnen wurde. Sie berichten die Geschichte des Volkes Israel von der Herrschaft Salomo bis zum Fall Jerusalems und dem Exil in Babylon (6. Jahrhundert v. Chr.).<\/p>\n\n\n\n<p>Zu den zentralen Gestalten geh\u00f6ren:<\/p>\n\n\n\n<ul class=\"wp-block-list\">\n<li>Salomo<\/li>\n\n\n\n<li>Elija<\/li>\n\n\n\n<li>Elischa<\/li>\n\n\n\n<li>Ahab<\/li>\n\n\n\n<li>Isebel<\/li>\n<\/ul>\n\n\n\n<p>Doch \u00fcber die Personen hinaus ist der wahre Protagonist Gott selbst: <strong>der Herr, der die Geschichte lenkt und die Herzen der Herrscher richtet<\/strong>.<\/p>\n\n\n\n<hr class=\"wp-block-separator has-alpha-channel-opacity\"\/>\n\n\n\n<h2 class=\"wp-block-heading\">2. Der Glanz und der Fall Salomos: Die Gefahr der Lauheit<\/h2>\n\n\n\n<p>Der Bericht beginnt mit der Herrschaft Salomos, des Sohnes Davids. Salomo wird als der weise K\u00f6nig schlechthin dargestellt. Ihm wird der Bau des Tempels in Jerusalem zugeschrieben, dem geistlichen Zentrum des Volkes Israel.<\/p>\n\n\n\n<p>Sein ber\u00fchmtes Gebet ist zutiefst bewegend:<\/p>\n\n\n\n<blockquote class=\"wp-block-quote is-layout-flow wp-block-quote-is-layout-flow\">\n<p>\u201eVerleihe deinem Knecht ein h\u00f6rendes Herz, damit er dein Volk zu regieren und das Gute vom B\u00f6sen zu unterscheiden versteht\u201c (1 K\u00f6nige 3,9).<\/p>\n<\/blockquote>\n\n\n\n<p>Hier finden wir eine grundlegende theologische Lehre: <strong>wahre Weisheit ist nicht menschliche Klugheit, sondern F\u00fcgsamkeit gegen\u00fcber Gott<\/strong>.<\/p>\n\n\n\n<p>Und doch wich derselbe Salomo, der in Demut begonnen hatte, sp\u00e4ter ab:<\/p>\n\n\n\n<blockquote class=\"wp-block-quote is-layout-flow wp-block-quote-is-layout-flow\">\n<p>\u201eAls aber Salomo alt geworden war, da neigten seine Frauen sein Herz anderen G\u00f6ttern zu\u201c (1 K\u00f6nige 11,4).<\/p>\n<\/blockquote>\n\n\n\n<p>Geistliche Lauheit, Kompromisse mit der Welt, religi\u00f6ser Relativismus\u2026 das sind keine modernen Probleme. Sie gab es schon damals.<\/p>\n\n\n\n<p><strong>Praktische Anwendung:<\/strong><br>Wie oft beginnen wir eine Berufung, eine Ehe, ein Apostolat mit Eifer\u2026 und werden nach und nach bequem? Salomo lehrt uns, dass die gr\u00f6\u00dfte Gefahr nicht der pl\u00f6tzliche Fehler ist, sondern die langsame Erosion des Herzens.<\/p>\n\n\n\n<hr class=\"wp-block-separator has-alpha-channel-opacity\"\/>\n\n\n\n<h2 class=\"wp-block-heading\">3. Die Teilung des Reiches: Wenn die S\u00fcnde die Einheit zerbricht<\/h2>\n\n\n\n<p>Nach Salomos Tod wird das Reich geteilt:<\/p>\n\n\n\n<ul class=\"wp-block-list\">\n<li>Das Nordreich (Israel)<\/li>\n\n\n\n<li>Das S\u00fcdreich (Juda)<\/li>\n<\/ul>\n\n\n\n<p>Diese politische Spaltung ist eine direkte Folge der geistlichen S\u00fcnde.<\/p>\n\n\n\n<p>Theologisch offenbart dies eine tiefe Wahrheit:<br><strong>Die S\u00fcnde betrifft nicht nur den Einzelnen; sie zersetzt Gemeinschaften, Familien und Nationen.<\/strong><\/p>\n\n\n\n<p>Wir sehen das heute deutlich: ideologische Spaltungen, Polarisierung, kulturelle Konflikte\u2026 Die Wurzel ist immer dieselbe: Wenn Gott nicht mehr im Zentrum steht, nimmt der Mensch seinen Platz ein \u2013 und alles zerf\u00e4llt.<\/p>\n\n\n\n<hr class=\"wp-block-separator has-alpha-channel-opacity\"\/>\n\n\n\n<h2 class=\"wp-block-heading\">4. Elija: Die Stimme Gottes in Zeiten des Abfalls<\/h2>\n\n\n\n<p>Einer der eindrucksvollsten Momente in den B\u00fcchern der K\u00f6nige ist die Konfrontation zwischen dem Propheten Elija und den Propheten des Baal auf dem Berg Karmel.<\/p>\n\n\n\n<p>Elija ruft:<\/p>\n\n\n\n<blockquote class=\"wp-block-quote is-layout-flow wp-block-quote-is-layout-flow\">\n<p>\u201eWie lange hinkt ihr auf beiden Seiten? Wenn der Herr Gott ist, dann folgt ihm; wenn aber Baal, dann folgt ihm!\u201c (1 K\u00f6nige 18,21).<\/p>\n<\/blockquote>\n\n\n\n<p>Diese Frage durchdringt die Jahrhunderte.<\/p>\n\n\n\n<p>Man kann nicht mit geteiltem Herzen leben. Man kann nicht Gott dienen und zugleich dem G\u00f6tzen des Erfolges, des Geldes, der Lust oder des Prestiges.<\/p>\n\n\n\n<p><strong>Pastorale Perspektive:<\/strong><br>Elija verk\u00f6rpert die prophetische Sendung der Kirche in der heutigen Welt. Die Kirche ist nicht berufen, der Macht zu gefallen, sondern ihr ihre Grenzen aufzuzeigen. Der Christ ist in seinem beruflichen oder famili\u00e4ren Umfeld ebenfalls berufen, eine Stimme des Gewissens zu sein.<\/p>\n\n\n\n<hr class=\"wp-block-separator has-alpha-channel-opacity\"\/>\n\n\n\n<h2 class=\"wp-block-heading\">5. Ahab und Isebel: Wenn Macht zur G\u00f6tzenverehrung wird<\/h2>\n\n\n\n<p>Die Herrschaft Ahab und Isebel geh\u00f6rt zu den dunkelsten.<\/p>\n\n\n\n<p>Isebel f\u00fchrt offiziell den Baalskult ein. Die Propheten werden verfolgt. Die Rechtsprechung wird manipuliert. Der Fall von Nabots Weinberg (1 K\u00f6nige 21) ist beispielhaft: Machtmissbrauch, Justizkorruption, vertuschter Mord.<\/p>\n\n\n\n<p>Klingt das nicht vertraut?<\/p>\n\n\n\n<p>Wenn die Macht die Gottesfurcht verliert:<\/p>\n\n\n\n<ul class=\"wp-block-list\">\n<li>Wird das Gesetz zu einem ideologischen Instrument.<\/li>\n\n\n\n<li>Wird die Wahrheit relativiert.<\/li>\n\n\n\n<li>Verliert das menschliche Leben seinen Wert.<\/li>\n<\/ul>\n\n\n\n<p>Die B\u00fccher der K\u00f6nige lehren klar, dass <strong>keine menschliche Macht dem Gericht Gottes entgeht<\/strong>.<\/p>\n\n\n\n<hr class=\"wp-block-separator has-alpha-channel-opacity\"\/>\n\n\n\n<h2 class=\"wp-block-heading\">6. Elischa: Barmherzigkeit mitten im Chaos<\/h2>\n\n\n\n<p>Nach Elija tritt Elischa auf, ein Prophet der Wunder und des Mitgef\u00fchls.<\/p>\n\n\n\n<p>Er vermehrt \u00d6l f\u00fcr eine Witwe, erweckt den Sohn der Schunemiterin zum Leben und heilt Naaman, den Syrer.<\/p>\n\n\n\n<p>Mitten in politischer Korruption handelt Gott weiterhin leise durch die Barmherzigkeit.<\/p>\n\n\n\n<p>Theologisch ist das grundlegend:<br><strong>Die Geschichte wird nicht vom B\u00f6sen beherrscht; sie wird von der stillen Treue Gottes getragen.<\/strong><\/p>\n\n\n\n<p>In Zeiten kirchlicher oder gesellschaftlicher Krise verzweifeln viele. Doch die B\u00fccher der K\u00f6nige erinnern uns daran, dass Gott immer einen \u201etreuen Rest\u201c bewahrt.<\/p>\n\n\n\n<hr class=\"wp-block-separator has-alpha-channel-opacity\"\/>\n\n\n\n<h2 class=\"wp-block-heading\">7. Der Fall Jerusalems: Gericht und Hoffnung<\/h2>\n\n\n\n<p>Das Buch endet mit der Zerst\u00f6rung Jerusalems und dem Exil in Babylon.<\/p>\n\n\n\n<p>Auf den ersten Blick scheint es eine totale Niederlage zu sein. Theologisch ist es das nicht.<\/p>\n\n\n\n<p>Das Exil ist Reinigung. Es ist g\u00f6ttliche P\u00e4dagogik. Es ist ein Ruf zur Umkehr.<\/p>\n\n\n\n<p>Gott l\u00e4sst den Fall zu, aber er verl\u00e4sst sein Volk nicht.<\/p>\n\n\n\n<p>Hier finden wir einen der tiefsten geistlichen Schl\u00fcssel dieser B\u00fccher:<\/p>\n\n\n\n<p><strong>Gottes Strafe ist keine Rache; sie ist Medizin.<\/strong><\/p>\n\n\n\n<p>Wie oft werden unsere pers\u00f6nlichen Krisen \u2013 eine Krankheit, ein Scheitern, ein Verlust \u2013 zum Weg der R\u00fcckkehr zu Gott?<\/p>\n\n\n\n<hr class=\"wp-block-separator has-alpha-channel-opacity\"\/>\n\n\n\n<h2 class=\"wp-block-heading\">8. Tiefe theologische Schl\u00fcssel<\/h2>\n\n\n\n<h3 class=\"wp-block-heading\">1. Gott ist Herr der Geschichte<\/h3>\n\n\n\n<p>Nicht die Reiche herrschen. Nicht die Ideologien herrschen. Gott herrscht.<\/p>\n\n\n\n<h3 class=\"wp-block-heading\">2. Treue bringt Segen; G\u00f6tzendienst bringt Verderben<\/h3>\n\n\n\n<p>Das ist kein Aberglaube, sondern ein geistliches Gesetz.<\/p>\n\n\n\n<h3 class=\"wp-block-heading\">3. Macht ist Dienst<\/h3>\n\n\n\n<p>Wenn sie aufh\u00f6rt, Dienst zu sein, wird sie zur Tyrannei.<\/p>\n\n\n\n<h3 class=\"wp-block-heading\">4. Gott erweckt immer Propheten<\/h3>\n\n\n\n<p>Auch wenn die Welt sich weigert zuzuh\u00f6ren.<\/p>\n\n\n\n<hr class=\"wp-block-separator has-alpha-channel-opacity\"\/>\n\n\n\n<h2 class=\"wp-block-heading\">9. Praktische Anwendungen f\u00fcr Ihr Leben<\/h2>\n\n\n\n<h3 class=\"wp-block-heading\">\u2714 Pr\u00fcfen Sie Ihre \u201eG\u00f6tzen\u201c<\/h3>\n\n\n\n<p>Was nimmt im Herzen den Platz Gottes ein?<\/p>\n\n\n\n<h3 class=\"wp-block-heading\">\u2714 Beten Sie f\u00fcr die Regierenden<\/h3>\n\n\n\n<p>Der heilige Paulus wird Jahrhunderte sp\u00e4ter darum bitten. Politik ist dem Glauben nicht fremd.<\/p>\n\n\n\n<h3 class=\"wp-block-heading\">\u2714 Seien Sie Prophet in Ihrem Umfeld<\/h3>\n\n\n\n<p>Nicht durch Aggressivit\u00e4t, sondern durch Glaubw\u00fcrdigkeit.<\/p>\n\n\n\n<h3 class=\"wp-block-heading\">\u2714 Bleiben Sie treu im Kleinen<\/h3>\n\n\n\n<p>Elischa begann nicht mit gro\u00dfen Taten, sondern indem er Elija diente.<\/p>\n\n\n\n<h3 class=\"wp-block-heading\">\u2714 Deuten Sie Ihre Krisen im Licht der Vorsehung<\/h3>\n\n\n\n<p>Nichts liegt au\u00dferhalb des Planes Gottes.<\/p>\n\n\n\n<hr class=\"wp-block-separator has-alpha-channel-opacity\"\/>\n\n\n\n<h2 class=\"wp-block-heading\">10. Eine dringende Botschaft f\u00fcr unsere Zeit<\/h2>\n\n\n\n<p>Die B\u00fccher der K\u00f6nige sind keine alte Chronik ohne Bedeutung. Sie sind ein Spiegel des 21. Jahrhunderts.<\/p>\n\n\n\n<p>Wir leben inmitten von:<\/p>\n\n\n\n<ul class=\"wp-block-list\">\n<li>Technologischer G\u00f6tzenverehrung<\/li>\n\n\n\n<li>Institutioneller Korruption<\/li>\n\n\n\n<li>Moralischem Relativismus<\/li>\n\n\n\n<li>Autorit\u00e4tskrise<\/li>\n<\/ul>\n\n\n\n<p>Und doch ist die L\u00f6sung nicht neu:<br><strong>Gott wieder in die Mitte stellen.<\/strong><\/p>\n\n\n\n<p>Wie Elija fragte:<br>\u201eWie lange hinkt ihr auf beiden Seiten?\u201c<\/p>\n\n\n\n<hr class=\"wp-block-separator has-alpha-channel-opacity\"\/>\n\n\n\n<h2 class=\"wp-block-heading\">Schluss: Die Geschichte geht weiter\u2026 in Ihnen<\/h2>\n\n\n\n<p>Die B\u00fccher der K\u00f6nige enden mit einem Hoffnungsschimmer: K\u00f6nig Jojachin wird in Babylon freigelassen. Die davidische Dynastie ist nicht ausgel\u00f6scht. Die Verhei\u00dfung bleibt lebendig.<\/p>\n\n\n\n<p>Jahrhunderte sp\u00e4ter wird sich diese Verhei\u00dfung in Christus, dem endg\u00fcltigen K\u00f6nig, erf\u00fcllen.<\/p>\n\n\n\n<p>Doch bis dahin wird die Geschichte der K\u00f6nige jeden Tag im Herzen jedes Gl\u00e4ubigen weitergeschrieben.<\/p>\n\n\n\n<p>Auch Sie regieren ein kleines Reich: Ihre Familie, Ihre Arbeit, Ihr Gewissen.<\/p>\n\n\n\n<p>Die Frage ist dieselbe, die sich durch diese B\u00fccher zieht:<\/p>\n\n\n\n<p><strong>Werden Sie nach dem Herzen Gottes herrschen \u2013 oder nach den G\u00f6tzen Ihrer Zeit?<\/strong><\/p>\n\n\n\n<p>M\u00f6gen die B\u00fccher der K\u00f6nige nicht nur biblische Lekt\u00fcre sein, sondern Gewissenserforschung, Ruf zur Umkehr und Schule der Treue.<\/p>\n\n\n\n<p>Denn wenn der Mensch Gott vergisst, verdunkelt sich die Geschichte.<br>Doch wenn der Mensch zu Gott zur\u00fcckkehrt, beginnt die wahre Erneuerung.<\/p>\n","protected":false},"excerpt":{"rendered":"<p>Wir leben in einer Zeit, die von Macht fasziniert ist: politische Macht, wirtschaftliche Macht, mediale Macht, technologische Macht. Und doch halten wir selten inne, um \u00fcber eine wesentliche Wahrheit nachzudenken: Macht ohne Gott wird zur Zerst\u00f6rung, aber Macht, die sich Gott unterordnet, wird zum Werkzeug des Heils. Die sogenannten B\u00fccher der K\u00f6nige \u2013 die in &hellip;<\/p>\n","protected":false},"author":3,"featured_media":4968,"comment_status":"closed","ping_status":"closed","sticky":false,"template":"","format":"standard","meta":{"_seopress_robots_primary_cat":"","_seopress_titles_title":"","_seopress_titles_desc":"","_seopress_robots_index":"","footnotes":""},"categories":[45,37],"tags":[1823],"class_list":["post-4967","post","type-post","status-publish","format-standard","has-post-thumbnail","","category-heilige-schrift","category-lehre-und-glaube","tag-koenige"],"_links":{"self":[{"href":"https:\/\/catholicus.eu\/de\/wp-json\/wp\/v2\/posts\/4967","targetHints":{"allow":["GET"]}}],"collection":[{"href":"https:\/\/catholicus.eu\/de\/wp-json\/wp\/v2\/posts"}],"about":[{"href":"https:\/\/catholicus.eu\/de\/wp-json\/wp\/v2\/types\/post"}],"author":[{"embeddable":true,"href":"https:\/\/catholicus.eu\/de\/wp-json\/wp\/v2\/users\/3"}],"replies":[{"embeddable":true,"href":"https:\/\/catholicus.eu\/de\/wp-json\/wp\/v2\/comments?post=4967"}],"version-history":[{"count":1,"href":"https:\/\/catholicus.eu\/de\/wp-json\/wp\/v2\/posts\/4967\/revisions"}],"predecessor-version":[{"id":4969,"href":"https:\/\/catholicus.eu\/de\/wp-json\/wp\/v2\/posts\/4967\/revisions\/4969"}],"wp:featuredmedia":[{"embeddable":true,"href":"https:\/\/catholicus.eu\/de\/wp-json\/wp\/v2\/media\/4968"}],"wp:attachment":[{"href":"https:\/\/catholicus.eu\/de\/wp-json\/wp\/v2\/media?parent=4967"}],"wp:term":[{"taxonomy":"category","embeddable":true,"href":"https:\/\/catholicus.eu\/de\/wp-json\/wp\/v2\/categories?post=4967"},{"taxonomy":"post_tag","embeddable":true,"href":"https:\/\/catholicus.eu\/de\/wp-json\/wp\/v2\/tags?post=4967"}],"curies":[{"name":"wp","href":"https:\/\/api.w.org\/{rel}","templated":true}]}}