{"id":4893,"date":"2026-02-09T09:10:57","date_gmt":"2026-02-09T08:10:57","guid":{"rendered":"https:\/\/catholicus.eu\/de\/?p=4893"},"modified":"2026-02-09T09:10:57","modified_gmt":"2026-02-09T08:10:57","slug":"gaudi-wenn-stein-betet-und-schoenheit-zur-katechese-wird","status":"publish","type":"post","link":"https:\/\/catholicus.eu\/de\/gaudi-wenn-stein-betet-und-schoenheit-zur-katechese-wird\/","title":{"rendered":"Gaud\u00ed: Wenn Stein betet und Sch\u00f6nheit zur Katechese wird"},"content":{"rendered":"\n<h2 class=\"wp-block-heading\"><strong>Einleitung: Er baute keine Geb\u00e4ude, er errichtete Gebete<\/strong><\/h2>\n\n\n\n<p>Antoni Gaud\u00ed war nicht nur ein genialer Architekt. Er war vor allem <strong>ein Gl\u00e4ubiger, der mit den H\u00e4nden dachte<\/strong>, ein K\u00fcnstler, der verstand, dass Sch\u00f6nheit kein \u00e4sthetischer Luxus ist, sondern ein <strong>Weg zu Gott<\/strong>. In einer Welt, die Glauben und Kultur trennt, tat Gaud\u00ed genau das Gegenteil: <strong>Er verschmolz sie, bis sie untrennbar wurden<\/strong>.<\/p>\n\n\n\n<p>Heute, da viele Spiritualit\u00e4t ohne Religion und Kunst ohne Wahrheit suchen, erscheint Gaud\u00ed als eine erstaunlich aktuelle Gestalt. Seine Werke \u2013 insbesondere die Sagrada Fam\u00edlia \u2013 werden nicht nur mit den Augen verstanden, sondern mit der Seele. Sie sind <strong>Evangelien aus Stein<\/strong>, dreidimensionale Katechismen, stille Liturgien, die Tag und Nacht weiter predigen.<\/p>\n\n\n\n<p>Dieser Artikel m\u00f6chte dir helfen, <strong>Gaud\u00ed geistlich zu lesen<\/strong>, seinen katholischen Symbolismus zu verstehen, die theologische Tiefe seiner Kreativit\u00e4t zu entdecken und vor allem <strong>zu lernen, deinen Glauben mit derselben radikalen Konsequenz zu leben<\/strong>, mit der er seine Tempel errichtete.<\/p>\n\n\n\n<hr class=\"wp-block-separator has-alpha-channel-opacity\"\/>\n\n\n\n<h2 class=\"wp-block-heading\"><strong>1. Gaud\u00ed und seine Zeit: Ein Katholik gegen den Strom<\/strong><\/h2>\n\n\n\n<p>Antoni Gaud\u00ed (1852\u20131926) lebte in einer Zeit enormer Spannungen:<\/p>\n\n\n\n<ul class=\"wp-block-list\">\n<li>Beschleunigte Industrialisierung<\/li>\n\n\n\n<li>Wissenschaftlicher Positivismus<\/li>\n\n\n\n<li>Zunehmende S\u00e4kularisierung<\/li>\n\n\n\n<li>Krise der christlichen Identit\u00e4t in Europa<\/li>\n<\/ul>\n\n\n\n<p>W\u00e4hrend viele Intellektuelle den Glauben aufgaben oder ihn in den privaten Bereich verbannten, <strong>tat Gaud\u00ed das Undenkbare: Er stellte ihn in den Mittelpunkt seines Werkes<\/strong>.<\/p>\n\n\n\n<p>Er war kein soziologischer oder blo\u00df \u00e4sthetischer Katholik. Er war ein zutiefst <strong>sakramentaler<\/strong> Mensch, \u00fcberzeugt davon, dass:<\/p>\n\n\n\n<blockquote class=\"wp-block-quote is-layout-flow wp-block-quote-is-layout-flow\">\n<p><em>\u201eOriginalit\u00e4t darin besteht, zum Ursprung zur\u00fcckzukehren.\u201c<\/em><\/p>\n<\/blockquote>\n\n\n\n<p>Und der Ursprung war f\u00fcr ihn klar: <strong>Gott, der Sch\u00f6pfer<\/strong>.<\/p>\n\n\n\n<hr class=\"wp-block-separator has-alpha-channel-opacity\"\/>\n\n\n\n<h2 class=\"wp-block-heading\"><strong>2. Gaud\u00eds Kreativit\u00e4t: Den Sch\u00f6pfer nachahmen<\/strong><\/h2>\n\n\n\n<p>Aus theologischer Sicht ist Kreativit\u00e4t keine menschliche Laune. Sie ist Teilhabe am sch\u00f6pferischen Handeln Gottes.<\/p>\n\n\n\n<p>Die Heilige Schrift sagt dies unmissverst\u00e4ndlich:<\/p>\n\n\n\n<blockquote class=\"wp-block-quote is-layout-flow wp-block-quote-is-layout-flow\">\n<p><em>\u201eGott sah alles an, was er gemacht hatte: Und siehe, es war sehr gut.\u201c<\/em> (Genesis 1,31)<\/p>\n<\/blockquote>\n\n\n\n<p>Gaud\u00ed verstand dies radikal. Deshalb:<\/p>\n\n\n\n<ul class=\"wp-block-list\">\n<li>Lehnte er die starre Gerade ab<\/li>\n\n\n\n<li>Umarmte er die organische Geometrie<\/li>\n\n\n\n<li>Ahmte er B\u00e4ume, Knochen, Muscheln und Berge nach<\/li>\n<\/ul>\n\n\n\n<p>Er kopierte die Natur nicht: <strong>Er deutete sie theologisch<\/strong>. F\u00fcr ihn war die Natur:<\/p>\n\n\n\n<ul class=\"wp-block-list\">\n<li>Werk Gottes<\/li>\n\n\n\n<li>Eine g\u00f6ttliche Sprache<\/li>\n\n\n\n<li>Ein offenes Buch der Offenbarung<\/li>\n<\/ul>\n\n\n\n<p>Seine Architektur ist eine <strong>Nat\u00fcrliche Theologie aus Stein<\/strong>.<\/p>\n\n\n\n<hr class=\"wp-block-separator has-alpha-channel-opacity\"\/>\n\n\n\n<h2 class=\"wp-block-heading\"><strong>3. Die Sagrada Fam\u00edlia: Ein monumentaler Katechismus<\/strong><\/h2>\n\n\n\n<p>Die Basilika der Sagrada Fam\u00edlia ist nicht nur eine Kirche: Sie ist ein <strong>vollst\u00e4ndiger geistlicher Weg<\/strong>.<\/p>\n\n\n\n<h3 class=\"wp-block-heading\">\ud83d\udd39 Geburtsfassade<\/h3>\n\n\n\n<ul class=\"wp-block-list\">\n<li>Explosion von Leben, Licht und Hoffnung<\/li>\n\n\n\n<li>Feier der Menschwerdung<\/li>\n\n\n\n<li>Gott tritt in die Geschichte ein, in das Kleine, in das Dem\u00fctige<\/li>\n<\/ul>\n\n\n\n<h3 class=\"wp-block-heading\">\ud83d\udd39 Passionsfassade<\/h3>\n\n\n\n<ul class=\"wp-block-list\">\n<li>Hart, streng, beinahe brutal<\/li>\n\n\n\n<li>Zeigt den Preis der S\u00fcnde<\/li>\n\n\n\n<li>Das erl\u00f6sende Leiden Christi<\/li>\n<\/ul>\n\n\n\n<blockquote class=\"wp-block-quote is-layout-flow wp-block-quote-is-layout-flow\">\n<p><em>\u201eEr wurde durchbohrt wegen unserer Vergehen.\u201c<\/em> (Jesaja 53,5)<\/p>\n<\/blockquote>\n\n\n\n<h3 class=\"wp-block-heading\">\ud83d\udd39 Herrlichkeitsfassade<\/h3>\n\n\n\n<ul class=\"wp-block-list\">\n<li>Noch im Bau<\/li>\n\n\n\n<li>Stellt das ewige Leben, das Gericht, Himmel und H\u00f6lle dar<\/li>\n\n\n\n<li>Erinnert daran, dass die Geschichte ein Ende hat<\/li>\n<\/ul>\n\n\n\n<p>Gaud\u00ed entwarf den Tempel als eine <strong>Bibel f\u00fcr moderne Analphabeten<\/strong>, in der selbst der Ungl\u00e4ubige eine Botschaft empf\u00e4ngt \u2013 ob er es merkt oder nicht.<\/p>\n\n\n\n<hr class=\"wp-block-separator has-alpha-channel-opacity\"\/>\n\n\n\n<h2 class=\"wp-block-heading\"><strong>4. Katholischer Symbolismus: Nichts ist zuf\u00e4llig<\/strong><\/h2>\n\n\n\n<p>Bei Gaud\u00ed <strong>hat alles eine Bedeutung<\/strong>:<\/p>\n\n\n\n<ul class=\"wp-block-list\">\n<li><strong>Baumartige S\u00e4ulen<\/strong> \u2192 die Kirche als lebendiger Wald<\/li>\n\n\n\n<li><strong>Das Licht<\/strong> \u2192 Symbol Christi, \u201edas Licht der Welt\u201c (Joh 8,12)<\/li>\n\n\n\n<li><strong>Zahlen<\/strong> \u2192 trinitarisch, apostolisch, sakramental<\/li>\n\n\n\n<li><strong>H\u00f6he<\/strong> \u2192 Erhebung der Seele zu Gott<\/li>\n<\/ul>\n\n\n\n<p>Sogar Akustik, Ausrichtung und Materialien \u2013 alles ist darauf ausgerichtet, <strong>die Seele zu bilden<\/strong>.<\/p>\n\n\n\n<p>Gaud\u00ed baute nicht, um zu beeindrucken, sondern um <strong>zu bekehren<\/strong>.<\/p>\n\n\n\n<hr class=\"wp-block-separator has-alpha-channel-opacity\"\/>\n\n\n\n<h2 class=\"wp-block-heading\"><strong>5. Gaud\u00ed und die Liturgie: Architektur im Dienst des Gottesdienstes<\/strong><\/h2>\n\n\n\n<p>Einer der heute besonders aktuellen Aspekte Gaud\u00eds ist sein tiefes Verst\u00e4ndnis der Liturgie.<\/p>\n\n\n\n<p>F\u00fcr ihn:<\/p>\n\n\n\n<ul class=\"wp-block-list\">\n<li>Ist der Tempel kein Auditorium<\/li>\n\n\n\n<li>Kein Museum<\/li>\n\n\n\n<li>Kein soziales Zentrum<\/li>\n<\/ul>\n\n\n\n<p>Er ist <strong>das Haus Gottes und das Tor zum Himmel<\/strong>.<\/p>\n\n\n\n<p>Deshalb entwarf er R\u00e4ume, die:<\/p>\n\n\n\n<ul class=\"wp-block-list\">\n<li>Den Blick erheben<\/li>\n\n\n\n<li>Die Stille f\u00f6rdern<\/li>\n\n\n\n<li>Zur Anbetung f\u00fchren<\/li>\n<\/ul>\n\n\n\n<p>In Zeiten liturgischer Banalisierung erinnert uns Gaud\u00ed daran:<\/p>\n\n\n\n<blockquote class=\"wp-block-quote is-layout-flow wp-block-quote-is-layout-flow\">\n<p><strong>Die Form selbst evangelisiert.<\/strong><\/p>\n<\/blockquote>\n\n\n\n<hr class=\"wp-block-separator has-alpha-channel-opacity\"\/>\n\n\n\n<h2 class=\"wp-block-heading\"><strong>6. Pers\u00f6nliche Bekehrung: Der verborgene Gaud\u00ed<\/strong><\/h2>\n\n\n\n<p>In seiner Jugend war Gaud\u00ed weltlich, stolz und brillant. Doch im Laufe der Jahre geschah etwas Entscheidendes: <strong>Er erlebte eine tiefe Bekehrung<\/strong>.<\/p>\n\n\n\n<ul class=\"wp-block-list\">\n<li>Er lebte asketisch<\/li>\n\n\n\n<li>Er fastete<\/li>\n\n\n\n<li>Er betete t\u00e4glich<\/li>\n\n\n\n<li>Er ging h\u00e4ufig zur Beichte<\/li>\n<\/ul>\n\n\n\n<p>Am Ende seines Lebens \u00e4hnelte er mehr einem M\u00f6nch als einem Architekten.<\/p>\n\n\n\n<p>Er starb arm, von einer Stra\u00dfenbahn \u00fcberfahren, f\u00fcr einen Bettler gehalten. Paradoxerweise <strong>war dies seine letzte Predigt<\/strong>.<\/p>\n\n\n\n<blockquote class=\"wp-block-quote is-layout-flow wp-block-quote-is-layout-flow\">\n<p><em>\u201eSelig sind, die arm sind vor Gott.\u201c<\/em> (Matth\u00e4us 5,3)<\/p>\n<\/blockquote>\n\n\n\n<hr class=\"wp-block-separator has-alpha-channel-opacity\"\/>\n\n\n\n<h2 class=\"wp-block-heading\"><strong>7. Praktischer Leitfaden: Heute wie Gaud\u00ed leben<\/strong><\/h2>\n\n\n\n<h3 class=\"wp-block-heading\">\u2726 Aus theologischer Sicht<\/h3>\n\n\n\n<ol class=\"wp-block-list\">\n<li><strong>Die Sch\u00f6nheit als Weg zu Gott neu entdecken<\/strong><br>Der Glaube ist nicht nur moralische Wahrheit, er ist Glanz.<\/li>\n\n\n\n<li><strong>Glaube und Leben integrieren<\/strong><br>Lebe keinen zersplitterten Glauben. Gaud\u00ed tat es nicht.<\/li>\n\n\n\n<li><strong>Zur Natur zur\u00fcckkehren<\/strong><br>Lerne, sie als Sch\u00f6pfung zu lesen, nicht als blo\u00dfes Objekt.<\/li>\n<\/ol>\n\n\n\n<hr class=\"wp-block-separator has-alpha-channel-opacity\"\/>\n\n\n\n<h3 class=\"wp-block-heading\">\u2726 Aus pastoraler Sicht<\/h3>\n\n\n\n<ol class=\"wp-block-list\">\n<li><strong>Den Glauben durch Kunst bilden<\/strong><br>Kirchen, H\u00e4user, Katechese: Sch\u00f6nheit formt.<\/li>\n\n\n\n<li><strong>F\u00fcr die heiligen R\u00e4ume sorgen<\/strong><br>Was der Tempel sagt, offenbart, was wir glauben.<\/li>\n\n\n\n<li><strong>Ein stiller Zeuge sein<\/strong><br>Gaud\u00ed evangelisierte ohne Reden \u2013 durch Konsequenz.<\/li>\n<\/ol>\n\n\n\n<hr class=\"wp-block-separator has-alpha-channel-opacity\"\/>\n\n\n\n<h2 class=\"wp-block-heading\"><strong>8. Gaud\u00ed heute: Ein Prophet f\u00fcr eine verwundete Kirche<\/strong><\/h2>\n\n\n\n<p>In einer Welt, die:<\/p>\n\n\n\n<ul class=\"wp-block-list\">\n<li>Laut<\/li>\n\n\n\n<li>Oberfl\u00e4chlich<\/li>\n\n\n\n<li>Zerrissen ist<\/li>\n<\/ul>\n\n\n\n<p>Lehrt uns Gaud\u00ed, dass:<\/p>\n\n\n\n<ul class=\"wp-block-list\">\n<li>Der Glaube zutiefst intellektuell sein kann<\/li>\n\n\n\n<li>Radikal sch\u00f6n<\/li>\n\n\n\n<li>Absolut aktuell<\/li>\n<\/ul>\n\n\n\n<p>Das ist keine Nostalgie. Das ist Prophetie.<\/p>\n\n\n\n<hr class=\"wp-block-separator has-alpha-channel-opacity\"\/>\n\n\n\n<h2 class=\"wp-block-heading\"><strong>Schluss: Wenn Sch\u00f6nheit rettet<\/strong><\/h2>\n\n\n\n<p>Gaud\u00ed hat keine Ideen kanonisiert, sondern <strong>die Sch\u00f6nheit<\/strong>. Sein Werk spricht weiter, weil es aus der Wahrheit hervorgeht.<\/p>\n\n\n\n<p>Vielleicht verlangt Gott heute nicht von dir, eine Basilika zu errichten. Aber er verlangt von dir dasselbe wie von Gaud\u00ed:<\/p>\n\n\n\n<blockquote class=\"wp-block-quote is-layout-flow wp-block-quote-is-layout-flow\">\n<p><strong>Dein Leben als ein Ihm dargebrachtes Werk zu bauen.<\/strong><\/p>\n<\/blockquote>\n\n\n\n<p>Denn wenn der Glaube Fleisch wird, kann sogar der Stein beten.<\/p>\n","protected":false},"excerpt":{"rendered":"<p>Einleitung: Er baute keine Geb\u00e4ude, er errichtete Gebete Antoni Gaud\u00ed war nicht nur ein genialer Architekt. Er war vor allem ein Gl\u00e4ubiger, der mit den H\u00e4nden dachte, ein K\u00fcnstler, der verstand, dass Sch\u00f6nheit kein \u00e4sthetischer Luxus ist, sondern ein Weg zu Gott. In einer Welt, die Glauben und Kultur trennt, tat Gaud\u00ed genau das Gegenteil: &hellip;<\/p>\n","protected":false},"author":3,"featured_media":4894,"comment_status":"closed","ping_status":"closed","sticky":false,"template":"","format":"standard","meta":{"_seopress_robots_primary_cat":"","_seopress_titles_title":"","_seopress_titles_desc":"","_seopress_robots_index":"","footnotes":""},"categories":[41,67],"tags":[1807],"class_list":["post-4893","post","type-post","status-publish","format-standard","has-post-thumbnail","","category-glaube-und-kultur","category-glaubenszeugnisse","tag-gaudi"],"_links":{"self":[{"href":"https:\/\/catholicus.eu\/de\/wp-json\/wp\/v2\/posts\/4893","targetHints":{"allow":["GET"]}}],"collection":[{"href":"https:\/\/catholicus.eu\/de\/wp-json\/wp\/v2\/posts"}],"about":[{"href":"https:\/\/catholicus.eu\/de\/wp-json\/wp\/v2\/types\/post"}],"author":[{"embeddable":true,"href":"https:\/\/catholicus.eu\/de\/wp-json\/wp\/v2\/users\/3"}],"replies":[{"embeddable":true,"href":"https:\/\/catholicus.eu\/de\/wp-json\/wp\/v2\/comments?post=4893"}],"version-history":[{"count":1,"href":"https:\/\/catholicus.eu\/de\/wp-json\/wp\/v2\/posts\/4893\/revisions"}],"predecessor-version":[{"id":4895,"href":"https:\/\/catholicus.eu\/de\/wp-json\/wp\/v2\/posts\/4893\/revisions\/4895"}],"wp:featuredmedia":[{"embeddable":true,"href":"https:\/\/catholicus.eu\/de\/wp-json\/wp\/v2\/media\/4894"}],"wp:attachment":[{"href":"https:\/\/catholicus.eu\/de\/wp-json\/wp\/v2\/media?parent=4893"}],"wp:term":[{"taxonomy":"category","embeddable":true,"href":"https:\/\/catholicus.eu\/de\/wp-json\/wp\/v2\/categories?post=4893"},{"taxonomy":"post_tag","embeddable":true,"href":"https:\/\/catholicus.eu\/de\/wp-json\/wp\/v2\/tags?post=4893"}],"curies":[{"name":"wp","href":"https:\/\/api.w.org\/{rel}","templated":true}]}}