{"id":4887,"date":"2026-02-08T09:46:57","date_gmt":"2026-02-08T08:46:57","guid":{"rendered":"https:\/\/catholicus.eu\/de\/?p=4887"},"modified":"2026-02-08T09:46:58","modified_gmt":"2026-02-08T08:46:58","slug":"der-katholische-priester-vs-der-protestantische-pastor-der-unterschied-zwischen-dem-weihesakrament-und-dem-personalistischen-charisma","status":"publish","type":"post","link":"https:\/\/catholicus.eu\/de\/der-katholische-priester-vs-der-protestantische-pastor-der-unterschied-zwischen-dem-weihesakrament-und-dem-personalistischen-charisma\/","title":{"rendered":"Der katholische \u201ePriester\u201c vs. der protestantische \u201ePastor\u201c: Der Unterschied zwischen dem Weihesakrament und dem personalistischen Charisma"},"content":{"rendered":"\n<p><em>Ein entscheidender Schl\u00fcssel zum Verst\u00e4ndnis von Kirche, Glauben und geistlicher Autorit\u00e4t heute<\/em><\/p>\n\n\n\n<hr class=\"wp-block-separator has-alpha-channel-opacity\"\/>\n\n\n\n<h2 class=\"wp-block-heading\">Einleitung: eine sehr aktuelle Verwirrung<\/h2>\n\n\n\n<p>Im allt\u00e4glichen Sprachgebrauch \u2014 und sogar in vielen Medien \u2014 spricht man unterschiedslos von <em>Priestern<\/em>, <em>Pastoren<\/em>, <em>religi\u00f6sen F\u00fchrern<\/em> oder <em>Geistlichen<\/em>. F\u00fcr viele gl\u00e4ubige Menschen scheint der Unterschied lediglich eine Frage der Bezeichnung oder der Konfession zu sein. Schlie\u00dflich predigen beide, lesen die Bibel und begleiten geistlich\u2026<\/p>\n\n\n\n<p>Doch <strong>aus theologischer, geistlicher und kirchlicher Sicht<\/strong> ist der Unterschied zwischen einem <strong>katholischen Priester<\/strong> und einem <strong>protestantischen Pastor<\/strong> nicht nebens\u00e4chlich: er ist <strong>radikal<\/strong>, <strong>strukturell<\/strong> und <strong>sakramental<\/strong>.<\/p>\n\n\n\n<p>Es geht nicht darum, wer besser spricht, wer mehr Charisma hat oder wer \u201ebesser ankommt\u201c. Der Unterschied ber\u00fchrt das Herz des Christentums selbst:<br>\ud83d\udc49 <strong>Wer handelt im Namen Christi?<\/strong><br>\ud83d\udc49 <strong>Woher kommt geistliche Autorit\u00e4t?<\/strong><br>\ud83d\udc49 <strong>Was ist die Kirche: eine von Leitern gef\u00fchrte Versammlung oder ein durch Sakramente belebter Leib?<\/strong><\/p>\n\n\n\n<p>Dieser Artikel m\u00f6chte <strong>bilden<\/strong>, <strong>kl\u00e4ren<\/strong>, <strong>inspirieren<\/strong> und zugleich <strong>als praktische geistliche Orientierung dienen<\/strong>, besonders in einer Zeit, in der pers\u00f6nliches Charisma mehr zu wiegen scheint als sakramentale Wahrheit.<\/p>\n\n\n\n<hr class=\"wp-block-separator has-alpha-channel-opacity\"\/>\n\n\n\n<h2 class=\"wp-block-heading\">1. Zwei gegens\u00e4tzliche geistliche Modelle<\/h2>\n\n\n\n<h3 class=\"wp-block-heading\">Das katholische Modell: Christus handelt durch das Weihesakrament<\/h3>\n\n\n\n<p>In der katholischen Kirche ist der <strong>Priester<\/strong> nicht einfach ein \u201ereligi\u00f6ser Leiter\u201c oder ein \u201egeistlicher Animator\u201c. Er ist ein <strong>Mann, der ontologisch mit Christus dem Priester konfiguriert ist<\/strong>, durch das <strong>Sakrament der Weihe<\/strong>.<\/p>\n\n\n\n<p>Wenn der Bischof ihm die H\u00e4nde auflegt, geschieht etwas Reales, Unsichtbares, aber Wirksames:<br>\u27a1\ufe0f <strong>seine Seele wird mit einem unausl\u00f6schlichen sakramentalen Charakter gepr\u00e4gt<\/strong>.<\/p>\n\n\n\n<p>Deshalb lehrt die Kirche, dass der Priester handelt:<\/p>\n\n\n\n<blockquote class=\"wp-block-quote is-layout-flow wp-block-quote-is-layout-flow\">\n<p><em>\u201ein persona Christi Capitis\u201c<\/em><br><em>(in der Person Christi, des Hauptes)<\/em><\/p>\n<\/blockquote>\n\n\n\n<p>Er spricht nicht <strong>in seinem eigenen Namen<\/strong>, nicht einmal <strong>im Namen der Gemeinde<\/strong>, sondern <strong>im Namen Christi selbst<\/strong>.<\/p>\n\n\n\n<hr class=\"wp-block-separator has-alpha-channel-opacity\"\/>\n\n\n\n<h3 class=\"wp-block-heading\">Das protestantische Modell: Autorit\u00e4t entsteht aus Charisma und menschlicher Anerkennung<\/h3>\n\n\n\n<p>Im Protestantismus empf\u00e4ngt der <strong>Pastor<\/strong> kein Sakrament, das ihn ontologisch mit Christus konfiguriert. Seine Autorit\u00e4t gr\u00fcndet sich auf:<\/p>\n\n\n\n<ul class=\"wp-block-list\">\n<li>Seine <strong>pers\u00f6nliche Auslegung der Heiligen Schrift<\/strong><\/li>\n\n\n\n<li>Sein <strong>Charisma<\/strong> (F\u00e4higkeit zu predigen, zu f\u00fchren, zu bewegen)<\/li>\n\n\n\n<li>Die <strong>Anerkennung durch die Gemeinschaft<\/strong><\/li>\n\n\n\n<li>Mitunter eine symbolische \u201eOrdination\u201c ohne sakramentale Wirksamkeit<\/li>\n<\/ul>\n\n\n\n<p>Der Pastor <strong>handelt nicht in sakramentaler Weise im Namen Christi<\/strong>, sondern als <strong>Lehrer, Prediger oder geistlicher Begleiter<\/strong>, je nach Konfession.<\/p>\n\n\n\n<p>Dies f\u00fchrt zu einem grundlegend anderen Modell:<br>\ud83d\udc49 <strong>Autorit\u00e4t ist funktional und widerrufbar<\/strong><br>\ud83d\udc49 <strong>Sie h\u00e4ngt von Erfolg, Akzeptanz oder pers\u00f6nlichem Charisma ab<\/strong><\/p>\n\n\n\n<hr class=\"wp-block-separator has-alpha-channel-opacity\"\/>\n\n\n\n<h2 class=\"wp-block-heading\">2. Das biblische Fundament des Weihesakraments<\/h2>\n\n\n\n<p>Die katholische Kirche hat das Priestertum nicht \u201eerfunden\u201c. Sie hat es unmittelbar von Christus empfangen.<\/p>\n\n\n\n<h3 class=\"wp-block-heading\">Christus erw\u00e4hlt, weiht und sendet<\/h3>\n\n\n\n<p>Jesus hat nicht alle gleicherma\u00dfen zu allem berufen:<\/p>\n\n\n\n<blockquote class=\"wp-block-quote is-layout-flow wp-block-quote-is-layout-flow\">\n<p>\u201eNicht ihr habt mich erw\u00e4hlt, sondern ich habe euch erw\u00e4hlt und dazu bestimmt\u201c<br><em>(Joh 15,16)<\/em><\/p>\n<\/blockquote>\n\n\n\n<p>Den Zw\u00f6lf verlieh er besondere Vollmachten:<\/p>\n\n\n\n<blockquote class=\"wp-block-quote is-layout-flow wp-block-quote-is-layout-flow\">\n<p>\u201eTut dies zu meinem Ged\u00e4chtnis\u201c<br><em>(Lk 22,19)<\/em><\/p>\n<\/blockquote>\n\n\n\n<blockquote class=\"wp-block-quote is-layout-flow wp-block-quote-is-layout-flow\">\n<p>\u201eWem ihr die S\u00fcnden vergebt, dem sind sie vergeben\u201c<br><em>(Joh 20,23)<\/em><\/p>\n<\/blockquote>\n\n\n\n<p>Diese Worte <strong>richteten sich nicht an die Menge<\/strong>, nicht einmal an die zweiundsiebzig J\u00fcnger, sondern <strong>an die Apostel<\/strong>, den Ursprung des Amtspriestertums.<\/p>\n\n\n\n<hr class=\"wp-block-separator has-alpha-channel-opacity\"\/>\n\n\n\n<h3 class=\"wp-block-heading\">Die apostolische Sukzession<\/h3>\n\n\n\n<p>Die Apostel wiederum <strong>legten die H\u00e4nde auf<\/strong>, um dieses Amt weiterzugeben:<\/p>\n\n\n\n<blockquote class=\"wp-block-quote is-layout-flow wp-block-quote-is-layout-flow\">\n<p>\u201eIch erinnere dich daran, die Gnadengabe Gottes neu zu entfachen, die dir durch die Auflegung meiner H\u00e4nde zuteilwurde\u201c<br><em>(2 Tim 1,6)<\/em><\/p>\n<\/blockquote>\n\n\n\n<p>Diese Geste ist nicht symbolisch, sondern <strong>sakramental<\/strong>. Daraus entsteht die <strong>apostolische Sukzession<\/strong>, die bis heute ununterbrochen fortbesteht.<\/p>\n\n\n\n<p>\u27a1\ufe0f <strong>Ein Priester ist Priester, weil er durch die Apostel am Priestertum Christi teilhat.<\/strong><br>\u27a1\ufe0f <strong>Ein Pastor ist Pastor, weil eine Gemeinschaft oder Institution ihn als solchen anerkennt.<\/strong><\/p>\n\n\n\n<hr class=\"wp-block-separator has-alpha-channel-opacity\"\/>\n\n\n\n<h2 class=\"wp-block-heading\">3. Das Opfer: der Unterschied, der alles ver\u00e4ndert<\/h2>\n\n\n\n<h3 class=\"wp-block-heading\">Der Priester bringt das Opfer Christi dar<\/h3>\n\n\n\n<p>In jeder Heiligen Messe <strong>\u201eerinnert\u201c sich der Priester nicht nur an das Letzte Abendmahl<\/strong>:<br>\ud83d\udc49 <strong>er vergegenw\u00e4rtigt es sakramental<\/strong>.<\/p>\n\n\n\n<p>Brot und Wein <strong>werden wahrhaft und wirklich verwandelt<\/strong> in den Leib und das Blut Christi.<\/p>\n\n\n\n<blockquote class=\"wp-block-quote is-layout-flow wp-block-quote-is-layout-flow\">\n<p>\u201eDas ist mein Leib\u2026 Das ist mein Blut\u201c<br><em>(Mt 26,26\u201328)<\/em><\/p>\n<\/blockquote>\n\n\n\n<p>Der Priester <strong>handelt nicht aus seinem pers\u00f6nlichen Glauben heraus<\/strong>, sondern kraft der Vollmacht, die er im Weihesakrament empfangen hat.<\/p>\n\n\n\n<p>Selbst wenn der Priester unw\u00fcrdig ist, <strong>handelt Christus weiterhin<\/strong>.<\/p>\n\n\n\n<hr class=\"wp-block-separator has-alpha-channel-opacity\"\/>\n\n\n\n<h3 class=\"wp-block-heading\">Der Pastor kann kein Opfer darbringen<\/h3>\n\n\n\n<p>Im Protestantismus:<\/p>\n\n\n\n<ul class=\"wp-block-list\">\n<li>gibt es kein eucharistisches Opfer<\/li>\n\n\n\n<li>gibt es keine Transsubstantiation<\/li>\n\n\n\n<li>gibt es keinen Altar, sondern einen Tisch<\/li>\n\n\n\n<li>gibt es keinen Priester, sondern einen Prediger<\/li>\n<\/ul>\n\n\n\n<p>Das \u201eAbendmahl des Herrn\u201c ist <strong>ein symbolisches Ged\u00e4chtnis<\/strong>, keine sakramentale Vergegenw\u00e4rtigung.<\/p>\n\n\n\n<p>Dies ist kein nebens\u00e4chlicher Unterschied, sondern ein <strong>grundlegender<\/strong>.<\/p>\n\n\n\n<hr class=\"wp-block-separator has-alpha-channel-opacity\"\/>\n\n\n\n<h2 class=\"wp-block-heading\">4. Personalistisches Charisma vs. sakramentale Gnade<\/h2>\n\n\n\n<h3 class=\"wp-block-heading\">Die Gefahr des Charismas ohne Sakrament<\/h3>\n\n\n\n<p>Die moderne Welt sch\u00e4tzt:<\/p>\n\n\n\n<ul class=\"wp-block-list\">\n<li>Beredsamkeit<\/li>\n\n\n\n<li>F\u00fchrungsqualit\u00e4ten<\/li>\n\n\n\n<li>Emotionale Wirkung<\/li>\n\n\n\n<li>Sichtbaren Erfolg<\/li>\n<\/ul>\n\n\n\n<p>Deshalb f\u00fchlen sich viele Christen \u2014 auch Katholiken \u2014 zu pastoralen Modellen hingezogen, in denen der Leiter \u201egl\u00e4nzt\u201c.<\/p>\n\n\n\n<p>Doch das Evangelium ist eindeutig:<\/p>\n\n\n\n<blockquote class=\"wp-block-quote is-layout-flow wp-block-quote-is-layout-flow\">\n<p>\u201eNicht jeder, der zu mir sagt: Herr, Herr!, wird in das Himmelreich kommen\u201c<br><em>(Mt 7,21)<\/em><\/p>\n<\/blockquote>\n\n\n\n<p>Charisma <strong>garantiert weder Wahrheit<\/strong>, noch Heiligkeit, noch Lehrtreue.<\/p>\n\n\n\n<hr class=\"wp-block-separator has-alpha-channel-opacity\"\/>\n\n\n\n<h3 class=\"wp-block-heading\">Die Demut des Weihesakraments<\/h3>\n\n\n\n<p>Der Priester wird nicht wegen seines Talents ausgew\u00e4hlt, sondern aufgrund einer Berufung, die ihn \u00fcbersteigt.<\/p>\n\n\n\n<p>Seine St\u00e4rke liegt nicht in seiner Pers\u00f6nlichkeit, sondern in <strong>der objektiven Gnade<\/strong>, die er tr\u00e4gt.<\/p>\n\n\n\n<p>\u27a1\ufe0f Er kann sch\u00fcchtern sein, unbeholfen im Reden oder wenig charismatisch\u2026<br>\u27a1\ufe0f dennoch <strong>weiht<\/strong>, <strong>spricht er los<\/strong>, <strong>salbt<\/strong>, <strong>segnet<\/strong> er in der Kraft Christi.<\/p>\n\n\n\n<hr class=\"wp-block-separator has-alpha-channel-opacity\"\/>\n\n\n\n<h2 class=\"wp-block-heading\">5. Praktischer theologischer und pastoraler Leitfaden<\/h2>\n\n\n\n<h3 class=\"wp-block-heading\">Wie man diesen Unterschied heute richtig lebt<\/h3>\n\n\n\n<h3 class=\"wp-block-heading\">1. Nicht den \u201ePriester suchen, der mir gef\u00e4llt\u201c, sondern den, der mich zu Christus f\u00fchrt<\/h3>\n\n\n\n<p>Der Glaube gr\u00fcndet nicht auf pers\u00f6nlichen Vorlieben. Frage dich:<\/p>\n\n\n\n<ul class=\"wp-block-list\">\n<li>F\u00fchrt er mich zu den Sakramenten?<\/li>\n\n\n\n<li>Verk\u00fcndet er die ganze Wahrheit?<\/li>\n\n\n\n<li>Ruft er mich zur Umkehr?<\/li>\n<\/ul>\n\n\n\n<hr class=\"wp-block-separator has-alpha-channel-opacity\"\/>\n\n\n\n<h3 class=\"wp-block-heading\">2. Die Messe als Opfer verstehen, nicht als Spektakel<\/h3>\n\n\n\n<p>Wenn du Emotionen, Applaus oder Unterhaltung suchst, wirst du entt\u00e4uscht sein.<\/p>\n\n\n\n<p>Die Messe dreht sich nicht um den Priester, sondern um Christus, den Gekreuzigten und Auferstandenen.<\/p>\n\n\n\n<hr class=\"wp-block-separator has-alpha-channel-opacity\"\/>\n\n\n\n<h3 class=\"wp-block-heading\">3. F\u00fcr die Priester beten (besonders f\u00fcr die Schw\u00e4chsten)<\/h3>\n\n\n\n<p>Gerade weil ihre Sendung \u00fcbernat\u00fcrlich ist, ist der geistliche Angriff st\u00e4rker.<\/p>\n\n\n\n<blockquote class=\"wp-block-quote is-layout-flow wp-block-quote-is-layout-flow\">\n<p>\u201eIch werde den Hirten schlagen, und die Schafe der Herde werden sich zerstreuen\u201c<br><em>(Mt 26,31)<\/em><\/p>\n<\/blockquote>\n\n\n\n<hr class=\"wp-block-separator has-alpha-channel-opacity\"\/>\n\n\n\n<h3 class=\"wp-block-heading\">4. \u201eSch\u00f6ne\u201c Reden unterscheiden, die aber leer sind von Kreuz und Opfer<\/h3>\n\n\n\n<p>Wo es weder Opfer noch Bu\u00dfe noch unbequeme Wahrheit gibt, <strong>fehlt etwas<\/strong>.<\/p>\n\n\n\n<p>Christus hat nicht Erfolg versprochen, sondern Treue.<\/p>\n\n\n\n<hr class=\"wp-block-separator has-alpha-channel-opacity\"\/>\n\n\n\n<h3 class=\"wp-block-heading\">5. Den Glauben als Zugeh\u00f6rigkeit zu einem Leib leben, nicht als spirituellen Konsum<\/h3>\n\n\n\n<p>Der Protestantismus neigt zum Individualismus: \u201eich und meine Bibel\u201c.<\/p>\n\n\n\n<p>Der Katholizismus ist <strong>kirchlich<\/strong>, <strong>sakramental<\/strong> und <strong>inkarnatorisch<\/strong>.<\/p>\n\n\n\n<p>Wir w\u00e4hlen die Kirche nicht wie ein Produkt; <strong>wir werden in sie eingepfropft<\/strong>.<\/p>\n\n\n\n<hr class=\"wp-block-separator has-alpha-channel-opacity\"\/>\n\n\n\n<h2 class=\"wp-block-heading\">Schlussfolgerung: Es ist kein Krieg der Personen, sondern der Grundlagen<\/h2>\n\n\n\n<p>Dieser Artikel will niemanden angreifen. Viele protestantische Pastoren sind aufrichtig, engagiert und guten Willens. Doch Aufrichtigkeit <strong>ersetzt nicht das Sakrament<\/strong>.<\/p>\n\n\n\n<p>Der Unterschied zwischen dem katholischen Priester und dem protestantischen Pastor ist keine Frage des Stils, sondern der <strong>Herkunft<\/strong>, der <strong>Autorit\u00e4t<\/strong> und der <strong>geistlichen Wirklichkeit<\/strong>.<\/p>\n\n\n\n<p>\ud83d\udc49 Der eine handelt <strong>durch menschliches Charisma<\/strong><br>\ud83d\udc49 Der andere handelt <strong>durch sakramentale Gnade<\/strong><\/p>\n\n\n\n<p>In Zeiten der Verwirrung ist die R\u00fcckkehr zu dieser Wahrheit keine Nostalgie, sondern eine <strong>geistliche Notwendigkeit<\/strong>.<\/p>\n\n\n\n<p>Denn wenn alles vergeht, <strong>bleibt nur das, was Christus eingesetzt hat<\/strong>.<\/p>\n\n\n\n<p>Und Christus hat nicht nur Ideen hinterlassen\u2026<br>\ud83d\udc49 <strong>Er hat Sakramente hinterlassen<\/strong><br>\ud83d\udc49 <strong>Er hat Priester hinterlassen<\/strong><br>\ud83d\udc49 <strong>Er hat seine Kirche hinterlassen<\/strong><\/p>\n","protected":false},"excerpt":{"rendered":"<p>Ein entscheidender Schl\u00fcssel zum Verst\u00e4ndnis von Kirche, Glauben und geistlicher Autorit\u00e4t heute Einleitung: eine sehr aktuelle Verwirrung Im allt\u00e4glichen Sprachgebrauch \u2014 und sogar in vielen Medien \u2014 spricht man unterschiedslos von Priestern, Pastoren, religi\u00f6sen F\u00fchrern oder Geistlichen. F\u00fcr viele gl\u00e4ubige Menschen scheint der Unterschied lediglich eine Frage der Bezeichnung oder der Konfession zu sein. Schlie\u00dflich &hellip;<\/p>\n","protected":false},"author":3,"featured_media":4888,"comment_status":"closed","ping_status":"closed","sticky":false,"template":"","format":"standard","meta":{"_seopress_robots_primary_cat":"","_seopress_titles_title":"","_seopress_titles_desc":"","_seopress_robots_index":"","footnotes":""},"categories":[41,66],"tags":[329],"class_list":["post-4887","post","type-post","status-publish","format-standard","has-post-thumbnail","","category-glaube-und-kultur","category-populaerkultur-und-katholizismus","tag-priester"],"_links":{"self":[{"href":"https:\/\/catholicus.eu\/de\/wp-json\/wp\/v2\/posts\/4887","targetHints":{"allow":["GET"]}}],"collection":[{"href":"https:\/\/catholicus.eu\/de\/wp-json\/wp\/v2\/posts"}],"about":[{"href":"https:\/\/catholicus.eu\/de\/wp-json\/wp\/v2\/types\/post"}],"author":[{"embeddable":true,"href":"https:\/\/catholicus.eu\/de\/wp-json\/wp\/v2\/users\/3"}],"replies":[{"embeddable":true,"href":"https:\/\/catholicus.eu\/de\/wp-json\/wp\/v2\/comments?post=4887"}],"version-history":[{"count":1,"href":"https:\/\/catholicus.eu\/de\/wp-json\/wp\/v2\/posts\/4887\/revisions"}],"predecessor-version":[{"id":4889,"href":"https:\/\/catholicus.eu\/de\/wp-json\/wp\/v2\/posts\/4887\/revisions\/4889"}],"wp:featuredmedia":[{"embeddable":true,"href":"https:\/\/catholicus.eu\/de\/wp-json\/wp\/v2\/media\/4888"}],"wp:attachment":[{"href":"https:\/\/catholicus.eu\/de\/wp-json\/wp\/v2\/media?parent=4887"}],"wp:term":[{"taxonomy":"category","embeddable":true,"href":"https:\/\/catholicus.eu\/de\/wp-json\/wp\/v2\/categories?post=4887"},{"taxonomy":"post_tag","embeddable":true,"href":"https:\/\/catholicus.eu\/de\/wp-json\/wp\/v2\/tags?post=4887"}],"curies":[{"name":"wp","href":"https:\/\/api.w.org\/{rel}","templated":true}]}}