{"id":4863,"date":"2026-02-05T22:24:44","date_gmt":"2026-02-05T21:24:44","guid":{"rendered":"https:\/\/catholicus.eu\/de\/?p=4863"},"modified":"2026-02-05T22:24:44","modified_gmt":"2026-02-05T21:24:44","slug":"kann-ein-geist-um-eine-messe-bitten","status":"publish","type":"post","link":"https:\/\/catholicus.eu\/de\/kann-ein-geist-um-eine-messe-bitten\/","title":{"rendered":"Kann ein Geist um eine Messe bitten?"},"content":{"rendered":"\n<h2 class=\"wp-block-heading\">Was traditionelle Theologen \u00fcber Erscheinungen von Seelen aus dem Fegefeuer sagen<\/h2>\n\n\n\n<h3 class=\"wp-block-heading\">Einleitung: Zwischen moderner Angst und vergessenen Glauben<\/h3>\n\n\n\n<p>Das Wort <em>Geist<\/em> weckt heute mehr morbide Neugier als spirituelle Reflexion. Serien, Filme und popul\u00e4re Erz\u00e4hlungen haben das \u00dcbernat\u00fcrliche auf Spektakel oder Horror reduziert. Die katholische Tradition \u2014insbesondere in ihrer solidesten Form\u2014 bietet jedoch eine sehr andere, n\u00fcchterne und zutiefst hoffnungsvolle Sicht.<\/p>\n\n\n\n<p>Die Frage, die uns besch\u00e4ftigt, ist weder trivial noch sensationell:<br><strong>Kann eine Seele aus dem Jenseits erscheinen, um um eine Messe zu bitten?<\/strong><br>Und noch wichtiger: <strong>Was lehrt uns dies \u00fcber das Fegefeuer, die Gemeinschaft der Heiligen und unsere Verantwortung gegen\u00fcber den Verstorbenen?<\/strong><\/p>\n\n\n\n<p>Fernab von Aberglauben haben gro\u00dfe Theologen, Heilige und Kirchenv\u00e4ter seit Jahrhunderten ernsthaft \u00fcber dieses Thema nachgedacht. Und ihre Antworten sind \u00fcberraschend aktuell.<\/p>\n\n\n\n<hr class=\"wp-block-separator has-alpha-channel-opacity\"\/>\n\n\n\n<h2 class=\"wp-block-heading\">1. Kl\u00e4rung der Begriffe: Es ist kein \u201eGeist\u201c im popul\u00e4ren Sinn<\/h2>\n\n\n\n<p>Aus katholischer Sicht existieren <strong>\u201cGeister\u201d nicht im popul\u00e4ren Sinne<\/strong>: herumschweifende Seelen, die aus mysteri\u00f6sen Gr\u00fcnden zwischen zwei Welten gefangen sind. Was die christliche Tradition vorsichtig zul\u00e4sst, sind <strong>m\u00f6gliche au\u00dfergew\u00f6hnliche Erscheinungen von Seelen aus dem Fegefeuer<\/strong>, immer mit Gottes Erlaubnis und zu einem bestimmten geistlichen Zweck.<\/p>\n\n\n\n<p>Thomas von Aquin erkl\u00e4rt dies klar:<\/p>\n\n\n\n<blockquote class=\"wp-block-quote is-layout-flow wp-block-quote-is-layout-flow\">\n<p>\u201eGetrennte Seelen wandern nicht frei in der Welt; wenn sie erscheinen, geschieht dies durch eine besondere Anordnung Gottes zum Nutzen der Lebenden.\u201c<br>(<em>Summa Theologica<\/em>, Supplementum, q. 69)<\/p>\n<\/blockquote>\n\n\n\n<p>Das bedeutet:<\/p>\n\n\n\n<ul class=\"wp-block-list\">\n<li>Sie handeln nicht aus absoluter eigener Initiative<\/li>\n\n\n\n<li>Sie wollen nicht erschrecken<\/li>\n\n\n\n<li>Sie sind nicht \u201egefangen\u201c<\/li>\n\n\n\n<li><strong>Es gibt immer einen Zweck: Hilfe erbitten, warnen oder belehren<\/strong><\/li>\n<\/ul>\n\n\n\n<hr class=\"wp-block-separator has-alpha-channel-opacity\"\/>\n\n\n\n<h2 class=\"wp-block-heading\">2. Biblische Grundlage: Gebet f\u00fcr die Verstorbenen<\/h2>\n\n\n\n<p>Obwohl die Heilige Schrift Erscheinungen nicht in moderner Sprache beschreibt, <strong>best\u00e4tigt sie die Realit\u00e4t des Fegefeuers und die Hilfe der Lebenden f\u00fcr die Toten eindeutig<\/strong>.<\/p>\n\n\n\n<p>Der Schl\u00fcsseltext lautet:<\/p>\n\n\n\n<blockquote class=\"wp-block-quote is-layout-flow wp-block-quote-is-layout-flow\">\n<p>\u201eEs ist daher ein heilsames und frommes Denken, f\u00fcr die Verstorbenen zu beten, damit sie von ihren S\u00fcnden befreit werden.\u201c<br><em>(2 Makkab\u00e4er 12,45)<\/em><\/p>\n<\/blockquote>\n\n\n\n<p>Dieser Abschnitt, seit den fr\u00fchesten Jahrhunderten von der Kirche anerkannt, bildet die doktrinelle Grundlage f\u00fcr:<\/p>\n\n\n\n<ul class=\"wp-block-list\">\n<li>Messen f\u00fcr Verstorbene<\/li>\n\n\n\n<li>Abl\u00e4sse<\/li>\n\n\n\n<li>Die geistige Gemeinschaft zwischen Lebenden und Verstorbenen<\/li>\n<\/ul>\n\n\n\n<p>Wenn die Lebenden den Verstorbenen helfen k\u00f6nnen\u2026<br>\ud83d\udc49 <strong>warum sollte Gott dann nicht zulassen, dass eine Seele um diese Hilfe bittet?<\/strong><\/p>\n\n\n\n<hr class=\"wp-block-separator has-alpha-channel-opacity\"\/>\n\n\n\n<h2 class=\"wp-block-heading\">3. Die Kirchenv\u00e4ter und die ersten Zeugnisse<\/h2>\n\n\n\n<p>Augustinus berichtet in <em>Die Stadt Gottes<\/em> von Verstorbenen, die erschienen, um f\u00fcr sich F\u00fcrbitte zu erbitten. Er tut dies nicht leichtfertig, sondern mit pastoraler Vorsicht und betont immer, dass <strong>Gott dies erlaubt, um die Liebe und Bekehrung der Lebenden zu wecken<\/strong>.<\/p>\n\n\n\n<p>Gregor der Gro\u00dfe berichtet in seinen <em>Dialogen<\/em> zahlreiche Zeugnisse von Seelen, die:<\/p>\n\n\n\n<ul class=\"wp-block-list\">\n<li>Verwandten erschienen<\/li>\n\n\n\n<li>Um Messen baten<\/li>\n\n\n\n<li>Nach Erhalt der n\u00f6tigen F\u00fcrbitten verschwanden<\/li>\n<\/ul>\n\n\n\n<p>F\u00fcr diese Kirchenv\u00e4ter war <strong>es weder allt\u00e4glich noch zu suchen<\/strong>, aber auch nicht unm\u00f6glich.<\/p>\n\n\n\n<hr class=\"wp-block-separator has-alpha-channel-opacity\"\/>\n\n\n\n<h2 class=\"wp-block-heading\">4. Kann eine Seele ausdr\u00fccklich um eine Messe bitten?<\/h2>\n\n\n\n<p>Die Antwort der traditionellen Theologie ist klar:<br>\ud83d\udc49 <strong>Ja, das kann geschehen, wenn Gott es erlaubt.<\/strong><\/p>\n\n\n\n<p>Aber unter sehr pr\u00e4zisen Bedingungen:<\/p>\n\n\n\n<ol class=\"wp-block-list\">\n<li><strong>Es widerspricht niemals dem Glauben oder der Moral<\/strong><\/li>\n\n\n\n<li><strong>Es f\u00fchrt keine neuen Lehren ein<\/strong><\/li>\n\n\n\n<li><strong>Es verweist immer auf die gew\u00f6hnlichen Mittel des Heils<\/strong> (Messe, Gebet, Bu\u00dfe)<\/li>\n\n\n\n<li><strong>Es bringt geistliche Fr\u00fcchte hervor<\/strong> (Bekehrung, Liebe, Glaubenswachstum)<\/li>\n<\/ol>\n\n\n\n<p>Alfons Maria von Liguori, Kirchenlehrer, sagt:<\/p>\n\n\n\n<blockquote class=\"wp-block-quote is-layout-flow wp-block-quote-is-layout-flow\">\n<p>\u201eGott erlaubt manchmal den Seelen im Fegefeuer, sich zu zeigen, um die Liebe der Lebenden zu wecken und sie an die Ewigkeit zu erinnern.\u201c<\/p>\n<\/blockquote>\n\n\n\n<p>Mit anderen Worten: <strong>Es ist keine Neugier, es ist Barmherzigkeit.<\/strong><\/p>\n\n\n\n<hr class=\"wp-block-separator has-alpha-channel-opacity\"\/>\n\n\n\n<h2 class=\"wp-block-heading\">5. Unterscheidung: Nicht alles \u00dcbernat\u00fcrliche kommt von Gott<\/h2>\n\n\n\n<p>Hier ist die Kirche sehr streng. <strong>Die \u00fcberwiegende Mehrheit der angeblichen Erscheinungen ist nicht authentisch<\/strong>, weshalb Vorsicht geboten ist.<\/p>\n\n\n\n<p>Die Tradition lehrt:<\/p>\n\n\n\n<ul class=\"wp-block-list\">\n<li>Sie nicht zu suchen<\/li>\n\n\n\n<li>Sie nicht anzurufen<\/li>\n\n\n\n<li>Nicht mit Geistern zu kommunizieren<\/li>\n<\/ul>\n\n\n\n<p>Jeder Versuch eines freiwilligen Kontakts mit der anderen Welt (Spiritismus, Ouija, Medien) <strong>ist schwer verboten<\/strong> und von der Kirche verurteilt.<\/p>\n\n\n\n<blockquote class=\"wp-block-quote is-layout-flow wp-block-quote-is-layout-flow\">\n<p>\u201eEs soll niemand unter euch sein, der die Toten befragt.\u201c<br><em>(5. Mose 18,11)<\/em><\/p>\n<\/blockquote>\n\n\n\n<p>Wenn eine Erscheinung authentisch ist, <strong>liegt die Initiative immer bei Gott<\/strong>, niemals beim Menschen.<\/p>\n\n\n\n<hr class=\"wp-block-separator has-alpha-channel-opacity\"\/>\n\n\n\n<h2 class=\"wp-block-heading\">6. Warum um eine Messe bitten und nicht um etwas anderes?<\/h2>\n\n\n\n<p>Weil <strong>die Heilige Messe der gr\u00f6\u00dfte Liebesakt ist, den man f\u00fcr einen Verstorbenen vollbringen kann<\/strong>.<\/p>\n\n\n\n<p>Das Konzil von Trient lehrt:<\/p>\n\n\n\n<ul class=\"wp-block-list\">\n<li>Das Opfer der Messe hat S\u00fchnewert<\/li>\n\n\n\n<li>Es gilt f\u00fcr Lebende und Tote<\/li>\n\n\n\n<li>Es lindert und befreit die Seelen im Fegefeuer<\/li>\n<\/ul>\n\n\n\n<p>Eine einzige Messe, mit Glauben dargebracht, kann mehr f\u00fcr eine Seele tun als jahrelanges Leiden.<\/p>\n\n\n\n<p>Deshalb w\u00fcrde eine Seele, wenn sie sprechen k\u00f6nnte, <strong>das Effektivste erbitten<\/strong>.<\/p>\n\n\n\n<hr class=\"wp-block-separator has-alpha-channel-opacity\"\/>\n\n\n\n<h2 class=\"wp-block-heading\">7. Zeitgen\u00f6ssische Relevanz: das vergessene Fegefeuer<\/h2>\n\n\n\n<p>Wir leben in einer Zeit, in der kaum gesprochen wird \u00fcber:<\/p>\n\n\n\n<ul class=\"wp-block-list\">\n<li>Gericht<\/li>\n\n\n\n<li>Ewigkeit<\/li>\n\n\n\n<li>Fegefeuer<\/li>\n<\/ul>\n\n\n\n<p>Das Ergebnis:<\/p>\n\n\n\n<ul class=\"wp-block-list\">\n<li>Verstorbene ohne Messen<\/li>\n\n\n\n<li>Beerdigungen ohne Gebet<\/li>\n\n\n\n<li>Sentimentale Erinnerungen, aber wenig \u00fcbernat\u00fcrliche Liebe<\/li>\n<\/ul>\n\n\n\n<p>Diese Geschichten \u2014 ob real oder nicht \u2014 fordern uns stark heraus:<br>\ud83d\udc49 <strong>Beten wir f\u00fcr unsere Toten?<\/strong><br>\ud83d\udc49 <strong>Stellen wir Messen f\u00fcr sie auf?<\/strong><br>\ud83d\udc49 <strong>Leben wir, als g\u00e4be es die Ewigkeit wirklich?<\/strong><\/p>\n\n\n\n<hr class=\"wp-block-separator has-alpha-channel-opacity\"\/>\n\n\n\n<h2 class=\"wp-block-heading\">8. Praktischer geistlicher Leitfaden f\u00fcr heute<\/h2>\n\n\n\n<p>Man muss keine Seele sehen, um diese Lehre zu leben. Es gen\u00fcgt:<\/p>\n\n\n\n<ul class=\"wp-block-list\">\n<li>Messen f\u00fcr Verstorbene feiern zu lassen<\/li>\n\n\n\n<li>Den Rosenkranz f\u00fcr die Seelen im Fegefeuer zu beten<\/li>\n\n\n\n<li>Abl\u00e4sse f\u00fcr sie zu erwerben<\/li>\n\n\n\n<li>T\u00e4glich an vergessene Seelen zu denken<\/li>\n<\/ul>\n\n\n\n<p>Wie Paulus sagt:<\/p>\n\n\n\n<blockquote class=\"wp-block-quote is-layout-flow wp-block-quote-is-layout-flow\">\n<p>\u201eDenn ob wir leben oder sterben, wir geh\u00f6ren dem Herrn.\u201c<br><em>(R\u00f6mer 14,8)<\/em><\/p>\n<\/blockquote>\n\n\n\n<p>Und in Christus <strong>bricht der Tod die Gemeinschaft nicht \u2014 er reinigt sie<\/strong>.<\/p>\n\n\n\n<hr class=\"wp-block-separator has-alpha-channel-opacity\"\/>\n\n\n\n<h2 class=\"wp-block-heading\">Fazit: Keine Angst, sondern Hoffnung<\/h2>\n\n\n\n<p>Die Frage ist nicht so sehr, ob eine Seele um eine Messe bitten kann.<br>Die eigentliche Frage lautet:<\/p>\n\n\n\n<p><strong>Sind wir bereit, eine zu spenden, auch wenn uns niemand darum bittet?<\/strong><\/p>\n\n\n\n<p>Das Fegefeuer ist keine Horrorgeschichte.<br>Es ist eine Geschichte der Barmherzigkeit\u2026 die auf unsere Antwort wartet.<\/p>\n","protected":false},"excerpt":{"rendered":"<p>Was traditionelle Theologen \u00fcber Erscheinungen von Seelen aus dem Fegefeuer sagen Einleitung: Zwischen moderner Angst und vergessenen Glauben Das Wort Geist weckt heute mehr morbide Neugier als spirituelle Reflexion. Serien, Filme und popul\u00e4re Erz\u00e4hlungen haben das \u00dcbernat\u00fcrliche auf Spektakel oder Horror reduziert. Die katholische Tradition \u2014insbesondere in ihrer solidesten Form\u2014 bietet jedoch eine sehr andere, &hellip;<\/p>\n","protected":false},"author":3,"featured_media":4864,"comment_status":"closed","ping_status":"closed","sticky":false,"template":"","format":"standard","meta":{"_seopress_robots_primary_cat":"","_seopress_titles_title":"","_seopress_titles_desc":"","_seopress_robots_index":"","footnotes":""},"categories":[41,66],"tags":[],"class_list":["post-4863","post","type-post","status-publish","format-standard","has-post-thumbnail","","category-glaube-und-kultur","category-populaerkultur-und-katholizismus"],"_links":{"self":[{"href":"https:\/\/catholicus.eu\/de\/wp-json\/wp\/v2\/posts\/4863","targetHints":{"allow":["GET"]}}],"collection":[{"href":"https:\/\/catholicus.eu\/de\/wp-json\/wp\/v2\/posts"}],"about":[{"href":"https:\/\/catholicus.eu\/de\/wp-json\/wp\/v2\/types\/post"}],"author":[{"embeddable":true,"href":"https:\/\/catholicus.eu\/de\/wp-json\/wp\/v2\/users\/3"}],"replies":[{"embeddable":true,"href":"https:\/\/catholicus.eu\/de\/wp-json\/wp\/v2\/comments?post=4863"}],"version-history":[{"count":1,"href":"https:\/\/catholicus.eu\/de\/wp-json\/wp\/v2\/posts\/4863\/revisions"}],"predecessor-version":[{"id":4865,"href":"https:\/\/catholicus.eu\/de\/wp-json\/wp\/v2\/posts\/4863\/revisions\/4865"}],"wp:featuredmedia":[{"embeddable":true,"href":"https:\/\/catholicus.eu\/de\/wp-json\/wp\/v2\/media\/4864"}],"wp:attachment":[{"href":"https:\/\/catholicus.eu\/de\/wp-json\/wp\/v2\/media?parent=4863"}],"wp:term":[{"taxonomy":"category","embeddable":true,"href":"https:\/\/catholicus.eu\/de\/wp-json\/wp\/v2\/categories?post=4863"},{"taxonomy":"post_tag","embeddable":true,"href":"https:\/\/catholicus.eu\/de\/wp-json\/wp\/v2\/tags?post=4863"}],"curies":[{"name":"wp","href":"https:\/\/api.w.org\/{rel}","templated":true}]}}