{"id":4845,"date":"2026-02-02T22:23:24","date_gmt":"2026-02-02T21:23:24","guid":{"rendered":"https:\/\/catholicus.eu\/de\/?p=4845"},"modified":"2026-02-02T22:23:24","modified_gmt":"2026-02-02T21:23:24","slug":"heiliger-bernhard-und-die-rechtfertigung-der-templer-wie-der-heilige-der-sanftmut-die-miliz-christi-schuf","status":"publish","type":"post","link":"https:\/\/catholicus.eu\/de\/heiliger-bernhard-und-die-rechtfertigung-der-templer-wie-der-heilige-der-sanftmut-die-miliz-christi-schuf\/","title":{"rendered":"Heiliger Bernhard und die Rechtfertigung der Templer: Wie der Heilige der Sanftmut die \u201eMiliz Christi\u201c schuf"},"content":{"rendered":"\n<p>In der Geschichte der Kirche gibt es nur wenige Pers\u00f6nlichkeiten, die spirituelle Tiefe mit so entscheidendem historischem Einfluss verbinden wie der Heilige Bernhard von Clairvaux. Seine Sanftmut, seine asketische Strenge und seine theologische Klarheit transformierten nicht nur das kl\u00f6sterliche Leben im 12. Jahrhundert, sondern markierten auch einen Wendepunkt in der Verteidigung des Glaubens. Unter seinen vielen Beitr\u00e4gen ist vielleicht einer der faszinierendsten und am wenigsten verstandenen seine Rolle bei der Legitimierung der Ritter des Tempels, dieser \u201eMiliz Christi\u201c, die als Antwort auf die spirituellen und weltlichen Herausforderungen des mittelalterlichen Christentums entstand.<\/p>\n\n\n\n<p>Dieser Artikel untersucht nicht nur die Geschichte von Bernhard und den Templern, sondern auch die theologische Bedeutung seines Handelns und die praktischen Implikationen f\u00fcr das geistliche Leben heute.<\/p>\n\n\n\n<hr class=\"wp-block-separator has-alpha-channel-opacity\"\/>\n\n\n\n<h2 class=\"wp-block-heading\">1. Historischer Kontext: Der Kreuzzug und der Aufstieg der Templer<\/h2>\n\n\n\n<p>Im Jahr 1095 rief Papst Urban II. in Clermont, Frankreich, zum Ersten Kreuzzug auf, mit dem Ziel, die Heiligen St\u00e4tten in Jerusalem zur\u00fcckzuerobern. Die Idee, das Heilige Land zu verteidigen, war nicht nur milit\u00e4risch: sie war vor allem spirituell. Pilger, die zum Heiligen Grab reisten, waren st\u00e4ndig den Gefahren von Banditen und feindlichen Soldaten ausgesetzt. In diesem Kontext beschlossen die ersten Ritter, ihre Waffen zum Schutz der Christen einzusetzen und ein religi\u00f6ses Leben zu f\u00fchren, das Gebet und Kampf verband. So entstanden um 1119 die Ritter des Tempels, allgemein bekannt als Templer.<\/p>\n\n\n\n<p>Doch diese Idee stellte ein radikales Dilemma dar: Wie konnte man Gewalt innerhalb des christlichen Lebens theologisch rechtfertigen? Die Kirche hatte immer gelehrt, dass vors\u00e4tzlicher Mord eine schwere S\u00fcnde sei, und Krieg durfte nur in sehr spezifischen F\u00e4llen moralisch gerechtfertigt werden. Hier kommt Bernhard von Clairvaux ins Spiel.<\/p>\n\n\n\n<hr class=\"wp-block-separator has-alpha-channel-opacity\"\/>\n\n\n\n<h2 class=\"wp-block-heading\">2. Bernhard von Clairvaux: Der Heilige der Sanftmut<\/h2>\n\n\n\n<p>Bernhard von Clairvaux (1090\u20131153) war ein Zisterzienserm\u00f6nch, dessen Spiritualit\u00e4t die Kirche seiner Zeit tief beeinflusste. Sein Beiname \u201eder Heilige der Sanftmut\u201c spiegelt nicht nur seinen pers\u00f6nlichen Charakter wider, sondern auch die Art und Weise, wie er die Wahrheit mit Barmherzigkeit und N\u00e4chstenliebe verteidigte. Er war ein unerm\u00fcdlicher Reformator, Prediger des Zweiten Kreuzzugs und Berater von P\u00e4psten und K\u00f6nigen. Sein spiritueller Schwerpunkt lag auf der Vollkommenheit der Gottesliebe und der Nachahmung Christi.<\/p>\n\n\n\n<p>1129 verfasste und f\u00f6rderte Bernhard die <strong>Regel der Ritter des Tempels<\/strong>, die erste geistliche Formulierung dieser Miliz. Dies geschah auf dem <strong>Konzil von Troyes<\/strong>, bei dem er die notwendige kirchliche Autorit\u00e4t zusammenzog, um dieser besonderen Form des christlichen Lebens, das Gebet und Kampf vereinte, Legitimit\u00e4t zu verleihen.<\/p>\n\n\n\n<hr class=\"wp-block-separator has-alpha-channel-opacity\"\/>\n\n\n\n<h2 class=\"wp-block-heading\">3. Die theologische Rechtfertigung der Templer<\/h2>\n\n\n\n<p>Bernhard betrachtete die Templer nicht als blo\u00dfe Krieger, sondern als Werkzeuge der g\u00f6ttlichen Vorsehung. Sein zentrales Argument war, dass die Verteidigung der Pilger und der Heiligen St\u00e4tten ein Akt der N\u00e4chstenliebe und des Gehorsams gegen\u00fcber Gott war \u2013 nicht ein Ausdruck von pers\u00f6nlicher Ambition oder Blutdurst. Wie er selbst schrieb:<\/p>\n\n\n\n<blockquote class=\"wp-block-quote is-layout-flow wp-block-quote-is-layout-flow\">\n<p>\u201eWer mit dem Schwert den Tempel Gottes verteidigt und die Pilger sch\u00fctzt, vollbringt dadurch ein Werk der Barmherzigkeit, und sein Schwert ist ein Instrument der g\u00f6ttlichen Liebe.\u201c<\/p>\n<\/blockquote>\n\n\n\n<p>Dieser Ansatz beruhte auf klaren Prinzipien:<\/p>\n\n\n\n<ol class=\"wp-block-list\">\n<li><strong>Gerechter Krieg im Dienst des Glaubens<\/strong>: Inspiriert von der Lehre des heiligen Augustinus \u00fcber den gerechten Krieg erkannte Bernhard, dass die Verteidigung der Unschuldigen und der heiligen St\u00e4tten moralisch erlaubt sein kann, wenn sie dem Guten dient und nicht pers\u00f6nlichen Interessen.<\/li>\n\n\n\n<li><strong>Die Spiritualisierung der Miliz<\/strong>: Die Templer sollten wie M\u00f6nche leben: Gehorsam, Keuschheit und Armut, kombiniert mit bewaffneter Verteidigung. Ihr Kampf war nicht um Ruhm oder Reichtum, sondern zur Ehre Gottes.<\/li>\n\n\n\n<li><strong>Der Schutz der Pilger als Werk der Barmherzigkeit<\/strong>: Sich um die Reisenden ins Heilige Land zu k\u00fcmmern, war ein Akt aktiver N\u00e4chstenliebe, und das Schwert konnte als Verl\u00e4ngerung der Barmherzigkeit genutzt werden, um die Schwachen zu verteidigen.<\/li>\n\n\n\n<li><strong>Gehorsam gegen\u00fcber der Kirche<\/strong>: Bernhard bestand darauf, dass die Templer der Autorit\u00e4t des Papstes unterstellt waren, sodass milit\u00e4rische Gewalt stets dem g\u00f6ttlichen und kirchlichen Gesetz untergeordnet war.<\/li>\n<\/ol>\n\n\n\n<hr class=\"wp-block-separator has-alpha-channel-opacity\"\/>\n\n\n\n<h2 class=\"wp-block-heading\">4. Die drei Dimensionen der \u201eMiliz Christi\u201c<\/h2>\n\n\n\n<p>Bernhard konzipierte das Templerleben auf drei sich erg\u00e4nzenden Ebenen:<\/p>\n\n\n\n<h3 class=\"wp-block-heading\">a) Spirituelle Dimension<\/h3>\n\n\n\n<p>Die Templer praktizierten st\u00e4ndiges Gebet und nahmen t\u00e4glich an der Messe teil. Bernhard lehrte sie, dass ohne ein tiefes inneres Leben jede \u00e4u\u00dfere Handlung vor Gott wertlos ist. Seine Spiritualit\u00e4t basierte auf Psalm 144,1:<\/p>\n\n\n\n<blockquote class=\"wp-block-quote is-layout-flow wp-block-quote-is-layout-flow\">\n<p>\u201eGelobt sei der Herr, mein Fels, der meine H\u00e4nde zum Krieg und meine Finger zum Kampf lehrt.\u201c<\/p>\n<\/blockquote>\n\n\n\n<p>Dieser Vers spiegelte die Synthese wider, die Bernhard zwischen physischem Kampf und geistlicher St\u00e4rke herstellte.<\/p>\n\n\n\n<h3 class=\"wp-block-heading\">b) Milit\u00e4rische Dimension<\/h3>\n\n\n\n<p>Die Verteidigung der Heiligen St\u00e4tten und der Pilger rechtfertigte milit\u00e4rische Ausbildung. Aber es handelte sich nicht um aggressiven Krieg: es war <strong>Schutz und Disziplin<\/strong>, immer im Dienst der Gerechtigkeit und der Kirche.<\/p>\n\n\n\n<h3 class=\"wp-block-heading\">c) Pastorale Dimension<\/h3>\n\n\n\n<p>Die Templer sollten moralisches Vorbild und geistliche Wegweiser f\u00fcr Christen sein, Gerechtigkeit, Fr\u00f6mmigkeit und soziale Ordnung f\u00f6rdern. Ihre Existenz erinnerte das Christentum daran, dass der Glaube das gesamte menschliche Leben umfassen kann, einschlie\u00dflich des physischen Schutzes anderer.<\/p>\n\n\n\n<hr class=\"wp-block-separator has-alpha-channel-opacity\"\/>\n\n\n\n<h2 class=\"wp-block-heading\">5. Theologische Relevanz f\u00fcr die Gegenwart<\/h2>\n\n\n\n<p>Obwohl die Templer offiziell 1312 verschwanden, beh\u00e4lt Bernhards Lehre eine tiefe Relevanz f\u00fcr heute:<\/p>\n\n\n\n<ol class=\"wp-block-list\">\n<li><strong>Integration von Handlung und Kontemplation<\/strong>: Spiritualit\u00e4t beschr\u00e4nkt sich nicht auf passives Gebet; sie bedeutet, in der Welt rechtschaffen zu handeln. Jeder Christ ist aufgerufen, in seinem eigenen Kontext \u201eTempler\u201c zu sein: die Wahrheit verteidigen, die Schwachen sch\u00fctzen und dem Gemeinwohl dienen.<\/li>\n\n\n\n<li><strong>Die Rolle der moralischen Unterscheidung<\/strong>: Bernhard erinnert uns daran, dass nicht jede m\u00e4chtige oder einflussreiche Handlung legitim ist. St\u00e4rke muss Gerechtigkeit, N\u00e4chstenliebe und Gottes Autorit\u00e4t untergeordnet sein.<\/li>\n\n\n\n<li><strong>Sakramentale und gemeinschaftliche Dimension<\/strong>: So wie die Templer in Gemeinschaft und Gehorsam lebten, erfordert das heutige christliche Leben aktive Teilnahme an Kirche und Sakramenten, um Handlungen richtig zu lenken.<\/li>\n<\/ol>\n\n\n\n<hr class=\"wp-block-separator has-alpha-channel-opacity\"\/>\n\n\n\n<h2 class=\"wp-block-heading\">6. Theologisch-pastoraler Praxisleitfaden<\/h2>\n\n\n\n<p>Inspiriert von Bernhards Lehre k\u00f6nnen wir die Prinzipien der Templer spirituell und praktisch im Alltag anwenden:<\/p>\n\n\n\n<h3 class=\"wp-block-heading\">a) Verteidigung des Glaubens<\/h3>\n\n\n\n<ul class=\"wp-block-list\">\n<li>Sich in Lehre und Schrift bilden, um \u201eden Glauben, der in euch ist, mit Sanftmut zu verteidigen\u201c (1 Petrus 3,15).<\/li>\n\n\n\n<li>Keine Angst vor Engagement in den Bereichen Gerechtigkeit, Wahrheit und Schutz der Schwachen haben.<\/li>\n<\/ul>\n\n\n\n<h3 class=\"wp-block-heading\">b) Pers\u00f6nliche Disziplin<\/h3>\n\n\n\n<ul class=\"wp-block-list\">\n<li>Gehorsam und Demut im Alltag \u00fcben.<\/li>\n\n\n\n<li>Keuschheit und M\u00e4\u00dfigung in modernen Gewohnheiten f\u00f6rdern: soziale Medien, Unterhaltung, Beziehungen.<\/li>\n<\/ul>\n\n\n\n<h3 class=\"wp-block-heading\">c) Aktive N\u00e4chstenliebe<\/h3>\n\n\n\n<ul class=\"wp-block-list\">\n<li>Konkrete Gelegenheiten suchen, um Bed\u00fcrftige zu sch\u00fctzen und zu dienen.<\/li>\n\n\n\n<li>Den \u201egeistlichen Kampf\u201c als Teil des t\u00e4glichen Dienstes sehen: gegen Ungerechtigkeit, L\u00fcge und Egoismus k\u00e4mpfen.<\/li>\n<\/ul>\n\n\n\n<h3 class=\"wp-block-heading\">d) Gemeinschaft und Spiritualit\u00e4t<\/h3>\n\n\n\n<ul class=\"wp-block-list\">\n<li>Sich in Gebetsgruppen, Fortbildungsprogrammen und Dienstinitiativen engagieren.<\/li>\n\n\n\n<li>Die Sakramente als Hauptquelle der St\u00e4rke f\u00fcr jede gute Handlung betrachten.<\/li>\n<\/ul>\n\n\n\n<hr class=\"wp-block-separator has-alpha-channel-opacity\"\/>\n\n\n\n<h2 class=\"wp-block-heading\">7. Fazit<\/h2>\n\n\n\n<p>Bernhard, mit seiner Sanftmut und Weisheit, lehrte uns, dass wahre christliche St\u00e4rke Kontemplation, Gehorsam und gerechtes Handeln vereint. Die Templer, weit entfernt davon, blo\u00dfe Krieger zu sein, waren ein lebendiges Beispiel daf\u00fcr, wie der Glaube sogar das m\u00e4chtigste Schwert formen kann, um Gottes Liebe und das Wohl des N\u00e4chsten zu dienen.<\/p>\n\n\n\n<p>Heute, auch wenn wir keine Waffen f\u00fchren, sind wir aufgerufen, geistliche Templer zu sein: Verteidiger der Wahrheit, H\u00fcter der Gerechtigkeit und Diener der N\u00e4chstenliebe, auf dem Weg, den Bernhard uns vor fast tausend Jahren zeigte. Wie der Apostel schrieb:<\/p>\n\n\n\n<blockquote class=\"wp-block-quote is-layout-flow wp-block-quote-is-layout-flow\">\n<p>\u201eSeid stark im Herrn und in der Macht seiner St\u00e4rke\u201c (Epheser 6,10), was uns daran erinnert, dass unser m\u00e4chtigster Schutz Glaube und Tugend sind.<\/p>\n<\/blockquote>\n\n\n\n<p>Bernhard lehrt uns, dass jedes christliche Leben eine \u201eMiliz Christi\u201c sein kann \u2013 nicht mit dem Schwert, sondern mit einem willigen Herzen, einer dienenden Hand und einer der Herrschaft Gottes hingegebenen Seele.<\/p>\n","protected":false},"excerpt":{"rendered":"<p>In der Geschichte der Kirche gibt es nur wenige Pers\u00f6nlichkeiten, die spirituelle Tiefe mit so entscheidendem historischem Einfluss verbinden wie der Heilige Bernhard von Clairvaux. Seine Sanftmut, seine asketische Strenge und seine theologische Klarheit transformierten nicht nur das kl\u00f6sterliche Leben im 12. Jahrhundert, sondern markierten auch einen Wendepunkt in der Verteidigung des Glaubens. Unter seinen &hellip;<\/p>\n","protected":false},"author":3,"featured_media":4846,"comment_status":"closed","ping_status":"closed","sticky":false,"template":"","format":"standard","meta":{"_seopress_robots_primary_cat":"","_seopress_titles_title":"","_seopress_titles_desc":"","_seopress_robots_index":"","footnotes":""},"categories":[48,38],"tags":[1795,790],"class_list":["post-4845","post","type-post","status-publish","format-standard","has-post-thumbnail","","category-geschichte-der-kirche","category-geschichte-und-tradition","tag-heiliger-bernhard","tag-templer"],"_links":{"self":[{"href":"https:\/\/catholicus.eu\/de\/wp-json\/wp\/v2\/posts\/4845","targetHints":{"allow":["GET"]}}],"collection":[{"href":"https:\/\/catholicus.eu\/de\/wp-json\/wp\/v2\/posts"}],"about":[{"href":"https:\/\/catholicus.eu\/de\/wp-json\/wp\/v2\/types\/post"}],"author":[{"embeddable":true,"href":"https:\/\/catholicus.eu\/de\/wp-json\/wp\/v2\/users\/3"}],"replies":[{"embeddable":true,"href":"https:\/\/catholicus.eu\/de\/wp-json\/wp\/v2\/comments?post=4845"}],"version-history":[{"count":1,"href":"https:\/\/catholicus.eu\/de\/wp-json\/wp\/v2\/posts\/4845\/revisions"}],"predecessor-version":[{"id":4847,"href":"https:\/\/catholicus.eu\/de\/wp-json\/wp\/v2\/posts\/4845\/revisions\/4847"}],"wp:featuredmedia":[{"embeddable":true,"href":"https:\/\/catholicus.eu\/de\/wp-json\/wp\/v2\/media\/4846"}],"wp:attachment":[{"href":"https:\/\/catholicus.eu\/de\/wp-json\/wp\/v2\/media?parent=4845"}],"wp:term":[{"taxonomy":"category","embeddable":true,"href":"https:\/\/catholicus.eu\/de\/wp-json\/wp\/v2\/categories?post=4845"},{"taxonomy":"post_tag","embeddable":true,"href":"https:\/\/catholicus.eu\/de\/wp-json\/wp\/v2\/tags?post=4845"}],"curies":[{"name":"wp","href":"https:\/\/api.w.org\/{rel}","templated":true}]}}