{"id":4806,"date":"2026-01-30T12:20:28","date_gmt":"2026-01-30T11:20:28","guid":{"rendered":"https:\/\/catholicus.eu\/de\/?p=4806"},"modified":"2026-01-30T12:20:28","modified_gmt":"2026-01-30T11:20:28","slug":"beichte-ist-kein-gewissenswaschen-es-geht-nicht-darum-den-zaehler-auf-null-zu-setzen-sondern-sich-von-gottes-barmherzigkeit-umarmen-zu-lassen","status":"publish","type":"post","link":"https:\/\/catholicus.eu\/de\/beichte-ist-kein-gewissenswaschen-es-geht-nicht-darum-den-zaehler-auf-null-zu-setzen-sondern-sich-von-gottes-barmherzigkeit-umarmen-zu-lassen\/","title":{"rendered":"Beichte ist kein \u201eGewissenswaschen\u201c: Es geht nicht darum, den Z\u00e4hler auf Null zu setzen, sondern sich von Gottes Barmherzigkeit umarmen zu lassen"},"content":{"rendered":"\n<p>Es gibt eine weit verbreitete \u2013 und sehr verarmte \u2013 Vorstellung von der Beichte: <em>\u201eIch gehe hin, sage, was ich falsch gemacht habe, werde losgesprochen und fange wieder bei null an.\u201c<\/em> Als w\u00e4re das Sakrament eine Art <strong>schnelle L\u00f6schung der spirituellen Geschichte<\/strong>, eine religi\u00f6se Formalit\u00e4t, die es uns erlaubt, wie zuvor weiterzumachen, aber mit reinem Gewissen.<br>Nichts k\u00f6nnte weiter von dem katholischen Glauben entfernt sein\u2026 und vor allem <strong>nichts k\u00f6nnte weiter vom Herzen Gottes entfernt sein<\/strong>.<\/p>\n\n\n\n<p>Die Beichte <strong>ist kein Gewissenswaschen<\/strong>. Sie ist weder eine moralische Dusche noch ein spiritueller \u201eReset-Knopf\u201c. Sie ist etwas viel Tieferes, Anspruchsvolleres und gleichzeitig unendlich Sch\u00f6neres: <strong>eine reale Begegnung mit der Barmherzigkeit Gottes, die das Leben verwandelt<\/strong>.<\/p>\n\n\n\n<hr class=\"wp-block-separator has-alpha-channel-opacity\"\/>\n\n\n\n<h2 class=\"wp-block-heading\">1. Das gro\u00dfe moderne Missverst\u00e4ndnis: \u201eIch beichte, um inneren Frieden zu finden\u201c<\/h2>\n\n\n\n<p>Wir leben in einer Kultur, die von sofortigem emotionalem Wohlbefinden besessen ist. Wir wollen uns <em>sofort<\/em> gut f\u00fchlen, die Schuld <em>sofort<\/em> loswerden, die Seite <em>sofort<\/em> umbl\u00e4ttern. Und diese Mentalit\u00e4t hat sich still und leise in die Art und Weise eingeschlichen, wie das Sakrament gelebt wird.<\/p>\n\n\n\n<p>So l\u00e4uft die Beichte Gefahr, zu werden:<\/p>\n\n\n\n<ul class=\"wp-block-list\">\n<li>eine <strong>psychologische Entlastung von Schuldgef\u00fchlen<\/strong>,<\/li>\n\n\n\n<li>eine Handlung, um \u201enicht schlecht \u00fcber mich selbst zu f\u00fchlen\u201c,<\/li>\n\n\n\n<li>eine regelm\u00e4\u00dfige Routine ohne wirkliche Umkehr.<\/li>\n<\/ul>\n\n\n\n<p>Aber das Christentum <strong>ist keine emotionale Therapie<\/strong>, auch wenn es das Herz heilt.<br>Die Beichte existiert nicht, damit <em>ich mich besser f\u00fchle<\/em>, sondern damit <strong>meine Beziehung zu Gott wiederhergestellt wird<\/strong>.<\/p>\n\n\n\n<blockquote class=\"wp-block-quote is-layout-flow wp-block-quote-is-layout-flow\">\n<p>Das Problem der S\u00fcnde ist nicht, dass sie mir Schuldgef\u00fchle macht,<br>sondern dass <strong>sie die Gemeinschaft mit Gott, mit anderen und mit mir selbst zerst\u00f6rt<\/strong>.<\/p>\n<\/blockquote>\n\n\n\n<hr class=\"wp-block-separator has-alpha-channel-opacity\"\/>\n\n\n\n<h2 class=\"wp-block-heading\">2. S\u00fcnde ist kein Fleck: Sie ist eine Wunde<\/h2>\n\n\n\n<p>Hier liegt ein grundlegender Schl\u00fcssel, den wir oft vergessen.<\/p>\n\n\n\n<p>In biblischem und patristischem Denken ist die S\u00fcnde:<\/p>\n\n\n\n<ul class=\"wp-block-list\">\n<li>nicht nur ein rechtlicher Fehler,<\/li>\n\n\n\n<li>nicht eine administrative Verfehlung,<\/li>\n\n\n\n<li><strong>sie ist eine Wunde in der Seele<\/strong>.<\/li>\n<\/ul>\n\n\n\n<p>Deshalb wirkt die Beichte nicht wie ein Waschmittel, sondern wie ein <strong>medizinischer und heilbringender Akt<\/strong>. Christus ist kein B\u00fcrokrat, der Akten ablegt: <strong>Er ist der g\u00f6ttliche Arzt<\/strong>.<\/p>\n\n\n\n<p>Augustinus dr\u00fcckte es deutlich aus:<\/p>\n\n\n\n<blockquote class=\"wp-block-quote is-layout-flow wp-block-quote-is-layout-flow\">\n<p>\u201eDer, der dich ohne dich geschaffen hat, wird dich nicht ohne dich retten.\u201c<\/p>\n<\/blockquote>\n\n\n\n<p>Die Beichte beinhaltet:<\/p>\n\n\n\n<ul class=\"wp-block-list\">\n<li>die Wunde anzuerkennen,<\/li>\n\n\n\n<li>Gott zu erlauben, sie zu ber\u00fchren,<\/li>\n\n\n\n<li>einen Heilungsprozess anzunehmen, der nicht immer sofort geschieht.<\/li>\n<\/ul>\n\n\n\n<hr class=\"wp-block-separator has-alpha-channel-opacity\"\/>\n\n\n\n<h2 class=\"wp-block-heading\">3. \u201eDen Z\u00e4hler auf Null setzen\u201c: Eine schwache Logik f\u00fcr eine unendliche Liebe<\/h2>\n\n\n\n<p>Die Vorstellung, \u201evon vorne zu beginnen\u201c, ist gef\u00e4hrlich, weil sie:<\/p>\n\n\n\n<ul class=\"wp-block-list\">\n<li>die S\u00fcnde banalisieren,<\/li>\n\n\n\n<li>die Gnade infantilisiert,<\/li>\n\n\n\n<li>die Barmherzigkeit auf einen Mechanismus reduziert.<\/li>\n<\/ul>\n\n\n\n<p>Gott <strong>liebt nicht mit Z\u00e4hlern<\/strong>, Er liebt mit dem Herzen eines Vaters.<\/p>\n\n\n\n<p>Wenn der verlorene Sohn nach Hause zur\u00fcckkehrt (Lk 15), tut der Vater:<\/p>\n\n\n\n<ul class=\"wp-block-list\">\n<li>keine Fehlerliste hervorholen,<\/li>\n\n\n\n<li>nicht sagen: \u201eDiesmal setze ich dich auf Null\u201c,<\/li>\n\n\n\n<li><strong>er l\u00e4uft ihm entgegen, umarmt ihn und stellt ihn als Sohn wieder her<\/strong>.<\/li>\n<\/ul>\n\n\n\n<p>Die Beichte bringt dich nicht zum Ausgangspunkt zur\u00fcck.<br>Sie bringt dich <strong>zur Wahrheit dar\u00fcber, wer du bist<\/strong>: ein geliebtes Kind, obwohl verletzt; ein S\u00fcnder, aber niemals verlassen.<\/p>\n\n\n\n<hr class=\"wp-block-separator has-alpha-channel-opacity\"\/>\n\n\n\n<h2 class=\"wp-block-heading\">4. Barmherzigkeit ist keine Nachsicht<\/h2>\n\n\n\n<p>Ein weiterer aktueller Irrtum ist, Barmherzigkeit mit \u201ealles ist erlaubt\u201c zu verwechseln.<br>Authentische Barmherzigkeit:<\/p>\n\n\n\n<ul class=\"wp-block-list\">\n<li><strong>nennt die S\u00fcnde beim Namen<\/strong>, sie leugnet sie nicht,<\/li>\n\n\n\n<li><strong>ruft zur Umkehr<\/strong>, sie verschiebt sie nicht,<\/li>\n\n\n\n<li><strong>stellt die W\u00fcrde wieder her<\/strong>, sie rechtfertigt den Fall nicht.<\/li>\n<\/ul>\n\n\n\n<p>Jesus ist radikal barmherzig\u2026 und radikal fordernd:<\/p>\n\n\n\n<blockquote class=\"wp-block-quote is-layout-flow wp-block-quote-is-layout-flow\">\n<p>\u201eGeh hin und s\u00fcndige nicht mehr\u201c (Joh 8,11).<\/p>\n<\/blockquote>\n\n\n\n<p>In der Beichte:<\/p>\n\n\n\n<ul class=\"wp-block-list\">\n<li><strong>minimiert Gott deine S\u00fcnde nicht<\/strong>,<\/li>\n\n\n\n<li>aber <strong>reduziert sie dich auch nicht auf sie<\/strong>.<\/li>\n<\/ul>\n\n\n\n<p>Barmherzigkeit sagt nicht: <em>\u201eEs ist egal.\u201c<\/em><br>Sie sagt: <em>\u201eEs ist wichtig\u2026 aber meine Liebe ist gr\u00f6\u00dfer.\u201c<\/em><\/p>\n\n\n\n<hr class=\"wp-block-separator has-alpha-channel-opacity\"\/>\n\n\n\n<h2 class=\"wp-block-heading\">5. Beichte als Akt der Wahrheit<\/h2>\n\n\n\n<p>Sich zu beichten ist ein zutiefst gegenkultureller Akt.<br>In einer Welt, in der:<\/p>\n\n\n\n<ul class=\"wp-block-list\">\n<li>niemand Verantwortung \u00fcbernehmen will,<\/li>\n\n\n\n<li>alles gerechtfertigt wird,<\/li>\n\n\n\n<li>Verantwortung verw\u00e4ssert wird,<\/li>\n<\/ul>\n\n\n\n<p>tut der B\u00fc\u00dfer etwas Revolution\u00e4res: <strong>er stellt sich in die Wahrheit<\/strong>.<\/p>\n\n\n\n<p>Nicht, um sich zu dem\u00fctigen, sondern um frei zu sein.<\/p>\n\n\n\n<p>Die katholische Tradition hat die Beichte immer verstanden als:<\/p>\n\n\n\n<ul class=\"wp-block-list\">\n<li>einen <strong>Akt der Demut<\/strong> (ich erkenne meine S\u00fcnde an),<\/li>\n\n\n\n<li>einen <strong>Akt des Glaubens<\/strong> (ich glaube, dass Gott mir vergibt),<\/li>\n\n\n\n<li>einen <strong>Akt der Hoffnung<\/strong> (ich glaube, dass ich mich \u00e4ndern kann),<\/li>\n\n\n\n<li>einen <strong>Akt der Liebe<\/strong> (ich will denjenigen, der mich liebt, nicht weiter verletzen).<\/li>\n<\/ul>\n\n\n\n<hr class=\"wp-block-separator has-alpha-channel-opacity\"\/>\n\n\n\n<h2 class=\"wp-block-heading\">6. Der Priester ersetzt Gott nicht: Er macht ihn gegenw\u00e4rtig<\/h2>\n\n\n\n<p>Ein weiteres h\u00e4ufiges Vorurteil: <em>\u201eIch beichte direkt zu Gott.\u201c<\/em><\/p>\n\n\n\n<p>Ja, die Vergebung kommt von Gott.<br>Aber Christus <strong>wollte<\/strong>, dass diese Vergebung sakramental durch die Kirche geschieht:<\/p>\n\n\n\n<blockquote class=\"wp-block-quote is-layout-flow wp-block-quote-is-layout-flow\">\n<p>\u201eWem ihr die S\u00fcnden vergebt, dem sind sie vergeben\u201c (Joh 20,23).<\/p>\n<\/blockquote>\n\n\n\n<p>Der Priester:<\/p>\n\n\n\n<ul class=\"wp-block-list\">\n<li>vergibt nicht \u201ein eigenem Namen\u201c,<\/li>\n\n\n\n<li>ist kein kalter Richter,<\/li>\n\n\n\n<li><strong>er ist ein Werkzeug Christi und Zeuge der Barmherzigkeit<\/strong>.<\/li>\n<\/ul>\n\n\n\n<p>Deshalb ist die Absolution kein sch\u00f6ner Satz, sondern ein <strong>wirksamer Akt<\/strong>: etwas Reales geschieht in der Seele.<\/p>\n\n\n\n<hr class=\"wp-block-separator has-alpha-channel-opacity\"\/>\n\n\n\n<h2 class=\"wp-block-heading\">7. Bu\u00dfe ist keine Strafe: Sie ist Medizin<\/h2>\n\n\n\n<p>Bu\u00dfe ist auch kein Tribut, den man zahlen muss.<br>Sie ist:<\/p>\n\n\n\n<ul class=\"wp-block-list\">\n<li>eine konkrete Handlung der Umkehr,<\/li>\n\n\n\n<li>eine Art, mit der Gnade zusammenzuarbeiten,<\/li>\n\n\n\n<li>ein Beginn von Wiedergutmachung und Heilung.<\/li>\n<\/ul>\n\n\n\n<p>Wie die klassische Moraltheologie lehrt, beseitigt Vergebung:<\/p>\n\n\n\n<ul class=\"wp-block-list\">\n<li>die Schuld,<\/li>\n\n\n\n<li>aber <strong>die Wunde muss noch geheilt werden<\/strong>.<\/li>\n<\/ul>\n\n\n\n<p>Bu\u00dfe erzieht das Herz und ordnet die Affekte. Sie dient nicht dazu, Gott zu \u201ebezahlen\u201c, sondern <strong>uns von Ihm verwandeln zu lassen<\/strong>.<\/p>\n\n\n\n<hr class=\"wp-block-separator has-alpha-channel-opacity\"\/>\n\n\n\n<h2 class=\"wp-block-heading\">8. Gut beichten: praktische und spirituelle Schl\u00fcssel<\/h2>\n\n\n\n<p>Um die Beichte so zu leben, wie sie wirklich ist:<\/p>\n\n\n\n<ul class=\"wp-block-list\">\n<li><strong>Ernsthafte Gewissenserforschung<\/strong>, nicht oberfl\u00e4chlich.<\/li>\n\n\n\n<li><strong>Echtes Bedauern<\/strong>, nicht nur Scham.<\/li>\n\n\n\n<li><strong>Konkreter Vorsatz zur Besserung<\/strong>, auch wenn man wei\u00df, dass man schwach ist.<\/li>\n\n\n\n<li><strong>Totales Vertrauen in die Barmherzigkeit<\/strong>, ohne zu verzweifeln.<\/li>\n<\/ul>\n\n\n\n<p>Gott erwartet keine perfekten Beichten;<br>Er erwartet <strong>aufrichtige Herzen<\/strong>.<\/p>\n\n\n\n<hr class=\"wp-block-separator has-alpha-channel-opacity\"\/>\n\n\n\n<h2 class=\"wp-block-heading\">9. Beichte als Feier der Barmherzigkeit<\/h2>\n\n\n\n<p>Hier liegt der Kern von allem:<\/p>\n\n\n\n<p>\ud83d\udc49 <strong>Die Beichte feiert nicht dein Versagen; sie feiert Gottes Liebe, die st\u00e4rker ist als deine S\u00fcnde.<\/strong><\/p>\n\n\n\n<p>Jede Beichte ist:<\/p>\n\n\n\n<ul class=\"wp-block-list\">\n<li>ein Mini-Ostern,<\/li>\n\n\n\n<li>eine innere Auferstehung,<\/li>\n\n\n\n<li>ein Akt der Hoffnung gegen den Zynismus der Welt.<\/li>\n<\/ul>\n\n\n\n<p>Man verl\u00e4sst sie nicht \u201ebei null\u201c.<br>Man verl\u00e4sst sie <strong>vers\u00f6hnt, wiederhergestellt und ausgesandt, um erneut zu lieben<\/strong>.<\/p>\n\n\n\n<hr class=\"wp-block-separator has-alpha-channel-opacity\"\/>\n\n\n\n<h2 class=\"wp-block-heading\">Fazit: Beichte dich nicht, um dich zu beruhigen \u2013 beichte dich, um dich zu verwandeln<\/h2>\n\n\n\n<p>Die Beichte ist keine Formalit\u00e4t, keine alte Gewohnheit, kein schnelles Gewissenswaschen.<br>Sie ist eine <strong>reale Begegnung mit dem lebendigen Christus<\/strong>, der nie m\u00fcde wird zu vergeben\u2026 aber der auch nie m\u00fcde wird, dich zu etwas Gr\u00f6\u00dferem zu rufen.<\/p>\n\n\n\n<p>Es geht nicht darum, den Z\u00e4hler auf Null zu setzen.<br>Es geht darum, <strong>zu feiern, dass Gottes Barmherzigkeit keinen Z\u00e4hler kennt<\/strong>.<\/p>\n\n\n\n<p>Und das ist, in einer Welt, die m\u00fcde ist von Schuld ohne Vergebung und Vergebung ohne Wahrheit, eine radikal aktuelle Nachricht\u2026 und zutiefst befreiend.<\/p>\n","protected":false},"excerpt":{"rendered":"<p>Es gibt eine weit verbreitete \u2013 und sehr verarmte \u2013 Vorstellung von der Beichte: \u201eIch gehe hin, sage, was ich falsch gemacht habe, werde losgesprochen und fange wieder bei null an.\u201c Als w\u00e4re das Sakrament eine Art schnelle L\u00f6schung der spirituellen Geschichte, eine religi\u00f6se Formalit\u00e4t, die es uns erlaubt, wie zuvor weiterzumachen, aber mit reinem &hellip;<\/p>\n","protected":false},"author":3,"featured_media":4807,"comment_status":"closed","ping_status":"closed","sticky":false,"template":"","format":"standard","meta":{"_seopress_robots_primary_cat":"","_seopress_titles_title":"","_seopress_titles_desc":"","_seopress_robots_index":"","footnotes":""},"categories":[37,46],"tags":[318],"class_list":["post-4806","post","type-post","status-publish","format-standard","has-post-thumbnail","","category-lehre-und-glaube","category-sakramente","tag-beichte"],"_links":{"self":[{"href":"https:\/\/catholicus.eu\/de\/wp-json\/wp\/v2\/posts\/4806","targetHints":{"allow":["GET"]}}],"collection":[{"href":"https:\/\/catholicus.eu\/de\/wp-json\/wp\/v2\/posts"}],"about":[{"href":"https:\/\/catholicus.eu\/de\/wp-json\/wp\/v2\/types\/post"}],"author":[{"embeddable":true,"href":"https:\/\/catholicus.eu\/de\/wp-json\/wp\/v2\/users\/3"}],"replies":[{"embeddable":true,"href":"https:\/\/catholicus.eu\/de\/wp-json\/wp\/v2\/comments?post=4806"}],"version-history":[{"count":1,"href":"https:\/\/catholicus.eu\/de\/wp-json\/wp\/v2\/posts\/4806\/revisions"}],"predecessor-version":[{"id":4808,"href":"https:\/\/catholicus.eu\/de\/wp-json\/wp\/v2\/posts\/4806\/revisions\/4808"}],"wp:featuredmedia":[{"embeddable":true,"href":"https:\/\/catholicus.eu\/de\/wp-json\/wp\/v2\/media\/4807"}],"wp:attachment":[{"href":"https:\/\/catholicus.eu\/de\/wp-json\/wp\/v2\/media?parent=4806"}],"wp:term":[{"taxonomy":"category","embeddable":true,"href":"https:\/\/catholicus.eu\/de\/wp-json\/wp\/v2\/categories?post=4806"},{"taxonomy":"post_tag","embeddable":true,"href":"https:\/\/catholicus.eu\/de\/wp-json\/wp\/v2\/tags?post=4806"}],"curies":[{"name":"wp","href":"https:\/\/api.w.org\/{rel}","templated":true}]}}