{"id":4800,"date":"2026-01-30T10:33:57","date_gmt":"2026-01-30T09:33:57","guid":{"rendered":"https:\/\/catholicus.eu\/de\/?p=4800"},"modified":"2026-01-30T10:33:58","modified_gmt":"2026-01-30T09:33:58","slug":"das-wort-gottes-passt-nicht-in-nur-ein-buch","status":"publish","type":"post","link":"https:\/\/catholicus.eu\/de\/das-wort-gottes-passt-nicht-in-nur-ein-buch\/","title":{"rendered":"Das Wort Gottes passt nicht in nur ein Buch"},"content":{"rendered":"\n<h3 class=\"wp-block-heading\"><em>Warum es die Glaubenserfahrung verarmt, es auf die Bibel zu reduzieren, und wie die Kirche es seit Jahrhunderten lebendig bewahrt<\/em><\/h3>\n\n\n\n<p>Es gibt Aussagen, die sehr fromm klingen, aber eine tiefe Verwirrung verbergen. Eine der am h\u00e4ufigsten wiederholten heutzutage lautet: <em>\u201eDas Wort Gottes ist die Bibel.\u201c<\/em> F\u00fcr viele Christen erscheint dies offensichtlich, fast unbestreitbar. Doch <strong>f\u00fcr einen Katholiken ist diese Aussage unvollst\u00e4ndig und theologisch falsch<\/strong>.<\/p>\n\n\n\n<p><strong>Das Wort Gottes beschr\u00e4nkt sich nicht auf die Bibel.<\/strong><br>Die Bibel ist <strong>das geschriebene Wort Gottes<\/strong>, ja. Aber <strong>sie ist nicht die Gesamtheit des Wortes Gottes<\/strong>.<\/p>\n\n\n\n<p>Und diese Unterscheidung ist kein akademisches Detail oder ein Streit unter Theologen: <strong>sie wirkt sich direkt darauf aus, wie wir den Glauben leben, wie wir die Kirche, die Autorit\u00e4t, die Liturgie und unsere Beziehung zu Gott heute verstehen<\/strong>.<\/p>\n\n\n\n<p>Dieser Artikel m\u00f6chte Ihnen helfen, <strong>das Wort Gottes in seiner ganzen F\u00fclle zu verstehen, zu lieben und zu leben<\/strong>, so wie die Kirche es \u00fcber zweitausend Jahre empfangen, bewahrt und weitergegeben hat.<\/p>\n\n\n\n<hr class=\"wp-block-separator has-alpha-channel-opacity\"\/>\n\n\n\n<h2 class=\"wp-block-heading\">1. Vor der Bibel existierte das Wort bereits<\/h2>\n\n\n\n<p>Beginnen wir mit dem Wesentlichen.<\/p>\n\n\n\n<p>\ud83d\udc49 <strong>Gott begann nicht erst zu sprechen, als die Bibel geschrieben wurde.<\/strong><br>\ud83d\udc49 <strong>Gott sprach zuerst durch Taten, durch Menschen, durch eine lebendige Geschichte.<\/strong><\/p>\n\n\n\n<p>Der biblische Glaube entsteht nicht aus einem Buch, sondern aus einer <strong>Begegnung<\/strong>.<\/p>\n\n\n\n<blockquote class=\"wp-block-quote is-layout-flow wp-block-quote-is-layout-flow\">\n<p><em>\u201eIn vielerlei Weise und zu vielerlei Zeit hat Gott fr\u00fcher zu den V\u00e4tern durch die Propheten gesprochen; in diesen letzten Tagen hat er zu uns durch den Sohn gesprochen.\u201c<\/em><br>(Hebr\u00e4er 1,1\u20132)<\/p>\n<\/blockquote>\n\n\n\n<p>Das <strong>Wort Gottes ist vor allem eine Person: Jesus Christus<\/strong>.<\/p>\n\n\n\n<p>Jesus <strong>hat kein Buch geschrieben<\/strong>.<br>Jesus <strong>hat nicht befohlen, B\u00fccher zu schreiben<\/strong>.<br>Jesus <strong>hat eine Kirche gegr\u00fcndet<\/strong> und seine Lehre konkreten Menschen anvertraut: den Aposteln.<\/p>\n\n\n\n<hr class=\"wp-block-separator has-alpha-channel-opacity\"\/>\n\n\n\n<h2 class=\"wp-block-heading\">2. Das Wort Gottes ist der lebendige Christus, nicht nur ein Text<\/h2>\n\n\n\n<p>Der heilige Johannes dr\u00fcckt dies mit verbl\u00fcffender Klarheit aus:<\/p>\n\n\n\n<blockquote class=\"wp-block-quote is-layout-flow wp-block-quote-is-layout-flow\">\n<p><em>\u201eUnd das Wort wurde Fleisch und wohnte unter uns.\u201c<\/em><br>(Johannes 1,14)<\/p>\n<\/blockquote>\n\n\n\n<p>Das Wort ist nicht zuerst Tinte auf Papier.<br>Das Wort ist <strong>das ewige Wort des Vaters<\/strong>, Fleisch geworden, mit Stimme, Gesten, Schweigen, Wundern, Tod und Auferstehung.<\/p>\n\n\n\n<p>\ud83d\udccc <strong>Die Bibel zeugt vom Wort<\/strong>, ersch\u00f6pft es aber <strong>nicht<\/strong>.<br>\ud83d\udccc Wer das Zeugnis mit der F\u00fclle des Geheimnisses verwechselt, reduziert es.<\/p>\n\n\n\n<hr class=\"wp-block-separator has-alpha-channel-opacity\"\/>\n\n\n\n<h2 class=\"wp-block-heading\">3. Schrift und Tradition: zwei untrennbare Formen desselben Wortes<\/h2>\n\n\n\n<p>Die Kirche lehrt mit absoluter Klarheit \u2013 und hier gibt es keine Zweideutigkeit \u2013, dass:<\/p>\n\n\n\n<blockquote class=\"wp-block-quote is-layout-flow wp-block-quote-is-layout-flow\">\n<p><strong>Das Wort Gottes in der Heiligen Schrift und in der Heiligen Tradition enthalten ist.<\/strong><\/p>\n<\/blockquote>\n\n\n\n<p>Dies ist keine \u201ekatholische Meinung\u201c.<br>Es ist die feierliche Lehre des Zweiten Vatikanischen Konzils:<\/p>\n\n\n\n<blockquote class=\"wp-block-quote is-layout-flow wp-block-quote-is-layout-flow\">\n<p><em>\u201eDie heilige \u00dcberlieferung und die Heilige Schrift bilden einen einzigen heiligen Schatz des Wortes Gottes, der der Kirche anvertraut ist.\u201c<\/em><br>(<em>Dei Verbum<\/em>, 10)<\/p>\n<\/blockquote>\n\n\n\n<h3 class=\"wp-block-heading\">Was ist die Heilige Tradition?<\/h3>\n\n\n\n<p>Es handelt sich nicht um \u201ealte Br\u00e4uche\u201c oder \u201emenschliche Zus\u00e4tze\u201c.<\/p>\n\n\n\n<p>Die Tradition ist:<\/p>\n\n\n\n<ul class=\"wp-block-list\">\n<li>Die <strong>lebendige Lehre der Apostel<\/strong><\/li>\n\n\n\n<li>\u00dcberliefert <strong>m\u00fcndlich<\/strong>, <strong>liturgisch<\/strong>, <strong>dogmatisch<\/strong><\/li>\n\n\n\n<li>Vor, w\u00e4hrend und nach der Abfassung der biblischen Texte<\/li>\n<\/ul>\n\n\n\n<p>\ud83d\udcd6 <strong>Die Bibel entstand innerhalb der Tradition<\/strong>, nicht umgekehrt.<\/p>\n\n\n\n<hr class=\"wp-block-separator has-alpha-channel-opacity\"\/>\n\n\n\n<h2 class=\"wp-block-heading\">4. Eine unbequeme Tatsache: Die Kirche existierte Jahrhunderte ohne die \u201eBibel\u201c in der heutigen Form<\/h2>\n\n\n\n<p>In den <strong>ersten 300 Jahren<\/strong> konnten die meisten Christen:<\/p>\n\n\n\n<ul class=\"wp-block-list\">\n<li>Nicht lesen<\/li>\n\n\n\n<li>Hatten keinen Zugang zu Texten<\/li>\n\n\n\n<li>Besa\u00dfen keinen definierten \u201eNeuen Testament\u201c-Kanon<\/li>\n<\/ul>\n\n\n\n<p>Wie lebten sie also den Glauben?<\/p>\n\n\n\n<p>\u2714 Indem sie die apostolische Verk\u00fcndigung h\u00f6rten<br>\u2714 Indem sie an der Liturgie teilnahmen<br>\u2714 Indem sie die Sakramente empfingen<br>\u2714 Indem sie nach der empfangenen Tradition lebten<\/p>\n\n\n\n<p>\ud83d\udc49 <strong>Der Glaube hing nicht von einem pers\u00f6nlichen Buch ab<\/strong>, sondern von einer <strong>lebendigen Kirche<\/strong>.<\/p>\n\n\n\n<hr class=\"wp-block-separator has-alpha-channel-opacity\"\/>\n\n\n\n<h2 class=\"wp-block-heading\">5. Wer entschied, welche B\u00fccher zur Bibel geh\u00f6ren?<\/h2>\n\n\n\n<p>Eine entscheidende Frage.<\/p>\n\n\n\n<p>\ud83d\udccc <strong>Die Bibel fiel nicht fertig gebunden vom Himmel.<\/strong><br>\ud83d\udccc Die Kirche discernierte, geleitet vom Heiligen Geist, <strong>den Kanon<\/strong>.<\/p>\n\n\n\n<p>Die Konzile von Hippo (393) und Karthago (397) legten den biblischen Kanon fest, den Katholiken heute verwenden.<\/p>\n\n\n\n<p>\ud83d\udc49 Ohne Tradition und Lehramt <strong>w\u00fcssten wir nicht, was Schrift ist und was nicht<\/strong>.<\/p>\n\n\n\n<hr class=\"wp-block-separator has-alpha-channel-opacity\"\/>\n\n\n\n<h2 class=\"wp-block-heading\">6. Die Reduktion des Wortes Gottes auf die Bibel: ein protestantisches Konzept<\/h2>\n\n\n\n<p>Die Idee, dass:<\/p>\n\n\n\n<blockquote class=\"wp-block-quote is-layout-flow wp-block-quote-is-layout-flow\">\n<p>\u201eDie Bibel ist das einzige Wort Gottes und die einzige Autorit\u00e4t\u201c<\/p>\n<\/blockquote>\n\n\n\n<p>ist das Prinzip der <strong>\u201eSola Scriptura\u201c<\/strong>, formuliert in der protestantischen Reformation des 16. Jahrhunderts.<\/p>\n\n\n\n<h3 class=\"wp-block-heading\">Was ist das Problem?<\/h3>\n\n\n\n<ol class=\"wp-block-list\">\n<li><strong>Die Bibel lehrt niemals \u201eSola Scriptura\u201c<\/strong><\/li>\n\n\n\n<li>Die Auslegung liegt im <strong>individuellen Ermessen<\/strong><\/li>\n\n\n\n<li>Der Glaube fragmentiert sich in tausende widerspr\u00fcchliche Lesarten<\/li>\n<\/ol>\n\n\n\n<p>\ud83d\udcc9 Ergebnis: Spaltungen, doktrinelle Verwirrung, subjektiver Glaube.<\/p>\n\n\n\n<p>Der katholische Glaube hingegen st\u00fctzt sich auf ein <strong>untrennbares Dreibein<\/strong>:<\/p>\n\n\n\n<ul class=\"wp-block-list\">\n<li><strong>Heilige Schrift<\/strong><\/li>\n\n\n\n<li><strong>Heilige Tradition<\/strong><\/li>\n\n\n\n<li><strong>Lehramt der Kirche<\/strong><\/li>\n<\/ul>\n\n\n\n<hr class=\"wp-block-separator has-alpha-channel-opacity\"\/>\n\n\n\n<h2 class=\"wp-block-heading\">7. Das Wort Gottes spricht auch heute<\/h2>\n\n\n\n<p>Gott ist kein pensionierter Autor.<\/p>\n\n\n\n<p>\ud83d\udc49 <strong>Das Wort Gottes ist lebendig und wirksam<\/strong> (vgl. Hebr\u00e4er 4,12).<\/p>\n\n\n\n<p>Es spricht heute:<\/p>\n\n\n\n<ul class=\"wp-block-list\">\n<li>In der <strong>Liturgie<\/strong>, besonders in der Eucharistie<\/li>\n\n\n\n<li>Im <strong>authentischen Lehramt<\/strong><\/li>\n\n\n\n<li>Im <strong>Leben der Heiligen<\/strong><\/li>\n\n\n\n<li>Im Urteilsverm\u00f6gen der Kirche<\/li>\n<\/ul>\n\n\n\n<p>\ud83d\udccc <strong>Wenn die Kirche treu lehrt, spricht Christus weiterhin.<\/strong><\/p>\n\n\n\n<hr class=\"wp-block-separator has-alpha-channel-opacity\"\/>\n\n\n\n<h2 class=\"wp-block-heading\">8. Praktischer theologischer und pastoraler Leitfaden<\/h2>\n\n\n\n<h3 class=\"wp-block-heading\">Wie man das Wort Gottes in F\u00fclle lebt (nicht nur durch Bibellesen)<\/h3>\n\n\n\n<h3 class=\"wp-block-heading\">1. Die Bibel <em>innerhalb der Kirche<\/em> lesen<\/h3>\n\n\n\n<p>Nicht als isoliertes Buch, sondern:<\/p>\n\n\n\n<ul class=\"wp-block-list\">\n<li>Mit den Kirchenv\u00e4tern<\/li>\n\n\n\n<li>Mit dem Katechismus<\/li>\n\n\n\n<li>Mit der Liturgie<\/li>\n<\/ul>\n\n\n\n<h3 class=\"wp-block-heading\">2. Die Worte bei der Messe h\u00f6ren<\/h3>\n\n\n\n<p>Das verk\u00fcndete Wort <strong>ist keine private Lekt\u00fcre<\/strong>, sondern ein <strong>sakramentaler Akt<\/strong>.<\/p>\n\n\n\n<p>\ud83d\udc49 Christus spricht <strong>zu seiner versammelten Kirche<\/strong>.<\/p>\n\n\n\n<h3 class=\"wp-block-heading\">3. In der Tradition gebildet werden<\/h3>\n\n\n\n<ul class=\"wp-block-list\">\n<li>Konzile kennen<\/li>\n\n\n\n<li>Heilige lesen<\/li>\n\n\n\n<li>Lehramt studieren<\/li>\n<\/ul>\n\n\n\n<p>Das <strong>schr\u00e4nkt die Freiheit nicht ein<\/strong>, sondern gibt Wurzeln.<\/p>\n\n\n\n<h3 class=\"wp-block-heading\">4. Bibelismus vermeiden<\/h3>\n\n\n\n<p>Nicht jeder Vers ist w\u00f6rtlich oder isoliert auszulegen.<\/p>\n\n\n\n<p>\ud83d\udccc Die Bibel <strong>versteht man mit der Bibel<\/strong>, aber <strong>aus dem Glauben der Kirche heraus<\/strong>.<\/p>\n\n\n\n<h3 class=\"wp-block-heading\">5. Das Wort leben<\/h3>\n\n\n\n<p>Das Wort wird nicht nur auswendig gelernt:<\/p>\n\n\n\n<ul class=\"wp-block-list\">\n<li>Es wird <strong>gehorcht<\/strong><\/li>\n\n\n\n<li>Es wird <strong>gefeiert<\/strong><\/li>\n\n\n\n<li>Es wird <strong>verk\u00f6rpert<\/strong><\/li>\n<\/ul>\n\n\n\n<hr class=\"wp-block-separator has-alpha-channel-opacity\"\/>\n\n\n\n<h2 class=\"wp-block-heading\">9. Ein Glaube, der gr\u00f6\u00dfer ist als ein Buch<\/h2>\n\n\n\n<p>Die Bibel zu lieben ist unerl\u00e4sslich.<br>Den Glauben nur auf die Bibel zu reduzieren, ist ihn zu verarmen.<\/p>\n\n\n\n<p>Das Wort Gottes:<\/p>\n\n\n\n<ul class=\"wp-block-list\">\n<li>Ist <strong>der lebendige Christus<\/strong><\/li>\n\n\n\n<li>\u00dcberliefert durch die <strong>Tradition<\/strong><\/li>\n\n\n\n<li>Bewahrt durch die <strong>Kirche<\/strong><\/li>\n\n\n\n<li>Erleuchtet durch die <strong>Schrift<\/strong><\/li>\n<\/ul>\n\n\n\n<p>Oder wie der heilige Augustinus mit durchschlagender Klarheit sagte:<\/p>\n\n\n\n<blockquote class=\"wp-block-quote is-layout-flow wp-block-quote-is-layout-flow\">\n<p><em>\u201eIch w\u00fcrde dem Evangelium nicht glauben, wenn mich nicht die Autorit\u00e4t der katholischen Kirche dazu bewegen w\u00fcrde.\u201c<\/em><\/p>\n<\/blockquote>\n\n\n\n<hr class=\"wp-block-separator has-alpha-channel-opacity\"\/>\n\n\n\n<h2 class=\"wp-block-heading\">Fazit: kehre nach Hause zur\u00fcck<\/h2>\n\n\n\n<p>In einer fragmentierten Welt bietet der katholische Glaube etwas Revolution\u00e4res:<br><strong>ein lebendiges, vollst\u00e4ndiges, koh\u00e4rentes Wort, verk\u00f6rpert in einer konkreten Kirche<\/strong>.<\/p>\n\n\n\n<p>Gib dich nicht mit einem reduzierten Christentum zufrieden.<br>Schlie\u00dfe die Stimme Gottes nicht in wenigen Seiten ein.<\/p>\n\n\n\n<p>\ud83d\udcd6 <strong>Lies die Bibel.<\/strong><br>\ud83d\udd4a <strong>H\u00f6re auf die Tradition.<\/strong><br>\u26ea <strong>Bleibe in der Kirche.<\/strong><\/p>\n\n\n\n<p>Dort \u2013 und nur dort \u2013 <strong>offenbart sich das Wort Gottes in seiner ganzen F\u00fclle<\/strong>.<\/p>\n","protected":false},"excerpt":{"rendered":"<p>Warum es die Glaubenserfahrung verarmt, es auf die Bibel zu reduzieren, und wie die Kirche es seit Jahrhunderten lebendig bewahrt Es gibt Aussagen, die sehr fromm klingen, aber eine tiefe Verwirrung verbergen. Eine der am h\u00e4ufigsten wiederholten heutzutage lautet: \u201eDas Wort Gottes ist die Bibel.\u201c F\u00fcr viele Christen erscheint dies offensichtlich, fast unbestreitbar. Doch f\u00fcr &hellip;<\/p>\n","protected":false},"author":3,"featured_media":4801,"comment_status":"closed","ping_status":"closed","sticky":false,"template":"","format":"standard","meta":{"_seopress_robots_primary_cat":"","_seopress_titles_title":"","_seopress_titles_desc":"","_seopress_robots_index":"","footnotes":""},"categories":[45,37],"tags":[1781],"class_list":["post-4800","post","type-post","status-publish","format-standard","has-post-thumbnail","","category-heilige-schrift","category-lehre-und-glaube","tag-das-wort-gottes"],"_links":{"self":[{"href":"https:\/\/catholicus.eu\/de\/wp-json\/wp\/v2\/posts\/4800","targetHints":{"allow":["GET"]}}],"collection":[{"href":"https:\/\/catholicus.eu\/de\/wp-json\/wp\/v2\/posts"}],"about":[{"href":"https:\/\/catholicus.eu\/de\/wp-json\/wp\/v2\/types\/post"}],"author":[{"embeddable":true,"href":"https:\/\/catholicus.eu\/de\/wp-json\/wp\/v2\/users\/3"}],"replies":[{"embeddable":true,"href":"https:\/\/catholicus.eu\/de\/wp-json\/wp\/v2\/comments?post=4800"}],"version-history":[{"count":1,"href":"https:\/\/catholicus.eu\/de\/wp-json\/wp\/v2\/posts\/4800\/revisions"}],"predecessor-version":[{"id":4802,"href":"https:\/\/catholicus.eu\/de\/wp-json\/wp\/v2\/posts\/4800\/revisions\/4802"}],"wp:featuredmedia":[{"embeddable":true,"href":"https:\/\/catholicus.eu\/de\/wp-json\/wp\/v2\/media\/4801"}],"wp:attachment":[{"href":"https:\/\/catholicus.eu\/de\/wp-json\/wp\/v2\/media?parent=4800"}],"wp:term":[{"taxonomy":"category","embeddable":true,"href":"https:\/\/catholicus.eu\/de\/wp-json\/wp\/v2\/categories?post=4800"},{"taxonomy":"post_tag","embeddable":true,"href":"https:\/\/catholicus.eu\/de\/wp-json\/wp\/v2\/tags?post=4800"}],"curies":[{"name":"wp","href":"https:\/\/api.w.org\/{rel}","templated":true}]}}