{"id":4694,"date":"2025-09-14T22:19:51","date_gmt":"2025-09-14T20:19:51","guid":{"rendered":"https:\/\/catholicus.eu\/de\/?p=4694"},"modified":"2025-09-14T22:19:51","modified_gmt":"2025-09-14T20:19:51","slug":"das-kreuz-das-leben-schenkt-die-wiederentdeckung-der-erhoehung-des-heiligen-kreuzes-in-der-heutigen-welt","status":"publish","type":"post","link":"https:\/\/catholicus.eu\/de\/das-kreuz-das-leben-schenkt-die-wiederentdeckung-der-erhoehung-des-heiligen-kreuzes-in-der-heutigen-welt\/","title":{"rendered":"Das Kreuz, das Leben schenkt: Die Wiederentdeckung der Erh\u00f6hung des Heiligen Kreuzes in der heutigen Welt"},"content":{"rendered":"\n<p>Am 14. September feiert die katholische Kirche feierlich die <strong>Erh\u00f6hung des Heiligen Kreuzes<\/strong>. Auf den ersten Blick mag es merkw\u00fcrdig erscheinen, dass Christen ein Folterinstrument feiern, ein r\u00f6misches Hinrichtungswerkzeug, das Dem\u00fctigung und Tod bedeutete. Doch f\u00fcr die Gl\u00e4ubigen ist das Kreuz keine Niederlage, sondern ein <strong>Thron der Herrlichkeit, eine Quelle des Lebens und ein Zeichen der Hoffnung<\/strong>. An ihm hat Christus die S\u00fcnde und den Tod besiegt und das Grauen in Heil verwandelt.<\/p>\n\n\n\n<p>Dieser Artikel m\u00f6chte weit mehr sein als eine Erkl\u00e4rung: Er will ein geistlicher Wegweiser sein, um den tiefen Sinn des Kreuzes in unserem Leben, in der Geschichte der Kirche und in der Gegenwart einer Welt neu zu entdecken, die dem Leiden oft ausweicht, aber zugleich nach Erl\u00f6sung d\u00fcrstet.<\/p>\n\n\n\n<hr class=\"wp-block-separator has-alpha-channel-opacity\"\/>\n\n\n\n<h2 class=\"wp-block-heading\">\ud83d\udcd6 Ursprung und Geschichte des Festes<\/h2>\n\n\n\n<p>Die <strong>Erh\u00f6hung des Heiligen Kreuzes<\/strong> hat einen faszinierenden historischen Hintergrund. Sie geht zur\u00fcck ins 4. Jahrhundert, als <strong>die heilige Helena<\/strong>, die Mutter Kaiser Konstantins, nach Jerusalem reiste und das wahre Kreuz Christi auf dem Kalvarienberg fand. Kurz darauf, im Jahr 335, weihte Kaiser Konstantin die <strong>Basilika des Heiligen Grabes<\/strong>, und es wurde eine Feier eingef\u00fchrt, um diesen Fund zu gedenken und vor allem an den Triumph Christi \u00fcber den Tod zu erinnern.<\/p>\n\n\n\n<p>Sp\u00e4ter, im Jahr 628, brachte der byzantinische Kaiser Heraklios die Reliquie des Kreuzes zur\u00fcck, die von den Persern gestohlen worden war. Als er sie nach Jerusalem zur\u00fcckf\u00fchrte, verst\u00e4rkte die Kirche die Feier und betonte ihren Charakter als geistlichen Sieg. Seitdem l\u00e4dt uns die Liturgie jedes Jahr am 14. September ein, <strong>das Kreuz nicht als Niederlage, sondern als h\u00f6chstes Zeichen der Liebe Gottes<\/strong> zu betrachten.<\/p>\n\n\n\n<hr class=\"wp-block-separator has-alpha-channel-opacity\"\/>\n\n\n\n<h2 class=\"wp-block-heading\">\u2728 Das Kreuz: Geheimnis von Liebe und Heil<\/h2>\n\n\n\n<p>Im Mittelpunkt dieses Festes steht nicht das Holz selbst, sondern das, was es darstellt: der <strong>h\u00f6chste Akt der Hingabe Christi<\/strong>. Wie der heilige Paulus sagt:<\/p>\n\n\n\n<p>\ud83d\udc49 <em>\u201eWir aber predigen Christus als den Gekreuzigten: den Juden ein \u00c4rgernis, den Heiden eine Torheit; denen aber, die berufen sind, Juden wie Griechen, Christus Gottes Kraft und Gottes Weisheit\u201c<\/em> (1 Kor 1,23-24).<\/p>\n\n\n\n<p>Das Kreuz ist der Treffpunkt zwischen menschlichem Elend und g\u00f6ttlicher Barmherzigkeit. Dort offenbart sich, dass die Liebe Gottes weder theoretisch noch sentimental ist, sondern <strong>eine Liebe, die sich bis zum Blutvergie\u00dfen hingibt<\/strong>.<\/p>\n\n\n\n<p>Aus theologischer Sicht:<\/p>\n\n\n\n<ul class=\"wp-block-list\">\n<li><strong>Das Kreuz ist Altar und Opfer<\/strong>: An ihm bietet Christus, der ewige Hohepriester, sein Leben als vollkommenes Opfer dar.<\/li>\n\n\n\n<li><strong>Das Kreuz ist Sieg<\/strong>: Nicht der Tod triumphiert, sondern Christus, der die S\u00fcnde besiegt und den Weg zum ewigen Leben \u00f6ffnet.<\/li>\n\n\n\n<li><strong>Das Kreuz ist Schule<\/strong>: Es lehrt uns den Weg der Demut, des Gehorsams und des Vertrauens auf Gott.<\/li>\n<\/ul>\n\n\n\n<hr class=\"wp-block-separator has-alpha-channel-opacity\"\/>\n\n\n\n<h2 class=\"wp-block-heading\">\ud83d\ude4f Das Kreuz im Alltag: Ein praktischer Leitfaden<\/h2>\n\n\n\n<p>Die Feier der Erh\u00f6hung des Kreuzes darf nicht bei einer historischen Erinnerung oder einer feierlichen Messe stehen bleiben. Das Kreuz l\u00e4dt uns ein, <strong>auf eine neue Weise zu leben<\/strong>. Hier ein praktischer Leitfaden, aus theologischer und pastoraler Sicht, um es im Alltag anzuwenden:<\/p>\n\n\n\n<h3 class=\"wp-block-heading\">1. <strong>Lernen, das eigene Kreuz zu umarmen<\/strong><\/h3>\n\n\n\n<p>Jeder Mensch tr\u00e4gt Kreuze: famili\u00e4re Probleme, Krankheiten, Einsamkeit, finanzielle Schwierigkeiten, innere K\u00e4mpfe. Der Christ leugnet sie nicht und flieht nicht, sondern bietet sie in Einheit mit Christus dar. Es geht nicht darum, das Leiden zu suchen, sondern darum, <strong>es in ein Opfer und einen Weg der Erl\u00f6sung zu verwandeln<\/strong>.<\/p>\n\n\n\n<h3 class=\"wp-block-heading\">2. <strong>Den gekreuzigten Christus t\u00e4glich betrachten<\/strong><\/h3>\n\n\n\n<p>Ein Kruzifix ist kein Schmuckst\u00fcck; es ist eine lebendige Erinnerung an die Liebe Gottes. Widme jeden Tag ein paar Minuten, um es schweigend zu betrachten, und bete: <em>\u201eHerr, lehre mich, so zu lieben, wie Du liebst.\u201c<\/em><\/p>\n\n\n\n<h3 class=\"wp-block-heading\">3. <strong>Das Kreuzzeichen im Glauben leben<\/strong><\/h3>\n\n\n\n<p>Das Kreuzzeichen ist keine mechanische Geste. Jedes Mal, wenn wir es \u00fcber unseren K\u00f6rper machen, verk\u00fcnden wir: <em>\u201eIch glaube an die Dreifaltigkeit, ich geh\u00f6re zu Christus, und ich will mein Kreuz mit ihm tragen.\u201c<\/em> Mache es langsam, ehrf\u00fcrchtig.<\/p>\n\n\n\n<h3 class=\"wp-block-heading\">4. <strong>Pr\u00fcfungen in Dienst verwandeln<\/strong><\/h3>\n\n\n\n<p>Das Kreuz ist keine Ausrede f\u00fcr ewiges Klagen, sondern eine Kraft, um mehr zu lieben. Hast du Schwierigkeiten? Biete sie f\u00fcr einen Kranken dar, f\u00fcr die Bekehrung eines geliebten Menschen, f\u00fcr den Frieden in der Welt. <strong>Ein geteiltes Kreuz wird fruchtbar<\/strong>.<\/p>\n\n\n\n<h3 class=\"wp-block-heading\">5. <strong>Die Messe mit gekreuzigtem Blick feiern<\/strong><\/h3>\n\n\n\n<p>Jede Eucharistie ist die Vergegenw\u00e4rtigung des Opfers des Kreuzes. Mit Glauben teilzunehmen hei\u00dft, uns an der Seite Marias am Fu\u00df des Kalvarienbergs zu stellen und unser Leben mit Christus darzubringen.<\/p>\n\n\n\n<hr class=\"wp-block-separator has-alpha-channel-opacity\"\/>\n\n\n\n<h2 class=\"wp-block-heading\">\ud83c\udf0d Das Kreuz in der heutigen Welt<\/h2>\n\n\n\n<p>Wir leben in einer Gesellschaft, die dem Opfer ausweicht, die Bequemlichkeit und sofortiges Vergn\u00fcgen sucht. Deshalb wirkt es provokativ, vom Kreuz zu sprechen. Und doch gilt: <strong>Nur das Kreuz gibt Antworten auf die tiefsten Wunden des menschlichen Herzens<\/strong>.<\/p>\n\n\n\n<ul class=\"wp-block-list\">\n<li>Angesichts der Wegwerfkultur verk\u00fcndet das Kreuz den unendlichen Wert jedes Lebens.<\/li>\n\n\n\n<li>Angesichts von Gewalt und Hass lehrt das Kreuz Vergebung und Vers\u00f6hnung.<\/li>\n\n\n\n<li>Angesichts der Verzweiflung er\u00f6ffnet das Kreuz einen Horizont der Auferstehung.<\/li>\n<\/ul>\n\n\n\n<p>Heute mehr denn je brauchen wir Christen, die das Kreuz nicht als leeres Symbol tragen, sondern als <strong>Lebensstil<\/strong>: lieben bis zur Hingabe des Lebens, dienen ohne Belohnung zu erwarten, im Glauben standhaft bleiben inmitten der Dunkelheit.<\/p>\n\n\n\n<hr class=\"wp-block-separator has-alpha-channel-opacity\"\/>\n\n\n\n<h2 class=\"wp-block-heading\">\ud83d\udcc5 Wann wird es gefeiert?<\/h2>\n\n\n\n<p>Die <strong>Erh\u00f6hung des Heiligen Kreuzes<\/strong> wird jedes Jahr am <strong>14. September<\/strong> gefeiert, unmittelbar nach dem Fest der Geburt der Jungfrau Maria (8. September). Die N\u00e4he dieser Daten ist kein Zufall: Sie erinnert uns daran, dass Maria eng mit dem Kreuz ihres Sohnes verbunden war und als Erste das herrliche Paradox erlebte, dass aus dem Leiden Leben geboren wird.<\/p>\n\n\n\n<hr class=\"wp-block-separator has-alpha-channel-opacity\"\/>\n\n\n\n<h2 class=\"wp-block-heading\">\ud83d\udd11 Schlussfolgerung: Das Kreuz, Kompass f\u00fcr das Leben<\/h2>\n\n\n\n<p>Das Kreuz ist kein Zeichen der Vergangenheit, sondern <strong>der Kompass, der das christliche Leben in der Gegenwart ausrichtet<\/strong>. Wer sich an das Kreuz klammert, verirrt sich nie. Es geht nicht darum, den Schmerz zu lieben, sondern den Gott zu lieben, der uns am Kreuz bis zum \u00c4u\u00dfersten geliebt hat.<\/p>\n\n\n\n<p>Die Einladung dieses Festes ist klar:<\/p>\n\n\n\n<ul class=\"wp-block-list\">\n<li><strong>Schau das Kreuz im Glauben an.<\/strong><\/li>\n\n\n\n<li><strong>Trage es mit Hoffnung.<\/strong><\/li>\n\n\n\n<li><strong>Lebe es mit Liebe.<\/strong><\/li>\n<\/ul>\n\n\n\n<p>Denn, wie das Evangelium verk\u00fcndet:<br>\ud83d\udc49 <em>\u201eDenn so sehr hat Gott die Welt geliebt, dass er seinen einzigen Sohn hingab, damit jeder, der an ihn glaubt, nicht verloren geht, sondern ewiges Leben hat\u201c<\/em> (Joh 3,16).<\/p>\n\n\n\n<p>Und diese Hingabe gipfelte am Kreuz\u2026 erh\u00f6ht, glorreich, strahlend.<\/p>\n","protected":false},"excerpt":{"rendered":"<p>Am 14. September feiert die katholische Kirche feierlich die Erh\u00f6hung des Heiligen Kreuzes. Auf den ersten Blick mag es merkw\u00fcrdig erscheinen, dass Christen ein Folterinstrument feiern, ein r\u00f6misches Hinrichtungswerkzeug, das Dem\u00fctigung und Tod bedeutete. Doch f\u00fcr die Gl\u00e4ubigen ist das Kreuz keine Niederlage, sondern ein Thron der Herrlichkeit, eine Quelle des Lebens und ein Zeichen &hellip;<\/p>\n","protected":false},"author":3,"featured_media":4695,"comment_status":"open","ping_status":"open","sticky":false,"template":"","format":"standard","meta":{"_seopress_robots_primary_cat":"","_seopress_titles_title":"","_seopress_titles_desc":"","_seopress_robots_index":"","footnotes":""},"categories":[38,52],"tags":[1748],"class_list":["post-4694","post","type-post","status-publish","format-standard","has-post-thumbnail","","category-geschichte-und-tradition","category-liturgie-und-kirchenjahr","tag-erhoehung-des-heiligen-kreuzes"],"_links":{"self":[{"href":"https:\/\/catholicus.eu\/de\/wp-json\/wp\/v2\/posts\/4694","targetHints":{"allow":["GET"]}}],"collection":[{"href":"https:\/\/catholicus.eu\/de\/wp-json\/wp\/v2\/posts"}],"about":[{"href":"https:\/\/catholicus.eu\/de\/wp-json\/wp\/v2\/types\/post"}],"author":[{"embeddable":true,"href":"https:\/\/catholicus.eu\/de\/wp-json\/wp\/v2\/users\/3"}],"replies":[{"embeddable":true,"href":"https:\/\/catholicus.eu\/de\/wp-json\/wp\/v2\/comments?post=4694"}],"version-history":[{"count":1,"href":"https:\/\/catholicus.eu\/de\/wp-json\/wp\/v2\/posts\/4694\/revisions"}],"predecessor-version":[{"id":4696,"href":"https:\/\/catholicus.eu\/de\/wp-json\/wp\/v2\/posts\/4694\/revisions\/4696"}],"wp:featuredmedia":[{"embeddable":true,"href":"https:\/\/catholicus.eu\/de\/wp-json\/wp\/v2\/media\/4695"}],"wp:attachment":[{"href":"https:\/\/catholicus.eu\/de\/wp-json\/wp\/v2\/media?parent=4694"}],"wp:term":[{"taxonomy":"category","embeddable":true,"href":"https:\/\/catholicus.eu\/de\/wp-json\/wp\/v2\/categories?post=4694"},{"taxonomy":"post_tag","embeddable":true,"href":"https:\/\/catholicus.eu\/de\/wp-json\/wp\/v2\/tags?post=4694"}],"curies":[{"name":"wp","href":"https:\/\/api.w.org\/{rel}","templated":true}]}}