{"id":4675,"date":"2025-08-17T20:26:15","date_gmt":"2025-08-17T18:26:15","guid":{"rendered":"https:\/\/catholicus.eu\/de\/?p=4675"},"modified":"2025-08-17T20:26:15","modified_gmt":"2025-08-17T18:26:15","slug":"die-drei-grossen-feinde-des-beichtsakraments-angst-scham-und-traegheit","status":"publish","type":"post","link":"https:\/\/catholicus.eu\/de\/die-drei-grossen-feinde-des-beichtsakraments-angst-scham-und-traegheit\/","title":{"rendered":"Die drei gro\u00dfen Feinde des Beichtsakraments: Angst, Scham und Tr\u00e4gheit"},"content":{"rendered":"\n<p><em>&#8222;Empfangt den Heiligen Geist! Wem ihr die S\u00fcnden vergebt, dem sind sie vergeben; wem ihr die Vergebung verweigert, dem ist sie verweigert.&#8220;<\/em>&nbsp;(Johannes 20,22-23)<\/p>\n\n\n\n<h2 class=\"wp-block-heading\"><strong>Einf\u00fchrung: Das Beichtsakrament &#8211; ein g\u00f6ttliches Geschenk in der Krise<\/strong><\/h2>\n\n\n\n<p>In der modernen Welt, wo moralischer Relativismus und S\u00e4kularisierung rasch voranschreiten, durchlebt das Bu\u00dfsakrament (oder Beichte) eine stille Krise. Viele Katholiken, obwohl gl\u00e4ubig, meiden diese barmherzige Begegnung mit Gott wegen drei geistlicher Feinde:&nbsp;<strong>Angst, Scham und Tr\u00e4gheit<\/strong>.<\/p>\n\n\n\n<p>Diese Hindernisse sind nicht neu. Seit den Zeiten der Kirchenv\u00e4ter versucht der Teufel, Seelen vom sakramentalen Vergebung zu entfernen. Doch heute, in einer Gesellschaft, die Selbstgen\u00fcgsamkeit und Ablehnung von Schuld f\u00f6rdert, haben sich diese Feinde verst\u00e4rkt.<\/p>\n\n\n\n<p>In diesem Artikel werden wir jeden davon vertiefen, ihre theologischen Wurzeln erforschen, ihre Auswirkungen auf das geistliche Leben und vor allem, wie man sie mit Gottes Gnade \u00fcberwinden kann.<\/p>\n\n\n\n<hr class=\"wp-block-separator has-alpha-channel-opacity\"\/>\n\n\n\n<h2 class=\"wp-block-heading\"><strong>1. Die Angst: &#8222;Was wird der Priester denken?&#8220;<\/strong><\/h2>\n\n\n\n<h3 class=\"wp-block-heading\"><strong>Die Wurzel der Angst<\/strong><\/h3>\n\n\n\n<p>Die Angst vor der Beichte zeigt sich auf verschiedene Weise:<\/p>\n\n\n\n<ul class=\"wp-block-list\">\n<li><em>Furcht vor dem Urteil des Priesters<\/em><\/li>\n\n\n\n<li><em>Angst, nicht vergeben zu werden<\/em><\/li>\n\n\n\n<li><em>Bef\u00fcrchtung, S\u00fcnden zu vergessen<\/em><\/li>\n<\/ul>\n\n\n\n<p>Diese Angst kommt nicht von Gott, denn Er ist&nbsp;<em>&#8222;reich an Erbarmen&#8220;<\/em>&nbsp;(Epheser 2,4). Vielmehr ist es eine Falle des Feindes, um die Seele von der Gnade fernzuhalten.<\/p>\n\n\n\n<h3 class=\"wp-block-heading\"><strong>Die Antwort des Glaubens<\/strong><\/h3>\n\n\n\n<p>Jesus hat die Beichte nicht als Gericht der Verdammnis eingesetzt, sondern als&nbsp;<em>geistliche Klinik<\/em>. Der Priester handelt&nbsp;<em>in persona Christi<\/em>, also in der Person Christi, der nicht kam,&nbsp;<em>&#8222;um die Welt zu richten, sondern um sie zu retten&#8220;<\/em>&nbsp;(Johannes 3,17).<\/p>\n\n\n\n<p><strong>Wie man die Angst \u00fcberwindet:<\/strong><\/p>\n\n\n\n<ul class=\"wp-block-list\">\n<li><strong>Jesu Verhei\u00dfung erinnern<\/strong>: Er kennt unsere S\u00fcnden schon und\u00a0<em>dennoch<\/em>\u00a0ruft Er uns zur Umkehr.<\/li>\n\n\n\n<li><strong>Auf das Beichtgeheimnis vertrauen<\/strong>: Der Priester ist bei Exkommunikation zum absoluten Schweigen verpflichtet.<\/li>\n\n\n\n<li><strong>Einfach beginnen<\/strong>: Bei gro\u00dfer Angst kann man sagen:\u00a0<em>&#8222;Vater, ich habe Angst zu beichten, bitte helfen Sie mir.&#8220;<\/em><\/li>\n<\/ul>\n\n\n\n<hr class=\"wp-block-separator has-alpha-channel-opacity\"\/>\n\n\n\n<h2 class=\"wp-block-heading\"><strong>2. Die Scham: &#8222;Ich habe nicht den Mut, meine S\u00fcnden zu sagen&#8220;<\/strong><\/h2>\n\n\n\n<h3 class=\"wp-block-heading\"><strong>Die Falle der Scham<\/strong><\/h3>\n\n\n\n<p>Scham ist vielleicht das h\u00e4ufigste Hindernis. Seit dem S\u00fcndenfall Adams und Evas empfindet die Menschheit dieses Gef\u00fchl nach der S\u00fcnde (Genesis 3,10).<\/p>\n\n\n\n<p>Doch es gibt einen entscheidenden Unterschied:&nbsp;<strong>Adam versteckte sich vor Gott, w\u00e4hrend der verlorene Sohn zu seinem Vater zur\u00fccklief<\/strong>&nbsp;(Lukas 15,20). Scham kann heilsam sein, wenn sie zur Reue f\u00fchrt, aber sch\u00e4dlich, wenn sie l\u00e4hmt.<\/p>\n\n\n\n<h3 class=\"wp-block-heading\"><strong>Die befreiende Demut<\/strong><\/h3>\n\n\n\n<p>Die heilige Teresa von \u00c1vila sagte:&nbsp;<em>&#8222;Demut ist Wahrheit.&#8220;<\/em>&nbsp;Unsere S\u00fcnden einzugestehen macht uns vor Gott nicht klein, sondern&nbsp;<em>wahrhaftig<\/em>. Der Teufel will uns glauben lassen, unsere S\u00fcnden seien&nbsp;<em>&#8222;zu schwer&#8220;<\/em>, aber Gottes Barmherzigkeit ist gr\u00f6\u00dfer.<\/p>\n\n\n\n<p><strong>Wie man Scham \u00fcberwindet:<\/strong><\/p>\n\n\n\n<ul class=\"wp-block-list\">\n<li><strong>Den Priester als Arzt sehen<\/strong>: Wir sch\u00e4men uns nicht, einem Arzt Symptome zu beschreiben; ebenso ist der Beichtvater da, um zu heilen, nicht zu richten.<\/li>\n\n\n\n<li><strong>\u00dcber das Kreuz meditieren<\/strong>: Wenn Christus f\u00fcr unsere S\u00fcnden starb, wie k\u00f6nnte Er uns verweigern, wenn wir sie bekennen?<\/li>\n\n\n\n<li><strong>Ein Beichtspiegel verwenden<\/strong>: Hilft, Gedanken zu ordnen und Blockaden zu vermeiden.<\/li>\n<\/ul>\n\n\n\n<hr class=\"wp-block-separator has-alpha-channel-opacity\"\/>\n\n\n\n<h2 class=\"wp-block-heading\"><strong>3. Die Tr\u00e4gheit: &#8222;Ich beichte sp\u00e4ter&#8230;&#8220;<\/strong><\/h2>\n\n\n\n<h3 class=\"wp-block-heading\"><strong>Die Gefahr geistlicher Aufschieberei<\/strong><\/h3>\n\n\n\n<p>Geistliche Tr\u00e4gheit (oder&nbsp;<em>Acedia<\/em>) ist ein Hauptlaster, das uns verleitet, das Gute aufzuschieben. Viele sagen:&nbsp;<em>&#8222;Ich habe niemanden get\u00f6tet, ich muss nicht oft beichten.&#8220;<\/em>&nbsp;Doch der Katechismus erinnert uns:&nbsp;<em>&#8222;Jede S\u00fcnde, auch die l\u00e4ssliche, muss bek\u00e4mpft werden&#8220;<\/em>&nbsp;(KKK 1863).<\/p>\n\n\n\n<p>Der heilige Johannes Vianney, der Pfarrer von Ars, sagte:&nbsp;<em>&#8222;Die S\u00fcnde ist der Dolch, mit dem der Mensch Gott verwundet.&#8220;<\/em>&nbsp;Wenn wir S\u00fcnden anh\u00e4ufen, verh\u00e4rtet sich das Herz.<\/p>\n\n\n\n<h3 class=\"wp-block-heading\"><strong>Die Dringlichkeit der Bekehrung<\/strong><\/h3>\n\n\n\n<p>Gott ruft uns&nbsp;<em>&#8222;jetzt&#8220;<\/em>, nicht morgen.&nbsp;<em>&#8222;Jetzt ist sie da, die Zeit der Gnade; jetzt ist er da, der Tag der Rettung.&#8220;<\/em>&nbsp;(2 Korinther 6,2).<\/p>\n\n\n\n<p><strong>Wie man Tr\u00e4gheit bek\u00e4mpft:<\/strong><\/p>\n\n\n\n<ul class=\"wp-block-list\">\n<li><strong>Regelm\u00e4\u00dfige Zeiten festlegen<\/strong>: Z.B. einmal im Monat.<\/li>\n\n\n\n<li><strong>An den Tod denken<\/strong>:\u00a0<em>&#8222;Memento mori&#8220;<\/em>\u00a0(Bedenke, dass du sterben wirst). Wir wissen nicht, wann unsere letzte Gelegenheit ist.<\/li>\n\n\n\n<li><strong>Einen geistlichen Freund um Hilfe bitten<\/strong>: Jemand, der uns zur Beichte ermutigt.<\/li>\n<\/ul>\n\n\n\n<hr class=\"wp-block-separator has-alpha-channel-opacity\"\/>\n\n\n\n<h2 class=\"wp-block-heading\"><strong>Schluss: Die Beichte &#8211; eine Begegnung der Liebe<\/strong><\/h2>\n\n\n\n<p>Das Beichtsakrament ist keine Formalit\u00e4t, sondern eine&nbsp;<strong>Umarmung des Vaters<\/strong>. Angst, Scham und Tr\u00e4gheit zu \u00fcberwinden erfordert Glauben und Entschlossenheit, aber die Belohnung ist unermesslich:&nbsp;<strong>Frieden der Seele und erneuerte Freundschaft mit Gott<\/strong>.<\/p>\n\n\n\n<p>Wie der heilige Josefmaria Escriv\u00e1 sagte:&nbsp;<em>&#8222;Wer gut beichtet, wird mit Freude erf\u00fcllt.&#8220;<\/em>&nbsp;Lasst uns nicht zu, dass diese drei Feinde uns der Gnade berauben.&nbsp;<strong>Lasst uns zum Beichtstuhl eilen!<\/strong>&nbsp;Die Barmherzigkeit erwartet uns.<\/p>\n\n\n\n<blockquote class=\"wp-block-quote is-layout-flow wp-block-quote-is-layout-flow\">\n<p><em>&#8222;Wohl dem, dessen Frevel vergeben und dessen S\u00fcnde bedeckt ist!&#8220;<\/em>&nbsp;(Psalm 32,1)<\/p>\n<\/blockquote>\n\n\n\n<h3 class=\"wp-block-heading\"><strong>Fragen zur Besinnung<\/strong><\/h3>\n\n\n\n<ol start=\"1\" class=\"wp-block-list\">\n<li>Welcher dieser drei Feinde (Angst, Scham, Tr\u00e4gheit) betrifft mich am meisten?<\/li>\n\n\n\n<li>Wann habe ich mich das letzte Mal aufrichtig und freudig gebeichtet?<\/li>\n\n\n\n<li>Welche konkreten Schritte kann ich unternehmen, um h\u00e4ufiger zu beichten?<\/li>\n<\/ol>\n\n\n\n<p>M\u00f6ge die allerseligste Jungfrau Maria, Zuflucht der S\u00fcnder, uns die Gnade erwirken, dieses Sakrament zu lieben und ihm vertrauensvoll zu begegnen.&nbsp;<strong>Vorw\u00e4rts, ohne Angst!<\/strong><\/p>\n","protected":false},"excerpt":{"rendered":"<p>&#8222;Empfangt den Heiligen Geist! Wem ihr die S\u00fcnden vergebt, dem sind sie vergeben; wem ihr die Vergebung verweigert, dem ist sie verweigert.&#8220;&nbsp;(Johannes 20,22-23) Einf\u00fchrung: Das Beichtsakrament &#8211; ein g\u00f6ttliches Geschenk in der Krise In der modernen Welt, wo moralischer Relativismus und S\u00e4kularisierung rasch voranschreiten, durchlebt das Bu\u00dfsakrament (oder Beichte) eine stille Krise. Viele Katholiken, obwohl &hellip;<\/p>\n","protected":false},"author":3,"featured_media":4676,"comment_status":"open","ping_status":"open","sticky":false,"template":"","format":"standard","meta":{"_seopress_robots_primary_cat":"","_seopress_titles_title":"","_seopress_titles_desc":"","_seopress_robots_index":"","footnotes":""},"categories":[37,46],"tags":[1742],"class_list":["post-4675","post","type-post","status-publish","format-standard","has-post-thumbnail","","category-lehre-und-glaube","category-sakramente","tag-beichtsakraments"],"_links":{"self":[{"href":"https:\/\/catholicus.eu\/de\/wp-json\/wp\/v2\/posts\/4675","targetHints":{"allow":["GET"]}}],"collection":[{"href":"https:\/\/catholicus.eu\/de\/wp-json\/wp\/v2\/posts"}],"about":[{"href":"https:\/\/catholicus.eu\/de\/wp-json\/wp\/v2\/types\/post"}],"author":[{"embeddable":true,"href":"https:\/\/catholicus.eu\/de\/wp-json\/wp\/v2\/users\/3"}],"replies":[{"embeddable":true,"href":"https:\/\/catholicus.eu\/de\/wp-json\/wp\/v2\/comments?post=4675"}],"version-history":[{"count":1,"href":"https:\/\/catholicus.eu\/de\/wp-json\/wp\/v2\/posts\/4675\/revisions"}],"predecessor-version":[{"id":4677,"href":"https:\/\/catholicus.eu\/de\/wp-json\/wp\/v2\/posts\/4675\/revisions\/4677"}],"wp:featuredmedia":[{"embeddable":true,"href":"https:\/\/catholicus.eu\/de\/wp-json\/wp\/v2\/media\/4676"}],"wp:attachment":[{"href":"https:\/\/catholicus.eu\/de\/wp-json\/wp\/v2\/media?parent=4675"}],"wp:term":[{"taxonomy":"category","embeddable":true,"href":"https:\/\/catholicus.eu\/de\/wp-json\/wp\/v2\/categories?post=4675"},{"taxonomy":"post_tag","embeddable":true,"href":"https:\/\/catholicus.eu\/de\/wp-json\/wp\/v2\/tags?post=4675"}],"curies":[{"name":"wp","href":"https:\/\/api.w.org\/{rel}","templated":true}]}}