{"id":4641,"date":"2025-08-09T23:21:24","date_gmt":"2025-08-09T21:21:24","guid":{"rendered":"https:\/\/catholicus.eu\/de\/?p=4641"},"modified":"2025-08-09T23:21:24","modified_gmt":"2025-08-09T21:21:24","slug":"claves-regni-catholicam-vel-mors-die-schluessel-des-reiches-oder-der-tod-der-seele","status":"publish","type":"post","link":"https:\/\/catholicus.eu\/de\/claves-regni-catholicam-vel-mors-die-schluessel-des-reiches-oder-der-tod-der-seele\/","title":{"rendered":"Claves Regni Catholicam vel mors: Die Schl\u00fcssel des Reiches oder der Tod der Seele"},"content":{"rendered":"\n<p><em>\u201eUnd ich sage dir: Du bist Petrus, und auf diesen Felsen werde ich meine Kirche bauen, und die Pforten der H\u00f6lle werden sie nicht \u00fcberw\u00e4ltigen. Ich werde dir die Schl\u00fcssel des Himmelreiches geben; was du auf Erden binden wirst, das wird im Himmel gebunden sein, und was du auf Erden l\u00f6sen wirst, das wird im Himmel gel\u00f6st sein\u201c<\/em> (Mt 16,18\u201319).<\/p>\n\n\n\n<hr class=\"wp-block-separator has-alpha-channel-opacity\"\/>\n\n\n\n<h2 class=\"wp-block-heading\">1. <strong>Einleitung: Ein Satz, der wie ein ewiges Ultimatum klingt<\/strong><\/h2>\n\n\n\n<p><em>\u201eClaves Regni Catholicam vel mors\u201c<\/em> \u2014 <strong>Die Schl\u00fcssel des katholischen Reiches oder der Tod<\/strong> \u2014 ist nicht einfach ein Wahlspruch, sondern eine Erkl\u00e4rung von Leben oder ewigem Tod. In ihm verdichtet sich der Kern des katholischen Glaubens: <strong>Wer die Schl\u00fcssel des Reiches annimmt und in Gemeinschaft mit ihnen lebt, der lebt; wer sie ablehnt, stirbt f\u00fcr die Ewigkeit<\/strong>.<\/p>\n\n\n\n<p>Es ist ein Satz, der gut auf einem mittelalterlichen Banner h\u00e4tte stehen k\u00f6nnen, heute jedoch, im 21. Jahrhundert, dringlicher klingt denn je. Denn die Glaubenskrise, in der wir uns befinden, ist nicht so sehr ein Verlust an Religiosit\u00e4t, sondern <strong>ein Bruch mit der Autorit\u00e4t, die Christus selbst zu unserem Heil eingesetzt hat<\/strong>.<\/p>\n\n\n\n<hr class=\"wp-block-separator has-alpha-channel-opacity\"\/>\n\n\n\n<h2 class=\"wp-block-heading\">2. <strong>Biblischer und theologischer Ursprung: Die Macht der Schl\u00fcssel<\/strong><\/h2>\n\n\n\n<p>Das Konzept der <em>Claves Regni<\/em> geht unmittelbar auf die Worte Jesu an Petrus im Matth\u00e4usevangelium zur\u00fcck. Christus \u00fcbertr\u00e4gt Petrus nicht nur eine F\u00fchrungsaufgabe, sondern <strong>eine reale, wirksame, sichtbare und geistliche Vollmacht<\/strong>:<\/p>\n\n\n\n<ul class=\"wp-block-list\">\n<li><strong>Binden und l\u00f6sen<\/strong>: die F\u00e4higkeit zu legislativen Entscheidungen, zu vergeben, Disziplin aufzuerlegen und die Lehre festzulegen.<\/li>\n\n\n\n<li><strong>\u00d6ffnen und schlie\u00dfen<\/strong>: Zugang zum Himmelreich f\u00fcr jene, die in Gemeinschaft mit der Kirche stehen, und dessen Verweigerung f\u00fcr jene, die au\u00dferhalb stehen.<\/li>\n<\/ul>\n\n\n\n<p>Dieses Schl\u00fcssel-Symbol war nicht neu: In Jesaja 22,22 vertraut Gott Eljakim <em>\u201eden Schl\u00fcssel des Hauses David\u201c<\/em> an, mit der Autorit\u00e4t, unwiderruflich zu \u00f6ffnen und zu schlie\u00dfen. Jesus greift diese alttestamentliche Figur auf und erhebt sie auf eine ewige Ebene: <strong>Petrus erh\u00e4lt die Schl\u00fcssel nicht zu einem irdischen Palast, sondern zum Himmelreich<\/strong>.<\/p>\n\n\n\n<hr class=\"wp-block-separator has-alpha-channel-opacity\"\/>\n\n\n\n<h2 class=\"wp-block-heading\">3. <strong>Geschichte: Von christlichem Rom zur universalen Kirche<\/strong><\/h2>\n\n\n\n<h3 class=\"wp-block-heading\"><strong>a) Die Schl\u00fcssel als Symbol p\u00e4pstlicher Autorit\u00e4t<\/strong><\/h3>\n\n\n\n<p>In der katholischen Ikonographie sind seit den ersten Jahrhunderten die gekreuzten Schl\u00fcssel das Emblem des Papstes und des Vatikans. Einer ist golden (die himmlische Vollmacht) und einer silbern (die irdische Vollmacht), verbunden durch eine rote Schnur, die das Blut Christi symbolisiert.<\/p>\n\n\n\n<p>Im Mittelalter war \u201eClaves Regni\u201c ein Ausdruck von h\u00f6chster Feierlichkeit: Wenn sich ein K\u00f6nig der Autorit\u00e4t des Papstes unterwarf, konnte er ein Paar Schl\u00fcssel als Zeichen geistlicher Unterwerfung und g\u00f6ttlichen Schutzes erhalten.<\/p>\n\n\n\n<h3 class=\"wp-block-heading\"><strong>b) \u201eVel mors\u201c: Die implizite Warnung<\/strong><\/h3>\n\n\n\n<p>Im mittelalterlichen Kontext war die Hinzuf\u00fcgung von <em>vel mors<\/em> (\u201eoder der Tod\u201c) keine rhetorische \u00dcbertreibung. Es bedeutete, dass <strong>au\u00dferhalb der Gemeinschaft mit der Kirche kein Heil ist<\/strong> (vgl. <em>Extra Ecclesiam nulla salus<\/em>). Die Kirchenv\u00e4ter, wie der heilige Cyprian von Karthago, fassten es so zusammen: <em>\u201eEr kann Gott nicht zum Vater haben, der die Kirche nicht zur Mutter hat.\u201c<\/em><\/p>\n\n\n\n<hr class=\"wp-block-separator has-alpha-channel-opacity\"\/>\n\n\n\n<h2 class=\"wp-block-heading\">4. <strong>Aktuelle Relevanz: Eine unbequeme Wahrheit in Zeiten des Relativismus<\/strong><\/h2>\n\n\n\n<p>Im 21. Jahrhundert ist es nicht politisch korrekt zu sagen, dass die <em>Schl\u00fcssel des Reiches<\/em> ausschlie\u00dflich der katholischen Kirche geh\u00f6ren. Wir leben in einer Kultur, die lieber glaubt, dass <strong>alle Religionen gleicherma\u00dfen g\u00fcltige Wege<\/strong> seien und dass kirchliche Autorit\u00e4t optional sei. Doch die katholische Theologie lehrt:<\/p>\n\n\n\n<ul class=\"wp-block-list\">\n<li><strong>Christus hat nur eine einzige Kirche gestiftet<\/strong> (Joh 10,16; Eph 4,4\u20135).<\/li>\n\n\n\n<li><strong>Das Heil ist mit dieser Kirche verbunden<\/strong>.<\/li>\n\n\n\n<li><strong>Die Schl\u00fcssel befinden sich in den H\u00e4nden des Petrus und seiner Nachfolger<\/strong>.<\/li>\n<\/ul>\n\n\n\n<p>Dies zu leugnen ist nicht nur ein lehrm\u00e4\u00dfiger Irrtum, sondern <strong>ein t\u00f6dliches Risiko f\u00fcr die Seele<\/strong>.<\/p>\n\n\n\n<hr class=\"wp-block-separator has-alpha-channel-opacity\"\/>\n\n\n\n<h2 class=\"wp-block-heading\">5. <strong>Geistliche Anwendung: Wie man unter den Schl\u00fcsseln lebt<\/strong><\/h2>\n\n\n\n<p>Die <em>Claves Regni<\/em> anzunehmen bedeutet nicht nur, die Autorit\u00e4t des Papstes und der Kirche anzuerkennen, sondern <strong>in Gehorsam gegen\u00fcber Christus durch diese Autorit\u00e4t zu leben<\/strong>. Das bedeutet:<\/p>\n\n\n\n<h3 class=\"wp-block-heading\"><strong>a) Sakramentales Leben<\/strong><\/h3>\n\n\n\n<p>Die Schl\u00fcssel \u00f6ffnen den Zugang zur Gnade: Taufe, Eucharistie, Beichte\u2026 Wer die Sakramente vernachl\u00e4ssigt, <strong>schlie\u00dft sich selbst vom Reich aus<\/strong>.<\/p>\n\n\n\n<h3 class=\"wp-block-heading\"><strong>b) Lehrm\u00e4\u00dfige Treue<\/strong><\/h3>\n\n\n\n<p>Es gen\u00fcgt nicht, sich \u201ekatholisch zu f\u00fchlen\u201c; man muss <strong>denken, glauben und leben, wie die Kirche lehrt<\/strong>. Das erfordert st\u00e4ndige Glaubensbildung und die Ablehnung moderner H\u00e4resien, die sich als Spiritualit\u00e4t tarnen.<\/p>\n\n\n\n<h3 class=\"wp-block-heading\"><strong>c) Pastoraler Gehorsam<\/strong><\/h3>\n\n\n\n<p>Selbst wenn wir eine Vorschrift der Kirche nicht vollst\u00e4ndig verstehen, muss unsere Haltung die eines Kindes sein, das seiner Mutter vertraut. Gewohnheitsm\u00e4\u00dfiger Ungehorsam zerst\u00f6rt die Gemeinschaft mit Christus.<\/p>\n\n\n\n<hr class=\"wp-block-separator has-alpha-channel-opacity\"\/>\n\n\n\n<h2 class=\"wp-block-heading\">6. <strong>Theologisch-pastoraler Praxisleitfaden<\/strong><\/h2>\n\n\n\n<p><strong>Schritt 1: Die Autorit\u00e4t der Schl\u00fcssel anerkennen<\/strong><\/p>\n\n\n\n<ul class=\"wp-block-list\">\n<li>Annehmen, dass Christus eine sichtbare Kirche mit Hierarchie gewollt hat und dass diese Autorit\u00e4t zu unserem Heil besteht.<\/li>\n<\/ul>\n\n\n\n<p><strong>Schritt 2: Die eigene Gemeinschaft pr\u00fcfen<\/strong><\/p>\n\n\n\n<ul class=\"wp-block-list\">\n<li>Bin ich im Stand der Gnade?<\/li>\n\n\n\n<li>Akzeptiere ich alles, was die Kirche in Glaubens- und Sittenfragen lehrt?<\/li>\n\n\n\n<li>Empfange ich die Sakramente mit Andacht?<\/li>\n<\/ul>\n\n\n\n<p><strong>Schritt 3: H\u00e4ufige Beichte<\/strong><\/p>\n\n\n\n<ul class=\"wp-block-list\">\n<li>Das Sakrament der Vers\u00f6hnung ist der Schl\u00fcssel, der das Reich wieder \u00f6ffnet, wenn wir die T\u00fcr durch Tods\u00fcnde verschlossen haben.<\/li>\n<\/ul>\n\n\n\n<p><strong>Schritt 4: Eucharistisches Leben<\/strong><\/p>\n\n\n\n<ul class=\"wp-block-list\">\n<li>Die Messe ist kein Symbol: Sie ist der Himmel auf Erden. Unter den Schl\u00fcsseln zu leben bedeutet, um den Altar zu leben.<\/li>\n<\/ul>\n\n\n\n<p><strong>Schritt 5: Aktive Verteidigung des Glaubens<\/strong><\/p>\n\n\n\n<ul class=\"wp-block-list\">\n<li>Es gen\u00fcgt nicht zu glauben; man muss Zeugnis geben. In einer Welt, die die katholische Wahrheit verh\u00f6hnt, <strong>ist stillschweigendes Mitl\u00e4ufertum eine Form des Verrats<\/strong>.<\/li>\n<\/ul>\n\n\n\n<hr class=\"wp-block-separator has-alpha-channel-opacity\"\/>\n\n\n\n<h2 class=\"wp-block-heading\">7. <strong>Das Drama der Ablehnung: vel mors<\/strong><\/h2>\n\n\n\n<p>Das <em>vel mors<\/em> ist keine leere Drohung. Die Schl\u00fcssel abzulehnen hei\u00dft, die T\u00fcr des Heils zu verschlie\u00dfen. Jesus hat klar gewarnt: <em>\u201eWer glaubt und sich taufen l\u00e4sst, wird gerettet; wer aber nicht glaubt, wird verdammt werden\u201c<\/em> (Mk 16,16).<br>Der Tod, von dem wir sprechen, ist nicht physisch, sondern <strong>die ewige Verdammnis<\/strong>, die nichts anderes ist, als f\u00fcr immer von Gott getrennt zu leben.<\/p>\n\n\n\n<hr class=\"wp-block-separator has-alpha-channel-opacity\"\/>\n\n\n\n<h2 class=\"wp-block-heading\">8. <strong>Schlussfolgerung: Das Leben w\u00e4hlen<\/strong><\/h2>\n\n\n\n<p>Heute, wie zu Zeiten der M\u00e4rtyrer und der heiligen Reformatoren, ist die Wahl klar: <strong>Entweder wir leben unter den Schl\u00fcsseln des Reiches, oder wir sind verdammt<\/strong>. Es gibt keinen Mittelweg.<br>Die Autorit\u00e4t des Petrus anzunehmen bedeutet, den Heilsplan Christi anzunehmen. Sie abzulehnen hei\u00dft, dem den R\u00fccken zu kehren, der <em>\u201edie Worte des ewigen Lebens\u201c<\/em> hat (Joh 6,68).<\/p>\n\n\n\n<p><em>\u201eClaves Regni Catholicam vel mors\u201c<\/em> ist kein Wahlspruch vergangener Zeiten; es ist ein dringender Aufruf f\u00fcr unsere Zeit. Und die Wahl liegt, wie immer, bei uns.<\/p>\n","protected":false},"excerpt":{"rendered":"<p>\u201eUnd ich sage dir: Du bist Petrus, und auf diesen Felsen werde ich meine Kirche bauen, und die Pforten der H\u00f6lle werden sie nicht \u00fcberw\u00e4ltigen. Ich werde dir die Schl\u00fcssel des Himmelreiches geben; was du auf Erden binden wirst, das wird im Himmel gebunden sein, und was du auf Erden l\u00f6sen wirst, das wird im &hellip;<\/p>\n","protected":false},"author":3,"featured_media":4642,"comment_status":"open","ping_status":"open","sticky":false,"template":"","format":"standard","meta":{"_seopress_robots_primary_cat":"","_seopress_titles_title":"","_seopress_titles_desc":"","_seopress_robots_index":"","footnotes":""},"categories":[41,66],"tags":[1652],"class_list":["post-4641","post","type-post","status-publish","format-standard","has-post-thumbnail","","category-glaube-und-kultur","category-populaerkultur-und-katholizismus","tag-claves-regni-catholicam-vel-mors"],"_links":{"self":[{"href":"https:\/\/catholicus.eu\/de\/wp-json\/wp\/v2\/posts\/4641","targetHints":{"allow":["GET"]}}],"collection":[{"href":"https:\/\/catholicus.eu\/de\/wp-json\/wp\/v2\/posts"}],"about":[{"href":"https:\/\/catholicus.eu\/de\/wp-json\/wp\/v2\/types\/post"}],"author":[{"embeddable":true,"href":"https:\/\/catholicus.eu\/de\/wp-json\/wp\/v2\/users\/3"}],"replies":[{"embeddable":true,"href":"https:\/\/catholicus.eu\/de\/wp-json\/wp\/v2\/comments?post=4641"}],"version-history":[{"count":1,"href":"https:\/\/catholicus.eu\/de\/wp-json\/wp\/v2\/posts\/4641\/revisions"}],"predecessor-version":[{"id":4643,"href":"https:\/\/catholicus.eu\/de\/wp-json\/wp\/v2\/posts\/4641\/revisions\/4643"}],"wp:featuredmedia":[{"embeddable":true,"href":"https:\/\/catholicus.eu\/de\/wp-json\/wp\/v2\/media\/4642"}],"wp:attachment":[{"href":"https:\/\/catholicus.eu\/de\/wp-json\/wp\/v2\/media?parent=4641"}],"wp:term":[{"taxonomy":"category","embeddable":true,"href":"https:\/\/catholicus.eu\/de\/wp-json\/wp\/v2\/categories?post=4641"},{"taxonomy":"post_tag","embeddable":true,"href":"https:\/\/catholicus.eu\/de\/wp-json\/wp\/v2\/tags?post=4641"}],"curies":[{"name":"wp","href":"https:\/\/api.w.org\/{rel}","templated":true}]}}